{"id":861549,"date":"2019-10-10T10:17:30","date_gmt":"2019-10-10T08:17:30","guid":{"rendered":"https:\/\/www.varesenews.it\/?p=861549"},"modified":"2019-10-10T10:18:21","modified_gmt":"2019-10-10T08:18:21","slug":"ars-cantus-concerto-parco-gioia-villa-mylius","status":"publish","type":"post","link":"https:\/\/staging.varesenews.it\/2019\/10\/ars-cantus-concerto-parco-gioia-villa-mylius\/861549\/","title":{"rendered":"Ars Cantus in concerto per il parco Gioia di Villa Mylius"},"content":{"rendered":"<p>Dal \u201c<strong>Concierto de Aranjuez<\/strong>\u201d \u00a0al tema di \u201c<strong>Star Wars<\/strong>\u201d: \u00e8 un programma variegato e multiforme quello che <a href=\"http:\/\/www.arscantus.org\"><strong>Ars Cantus<\/strong><\/a>, l\u2019ensemble di voci bianche, coro e orchestra sinfonici, propone alle<strong> 21 di sabato 12 ottobre al Palazzetto dello Sport di Varese<\/strong>. I <strong>150 elementi<\/strong> diretti dal maestro <strong>Giovanni Tenti<\/strong> si sono uniti a quanti, a Varese e non solo, si stanno prodigando per la realizzazione del <strong>Parco Gioia<\/strong>, il parco giochi inclusivo di <strong>Villa Mylius<\/strong>. Il concerto, organizzato dai <strong>Lions Club Varese Prealpi<\/strong>, <strong>Sette Laghi <\/strong>ed<strong> Europae Civitas<\/strong>, si avvale del contributo <strong>dell\u2019Asbi<\/strong> (Associazione Spina Bifida Italia Onlus) e del patrocinio del <strong>Comune di Varese<\/strong>.<\/p>\n<p>Nata nel 1987 con l\u2019obiettivo di far conoscere e valorizzare la musica classica, <a href=\"http:\/\/www.arscantus.org\"><strong>Ars Cantus<\/strong><\/a> in questi anni di attivit\u00e0 ha tenuto pi\u00f9 di <strong>650 concerti<\/strong> in Italia, Austria, Francia e Svizzera. Conosciuta e apprezzata da Ginevra a Vienna, da Volgograd al Vaticano, propone un repertorio che con gli anni si \u00e8 andato allargando e affinando. Nel concerto varesino verranno proposti, tra gli altri brani, anche \u201cDe tierra lejana\u201d, un tango per sole voci di J.M.V. Garcia e un omaggio a <strong>Claude Debussy<\/strong> e al suo \u201cClair de Lune\u201d, che vedr\u00e0 impegnata tutta la formazione, ossia voci bianche, coro e orchestra.<\/p>\n<p>Oltre alla buona musica, la serata mette in scena anche il cuore di Varese. L\u2019obiettivo del concerto, infatti, \u00e8 quello di raccogliere fondi per la realizzazione del Parco Gioia, il parco giochi inclusivo a <strong>Villa Mylius<\/strong>. Un\u2019iniziativa che ha subito raccolto la partecipazione entusiasta dei tre Lions club varesini (Prealpi, Sette Laghi ed Europae Civitas) organizzatori dell\u2019evento, grazie alla spinta propulsiva delle ideatrici e animatrici del progetto: Anita Romeo ed Emanuela Solimeno, entrambe mamme di bambini con disabilit\u00e0, hanno sentito la necessit\u00e0 di realizzare anche a Varese un parco giochi per tutti, un luogo in cui i bambini, sia con disabilit\u00e0 che con piene abilit\u00e0, possano giocare insieme sugli stessi giochi, senza distinzioni e senza barriere, utilizzabili anche dagli adulti. <strong>Oltre a 4 isole di giochi accessibili con scivoli, altalene, casette e un\u2019isola della musica con veri strumenti musicali,<\/strong> ci sar\u00e0 un\u2019attenzione particolare ai percorsi<strong> tattilo-plantari<\/strong> per persone con disabilit\u00e0 sensoriali. L\u2019idea di queste due mamme, sostenute dall\u2019Associazione <strong>ASBI onlus<\/strong> (Associazione Spina Bifida Italia) \u00e8 stata subito appoggiata dall\u2019<strong>Associazione AILA<\/strong> onlus che si adoperer\u00e0 alla realizzazione dei percorsi tattilo-plantari e dal <strong>Service Kiwanis<\/strong> Varese che si sta impegnando nella raccolta fondi e nella realizzazione dell\u2019isola con le casette\u00a0 (Isola della Compagnia).<\/p>\n<p><strong>I Lions club Prealpi, Sette Laghi ed Europae Civitas<\/strong> stanno lavorando insieme coesi con le altre associazioni sostenitrici per poter completare la raccolta fondi e iniziare nel 2020 la realizzazione delle prime aree gioco. <strong>I biglietti per la serata<\/strong> (da 15 a 25 euro, 10 \u00a0per i giovani fino a 26 anni e persone con disabilit\u00e0) sono gi\u00e0 acquistabili online sul sito<strong><a href=\"http:\/\/www.arscantus.org\">\u00a0www.arscantus.org<\/a><\/strong>, in prevendita nei negozi convenzionati, ma saranno a disposizione anche al Palazzetto la sera stessa del concerto.<\/p>\n","protected":false},"excerpt":{"rendered":"<p>L&#8217;appuntamento \u00e8 per sabato 12 ottobre (inizio ore 21) al palazzetto dello sport ed \u00e8 organizzato dai Lions Club Varese Prealpi, Sette Laghi ed Europae Civitas, con il contributo dell\u2019Asbi (Associazione Spina Bifida Italia Onlus) e il patrocinio del Comune <\/p>\n","protected":false},"author":45,"featured_media":0,"comment_status":"open","ping_status":"open","sticky":false,"template":"","format":"standard","meta":{"footnotes":""},"categories":[2],"tags":[4630,9230,158],"acf":[],"yoast_head":"<!-- This site is optimized with the Yoast SEO plugin v20.1 - https:\/\/yoast.com\/wordpress\/plugins\/seo\/ -->\n<title>Ars Cantus in concerto per il parco Gioia di Villa Mylius<\/title>\n<meta name=\"description\" content=\"L&#039;appuntamento \u00e8 per sabato 12 ottobre (inizio ore 21) al palazzetto dello sport ed \u00e8 organizzato dai Lions Club Varese Prealpi, Sette Laghi ed Europae Civitas, con il contributo dell\u2019Asbi (Associazione Spina Bifida Italia Onlus) e il patrocinio del Comune\" \/>\n<meta name=\"robots\" content=\"noindex, follow, max-snippet:-1, max-image-preview:large, max-video-preview:-1\" \/>\n<meta property=\"og:locale\" content=\"it_IT\" \/>\n<meta property=\"og:type\" content=\"article\" \/>\n<meta property=\"og:title\" content=\"Ars Cantus in concerto per il parco Gioia di Villa Mylius\" \/>\n<meta property=\"og:description\" content=\"L&#039;appuntamento \u00e8 per sabato 12 ottobre (inizio ore 21) al palazzetto dello sport ed \u00e8 organizzato dai Lions Club Varese Prealpi, Sette Laghi ed Europae Civitas, con il contributo dell\u2019Asbi (Associazione Spina Bifida Italia Onlus) e il patrocinio del Comune\" \/>\n<meta property=\"og:url\" content=\"https:\/\/staging.varesenews.it\/2019\/10\/ars-cantus-concerto-parco-gioia-villa-mylius\/861549\/\" \/>\n<meta property=\"og:site_name\" content=\"VareseNews\" \/>\n<meta property=\"article:publisher\" content=\"https:\/\/www.facebook.com\/varesenews\" \/>\n<meta property=\"article:author\" content=\"https:\/\/www.facebook.com\/michele.mancino.5\" \/>\n<meta property=\"article:published_time\" content=\"2019-10-10T08:17:30+00:00\" \/>\n<meta property=\"article:modified_time\" content=\"2019-10-10T08:18:21+00:00\" \/>\n<meta name=\"author\" content=\"Michele Mancino\" \/>\n<meta name=\"twitter:card\" content=\"summary_large_image\" \/>\n<meta name=\"twitter:creator\" content=\"@micmancio\" \/>\n<meta name=\"twitter:site\" content=\"@varesenews\" \/>\n<meta name=\"twitter:label1\" content=\"Scritto da\" \/>\n\t<meta name=\"twitter:data1\" content=\"Michele Mancino\" \/>\n\t<meta name=\"twitter:label2\" content=\"Tempo di lettura stimato\" \/>\n\t<meta name=\"twitter:data2\" content=\"2 minuti\" \/>\n<script type=\"application\/ld+json\" class=\"yoast-schema-graph\">{\"@context\":\"https:\/\/schema.org\",\"@graph\":[{\"@type\":\"WebPage\",\"@id\":\"https:\/\/staging.varesenews.it\/2019\/10\/ars-cantus-concerto-parco-gioia-villa-mylius\/861549\/\",\"url\":\"https:\/\/staging.varesenews.it\/2019\/10\/ars-cantus-concerto-parco-gioia-villa-mylius\/861549\/\",\"name\":\"Ars Cantus in concerto per il parco Gioia di Villa Mylius\",\"isPartOf\":{\"@id\":\"https:\/\/staging.varesenews.it\/#website\"},\"datePublished\":\"2019-10-10T08:17:30+00:00\",\"dateModified\":\"2019-10-10T08:18:21+00:00\",\"author\":{\"@id\":\"https:\/\/staging.varesenews.it\/#\/schema\/person\/308b491d3cb680ead199e5ff6c6ce540\"},\"description\":\"L'appuntamento \u00e8 per sabato 12 ottobre (inizio ore 21) al palazzetto dello sport ed \u00e8 organizzato dai Lions Club Varese Prealpi, Sette Laghi ed Europae Civitas, con il contributo dell\u2019Asbi (Associazione Spina Bifida Italia Onlus) e il patrocinio del Comune\",\"breadcrumb\":{\"@id\":\"https:\/\/staging.varesenews.it\/2019\/10\/ars-cantus-concerto-parco-gioia-villa-mylius\/861549\/#breadcrumb\"},\"inLanguage\":\"it-IT\",\"potentialAction\":[{\"@type\":\"ReadAction\",\"target\":[\"https:\/\/staging.varesenews.it\/2019\/10\/ars-cantus-concerto-parco-gioia-villa-mylius\/861549\/\"]}]},{\"@type\":\"BreadcrumbList\",\"@id\":\"https:\/\/staging.varesenews.it\/2019\/10\/ars-cantus-concerto-parco-gioia-villa-mylius\/861549\/#breadcrumb\",\"itemListElement\":[{\"@type\":\"ListItem\",\"position\":1,\"name\":\"Home\",\"item\":\"https:\/\/www.varesenews.it\/\"},{\"@type\":\"ListItem\",\"position\":2,\"name\":\"Ars Cantus in concerto per il parco Gioia di Villa Mylius\"}]},{\"@type\":\"WebSite\",\"@id\":\"https:\/\/staging.varesenews.it\/#website\",\"url\":\"https:\/\/staging.varesenews.it\/\",\"name\":\"VareseNews\",\"description\":\"\",\"potentialAction\":[{\"@type\":\"SearchAction\",\"target\":{\"@type\":\"EntryPoint\",\"urlTemplate\":\"https:\/\/staging.varesenews.it\/?s={search_term_string}\"},\"query-input\":\"required name=search_term_string\"}],\"inLanguage\":\"it-IT\"},{\"@type\":\"Person\",\"@id\":\"https:\/\/staging.varesenews.it\/#\/schema\/person\/308b491d3cb680ead199e5ff6c6ce540\",\"name\":\"Michele Mancino\",\"image\":{\"@type\":\"ImageObject\",\"inLanguage\":\"it-IT\",\"@id\":\"https:\/\/staging.varesenews.it\/#\/schema\/person\/image\/\",\"url\":\"https:\/\/staging.varesenews.it\/wp-content\/uploads\/2020\/12\/michele_mancino_colori_500.jpg\",\"contentUrl\":\"https:\/\/staging.varesenews.it\/wp-content\/uploads\/2020\/12\/michele_mancino_colori_500.jpg\",\"caption\":\"Michele Mancino\"},\"description\":\"Sono a VareseNews da prima che nascesse. Ho inserito le prime notizie in una stringa di codice html, la lingua di internet. Aprivo i computer, cambiavo schede di rete e portavo i server dal provider. A met&agrave; degli anni &rsquo;90 il giornalista online doveva saper fare anche questo. Ho vissuto gli anni drammatici della bolla speculativa di Internet e quelli entusiastici della crescita, anni in cui VareseNews era un Davide in mezzo a tanti Golia. Poi sono arrivati i social, le nuove piattaforme e soprattutto gli smartphone, una postazione di lavoro racchiusa in una mano. Una nuova rivoluzione. Insomma, &egrave; stata, ed &egrave; ancora, un&rsquo;avventura entusiasmante perch&eacute; mi insegna giorno dopo giorno che il cambiamento &egrave; l&rsquo;unica certezza di questa fragile esistenza.\",\"sameAs\":[\"https:\/\/www.facebook.com\/michele.mancino.5\",\"micmancio\",\"Aggiorna le impostazioni del tuo profilo pubblicoit.linkedin.com\/pub\/michele-mancino\/28\/b71\/890\/it\",\"https:\/\/twitter.com\/micmancio\"],\"url\":\"https:\/\/staging.varesenews.it\/persona\/michele_mancino\/\"}]}<\/script>\n<!-- \/ Yoast SEO plugin. -->","yoast_head_json":{"title":"Ars Cantus in concerto per il parco Gioia di Villa Mylius","description":"L'appuntamento \u00e8 per sabato 12 ottobre (inizio ore 21) al palazzetto dello sport ed \u00e8 organizzato dai Lions Club Varese Prealpi, Sette Laghi ed Europae Civitas, con il contributo dell\u2019Asbi (Associazione Spina Bifida Italia Onlus) e il patrocinio del Comune","robots":{"index":"noindex","follow":"follow","max-snippet":"max-snippet:-1","max-image-preview":"max-image-preview:large","max-video-preview":"max-video-preview:-1"},"og_locale":"it_IT","og_type":"article","og_title":"Ars Cantus in concerto per il parco Gioia di Villa Mylius","og_description":"L'appuntamento \u00e8 per sabato 12 ottobre (inizio ore 21) al palazzetto dello sport ed \u00e8 organizzato dai Lions Club Varese Prealpi, Sette Laghi ed Europae Civitas, con il contributo dell\u2019Asbi (Associazione Spina Bifida Italia Onlus) e il patrocinio del Comune","og_url":"https:\/\/staging.varesenews.it\/2019\/10\/ars-cantus-concerto-parco-gioia-villa-mylius\/861549\/","og_site_name":"VareseNews","article_publisher":"https:\/\/www.facebook.com\/varesenews","article_author":"https:\/\/www.facebook.com\/michele.mancino.5","article_published_time":"2019-10-10T08:17:30+00:00","article_modified_time":"2019-10-10T08:18:21+00:00","author":"Michele Mancino","twitter_card":"summary_large_image","twitter_creator":"@micmancio","twitter_site":"@varesenews","twitter_misc":{"Scritto da":"Michele Mancino","Tempo di lettura stimato":"2 minuti"},"schema":{"@context":"https:\/\/schema.org","@graph":[{"@type":"WebPage","@id":"https:\/\/staging.varesenews.it\/2019\/10\/ars-cantus-concerto-parco-gioia-villa-mylius\/861549\/","url":"https:\/\/staging.varesenews.it\/2019\/10\/ars-cantus-concerto-parco-gioia-villa-mylius\/861549\/","name":"Ars Cantus in concerto per il parco Gioia di Villa Mylius","isPartOf":{"@id":"https:\/\/staging.varesenews.it\/#website"},"datePublished":"2019-10-10T08:17:30+00:00","dateModified":"2019-10-10T08:18:21+00:00","author":{"@id":"https:\/\/staging.varesenews.it\/#\/schema\/person\/308b491d3cb680ead199e5ff6c6ce540"},"description":"L'appuntamento \u00e8 per sabato 12 ottobre (inizio ore 21) al palazzetto dello sport ed \u00e8 organizzato dai Lions Club Varese Prealpi, Sette Laghi ed Europae Civitas, con il contributo dell\u2019Asbi (Associazione Spina Bifida Italia Onlus) e il patrocinio del Comune","breadcrumb":{"@id":"https:\/\/staging.varesenews.it\/2019\/10\/ars-cantus-concerto-parco-gioia-villa-mylius\/861549\/#breadcrumb"},"inLanguage":"it-IT","potentialAction":[{"@type":"ReadAction","target":["https:\/\/staging.varesenews.it\/2019\/10\/ars-cantus-concerto-parco-gioia-villa-mylius\/861549\/"]}]},{"@type":"BreadcrumbList","@id":"https:\/\/staging.varesenews.it\/2019\/10\/ars-cantus-concerto-parco-gioia-villa-mylius\/861549\/#breadcrumb","itemListElement":[{"@type":"ListItem","position":1,"name":"Home","item":"https:\/\/www.varesenews.it\/"},{"@type":"ListItem","position":2,"name":"Ars Cantus in concerto per il parco Gioia di Villa Mylius"}]},{"@type":"WebSite","@id":"https:\/\/staging.varesenews.it\/#website","url":"https:\/\/staging.varesenews.it\/","name":"VareseNews","description":"","potentialAction":[{"@type":"SearchAction","target":{"@type":"EntryPoint","urlTemplate":"https:\/\/staging.varesenews.it\/?s={search_term_string}"},"query-input":"required name=search_term_string"}],"inLanguage":"it-IT"},{"@type":"Person","@id":"https:\/\/staging.varesenews.it\/#\/schema\/person\/308b491d3cb680ead199e5ff6c6ce540","name":"Michele Mancino","image":{"@type":"ImageObject","inLanguage":"it-IT","@id":"https:\/\/staging.varesenews.it\/#\/schema\/person\/image\/","url":"https:\/\/staging.varesenews.it\/wp-content\/uploads\/2020\/12\/michele_mancino_colori_500.jpg","contentUrl":"https:\/\/staging.varesenews.it\/wp-content\/uploads\/2020\/12\/michele_mancino_colori_500.jpg","caption":"Michele Mancino"},"description":"Sono a VareseNews da prima che nascesse. Ho inserito le prime notizie in una stringa di codice html, la lingua di internet. Aprivo i computer, cambiavo schede di rete e portavo i server dal provider. A met&agrave; degli anni &rsquo;90 il giornalista online doveva saper fare anche questo. Ho vissuto gli anni drammatici della bolla speculativa di Internet e quelli entusiastici della crescita, anni in cui VareseNews era un Davide in mezzo a tanti Golia. Poi sono arrivati i social, le nuove piattaforme e soprattutto gli smartphone, una postazione di lavoro racchiusa in una mano. Una nuova rivoluzione. Insomma, &egrave; stata, ed &egrave; ancora, un&rsquo;avventura entusiasmante perch&eacute; mi insegna giorno dopo giorno che il cambiamento &egrave; l&rsquo;unica certezza di questa fragile esistenza.","sameAs":["https:\/\/www.facebook.com\/michele.mancino.5","micmancio","Aggiorna le impostazioni del tuo profilo pubblicoit.linkedin.com\/pub\/michele-mancino\/28\/b71\/890\/it","https:\/\/twitter.com\/micmancio"],"url":"https:\/\/staging.varesenews.it\/persona\/michele_mancino\/"}]}},"post_meta":{"_edit_lock":"1570695510:45","_edit_last":"45","_category_permalink":"a:1:{s:8:\"category\";s:0:\"\";}","ratings_users":"0","ratings_score":"0","ratings_average":"0","firma_come_redazione":"1","argomento":"Musica","_yoast_wpseo_content_score":"30","_jd_tweet_this":"yes","_wpt_short_url":"https:\/\/www.varesenews.it\/2019\/10\/ars-cantus-concerto-parco-gioia-villa-mylius\/861549\/","_wp_jd_target":"https:\/\/www.varesenews.it\/2019\/10\/ars-cantus-concerto-parco-gioia-villa-mylius\/861549\/","_jd_wp_twitter":"a:1:{i:0;s:175:\"Ars Cantus in concerto per il parco Gioia di Villa Mylius https:\/\/www.varesenews.it\/2019\/10\/ars-cantus-concerto-parco-gioia-villa-mylius\/861549\/ #arscantus #lionsclub #weekend\";}","_wpt_status_message":"Tweet inviato con successo.","foto":"763034"},"photos":[{"original":"https:\/\/staging.varesenews.it\/photogallery_new\/images\/2019\/10\/generico-2018-763034.jpg","full":"https:\/\/staging.varesenews.it\/photogallery_new\/images\/2019\/10\/generico-2018-763034.1024x768.jpg","large":"https:\/\/staging.varesenews.it\/photogallery_new\/images\/2019\/10\/generico-2018-763034.610x431.jpg"}],"_links":{"self":[{"href":"https:\/\/staging.varesenews.it\/swgapi\/v1\/wp\/v2\/posts\/861549"}],"collection":[{"href":"https:\/\/staging.varesenews.it\/swgapi\/v1\/wp\/v2\/posts"}],"about":[{"href":"https:\/\/staging.varesenews.it\/swgapi\/v1\/wp\/v2\/types\/post"}],"author":[{"embeddable":true,"href":"https:\/\/staging.varesenews.it\/swgapi\/v1\/wp\/v2\/users\/45"}],"replies":[{"embeddable":true,"href":"https:\/\/staging.varesenews.it\/swgapi\/v1\/wp\/v2\/comments?post=861549"}],"version-history":[{"count":0,"href":"https:\/\/staging.varesenews.it\/swgapi\/v1\/wp\/v2\/posts\/861549\/revisions"}],"wp:attachment":[{"href":"https:\/\/staging.varesenews.it\/swgapi\/v1\/wp\/v2\/media?parent=861549"}],"wp:term":[{"taxonomy":"category","embeddable":true,"href":"https:\/\/staging.varesenews.it\/swgapi\/v1\/wp\/v2\/categories?post=861549"},{"taxonomy":"post_tag","embeddable":true,"href":"https:\/\/staging.varesenews.it\/swgapi\/v1\/wp\/v2\/tags?post=861549"}],"curies":[{"name":"wp","href":"https:\/\/api.w.org\/{rel}","templated":true}]}}