{"id":861583,"date":"2019-10-10T11:00:34","date_gmt":"2019-10-10T09:00:34","guid":{"rendered":"https:\/\/www.varesenews.it\/?p=861583"},"modified":"2019-10-10T11:00:34","modified_gmt":"2019-10-10T09:00:34","slug":"castagnata-al-parco-altomilanese","status":"publish","type":"post","link":"https:\/\/staging.varesenews.it\/2019\/10\/castagnata-al-parco-altomilanese\/861583\/","title":{"rendered":"Castagnata al parco Altomilanese"},"content":{"rendered":"<p>La <strong>tradizionale castagnata del Parco AltoMilanese,<\/strong> organizzata in collaborazione con il Gruppo Alpini di Busto Arsizio, Castellanza e Legnano sar\u00e0 l\u2019appuntamento clou del pomeriggio di domenica 13 ottobre; un momento di festa e d\u2019incontro per famiglie, bambini, giovani e nonni, che potranno gustare castagne fumanti, offerte dal Parco Altomilanese; per i pi\u00f9 grandi non mancher\u00e0 anche del buon vin brul\u00e8.<\/p>\n<p>Il pomeriggio di festa sar\u00e0 allietato dalla musica popolare milanese di Francesco Marelli e il suo spettacolo \u201cIl Barbapedana\u201d, ispirato allo storico personaggio dell\u2019osteria milanese, con un repertorio che spazia da Nanni Svampa a Dario Fo, da Enzo Jannacci ai Gufi.<\/p>\n<p>Per i pi\u00f9 piccoli spazio al divertimento con spettacoli di strada, esibizioni giocose e divertenti, un allegro truccabimbi che trasformer\u00e0 i bimbi in coccinelle e pirati e con un laboratorio creativo sul riciclo che li far\u00e0 divertire con colori e costruzioni. Il tutto si svolger\u00e0 nel relax del Parco Altomilanese, avvolti dal verde e dall\u2019atmosfera dell\u2019autunno che dolcemente avanza e che regaler\u00e0 un magnifico foliage colorato!<\/p>\n<p>Alle ore 16,00 il saluto dei Sindaci di Busto Arsizio, Legnano, Castellanza e del Presidente del Consorzio Parco Alto Milanese ai partecipanti della castagnata, iniziativa che conclude le attivit\u00e0 della stagione estiva del parco. Per tutta la giornata sar\u00e0 attivo il punto ristoro \u201cLA BAITINA\u201d.<\/p>\n<p>Tutte le iniziative, giorni, informazioni e orari sono a disposizione sul sito del Parco (<a href=\"http:\/\/www.parcoaltomilanese.it\">www.parcoaltomilanese.it<\/a>), e sull\u2019evento facebook della castagnata che trovate a questo link: http:\/\/bit.ly\/CastagnataAlParcoAltoMilanese<\/p>\n<p>INGRESSI AL PARCO: Dietro la ex Mostra del Tessile di Busto Arsizio o dal quartiere Mazzafame di Legnano.<br \/>\nCONTATTI: 0331.621254 \/ 0331.548766<\/p>\n","protected":false},"excerpt":{"rendered":"<p>Non solo castagne ma anche musica, tante proposte per i bambini e la Baitina aperta per una giornata di festa <\/p>\n","protected":false},"author":47,"featured_media":0,"comment_status":"open","ping_status":"open","sticky":false,"template":"","format":"standard","meta":{"footnotes":""},"categories":[4,21],"tags":[67461,97491,100257,3067,158],"acf":[],"yoast_head":"<!-- This site is optimized with the Yoast SEO plugin v20.1 - https:\/\/yoast.com\/wordpress\/plugins\/seo\/ -->\n<title>Castagnata al parco Altomilanese<\/title>\n<meta name=\"description\" content=\"Non solo castagne ma anche musica, tante proposte per i bambini e la Baitina aperta per una giornata di festa\" \/>\n<meta name=\"robots\" content=\"noindex, follow, max-snippet:-1, max-image-preview:large, max-video-preview:-1\" \/>\n<meta property=\"og:locale\" content=\"it_IT\" \/>\n<meta property=\"og:type\" content=\"article\" \/>\n<meta property=\"og:title\" content=\"Castagnata al parco Altomilanese\" \/>\n<meta property=\"og:description\" content=\"Non solo castagne ma anche musica, tante proposte per i bambini e la Baitina aperta per una giornata di festa\" \/>\n<meta property=\"og:url\" content=\"https:\/\/staging.varesenews.it\/2019\/10\/castagnata-al-parco-altomilanese\/861583\/\" \/>\n<meta property=\"og:site_name\" content=\"VareseNews\" \/>\n<meta property=\"article:publisher\" content=\"https:\/\/www.facebook.com\/varesenews\" \/>\n<meta property=\"article:published_time\" content=\"2019-10-10T09:00:34+00:00\" \/>\n<meta name=\"author\" content=\"Orlando Mastrillo\" \/>\n<meta name=\"twitter:card\" content=\"summary_large_image\" \/>\n<meta name=\"twitter:creator\" content=\"@nando_mastrillo\" \/>\n<meta name=\"twitter:site\" content=\"@varesenews\" \/>\n<meta name=\"twitter:label1\" content=\"Scritto da\" \/>\n\t<meta name=\"twitter:data1\" content=\"Orlando Mastrillo\" \/>\n\t<meta name=\"twitter:label2\" content=\"Tempo di lettura stimato\" \/>\n\t<meta name=\"twitter:data2\" content=\"1 minuto\" \/>\n<script type=\"application\/ld+json\" class=\"yoast-schema-graph\">{\"@context\":\"https:\/\/schema.org\",\"@graph\":[{\"@type\":\"WebPage\",\"@id\":\"https:\/\/staging.varesenews.it\/2019\/10\/castagnata-al-parco-altomilanese\/861583\/\",\"url\":\"https:\/\/staging.varesenews.it\/2019\/10\/castagnata-al-parco-altomilanese\/861583\/\",\"name\":\"Castagnata al parco Altomilanese\",\"isPartOf\":{\"@id\":\"https:\/\/staging.varesenews.it\/#website\"},\"datePublished\":\"2019-10-10T09:00:34+00:00\",\"dateModified\":\"2019-10-10T09:00:34+00:00\",\"author\":{\"@id\":\"https:\/\/staging.varesenews.it\/#\/schema\/person\/14c47ccce537a9058dddce296f10b296\"},\"description\":\"Non solo castagne ma anche musica, tante proposte per i bambini e la Baitina aperta per una giornata di festa\",\"breadcrumb\":{\"@id\":\"https:\/\/staging.varesenews.it\/2019\/10\/castagnata-al-parco-altomilanese\/861583\/#breadcrumb\"},\"inLanguage\":\"it-IT\",\"potentialAction\":[{\"@type\":\"ReadAction\",\"target\":[\"https:\/\/staging.varesenews.it\/2019\/10\/castagnata-al-parco-altomilanese\/861583\/\"]}]},{\"@type\":\"BreadcrumbList\",\"@id\":\"https:\/\/staging.varesenews.it\/2019\/10\/castagnata-al-parco-altomilanese\/861583\/#breadcrumb\",\"itemListElement\":[{\"@type\":\"ListItem\",\"position\":1,\"name\":\"Home\",\"item\":\"https:\/\/www.varesenews.it\/\"},{\"@type\":\"ListItem\",\"position\":2,\"name\":\"Castagnata al parco Altomilanese\"}]},{\"@type\":\"WebSite\",\"@id\":\"https:\/\/staging.varesenews.it\/#website\",\"url\":\"https:\/\/staging.varesenews.it\/\",\"name\":\"VareseNews\",\"description\":\"\",\"potentialAction\":[{\"@type\":\"SearchAction\",\"target\":{\"@type\":\"EntryPoint\",\"urlTemplate\":\"https:\/\/staging.varesenews.it\/?s={search_term_string}\"},\"query-input\":\"required name=search_term_string\"}],\"inLanguage\":\"it-IT\"},{\"@type\":\"Person\",\"@id\":\"https:\/\/staging.varesenews.it\/#\/schema\/person\/14c47ccce537a9058dddce296f10b296\",\"name\":\"Orlando Mastrillo\",\"image\":{\"@type\":\"ImageObject\",\"inLanguage\":\"it-IT\",\"@id\":\"https:\/\/staging.varesenews.it\/#\/schema\/person\/image\/\",\"url\":\"https:\/\/staging.varesenews.it\/wp-content\/uploads\/2020\/12\/orlando_mastrillo_colori_500.jpg\",\"contentUrl\":\"https:\/\/staging.varesenews.it\/wp-content\/uploads\/2020\/12\/orlando_mastrillo_colori_500.jpg\",\"caption\":\"Orlando Mastrillo\"},\"description\":\"Nasco a Luino nel 1981, ho iniziato questo lavoro nell'estate del 2003 nella redazione de Il Giorno di Varese e dall'anno successivo ho intrapreso la collaborazione con VareseNews. Dopo anni nell'Alto Varesotto mi sono trasferito a Busto Arsizio nel 2007, territorio che ho iniziato a seguire e che seguo tutt'oggi. Nel 2013 sono diventato giornalista professionista. Mi occupo di cronaca politica, giudiziaria e nera in una vasta area che comprende anche parte della Valle Olona e il Legnanese. Sono sposato con Valeria Arini e ho due splendide figlie.\",\"sameAs\":[\"or_ma\",\"https:\/\/twitter.com\/nando_mastrillo\"],\"url\":\"https:\/\/staging.varesenews.it\/persona\/orlando-mastrillo1\/\"}]}<\/script>\n<!-- \/ Yoast SEO plugin. -->","yoast_head_json":{"title":"Castagnata al parco Altomilanese","description":"Non solo castagne ma anche musica, tante proposte per i bambini e la Baitina aperta per una giornata di festa","robots":{"index":"noindex","follow":"follow","max-snippet":"max-snippet:-1","max-image-preview":"max-image-preview:large","max-video-preview":"max-video-preview:-1"},"og_locale":"it_IT","og_type":"article","og_title":"Castagnata al parco Altomilanese","og_description":"Non solo castagne ma anche musica, tante proposte per i bambini e la Baitina aperta per una giornata di festa","og_url":"https:\/\/staging.varesenews.it\/2019\/10\/castagnata-al-parco-altomilanese\/861583\/","og_site_name":"VareseNews","article_publisher":"https:\/\/www.facebook.com\/varesenews","article_published_time":"2019-10-10T09:00:34+00:00","author":"Orlando Mastrillo","twitter_card":"summary_large_image","twitter_creator":"@nando_mastrillo","twitter_site":"@varesenews","twitter_misc":{"Scritto da":"Orlando Mastrillo","Tempo di lettura stimato":"1 minuto"},"schema":{"@context":"https:\/\/schema.org","@graph":[{"@type":"WebPage","@id":"https:\/\/staging.varesenews.it\/2019\/10\/castagnata-al-parco-altomilanese\/861583\/","url":"https:\/\/staging.varesenews.it\/2019\/10\/castagnata-al-parco-altomilanese\/861583\/","name":"Castagnata al parco Altomilanese","isPartOf":{"@id":"https:\/\/staging.varesenews.it\/#website"},"datePublished":"2019-10-10T09:00:34+00:00","dateModified":"2019-10-10T09:00:34+00:00","author":{"@id":"https:\/\/staging.varesenews.it\/#\/schema\/person\/14c47ccce537a9058dddce296f10b296"},"description":"Non solo castagne ma anche musica, tante proposte per i bambini e la Baitina aperta per una giornata di festa","breadcrumb":{"@id":"https:\/\/staging.varesenews.it\/2019\/10\/castagnata-al-parco-altomilanese\/861583\/#breadcrumb"},"inLanguage":"it-IT","potentialAction":[{"@type":"ReadAction","target":["https:\/\/staging.varesenews.it\/2019\/10\/castagnata-al-parco-altomilanese\/861583\/"]}]},{"@type":"BreadcrumbList","@id":"https:\/\/staging.varesenews.it\/2019\/10\/castagnata-al-parco-altomilanese\/861583\/#breadcrumb","itemListElement":[{"@type":"ListItem","position":1,"name":"Home","item":"https:\/\/www.varesenews.it\/"},{"@type":"ListItem","position":2,"name":"Castagnata al parco Altomilanese"}]},{"@type":"WebSite","@id":"https:\/\/staging.varesenews.it\/#website","url":"https:\/\/staging.varesenews.it\/","name":"VareseNews","description":"","potentialAction":[{"@type":"SearchAction","target":{"@type":"EntryPoint","urlTemplate":"https:\/\/staging.varesenews.it\/?s={search_term_string}"},"query-input":"required name=search_term_string"}],"inLanguage":"it-IT"},{"@type":"Person","@id":"https:\/\/staging.varesenews.it\/#\/schema\/person\/14c47ccce537a9058dddce296f10b296","name":"Orlando Mastrillo","image":{"@type":"ImageObject","inLanguage":"it-IT","@id":"https:\/\/staging.varesenews.it\/#\/schema\/person\/image\/","url":"https:\/\/staging.varesenews.it\/wp-content\/uploads\/2020\/12\/orlando_mastrillo_colori_500.jpg","contentUrl":"https:\/\/staging.varesenews.it\/wp-content\/uploads\/2020\/12\/orlando_mastrillo_colori_500.jpg","caption":"Orlando Mastrillo"},"description":"Nasco a Luino nel 1981, ho iniziato questo lavoro nell'estate del 2003 nella redazione de Il Giorno di Varese e dall'anno successivo ho intrapreso la collaborazione con VareseNews. Dopo anni nell'Alto Varesotto mi sono trasferito a Busto Arsizio nel 2007, territorio che ho iniziato a seguire e che seguo tutt'oggi. Nel 2013 sono diventato giornalista professionista. Mi occupo di cronaca politica, giudiziaria e nera in una vasta area che comprende anche parte della Valle Olona e il Legnanese. Sono sposato con Valeria Arini e ho due splendide figlie.","sameAs":["or_ma","https:\/\/twitter.com\/nando_mastrillo"],"url":"https:\/\/staging.varesenews.it\/persona\/orlando-mastrillo1\/"}]}},"post_meta":{"_edit_lock":"1570697913:47","_edit_last":"47","_category_permalink":"a:1:{s:8:\"category\";s:0:\"\";}","ratings_users":"0","ratings_score":"0","ratings_average":"0","foto":"763039","firma_come_redazione":"1","argomento":"Castellanza","_yoast_wpseo_content_score":"30","_jd_tweet_this":"yes","_wpt_short_url":"https:\/\/www.varesenews.it\/2019\/10\/castagnata-al-parco-altomilanese\/861583\/","_wp_jd_target":"https:\/\/www.varesenews.it\/2019\/10\/castagnata-al-parco-altomilanese\/861583\/","_jd_wp_twitter":"a:1:{i:0;s:144:\"Castagnata al parco Altomilanese https:\/\/www.varesenews.it\/2019\/10\/castagnata-al-parco-altomilanese\/861583\/ #alpinibusto #alpinilegnano #weekend\";}","_wpt_status_message":"Tweet inviato con successo."},"photos":[{"original":"https:\/\/staging.varesenews.it\/photogallery_new\/images\/2019\/10\/castagnata-763039.jpg","full":"https:\/\/staging.varesenews.it\/photogallery_new\/images\/2019\/10\/castagnata-763039.1024x768.jpg","large":"https:\/\/staging.varesenews.it\/photogallery_new\/images\/2019\/10\/castagnata-763039.610x431.jpg"}],"_links":{"self":[{"href":"https:\/\/staging.varesenews.it\/swgapi\/v1\/wp\/v2\/posts\/861583"}],"collection":[{"href":"https:\/\/staging.varesenews.it\/swgapi\/v1\/wp\/v2\/posts"}],"about":[{"href":"https:\/\/staging.varesenews.it\/swgapi\/v1\/wp\/v2\/types\/post"}],"author":[{"embeddable":true,"href":"https:\/\/staging.varesenews.it\/swgapi\/v1\/wp\/v2\/users\/47"}],"replies":[{"embeddable":true,"href":"https:\/\/staging.varesenews.it\/swgapi\/v1\/wp\/v2\/comments?post=861583"}],"version-history":[{"count":0,"href":"https:\/\/staging.varesenews.it\/swgapi\/v1\/wp\/v2\/posts\/861583\/revisions"}],"wp:attachment":[{"href":"https:\/\/staging.varesenews.it\/swgapi\/v1\/wp\/v2\/media?parent=861583"}],"wp:term":[{"taxonomy":"category","embeddable":true,"href":"https:\/\/staging.varesenews.it\/swgapi\/v1\/wp\/v2\/categories?post=861583"},{"taxonomy":"post_tag","embeddable":true,"href":"https:\/\/staging.varesenews.it\/swgapi\/v1\/wp\/v2\/tags?post=861583"}],"curies":[{"name":"wp","href":"https:\/\/api.w.org\/{rel}","templated":true}]}}