{"id":861902,"date":"2019-10-11T10:43:56","date_gmt":"2019-10-11T08:43:56","guid":{"rendered":"https:\/\/www.varesenews.it\/?p=861902"},"modified":"2019-10-11T10:43:56","modified_gmt":"2019-10-11T08:43:56","slug":"gemonio-festa-suon-polenta","status":"publish","type":"post","link":"https:\/\/staging.varesenews.it\/2019\/10\/gemonio-festa-suon-polenta\/861902\/","title":{"rendered":"Gemonio fa festa a suon di polenta"},"content":{"rendered":"<p>Compie dieci anni la<strong> Festa della Polenta<\/strong> organizzata, come ogni autunno, dalla <strong>Pro Loco di Gemonio<\/strong>: l&#8217;appuntamento con il compleanno &#8220;in giallo&#8221; \u00e8 per <strong>domenica 13 ottobre all&#8217;area feste di via Curti<\/strong> e prevede un menu ricco e gustoso con ben quattro contorni ad accompagnare una delle pietanze pi\u00f9 tradizionali della nostra zona. E che il pi\u00f9 noto pittore locale, Innocente Salvini, ha immortalato pi\u00f9 volte nelle proprie opere.<\/p>\n<p>Con la polenta sar\u00e0 infatti possibile gustare il <strong>brasato<\/strong> con i funghi, il <strong>cervo,<\/strong>\u00a0lo <strong>spezzatino<\/strong> d&#8217;asino o il <strong>gorgonzola.<\/strong> Nella sala polivalente (che permette di organizzare l&#8217;evento con qualsiasi meteo) il pranzo sar\u00e0 servito con la formula del &#8220;piatto unico a scelta&#8221; a partire <strong>dalle ore 12,30<\/strong> ma chi volesse approfittare della <strong>soluzione dell&#8217;asporto<\/strong> pu\u00f2 presentarsi &#8211; munito di contenitore adeguato &#8211; tra le 11,30 e le 12.<\/p>\n","protected":false},"excerpt":{"rendered":"<p>Domenica 13 ottobre a pranzo la decima edizione della festa dedicata alla tradizionale pietanza. Appuntamento in via Curti, possibilit\u00e0 di asporto<\/p>\n","protected":false},"author":38,"featured_media":0,"comment_status":"open","ping_status":"open","sticky":false,"template":"","format":"standard","meta":{"footnotes":""},"categories":[21,2],"tags":[27983,2226,53031,158],"acf":[],"yoast_head":"<!-- This site is optimized with the Yoast SEO plugin v20.1 - https:\/\/yoast.com\/wordpress\/plugins\/seo\/ -->\n<title>Gemonio fa festa a suon di polenta<\/title>\n<meta name=\"description\" content=\"Domenica 13 ottobre a pranzo la decima edizione della festa dedicata alla tradizionale pietanza. Appuntamento in via Curti, possibilit\u00e0 di asporto\" \/>\n<meta name=\"robots\" content=\"noindex, follow, max-snippet:-1, max-image-preview:large, max-video-preview:-1\" \/>\n<meta property=\"og:locale\" content=\"it_IT\" \/>\n<meta property=\"og:type\" content=\"article\" \/>\n<meta property=\"og:title\" content=\"Gemonio fa festa a suon di polenta\" \/>\n<meta property=\"og:description\" content=\"Domenica 13 ottobre a pranzo la decima edizione della festa dedicata alla tradizionale pietanza. Appuntamento in via Curti, possibilit\u00e0 di asporto\" \/>\n<meta property=\"og:url\" content=\"https:\/\/staging.varesenews.it\/2019\/10\/gemonio-festa-suon-polenta\/861902\/\" \/>\n<meta property=\"og:site_name\" content=\"VareseNews\" \/>\n<meta property=\"article:publisher\" content=\"https:\/\/www.facebook.com\/varesenews\" \/>\n<meta property=\"article:published_time\" content=\"2019-10-11T08:43:56+00:00\" \/>\n<meta name=\"author\" content=\"Damiano Franzetti\" \/>\n<meta name=\"twitter:card\" content=\"summary_large_image\" \/>\n<meta name=\"twitter:creator\" content=\"@damianofranz\" \/>\n<meta name=\"twitter:site\" content=\"@varesenews\" \/>\n<meta name=\"twitter:label1\" content=\"Scritto da\" \/>\n\t<meta name=\"twitter:data1\" content=\"Damiano Franzetti\" \/>\n\t<meta name=\"twitter:label2\" content=\"Tempo di lettura stimato\" \/>\n\t<meta name=\"twitter:data2\" content=\"1 minuto\" \/>\n<script type=\"application\/ld+json\" class=\"yoast-schema-graph\">{\"@context\":\"https:\/\/schema.org\",\"@graph\":[{\"@type\":\"WebPage\",\"@id\":\"https:\/\/staging.varesenews.it\/2019\/10\/gemonio-festa-suon-polenta\/861902\/\",\"url\":\"https:\/\/staging.varesenews.it\/2019\/10\/gemonio-festa-suon-polenta\/861902\/\",\"name\":\"Gemonio fa festa a suon di polenta\",\"isPartOf\":{\"@id\":\"https:\/\/staging.varesenews.it\/#website\"},\"datePublished\":\"2019-10-11T08:43:56+00:00\",\"dateModified\":\"2019-10-11T08:43:56+00:00\",\"author\":{\"@id\":\"https:\/\/staging.varesenews.it\/#\/schema\/person\/709ae3769f6b4dbde8ec332baede8a5b\"},\"description\":\"Domenica 13 ottobre a pranzo la decima edizione della festa dedicata alla tradizionale pietanza. Appuntamento in via Curti, possibilit\u00e0 di asporto\",\"breadcrumb\":{\"@id\":\"https:\/\/staging.varesenews.it\/2019\/10\/gemonio-festa-suon-polenta\/861902\/#breadcrumb\"},\"inLanguage\":\"it-IT\",\"potentialAction\":[{\"@type\":\"ReadAction\",\"target\":[\"https:\/\/staging.varesenews.it\/2019\/10\/gemonio-festa-suon-polenta\/861902\/\"]}]},{\"@type\":\"BreadcrumbList\",\"@id\":\"https:\/\/staging.varesenews.it\/2019\/10\/gemonio-festa-suon-polenta\/861902\/#breadcrumb\",\"itemListElement\":[{\"@type\":\"ListItem\",\"position\":1,\"name\":\"Home\",\"item\":\"https:\/\/www.varesenews.it\/\"},{\"@type\":\"ListItem\",\"position\":2,\"name\":\"Gemonio fa festa a suon di polenta\"}]},{\"@type\":\"WebSite\",\"@id\":\"https:\/\/staging.varesenews.it\/#website\",\"url\":\"https:\/\/staging.varesenews.it\/\",\"name\":\"VareseNews\",\"description\":\"\",\"potentialAction\":[{\"@type\":\"SearchAction\",\"target\":{\"@type\":\"EntryPoint\",\"urlTemplate\":\"https:\/\/staging.varesenews.it\/?s={search_term_string}\"},\"query-input\":\"required name=search_term_string\"}],\"inLanguage\":\"it-IT\"},{\"@type\":\"Person\",\"@id\":\"https:\/\/staging.varesenews.it\/#\/schema\/person\/709ae3769f6b4dbde8ec332baede8a5b\",\"name\":\"Damiano Franzetti\",\"image\":{\"@type\":\"ImageObject\",\"inLanguage\":\"it-IT\",\"@id\":\"https:\/\/staging.varesenews.it\/#\/schema\/person\/image\/\",\"url\":\"https:\/\/staging.varesenews.it\/wp-content\/uploads\/2020\/12\/damiano_franzetti_colori_500.jpg\",\"contentUrl\":\"https:\/\/staging.varesenews.it\/wp-content\/uploads\/2020\/12\/damiano_franzetti_colori_500.jpg\",\"caption\":\"Damiano Franzetti\"},\"description\":\"Classe 1976, una laurea (nel cassetto) in scienze e tecnologie alimentari; sono giornalista professionista dal 2009 nato e cresciuto con VareseNews dove mi occupo soprattutto di sport ormai da vent&rsquo;anni. Inviato sui campi (sulle piste, sulle strade...), intervistatore, coordinatore e responsabile delle pagine sportive, mi ritaglio volentieri lo spazio per scrivere di birra sul blog Malto Gradimento. Ho seguito innumerevoli campionati di Serie A di basket, di serie B di calcio, due Mondiali di ciclismo, qualche Giro d&rsquo;;Italia e tanto altro ancora. Collaboro con Tuttosport e altre testate, mi diletto di social. Ho una moglie, un figlio, vivo nella mia Gemonio e ho purtroppo smesso con il basket giocato. &nbsp;\",\"sameAs\":[\"damianofranz\",\"https:\/\/www.linkedin.com\/profile\/view?id=241597124&trk=nav_responsive_tab_profile\",\"https:\/\/twitter.com\/damianofranz\"],\"url\":\"https:\/\/staging.varesenews.it\/persona\/damiano_franzetti-2\/\"}]}<\/script>\n<!-- \/ Yoast SEO plugin. -->","yoast_head_json":{"title":"Gemonio fa festa a suon di polenta","description":"Domenica 13 ottobre a pranzo la decima edizione della festa dedicata alla tradizionale pietanza. Appuntamento in via Curti, possibilit\u00e0 di asporto","robots":{"index":"noindex","follow":"follow","max-snippet":"max-snippet:-1","max-image-preview":"max-image-preview:large","max-video-preview":"max-video-preview:-1"},"og_locale":"it_IT","og_type":"article","og_title":"Gemonio fa festa a suon di polenta","og_description":"Domenica 13 ottobre a pranzo la decima edizione della festa dedicata alla tradizionale pietanza. Appuntamento in via Curti, possibilit\u00e0 di asporto","og_url":"https:\/\/staging.varesenews.it\/2019\/10\/gemonio-festa-suon-polenta\/861902\/","og_site_name":"VareseNews","article_publisher":"https:\/\/www.facebook.com\/varesenews","article_published_time":"2019-10-11T08:43:56+00:00","author":"Damiano Franzetti","twitter_card":"summary_large_image","twitter_creator":"@damianofranz","twitter_site":"@varesenews","twitter_misc":{"Scritto da":"Damiano Franzetti","Tempo di lettura stimato":"1 minuto"},"schema":{"@context":"https:\/\/schema.org","@graph":[{"@type":"WebPage","@id":"https:\/\/staging.varesenews.it\/2019\/10\/gemonio-festa-suon-polenta\/861902\/","url":"https:\/\/staging.varesenews.it\/2019\/10\/gemonio-festa-suon-polenta\/861902\/","name":"Gemonio fa festa a suon di polenta","isPartOf":{"@id":"https:\/\/staging.varesenews.it\/#website"},"datePublished":"2019-10-11T08:43:56+00:00","dateModified":"2019-10-11T08:43:56+00:00","author":{"@id":"https:\/\/staging.varesenews.it\/#\/schema\/person\/709ae3769f6b4dbde8ec332baede8a5b"},"description":"Domenica 13 ottobre a pranzo la decima edizione della festa dedicata alla tradizionale pietanza. Appuntamento in via Curti, possibilit\u00e0 di asporto","breadcrumb":{"@id":"https:\/\/staging.varesenews.it\/2019\/10\/gemonio-festa-suon-polenta\/861902\/#breadcrumb"},"inLanguage":"it-IT","potentialAction":[{"@type":"ReadAction","target":["https:\/\/staging.varesenews.it\/2019\/10\/gemonio-festa-suon-polenta\/861902\/"]}]},{"@type":"BreadcrumbList","@id":"https:\/\/staging.varesenews.it\/2019\/10\/gemonio-festa-suon-polenta\/861902\/#breadcrumb","itemListElement":[{"@type":"ListItem","position":1,"name":"Home","item":"https:\/\/www.varesenews.it\/"},{"@type":"ListItem","position":2,"name":"Gemonio fa festa a suon di polenta"}]},{"@type":"WebSite","@id":"https:\/\/staging.varesenews.it\/#website","url":"https:\/\/staging.varesenews.it\/","name":"VareseNews","description":"","potentialAction":[{"@type":"SearchAction","target":{"@type":"EntryPoint","urlTemplate":"https:\/\/staging.varesenews.it\/?s={search_term_string}"},"query-input":"required name=search_term_string"}],"inLanguage":"it-IT"},{"@type":"Person","@id":"https:\/\/staging.varesenews.it\/#\/schema\/person\/709ae3769f6b4dbde8ec332baede8a5b","name":"Damiano Franzetti","image":{"@type":"ImageObject","inLanguage":"it-IT","@id":"https:\/\/staging.varesenews.it\/#\/schema\/person\/image\/","url":"https:\/\/staging.varesenews.it\/wp-content\/uploads\/2020\/12\/damiano_franzetti_colori_500.jpg","contentUrl":"https:\/\/staging.varesenews.it\/wp-content\/uploads\/2020\/12\/damiano_franzetti_colori_500.jpg","caption":"Damiano Franzetti"},"description":"Classe 1976, una laurea (nel cassetto) in scienze e tecnologie alimentari; sono giornalista professionista dal 2009 nato e cresciuto con VareseNews dove mi occupo soprattutto di sport ormai da vent&rsquo;anni. Inviato sui campi (sulle piste, sulle strade...), intervistatore, coordinatore e responsabile delle pagine sportive, mi ritaglio volentieri lo spazio per scrivere di birra sul blog Malto Gradimento. Ho seguito innumerevoli campionati di Serie A di basket, di serie B di calcio, due Mondiali di ciclismo, qualche Giro d&rsquo;;Italia e tanto altro ancora. Collaboro con Tuttosport e altre testate, mi diletto di social. Ho una moglie, un figlio, vivo nella mia Gemonio e ho purtroppo smesso con il basket giocato. &nbsp;","sameAs":["damianofranz","https:\/\/www.linkedin.com\/profile\/view?id=241597124&trk=nav_responsive_tab_profile","https:\/\/twitter.com\/damianofranz"],"url":"https:\/\/staging.varesenews.it\/persona\/damiano_franzetti-2\/"}]}},"post_meta":{"_edit_lock":"1570783955:38","_edit_last":"38","_category_permalink":"a:1:{s:8:\"category\";s:2:\"21\";}","ratings_users":"0","ratings_score":"0","ratings_average":"0","foto":"761259","firma_come_redazione":"1","argomento":"Gemonio","_yoast_wpseo_content_score":"30","_jd_tweet_this":"yes","_wpt_short_url":"https:\/\/www.varesenews.it\/2019\/10\/gemonio-festa-suon-polenta\/861902\/","_wp_jd_target":"https:\/\/www.varesenews.it\/2019\/10\/gemonio-festa-suon-polenta\/861902\/","_jd_wp_twitter":"a:1:{i:0;s:143:\"Gemonio fa festa a suon di polenta https:\/\/www.varesenews.it\/2019\/10\/gemonio-festa-suon-polenta\/861902\/ #festeesagre #polentata #prolocogemonio\";}","_wpt_status_message":"Tweet inviato con successo."},"photos":[{"original":"https:\/\/staging.varesenews.it\/photogallery_new\/images\/2019\/10\/generico-2018-761259.jpg","full":"https:\/\/staging.varesenews.it\/photogallery_new\/images\/2019\/10\/generico-2018-761259.1024x768.jpg","large":"https:\/\/staging.varesenews.it\/photogallery_new\/images\/2019\/10\/generico-2018-761259.610x431.jpg"}],"_links":{"self":[{"href":"https:\/\/staging.varesenews.it\/swgapi\/v1\/wp\/v2\/posts\/861902"}],"collection":[{"href":"https:\/\/staging.varesenews.it\/swgapi\/v1\/wp\/v2\/posts"}],"about":[{"href":"https:\/\/staging.varesenews.it\/swgapi\/v1\/wp\/v2\/types\/post"}],"author":[{"embeddable":true,"href":"https:\/\/staging.varesenews.it\/swgapi\/v1\/wp\/v2\/users\/38"}],"replies":[{"embeddable":true,"href":"https:\/\/staging.varesenews.it\/swgapi\/v1\/wp\/v2\/comments?post=861902"}],"version-history":[{"count":0,"href":"https:\/\/staging.varesenews.it\/swgapi\/v1\/wp\/v2\/posts\/861902\/revisions"}],"wp:attachment":[{"href":"https:\/\/staging.varesenews.it\/swgapi\/v1\/wp\/v2\/media?parent=861902"}],"wp:term":[{"taxonomy":"category","embeddable":true,"href":"https:\/\/staging.varesenews.it\/swgapi\/v1\/wp\/v2\/categories?post=861902"},{"taxonomy":"post_tag","embeddable":true,"href":"https:\/\/staging.varesenews.it\/swgapi\/v1\/wp\/v2\/tags?post=861902"}],"curies":[{"name":"wp","href":"https:\/\/api.w.org\/{rel}","templated":true}]}}