{"id":861931,"date":"2019-10-11T11:17:10","date_gmt":"2019-10-11T09:17:10","guid":{"rendered":"https:\/\/www.varesenews.it\/?p=861931"},"modified":"2019-10-11T11:17:10","modified_gmt":"2019-10-11T09:17:10","slug":"via-buscate-due-anni-nulla-cambiato-ora-ce-anche-lamianto","status":"publish","type":"post","link":"https:\/\/staging.varesenews.it\/2019\/10\/via-buscate-due-anni-nulla-cambiato-ora-ce-anche-lamianto\/861931\/","title":{"rendered":"Via Buscate due anni dopo nulla \u00e8 cambiato, ora c&#8217;\u00e8 anche l&#8217;amianto"},"content":{"rendered":"<p>Foto del 2017 e foto del 2019, <strong>via Buscate<\/strong> continua ad essere una vergogna. Fanno da cornice alla strada asfaltata che, attraversando il verde di campi e boschi, collega Busto con Buscate, <strong>ancor pi\u00f9 rifiuti di quelli che erano presenti nel 2017<\/strong> e che erano gi\u00e0 stati segnalati da alcuni nostri lettori che frequentano la zona.<\/p>\n<blockquote class=\"wp-embedded-content\" data-secret=\"pY4jDKzvyM\"><p><a href=\"https:\/\/www.varesenews.it\/2017\/08\/in-via-buscate-una-passeggiata-tra-le-discariche\/645371\/\">In via Buscate una passeggiata tra le discariche<\/a><\/p><\/blockquote>\n<p><iframe class=\"wp-embedded-content\" sandbox=\"allow-scripts\" security=\"restricted\" style=\"position: absolute; clip: rect(1px, 1px, 1px, 1px);\" src=\"https:\/\/www.varesenews.it\/2017\/08\/in-via-buscate-una-passeggiata-tra-le-discariche\/645371\/embed\/#?secret=pY4jDKzvyM\" data-secret=\"pY4jDKzvyM\" width=\"500\" height=\"282\" title=\"&#8220;In via Buscate una passeggiata tra le discariche&#8221; &#8212; VareseNews\" frameborder=\"0\" marginwidth=\"0\" marginheight=\"0\" scrolling=\"no\"><\/iframe><\/p>\n<p>In seguito alla segnalazione di un altro cittadino che, come molti della zona, \u00e8 solito passeggiare col cane, <strong>siamo tornati sul posto per verificare la situazione di degrado ed effettivamente i rifiuti sono risultati essere ancora di pi\u00f9<\/strong>, rispetto agli anni prima: diversi materiali e dimensioni tra pneumatici, bancali di amianto e plafoniere di lampade.<\/p>\n<p>\u00abPurtroppo di queste vie in situazioni di degrado ce ne sono parecchie, ma attraverso il nuovo sistema di <strong>fototrappole<\/strong> ci si augura di arginare il problema\u00bb chiarisce<strong> l\u2019assessore alla sicurezza Massimo Rogora<\/strong>, spiegando che, oltre alle innovative trappole, verr\u00e0 attuato un lavoro di pulizia dalla radice del problema: \u00abColoro che gettano rifiuti in questa maniera sono gli stessi che lavorano e vivono in nero, pertanto il lavoro da fare, arginando l\u2019illegalit\u00e0, non \u00e8 banale, ma abbiamo gi\u00e0 fermato diversi individui intenzionati ad abbandonare di tutto in siti nascosti\u00bb.<\/p>\n<p>I lavori di messa in sicurezza delle zone boschive e delle vietrattate come discariche, attraverso le innovative fototrappole, sono in corso d\u2019opera, ma resta il disagio del degrado che regna, in questo caso, nella zona di via Buscate, nonostante siano passati due anni dalle prime segnalazioni dei passanti. <strong>In attesa delle agognate fototrappole, sarebbe il caso di dare una pulita.<\/strong><\/p>\n","protected":false},"excerpt":{"rendered":"<p>A distanza di due anni dalle prime segnalazioni in via Buscate \u00e8 ancora una discarica abusiva. Amianto e pneumatici fanno da cornice. L&#8217;assessore Rogora: &#8220;Con le fototrappole argine al fenomeno&#8221;<\/p>\n","protected":false},"author":47,"featured_media":0,"comment_status":"open","ping_status":"open","sticky":false,"template":"","format":"standard","meta":{"footnotes":""},"categories":[4],"tags":[195,8830,100288],"acf":[],"yoast_head":"<!-- This site is optimized with the Yoast SEO plugin v20.1 - https:\/\/yoast.com\/wordpress\/plugins\/seo\/ -->\n<title>Via Buscate due anni dopo nulla \u00e8 cambiato, ora c&#039;\u00e8 anche l&#039;amianto<\/title>\n<meta name=\"description\" content=\"A distanza di due anni dalle prime segnalazioni in via Buscate \u00e8 ancora una discarica abusiva. Amianto e pneumatici fanno da cornice. L&#039;assessore Rogora: &quot;Con le fototrappole argine al fenomeno&quot;\" \/>\n<meta name=\"robots\" content=\"noindex, follow, max-snippet:-1, max-image-preview:large, max-video-preview:-1\" \/>\n<meta property=\"og:locale\" content=\"it_IT\" \/>\n<meta property=\"og:type\" content=\"article\" \/>\n<meta property=\"og:title\" content=\"Via Buscate due anni dopo nulla \u00e8 cambiato, ora c&#039;\u00e8 anche l&#039;amianto\" \/>\n<meta property=\"og:description\" content=\"A distanza di due anni dalle prime segnalazioni in via Buscate \u00e8 ancora una discarica abusiva. Amianto e pneumatici fanno da cornice. L&#039;assessore Rogora: &quot;Con le fototrappole argine al fenomeno&quot;\" \/>\n<meta property=\"og:url\" content=\"https:\/\/www.varesenews.it\/2019\/10\/via-buscate-due-anni-nulla-cambiato-ora-ce-anche-lamianto\/861931\/\" \/>\n<meta property=\"og:site_name\" content=\"VareseNews\" \/>\n<meta property=\"article:publisher\" content=\"https:\/\/www.facebook.com\/varesenews\" \/>\n<meta property=\"article:published_time\" content=\"2019-10-11T09:17:10+00:00\" \/>\n<meta name=\"author\" content=\"Orlando Mastrillo\" \/>\n<meta name=\"twitter:card\" content=\"summary_large_image\" \/>\n<meta name=\"twitter:creator\" content=\"@nando_mastrillo\" \/>\n<meta name=\"twitter:site\" content=\"@varesenews\" \/>\n<meta name=\"twitter:label1\" content=\"Scritto da\" \/>\n\t<meta name=\"twitter:data1\" content=\"Orlando Mastrillo\" \/>\n\t<meta name=\"twitter:label2\" content=\"Tempo di lettura stimato\" \/>\n\t<meta name=\"twitter:data2\" content=\"1 minuto\" \/>\n<script type=\"application\/ld+json\" class=\"yoast-schema-graph\">{\"@context\":\"https:\/\/schema.org\",\"@graph\":[{\"@type\":\"WebPage\",\"@id\":\"https:\/\/www.varesenews.it\/2019\/10\/via-buscate-due-anni-nulla-cambiato-ora-ce-anche-lamianto\/861931\/\",\"url\":\"https:\/\/www.varesenews.it\/2019\/10\/via-buscate-due-anni-nulla-cambiato-ora-ce-anche-lamianto\/861931\/\",\"name\":\"Via Buscate due anni dopo nulla \u00e8 cambiato, ora c'\u00e8 anche l'amianto\",\"isPartOf\":{\"@id\":\"https:\/\/staging.varesenews.it\/#website\"},\"datePublished\":\"2019-10-11T09:17:10+00:00\",\"dateModified\":\"2019-10-11T09:17:10+00:00\",\"author\":{\"@id\":\"https:\/\/staging.varesenews.it\/#\/schema\/person\/14c47ccce537a9058dddce296f10b296\"},\"description\":\"A distanza di due anni dalle prime segnalazioni in via Buscate \u00e8 ancora una discarica abusiva. Amianto e pneumatici fanno da cornice. L'assessore Rogora: \\\"Con le fototrappole argine al fenomeno\\\"\",\"breadcrumb\":{\"@id\":\"https:\/\/www.varesenews.it\/2019\/10\/via-buscate-due-anni-nulla-cambiato-ora-ce-anche-lamianto\/861931\/#breadcrumb\"},\"inLanguage\":\"it-IT\",\"potentialAction\":[{\"@type\":\"ReadAction\",\"target\":[\"https:\/\/www.varesenews.it\/2019\/10\/via-buscate-due-anni-nulla-cambiato-ora-ce-anche-lamianto\/861931\/\"]}]},{\"@type\":\"BreadcrumbList\",\"@id\":\"https:\/\/www.varesenews.it\/2019\/10\/via-buscate-due-anni-nulla-cambiato-ora-ce-anche-lamianto\/861931\/#breadcrumb\",\"itemListElement\":[{\"@type\":\"ListItem\",\"position\":1,\"name\":\"Home\",\"item\":\"https:\/\/www.varesenews.it\/\"},{\"@type\":\"ListItem\",\"position\":2,\"name\":\"Via Buscate due anni dopo nulla \u00e8 cambiato, ora c&#8217;\u00e8 anche l&#8217;amianto\"}]},{\"@type\":\"WebSite\",\"@id\":\"https:\/\/staging.varesenews.it\/#website\",\"url\":\"https:\/\/staging.varesenews.it\/\",\"name\":\"VareseNews\",\"description\":\"\",\"potentialAction\":[{\"@type\":\"SearchAction\",\"target\":{\"@type\":\"EntryPoint\",\"urlTemplate\":\"https:\/\/staging.varesenews.it\/?s={search_term_string}\"},\"query-input\":\"required name=search_term_string\"}],\"inLanguage\":\"it-IT\"},{\"@type\":\"Person\",\"@id\":\"https:\/\/staging.varesenews.it\/#\/schema\/person\/14c47ccce537a9058dddce296f10b296\",\"name\":\"Orlando Mastrillo\",\"image\":{\"@type\":\"ImageObject\",\"inLanguage\":\"it-IT\",\"@id\":\"https:\/\/staging.varesenews.it\/#\/schema\/person\/image\/\",\"url\":\"https:\/\/staging.varesenews.it\/wp-content\/uploads\/2020\/12\/orlando_mastrillo_colori_500.jpg\",\"contentUrl\":\"https:\/\/staging.varesenews.it\/wp-content\/uploads\/2020\/12\/orlando_mastrillo_colori_500.jpg\",\"caption\":\"Orlando Mastrillo\"},\"description\":\"Nasco a Luino nel 1981, ho iniziato questo lavoro nell'estate del 2003 nella redazione de Il Giorno di Varese e dall'anno successivo ho intrapreso la collaborazione con VareseNews. Dopo anni nell'Alto Varesotto mi sono trasferito a Busto Arsizio nel 2007, territorio che ho iniziato a seguire e che seguo tutt'oggi. Nel 2013 sono diventato giornalista professionista. Mi occupo di cronaca politica, giudiziaria e nera in una vasta area che comprende anche parte della Valle Olona e il Legnanese. Sono sposato con Valeria Arini e ho due splendide figlie.\",\"sameAs\":[\"or_ma\",\"https:\/\/twitter.com\/nando_mastrillo\"],\"url\":\"https:\/\/staging.varesenews.it\/persona\/orlando-mastrillo1\/\"}]}<\/script>\n<!-- \/ Yoast SEO plugin. -->","yoast_head_json":{"title":"Via Buscate due anni dopo nulla \u00e8 cambiato, ora c'\u00e8 anche l'amianto","description":"A distanza di due anni dalle prime segnalazioni in via Buscate \u00e8 ancora una discarica abusiva. Amianto e pneumatici fanno da cornice. L'assessore Rogora: \"Con le fototrappole argine al fenomeno\"","robots":{"index":"noindex","follow":"follow","max-snippet":"max-snippet:-1","max-image-preview":"max-image-preview:large","max-video-preview":"max-video-preview:-1"},"og_locale":"it_IT","og_type":"article","og_title":"Via Buscate due anni dopo nulla \u00e8 cambiato, ora c'\u00e8 anche l'amianto","og_description":"A distanza di due anni dalle prime segnalazioni in via Buscate \u00e8 ancora una discarica abusiva. Amianto e pneumatici fanno da cornice. L'assessore Rogora: \"Con le fototrappole argine al fenomeno\"","og_url":"https:\/\/www.varesenews.it\/2019\/10\/via-buscate-due-anni-nulla-cambiato-ora-ce-anche-lamianto\/861931\/","og_site_name":"VareseNews","article_publisher":"https:\/\/www.facebook.com\/varesenews","article_published_time":"2019-10-11T09:17:10+00:00","author":"Orlando Mastrillo","twitter_card":"summary_large_image","twitter_creator":"@nando_mastrillo","twitter_site":"@varesenews","twitter_misc":{"Scritto da":"Orlando Mastrillo","Tempo di lettura stimato":"1 minuto"},"schema":{"@context":"https:\/\/schema.org","@graph":[{"@type":"WebPage","@id":"https:\/\/www.varesenews.it\/2019\/10\/via-buscate-due-anni-nulla-cambiato-ora-ce-anche-lamianto\/861931\/","url":"https:\/\/www.varesenews.it\/2019\/10\/via-buscate-due-anni-nulla-cambiato-ora-ce-anche-lamianto\/861931\/","name":"Via Buscate due anni dopo nulla \u00e8 cambiato, ora c'\u00e8 anche l'amianto","isPartOf":{"@id":"https:\/\/staging.varesenews.it\/#website"},"datePublished":"2019-10-11T09:17:10+00:00","dateModified":"2019-10-11T09:17:10+00:00","author":{"@id":"https:\/\/staging.varesenews.it\/#\/schema\/person\/14c47ccce537a9058dddce296f10b296"},"description":"A distanza di due anni dalle prime segnalazioni in via Buscate \u00e8 ancora una discarica abusiva. Amianto e pneumatici fanno da cornice. L'assessore Rogora: \"Con le fototrappole argine al fenomeno\"","breadcrumb":{"@id":"https:\/\/www.varesenews.it\/2019\/10\/via-buscate-due-anni-nulla-cambiato-ora-ce-anche-lamianto\/861931\/#breadcrumb"},"inLanguage":"it-IT","potentialAction":[{"@type":"ReadAction","target":["https:\/\/www.varesenews.it\/2019\/10\/via-buscate-due-anni-nulla-cambiato-ora-ce-anche-lamianto\/861931\/"]}]},{"@type":"BreadcrumbList","@id":"https:\/\/www.varesenews.it\/2019\/10\/via-buscate-due-anni-nulla-cambiato-ora-ce-anche-lamianto\/861931\/#breadcrumb","itemListElement":[{"@type":"ListItem","position":1,"name":"Home","item":"https:\/\/www.varesenews.it\/"},{"@type":"ListItem","position":2,"name":"Via Buscate due anni dopo nulla \u00e8 cambiato, ora c&#8217;\u00e8 anche l&#8217;amianto"}]},{"@type":"WebSite","@id":"https:\/\/staging.varesenews.it\/#website","url":"https:\/\/staging.varesenews.it\/","name":"VareseNews","description":"","potentialAction":[{"@type":"SearchAction","target":{"@type":"EntryPoint","urlTemplate":"https:\/\/staging.varesenews.it\/?s={search_term_string}"},"query-input":"required name=search_term_string"}],"inLanguage":"it-IT"},{"@type":"Person","@id":"https:\/\/staging.varesenews.it\/#\/schema\/person\/14c47ccce537a9058dddce296f10b296","name":"Orlando Mastrillo","image":{"@type":"ImageObject","inLanguage":"it-IT","@id":"https:\/\/staging.varesenews.it\/#\/schema\/person\/image\/","url":"https:\/\/staging.varesenews.it\/wp-content\/uploads\/2020\/12\/orlando_mastrillo_colori_500.jpg","contentUrl":"https:\/\/staging.varesenews.it\/wp-content\/uploads\/2020\/12\/orlando_mastrillo_colori_500.jpg","caption":"Orlando Mastrillo"},"description":"Nasco a Luino nel 1981, ho iniziato questo lavoro nell'estate del 2003 nella redazione de Il Giorno di Varese e dall'anno successivo ho intrapreso la collaborazione con VareseNews. Dopo anni nell'Alto Varesotto mi sono trasferito a Busto Arsizio nel 2007, territorio che ho iniziato a seguire e che seguo tutt'oggi. Nel 2013 sono diventato giornalista professionista. Mi occupo di cronaca politica, giudiziaria e nera in una vasta area che comprende anche parte della Valle Olona e il Legnanese. Sono sposato con Valeria Arini e ho due splendide figlie.","sameAs":["or_ma","https:\/\/twitter.com\/nando_mastrillo"],"url":"https:\/\/staging.varesenews.it\/persona\/orlando-mastrillo1\/"}]}},"post_meta":{"_edit_lock":"1570786307:47","_edit_last":"47","_oembed_f6af823553a6e79a009294e94aa6f91b":"<blockquote class=\"wp-embedded-content\" data-secret=\"pY4jDKzvyM\"><a href=\"https:\/\/www.varesenews.it\/2017\/08\/in-via-buscate-una-passeggiata-tra-le-discariche\/645371\/\">In via Buscate una passeggiata tra le discariche<\/a><\/blockquote><iframe class=\"wp-embedded-content\" sandbox=\"allow-scripts\" security=\"restricted\" style=\"position: absolute; clip: rect(1px, 1px, 1px, 1px);\" src=\"https:\/\/www.varesenews.it\/2017\/08\/in-via-buscate-una-passeggiata-tra-le-discariche\/645371\/embed\/#?secret=pY4jDKzvyM\" data-secret=\"pY4jDKzvyM\" width=\"500\" height=\"282\" title=\"&#8220;In via Buscate una passeggiata tra le discariche&#8221; &#8212; VareseNews\" frameborder=\"0\" marginwidth=\"0\" marginheight=\"0\" scrolling=\"no\"><\/iframe>","_oembed_time_f6af823553a6e79a009294e94aa6f91b":"1570784468","_category_permalink":"a:1:{s:8:\"category\";s:0:\"\";}","ratings_users":"0","ratings_score":"0","ratings_average":"0","foto":"763248","firma-personalizzata":"Francesca Cisotto","argomento":"Busto Arsizio","_yoast_wpseo_content_score":"30","_jd_tweet_this":"yes","_wpt_short_url":"https:\/\/www.varesenews.it\/2019\/10\/via-buscate-due-anni-nulla-cambiato-ora-ce-anche-lamianto\/861931\/","_wp_jd_target":"https:\/\/www.varesenews.it\/2019\/10\/via-buscate-due-anni-nulla-cambiato-ora-ce-anche-lamianto\/861931\/","_jd_wp_twitter":"a:1:{i:0;s:182:\"Via Buscate due anni dopo nulla \u00e8 cambiato, ora c\u2019\u00e8 anche l\u2019amianto https:\/\/www.varesenews.it\/2019\/10\/via-buscate-due-anni-nulla-cambiato-ora-ce-anche-lamianto\/861931\/ #amianto\";}","_wpt_status_message":"Tweet inviato con successo."},"photos":[{"original":"https:\/\/staging.varesenews.it\/photogallery_new\/images\/2019\/10\/discarica-via-buscate-busto-arsizio-763248.jpg","full":"https:\/\/staging.varesenews.it\/photogallery_new\/images\/2019\/10\/discarica-via-buscate-busto-arsizio-763248.1024x768.jpg","large":"https:\/\/staging.varesenews.it\/photogallery_new\/images\/2019\/10\/discarica-via-buscate-busto-arsizio-763248.610x431.jpg"}],"_links":{"self":[{"href":"https:\/\/staging.varesenews.it\/swgapi\/v1\/wp\/v2\/posts\/861931"}],"collection":[{"href":"https:\/\/staging.varesenews.it\/swgapi\/v1\/wp\/v2\/posts"}],"about":[{"href":"https:\/\/staging.varesenews.it\/swgapi\/v1\/wp\/v2\/types\/post"}],"author":[{"embeddable":true,"href":"https:\/\/staging.varesenews.it\/swgapi\/v1\/wp\/v2\/users\/47"}],"replies":[{"embeddable":true,"href":"https:\/\/staging.varesenews.it\/swgapi\/v1\/wp\/v2\/comments?post=861931"}],"version-history":[{"count":0,"href":"https:\/\/staging.varesenews.it\/swgapi\/v1\/wp\/v2\/posts\/861931\/revisions"}],"wp:attachment":[{"href":"https:\/\/staging.varesenews.it\/swgapi\/v1\/wp\/v2\/media?parent=861931"}],"wp:term":[{"taxonomy":"category","embeddable":true,"href":"https:\/\/staging.varesenews.it\/swgapi\/v1\/wp\/v2\/categories?post=861931"},{"taxonomy":"post_tag","embeddable":true,"href":"https:\/\/staging.varesenews.it\/swgapi\/v1\/wp\/v2\/tags?post=861931"}],"curies":[{"name":"wp","href":"https:\/\/api.w.org\/{rel}","templated":true}]}}