{"id":862712,"date":"2019-10-14T15:07:47","date_gmt":"2019-10-14T13:07:47","guid":{"rendered":"https:\/\/www.varesenews.it\/?p=862712"},"modified":"2019-10-14T15:07:47","modified_gmt":"2019-10-14T13:07:47","slug":"ginocchio-degli-anta-ne-parla-rmf","status":"publish","type":"post","link":"https:\/\/staging.varesenews.it\/2019\/10\/ginocchio-degli-anta-ne-parla-rmf\/862712\/","title":{"rendered":"&#8220;Il ginocchio degli anta&#8221;, se ne parla a RMF"},"content":{"rendered":"<p>Il medico che sar\u00e0 intervistato a Radio Missione Francescana &#8211; Medicina venerd\u00ec 18 ottobre 2019 alle ore 11.10 \u00e8 il dottor Giorgio Masotti , ortopedico c\/o ortopedia dell&#8217;Ospedale di Circolo di Varese, Asst-settelaghi.<\/p>\n<p>Il titolo della trasmissione &#8220;Il ginocchio degli anta: parte seconda&#8221;. Conducono Luigi Rusconi e Giorgio Dini. La trasmissione verr\u00e0 trasmessa, in replica, domenica 20 ottobre 2019 alle ore 16.00. Le frequenze di RMF:<\/p>\n<p>&#8211; 94,6 da Varese fino a Busto Arsizio, parte sud della provincia.<br \/>\n&#8211; 91,7 per la citt\u00e0 di Varese e comuni limitrofi.<br \/>\n&#8211; 88,5 in Valceresio.<br \/>\n&#8211; 90 per la zona compresa tra Rancio Valcuvia &#8211; Laveno &#8211; Intra &#8211; Besozzo &#8211; Gavirate.<br \/>\n&#8211; 91,4 per la zona sud del Lago Maggiore &#8211; Laveno &#8211; Sesto Calende &#8211; Varese.<br \/>\n&#8211; 89,55 per la zona nord del Lago Maggiore &#8211; Laveno &#8211; Luino.<\/p>\n<p>http:\/\/www.rmf.it\/frequenze.htm<\/p>\n","protected":false},"excerpt":{"rendered":"<p>Il medico che sar\u00e0 intervistato a Radio Missione Francescana &#8211; Medicina venerd\u00ec 18 ottobre 2019 alle ore 11.10 e\u2019 il dottor Giorgio Masotti <\/p>\n","protected":false},"author":32,"featured_media":0,"comment_status":"open","ping_status":"open","sticky":false,"template":"","format":"standard","meta":{"footnotes":""},"categories":[24,2],"tags":[267],"acf":[],"yoast_head":"<!-- This site is optimized with the Yoast SEO plugin v20.1 - https:\/\/yoast.com\/wordpress\/plugins\/seo\/ -->\n<title>&quot;Il ginocchio degli anta&quot;, se ne parla a RMF<\/title>\n<meta name=\"description\" content=\"Il medico che sar\u00e0 intervistato a Radio Missione Francescana - Medicina venerd\u00ec 18 ottobre 2019 alle ore 11.10 e\u2019 il dottor Giorgio Masotti\" \/>\n<meta name=\"robots\" content=\"noindex, follow, max-snippet:-1, max-image-preview:large, max-video-preview:-1\" \/>\n<meta property=\"og:locale\" content=\"it_IT\" \/>\n<meta property=\"og:type\" content=\"article\" \/>\n<meta property=\"og:title\" content=\"&quot;Il ginocchio degli anta&quot;, se ne parla a RMF\" \/>\n<meta property=\"og:description\" content=\"Il medico che sar\u00e0 intervistato a Radio Missione Francescana - Medicina venerd\u00ec 18 ottobre 2019 alle ore 11.10 e\u2019 il dottor Giorgio Masotti\" \/>\n<meta property=\"og:url\" content=\"https:\/\/staging.varesenews.it\/2019\/10\/ginocchio-degli-anta-ne-parla-rmf\/862712\/\" \/>\n<meta property=\"og:site_name\" content=\"VareseNews\" \/>\n<meta property=\"article:publisher\" content=\"https:\/\/www.facebook.com\/varesenews\" \/>\n<meta property=\"article:published_time\" content=\"2019-10-14T13:07:47+00:00\" \/>\n<meta name=\"author\" content=\"Adelia Brigo\" \/>\n<meta name=\"twitter:card\" content=\"summary_large_image\" \/>\n<meta name=\"twitter:creator\" content=\"@AdeliaBrigo\" \/>\n<meta name=\"twitter:site\" content=\"@varesenews\" \/>\n<meta name=\"twitter:label1\" content=\"Scritto da\" \/>\n\t<meta name=\"twitter:data1\" content=\"Adelia Brigo\" \/>\n\t<meta name=\"twitter:label2\" content=\"Tempo di lettura stimato\" \/>\n\t<meta name=\"twitter:data2\" content=\"1 minuto\" \/>\n<script type=\"application\/ld+json\" class=\"yoast-schema-graph\">{\"@context\":\"https:\/\/schema.org\",\"@graph\":[{\"@type\":\"WebPage\",\"@id\":\"https:\/\/staging.varesenews.it\/2019\/10\/ginocchio-degli-anta-ne-parla-rmf\/862712\/\",\"url\":\"https:\/\/staging.varesenews.it\/2019\/10\/ginocchio-degli-anta-ne-parla-rmf\/862712\/\",\"name\":\"\\\"Il ginocchio degli anta\\\", se ne parla a RMF\",\"isPartOf\":{\"@id\":\"https:\/\/staging.varesenews.it\/#website\"},\"datePublished\":\"2019-10-14T13:07:47+00:00\",\"dateModified\":\"2019-10-14T13:07:47+00:00\",\"author\":{\"@id\":\"https:\/\/staging.varesenews.it\/#\/schema\/person\/272ac0f5b2dbfd572218c2d86e013f1a\"},\"description\":\"Il medico che sar\u00e0 intervistato a Radio Missione Francescana - Medicina venerd\u00ec 18 ottobre 2019 alle ore 11.10 e\u2019 il dottor Giorgio Masotti\",\"breadcrumb\":{\"@id\":\"https:\/\/staging.varesenews.it\/2019\/10\/ginocchio-degli-anta-ne-parla-rmf\/862712\/#breadcrumb\"},\"inLanguage\":\"it-IT\",\"potentialAction\":[{\"@type\":\"ReadAction\",\"target\":[\"https:\/\/staging.varesenews.it\/2019\/10\/ginocchio-degli-anta-ne-parla-rmf\/862712\/\"]}]},{\"@type\":\"BreadcrumbList\",\"@id\":\"https:\/\/staging.varesenews.it\/2019\/10\/ginocchio-degli-anta-ne-parla-rmf\/862712\/#breadcrumb\",\"itemListElement\":[{\"@type\":\"ListItem\",\"position\":1,\"name\":\"Home\",\"item\":\"https:\/\/www.varesenews.it\/\"},{\"@type\":\"ListItem\",\"position\":2,\"name\":\"&#8220;Il ginocchio degli anta&#8221;, se ne parla a RMF\"}]},{\"@type\":\"WebSite\",\"@id\":\"https:\/\/staging.varesenews.it\/#website\",\"url\":\"https:\/\/staging.varesenews.it\/\",\"name\":\"VareseNews\",\"description\":\"\",\"potentialAction\":[{\"@type\":\"SearchAction\",\"target\":{\"@type\":\"EntryPoint\",\"urlTemplate\":\"https:\/\/staging.varesenews.it\/?s={search_term_string}\"},\"query-input\":\"required name=search_term_string\"}],\"inLanguage\":\"it-IT\"},{\"@type\":\"Person\",\"@id\":\"https:\/\/staging.varesenews.it\/#\/schema\/person\/272ac0f5b2dbfd572218c2d86e013f1a\",\"name\":\"Adelia Brigo\",\"image\":{\"@type\":\"ImageObject\",\"inLanguage\":\"it-IT\",\"@id\":\"https:\/\/staging.varesenews.it\/#\/schema\/person\/image\/\",\"url\":\"https:\/\/staging.varesenews.it\/wp-content\/uploads\/2020\/12\/adelia_brigo_colori_500.jpg\",\"contentUrl\":\"https:\/\/staging.varesenews.it\/wp-content\/uploads\/2020\/12\/adelia_brigo_colori_500.jpg\",\"caption\":\"Adelia Brigo\"},\"description\":\"Giornalista pubblicista, lavoro a VareseNews dal 2007 e mi occupo di cronaca locale e del settore dedicato alla cultura. In questi anni ho seguito diversi progetti di comunicazione, amo sperimentare strategie per i Social Network e raccontare storie. Varesina, classe 1984, sono laureata in Scienze della Comunicazione.&nbsp;\",\"sameAs\":[\"AdeliaBrigo\",\"https:\/\/twitter.com\/AdeliaBrigo\"],\"url\":\"https:\/\/staging.varesenews.it\/persona\/adelia_brigo\/\"}]}<\/script>\n<!-- \/ Yoast SEO plugin. -->","yoast_head_json":{"title":"\"Il ginocchio degli anta\", se ne parla a RMF","description":"Il medico che sar\u00e0 intervistato a Radio Missione Francescana - Medicina venerd\u00ec 18 ottobre 2019 alle ore 11.10 e\u2019 il dottor Giorgio Masotti","robots":{"index":"noindex","follow":"follow","max-snippet":"max-snippet:-1","max-image-preview":"max-image-preview:large","max-video-preview":"max-video-preview:-1"},"og_locale":"it_IT","og_type":"article","og_title":"\"Il ginocchio degli anta\", se ne parla a RMF","og_description":"Il medico che sar\u00e0 intervistato a Radio Missione Francescana - Medicina venerd\u00ec 18 ottobre 2019 alle ore 11.10 e\u2019 il dottor Giorgio Masotti","og_url":"https:\/\/staging.varesenews.it\/2019\/10\/ginocchio-degli-anta-ne-parla-rmf\/862712\/","og_site_name":"VareseNews","article_publisher":"https:\/\/www.facebook.com\/varesenews","article_published_time":"2019-10-14T13:07:47+00:00","author":"Adelia Brigo","twitter_card":"summary_large_image","twitter_creator":"@AdeliaBrigo","twitter_site":"@varesenews","twitter_misc":{"Scritto da":"Adelia Brigo","Tempo di lettura stimato":"1 minuto"},"schema":{"@context":"https:\/\/schema.org","@graph":[{"@type":"WebPage","@id":"https:\/\/staging.varesenews.it\/2019\/10\/ginocchio-degli-anta-ne-parla-rmf\/862712\/","url":"https:\/\/staging.varesenews.it\/2019\/10\/ginocchio-degli-anta-ne-parla-rmf\/862712\/","name":"\"Il ginocchio degli anta\", se ne parla a RMF","isPartOf":{"@id":"https:\/\/staging.varesenews.it\/#website"},"datePublished":"2019-10-14T13:07:47+00:00","dateModified":"2019-10-14T13:07:47+00:00","author":{"@id":"https:\/\/staging.varesenews.it\/#\/schema\/person\/272ac0f5b2dbfd572218c2d86e013f1a"},"description":"Il medico che sar\u00e0 intervistato a Radio Missione Francescana - Medicina venerd\u00ec 18 ottobre 2019 alle ore 11.10 e\u2019 il dottor Giorgio Masotti","breadcrumb":{"@id":"https:\/\/staging.varesenews.it\/2019\/10\/ginocchio-degli-anta-ne-parla-rmf\/862712\/#breadcrumb"},"inLanguage":"it-IT","potentialAction":[{"@type":"ReadAction","target":["https:\/\/staging.varesenews.it\/2019\/10\/ginocchio-degli-anta-ne-parla-rmf\/862712\/"]}]},{"@type":"BreadcrumbList","@id":"https:\/\/staging.varesenews.it\/2019\/10\/ginocchio-degli-anta-ne-parla-rmf\/862712\/#breadcrumb","itemListElement":[{"@type":"ListItem","position":1,"name":"Home","item":"https:\/\/www.varesenews.it\/"},{"@type":"ListItem","position":2,"name":"&#8220;Il ginocchio degli anta&#8221;, se ne parla a RMF"}]},{"@type":"WebSite","@id":"https:\/\/staging.varesenews.it\/#website","url":"https:\/\/staging.varesenews.it\/","name":"VareseNews","description":"","potentialAction":[{"@type":"SearchAction","target":{"@type":"EntryPoint","urlTemplate":"https:\/\/staging.varesenews.it\/?s={search_term_string}"},"query-input":"required name=search_term_string"}],"inLanguage":"it-IT"},{"@type":"Person","@id":"https:\/\/staging.varesenews.it\/#\/schema\/person\/272ac0f5b2dbfd572218c2d86e013f1a","name":"Adelia Brigo","image":{"@type":"ImageObject","inLanguage":"it-IT","@id":"https:\/\/staging.varesenews.it\/#\/schema\/person\/image\/","url":"https:\/\/staging.varesenews.it\/wp-content\/uploads\/2020\/12\/adelia_brigo_colori_500.jpg","contentUrl":"https:\/\/staging.varesenews.it\/wp-content\/uploads\/2020\/12\/adelia_brigo_colori_500.jpg","caption":"Adelia Brigo"},"description":"Giornalista pubblicista, lavoro a VareseNews dal 2007 e mi occupo di cronaca locale e del settore dedicato alla cultura. In questi anni ho seguito diversi progetti di comunicazione, amo sperimentare strategie per i Social Network e raccontare storie. Varesina, classe 1984, sono laureata in Scienze della Comunicazione.&nbsp;","sameAs":["AdeliaBrigo","https:\/\/twitter.com\/AdeliaBrigo"],"url":"https:\/\/staging.varesenews.it\/persona\/adelia_brigo\/"}]}},"post_meta":{"_edit_lock":"1571058564:32","_oembed_4bbff3c026a1d655f9d39911ed1da247":"{{unknown}}","_oembed_872e5eca6d1f3cfdfefd4472b686f02c":"{{unknown}}","_edit_last":"32","_category_permalink":"a:1:{s:8:\"category\";s:0:\"\";}","ratings_users":"0","ratings_score":"0","ratings_average":"0","foto":"755082","firma_come_redazione":"1","argomento":"Varese","_yoast_wpseo_content_score":"30","_jd_tweet_this":"yes","_wpt_short_url":"https:\/\/www.varesenews.it\/2019\/10\/ginocchio-degli-anta-ne-parla-rmf\/862712\/","_wp_jd_target":"https:\/\/www.varesenews.it\/2019\/10\/ginocchio-degli-anta-ne-parla-rmf\/862712\/","_jd_wp_twitter":"a:1:{i:0;s:125:\"\u201cIl ginocchio degli anta\u201d, se ne parla a RMF https:\/\/www.varesenews.it\/2019\/10\/ginocchio-degli-anta-ne-parla-rmf\/862712\/ \";}","_wpt_status_message":"Tweet inviato con successo."},"photos":[{"original":"https:\/\/staging.varesenews.it\/photogallery_new\/images\/2019\/08\/medico-di-famiglia-755082.jpg","full":"https:\/\/staging.varesenews.it\/photogallery_new\/images\/2019\/08\/medico-di-famiglia-755082.1024x768.jpg","large":"https:\/\/staging.varesenews.it\/photogallery_new\/images\/2019\/08\/medico-di-famiglia-755082.610x431.jpg"}],"_links":{"self":[{"href":"https:\/\/staging.varesenews.it\/swgapi\/v1\/wp\/v2\/posts\/862712"}],"collection":[{"href":"https:\/\/staging.varesenews.it\/swgapi\/v1\/wp\/v2\/posts"}],"about":[{"href":"https:\/\/staging.varesenews.it\/swgapi\/v1\/wp\/v2\/types\/post"}],"author":[{"embeddable":true,"href":"https:\/\/staging.varesenews.it\/swgapi\/v1\/wp\/v2\/users\/32"}],"replies":[{"embeddable":true,"href":"https:\/\/staging.varesenews.it\/swgapi\/v1\/wp\/v2\/comments?post=862712"}],"version-history":[{"count":0,"href":"https:\/\/staging.varesenews.it\/swgapi\/v1\/wp\/v2\/posts\/862712\/revisions"}],"wp:attachment":[{"href":"https:\/\/staging.varesenews.it\/swgapi\/v1\/wp\/v2\/media?parent=862712"}],"wp:term":[{"taxonomy":"category","embeddable":true,"href":"https:\/\/staging.varesenews.it\/swgapi\/v1\/wp\/v2\/categories?post=862712"},{"taxonomy":"post_tag","embeddable":true,"href":"https:\/\/staging.varesenews.it\/swgapi\/v1\/wp\/v2\/tags?post=862712"}],"curies":[{"name":"wp","href":"https:\/\/api.w.org\/{rel}","templated":true}]}}