{"id":863031,"date":"2019-10-15T11:07:47","date_gmt":"2019-10-15T09:07:47","guid":{"rendered":"https:\/\/www.varesenews.it\/?p=863031"},"modified":"2019-10-15T11:07:47","modified_gmt":"2019-10-15T09:07:47","slug":"lega-parcheggio-300-posti-altro-importante-risultato","status":"publish","type":"post","link":"https:\/\/staging.varesenews.it\/2019\/10\/lega-parcheggio-300-posti-altro-importante-risultato\/863031\/","title":{"rendered":"Lega: \u201cParcheggio da 300 posti, altro importante risultato\u201d"},"content":{"rendered":"<p><em>Nota a firma del segretario cittadino Claudio Sala<\/em><\/p>\n<p>Altro importante risultato dell\u2019amministrazione comunale a guida Fagioli: un grande parcheggio da 300 Posti Auto.<\/p>\n<p>In quattro anni di amministrazione, il Sindaco Fagioli ha sempre cercato soluzioni alla crescente richiesta di aree di sosta in citt\u00e0, a partire dalla riapertura della ZTL sino al nuovo parcheggio in area ex DeNora, inaugurato proprio oggi, senza dimenticare la riqualificazione di Piazza dei Mercanti e il parcheggio a ridosso di Palazzo Visconti.<\/p>\n<p>Insomma: un\u2019amministrazione che risponde concretamente e con i fatti alle richieste dei cittadini e che trova sempre le risorse necessarie per mettere in pratica ci\u00f2 che promette. Il piano parcheggi a Saronno \u00e8 sempre stato una grande criticit\u00e0 e quello che abbiamo ereditato dalle passate amministrazioni era il caos pi\u00f9 totale: non si \u00e8 mai cercato di fare una distinzione tra chi sostava per recarsi al lavoro e chi sostava per recarsi in citt\u00e0 per una passeggiata o pi\u00f9 semplicemente per sbrigare una commissione.<\/p>\n<p>Oggi, invece, grazie alla lungimiranza di questa amministrazione si far\u00e0 grande attenzione a come suddividere i parcheggi in citt\u00e0, dando l\u2019opportunit\u00e0 a chi deve effettuare una sosta breve di avere uno stallo a ridosso del centro cittadino, come per esempio il parcheggio di Via I Maggio, mentre chi per necessit\u00e0 lavorativa deve sostare quotidianamente l\u2019automobile per molte ore, ci saranno gli abbonamenti in aree come il nuovo parcheggio appena inaugurato.<\/p>\n<p>Per molti potrebbe sembrare banale come soluzione, forse troppo, ma se in tutti questi anni Saronno ha sofferto la carenza di parcheggi \u00e8 perch\u00e9 le passate amministrazioni non si sono mai trovate nuove aree da riqualificare e destinare alla sosta, a differenza dell\u2019amministrazione Fagioli che per investire sul nuovo parcheggio ha dovuto sudare per reperire le risorse necessarie alla realizzazione.<\/p>\n<p>Una grande lezione impartita dal nostro Sindaco alle opposizioni, le quali staranno pensando al perch\u00e9 non aver costituito un nuovo comitato per stoppare l\u2019ennesimo progetto dell\u2019amministrazione Fagioli.<\/p>\n<p>Claudio Sala<br \/>\nSegretario Lega Lombarda Saronno<\/p>\n","protected":false},"excerpt":{"rendered":"<p>Nota a firma del segretario cittadino Claudio Sala<\/p>\n","protected":false},"author":10,"featured_media":0,"comment_status":"open","ping_status":"open","sticky":false,"template":"","format":"standard","meta":{"footnotes":""},"categories":[16,5],"tags":[14340,649,96008],"acf":[],"yoast_head":"<!-- This site is optimized with the Yoast SEO plugin v20.1 - https:\/\/yoast.com\/wordpress\/plugins\/seo\/ -->\n<title>Lega: \u201cParcheggio da 300 posti, altro importante risultato\u201d<\/title>\n<meta name=\"description\" content=\"Nota a firma del segretario cittadino Claudio Sala\" \/>\n<meta name=\"robots\" content=\"noindex, follow, max-snippet:-1, max-image-preview:large, max-video-preview:-1\" \/>\n<meta property=\"og:locale\" content=\"it_IT\" \/>\n<meta property=\"og:type\" content=\"article\" \/>\n<meta property=\"og:title\" content=\"Lega: \u201cParcheggio da 300 posti, altro importante risultato\u201d\" \/>\n<meta property=\"og:description\" content=\"Nota a firma del segretario cittadino Claudio Sala\" \/>\n<meta property=\"og:url\" content=\"https:\/\/staging.varesenews.it\/2019\/10\/lega-parcheggio-300-posti-altro-importante-risultato\/863031\/\" \/>\n<meta property=\"og:site_name\" content=\"VareseNews\" \/>\n<meta property=\"article:publisher\" content=\"https:\/\/www.facebook.com\/varesenews\" \/>\n<meta property=\"article:published_time\" content=\"2019-10-15T09:07:47+00:00\" \/>\n<meta name=\"author\" content=\"Redazione VareseNews\" \/>\n<meta name=\"twitter:card\" content=\"summary_large_image\" \/>\n<meta name=\"twitter:creator\" content=\"@varesenews\" \/>\n<meta name=\"twitter:site\" content=\"@varesenews\" \/>\n<meta name=\"twitter:label1\" content=\"Scritto da\" \/>\n\t<meta name=\"twitter:data1\" content=\"Redazione VareseNews\" \/>\n\t<meta name=\"twitter:label2\" content=\"Tempo di lettura stimato\" \/>\n\t<meta name=\"twitter:data2\" content=\"2 minuti\" \/>\n<script type=\"application\/ld+json\" class=\"yoast-schema-graph\">{\"@context\":\"https:\/\/schema.org\",\"@graph\":[{\"@type\":\"WebPage\",\"@id\":\"https:\/\/staging.varesenews.it\/2019\/10\/lega-parcheggio-300-posti-altro-importante-risultato\/863031\/\",\"url\":\"https:\/\/staging.varesenews.it\/2019\/10\/lega-parcheggio-300-posti-altro-importante-risultato\/863031\/\",\"name\":\"Lega: \u201cParcheggio da 300 posti, altro importante risultato\u201d\",\"isPartOf\":{\"@id\":\"https:\/\/staging.varesenews.it\/#website\"},\"datePublished\":\"2019-10-15T09:07:47+00:00\",\"dateModified\":\"2019-10-15T09:07:47+00:00\",\"author\":{\"@id\":\"https:\/\/staging.varesenews.it\/#\/schema\/person\/fb20c4da0b7b16c291707a20db73e169\"},\"description\":\"Nota a firma del segretario cittadino Claudio Sala\",\"breadcrumb\":{\"@id\":\"https:\/\/staging.varesenews.it\/2019\/10\/lega-parcheggio-300-posti-altro-importante-risultato\/863031\/#breadcrumb\"},\"inLanguage\":\"it-IT\",\"potentialAction\":[{\"@type\":\"ReadAction\",\"target\":[\"https:\/\/staging.varesenews.it\/2019\/10\/lega-parcheggio-300-posti-altro-importante-risultato\/863031\/\"]}]},{\"@type\":\"BreadcrumbList\",\"@id\":\"https:\/\/staging.varesenews.it\/2019\/10\/lega-parcheggio-300-posti-altro-importante-risultato\/863031\/#breadcrumb\",\"itemListElement\":[{\"@type\":\"ListItem\",\"position\":1,\"name\":\"Home\",\"item\":\"https:\/\/www.varesenews.it\/\"},{\"@type\":\"ListItem\",\"position\":2,\"name\":\"Lega: \u201cParcheggio da 300 posti, altro importante risultato\u201d\"}]},{\"@type\":\"WebSite\",\"@id\":\"https:\/\/staging.varesenews.it\/#website\",\"url\":\"https:\/\/staging.varesenews.it\/\",\"name\":\"VareseNews\",\"description\":\"\",\"potentialAction\":[{\"@type\":\"SearchAction\",\"target\":{\"@type\":\"EntryPoint\",\"urlTemplate\":\"https:\/\/staging.varesenews.it\/?s={search_term_string}\"},\"query-input\":\"required name=search_term_string\"}],\"inLanguage\":\"it-IT\"},{\"@type\":\"Person\",\"@id\":\"https:\/\/staging.varesenews.it\/#\/schema\/person\/fb20c4da0b7b16c291707a20db73e169\",\"name\":\"Redazione VareseNews\",\"image\":{\"@type\":\"ImageObject\",\"inLanguage\":\"it-IT\",\"@id\":\"https:\/\/staging.varesenews.it\/#\/schema\/person\/image\/\",\"url\":\"https:\/\/staging.varesenews.it\/wp-content\/uploads\/2020\/12\/logo_VN_colori_500.png\",\"contentUrl\":\"https:\/\/staging.varesenews.it\/wp-content\/uploads\/2020\/12\/logo_VN_colori_500.png\",\"caption\":\"Redazione VareseNews\"},\"url\":\"https:\/\/staging.varesenews.it\/persona\/redazione1\/\"}]}<\/script>\n<!-- \/ Yoast SEO plugin. -->","yoast_head_json":{"title":"Lega: \u201cParcheggio da 300 posti, altro importante risultato\u201d","description":"Nota a firma del segretario cittadino Claudio Sala","robots":{"index":"noindex","follow":"follow","max-snippet":"max-snippet:-1","max-image-preview":"max-image-preview:large","max-video-preview":"max-video-preview:-1"},"og_locale":"it_IT","og_type":"article","og_title":"Lega: \u201cParcheggio da 300 posti, altro importante risultato\u201d","og_description":"Nota a firma del segretario cittadino Claudio Sala","og_url":"https:\/\/staging.varesenews.it\/2019\/10\/lega-parcheggio-300-posti-altro-importante-risultato\/863031\/","og_site_name":"VareseNews","article_publisher":"https:\/\/www.facebook.com\/varesenews","article_published_time":"2019-10-15T09:07:47+00:00","author":"Redazione VareseNews","twitter_card":"summary_large_image","twitter_creator":"@varesenews","twitter_site":"@varesenews","twitter_misc":{"Scritto da":"Redazione VareseNews","Tempo di lettura stimato":"2 minuti"},"schema":{"@context":"https:\/\/schema.org","@graph":[{"@type":"WebPage","@id":"https:\/\/staging.varesenews.it\/2019\/10\/lega-parcheggio-300-posti-altro-importante-risultato\/863031\/","url":"https:\/\/staging.varesenews.it\/2019\/10\/lega-parcheggio-300-posti-altro-importante-risultato\/863031\/","name":"Lega: \u201cParcheggio da 300 posti, altro importante risultato\u201d","isPartOf":{"@id":"https:\/\/staging.varesenews.it\/#website"},"datePublished":"2019-10-15T09:07:47+00:00","dateModified":"2019-10-15T09:07:47+00:00","author":{"@id":"https:\/\/staging.varesenews.it\/#\/schema\/person\/fb20c4da0b7b16c291707a20db73e169"},"description":"Nota a firma del segretario cittadino Claudio Sala","breadcrumb":{"@id":"https:\/\/staging.varesenews.it\/2019\/10\/lega-parcheggio-300-posti-altro-importante-risultato\/863031\/#breadcrumb"},"inLanguage":"it-IT","potentialAction":[{"@type":"ReadAction","target":["https:\/\/staging.varesenews.it\/2019\/10\/lega-parcheggio-300-posti-altro-importante-risultato\/863031\/"]}]},{"@type":"BreadcrumbList","@id":"https:\/\/staging.varesenews.it\/2019\/10\/lega-parcheggio-300-posti-altro-importante-risultato\/863031\/#breadcrumb","itemListElement":[{"@type":"ListItem","position":1,"name":"Home","item":"https:\/\/www.varesenews.it\/"},{"@type":"ListItem","position":2,"name":"Lega: \u201cParcheggio da 300 posti, altro importante risultato\u201d"}]},{"@type":"WebSite","@id":"https:\/\/staging.varesenews.it\/#website","url":"https:\/\/staging.varesenews.it\/","name":"VareseNews","description":"","potentialAction":[{"@type":"SearchAction","target":{"@type":"EntryPoint","urlTemplate":"https:\/\/staging.varesenews.it\/?s={search_term_string}"},"query-input":"required name=search_term_string"}],"inLanguage":"it-IT"},{"@type":"Person","@id":"https:\/\/staging.varesenews.it\/#\/schema\/person\/fb20c4da0b7b16c291707a20db73e169","name":"Redazione VareseNews","image":{"@type":"ImageObject","inLanguage":"it-IT","@id":"https:\/\/staging.varesenews.it\/#\/schema\/person\/image\/","url":"https:\/\/staging.varesenews.it\/wp-content\/uploads\/2020\/12\/logo_VN_colori_500.png","contentUrl":"https:\/\/staging.varesenews.it\/wp-content\/uploads\/2020\/12\/logo_VN_colori_500.png","caption":"Redazione VareseNews"},"url":"https:\/\/staging.varesenews.it\/persona\/redazione1\/"}]}},"post_meta":{"_edit_lock":"1571130974:39","_edit_last":"39","_category_permalink":"a:1:{s:8:\"category\";s:1:\"5\";}","ratings_users":"0","ratings_score":"0","ratings_average":"0","foto":"763995","firma_come_redazione":"1","argomento":"Saronno","_yoast_wpseo_content_score":"30","_jd_tweet_this":"yes","_wpt_short_url":"https:\/\/www.varesenews.it\/2019\/10\/lega-parcheggio-300-posti-altro-importante-risultato\/863031\/","_wp_jd_target":"https:\/\/www.varesenews.it\/2019\/10\/lega-parcheggio-300-posti-altro-importante-risultato\/863031\/","_jd_wp_twitter":"a:1:{i:0;s:188:\"Lega: \u201cParcheggio da 300 posti, altro importante risultato\u201d https:\/\/www.varesenews.it\/2019\/10\/lega-parcheggio-300-posti-altro-importante-risultato\/863031\/ #lega #parcheggi #saronnonews\";}","_wpt_status_message":"Tweet inviato con successo."},"photos":[{"original":"https:\/\/staging.varesenews.it\/photogallery_new\/images\/2019\/10\/area-ex-nora-aperto-il-parcheggio-da-300-posti-763995.jpg","full":"https:\/\/staging.varesenews.it\/photogallery_new\/images\/2019\/10\/area-ex-nora-aperto-il-parcheggio-da-300-posti-763995.1024x768.jpg","large":"https:\/\/staging.varesenews.it\/photogallery_new\/images\/2019\/10\/area-ex-nora-aperto-il-parcheggio-da-300-posti-763995.610x431.jpg"}],"_links":{"self":[{"href":"https:\/\/staging.varesenews.it\/swgapi\/v1\/wp\/v2\/posts\/863031"}],"collection":[{"href":"https:\/\/staging.varesenews.it\/swgapi\/v1\/wp\/v2\/posts"}],"about":[{"href":"https:\/\/staging.varesenews.it\/swgapi\/v1\/wp\/v2\/types\/post"}],"author":[{"embeddable":true,"href":"https:\/\/staging.varesenews.it\/swgapi\/v1\/wp\/v2\/users\/10"}],"replies":[{"embeddable":true,"href":"https:\/\/staging.varesenews.it\/swgapi\/v1\/wp\/v2\/comments?post=863031"}],"version-history":[{"count":0,"href":"https:\/\/staging.varesenews.it\/swgapi\/v1\/wp\/v2\/posts\/863031\/revisions"}],"wp:attachment":[{"href":"https:\/\/staging.varesenews.it\/swgapi\/v1\/wp\/v2\/media?parent=863031"}],"wp:term":[{"taxonomy":"category","embeddable":true,"href":"https:\/\/staging.varesenews.it\/swgapi\/v1\/wp\/v2\/categories?post=863031"},{"taxonomy":"post_tag","embeddable":true,"href":"https:\/\/staging.varesenews.it\/swgapi\/v1\/wp\/v2\/tags?post=863031"}],"curies":[{"name":"wp","href":"https:\/\/api.w.org\/{rel}","templated":true}]}}