{"id":863470,"date":"2019-10-16T11:26:19","date_gmt":"2019-10-16T09:26:19","guid":{"rendered":"https:\/\/www.varesenews.it\/?p=863470"},"modified":"2019-10-16T11:26:55","modified_gmt":"2019-10-16T09:26:55","slug":"primo-soccorso-pediatrico-un-corso-sos-malnate","status":"publish","type":"post","link":"https:\/\/staging.varesenews.it\/2019\/10\/primo-soccorso-pediatrico-un-corso-sos-malnate\/863470\/","title":{"rendered":"Primo soccorso pediatrico, un corso con Sos Malnate"},"content":{"rendered":"<p>Sos Malnate organizza un corso di primo soccorso pediatrico di 10 ore in 3 lezioni.<\/p>\n<p>Il primo incontro sar\u00e0 mercoled\u00ec 13 novembre, dalle 21 alle 23, poi sabato 16 novembre, dalle 14.30 alle 17.30 e infine mercoled\u00ec 20 novembre, dalle 21 alle 23.<\/p>\n<p>Luogo delle lezioni sar\u00e0 l\u2019aula didattica di Sos Malnate.<\/p>\n<p>Nel corso delle tre lezioni verranno spiegate le manovre di disostruzione pediatrica, la rianimazione pediatrica e neonatale, la prevenzione di \u201cmorte in culla\u201d. Successivamente traumi e sicurezza in auto, chiamata al 112, patologie mediche come febbre, convulsioni, difficolt\u00e0 respiratorie, colpo di calore.<\/p>\n<p>Il numero massimo di partecipanti \u00e8 di 40, per iscriversi si dovr\u00e0 compilare il modulo on line qui: <a href=\"http:\/\/tiny.cc\/zj9jez\">http:\/\/tiny.cc\/zj9jez<\/a><\/p>\n<p>Il corso di primo soccorso pediatrico \u00e8 a numero chiuso ed \u00e8 gratuito. E\u2019 possibile per\u00f2 lasciare una libera offerta durante i giorni delle lezioni oppure effettuare un bonifico (IBAN IT42J0311150410000000003008) o effettuare un versamento su conto corrente postale n. 13117213<\/p>\n","protected":false},"excerpt":{"rendered":"<p>Inizier\u00e0 mercoled\u00ec 13 novembre il corso per la sicurezza dei pi\u00f9 piccoli alla Onlus malnatese. Tre lezioni da sette ore totali<\/p>\n","protected":false},"author":37,"featured_media":0,"comment_status":"open","ping_status":"open","sticky":false,"template":"","format":"standard","meta":{"footnotes":""},"categories":[23,2],"tags":[6917,2982],"acf":[],"yoast_head":"<!-- This site is optimized with the Yoast SEO plugin v20.1 - https:\/\/yoast.com\/wordpress\/plugins\/seo\/ -->\n<title>Primo soccorso pediatrico, un corso con Sos Malnate<\/title>\n<meta name=\"description\" content=\"Inizier\u00e0 mercoled\u00ec 13 novembre il corso per la sicurezza dei pi\u00f9 piccoli alla Onlus malnatese. Tre lezioni da sette ore totali\" \/>\n<meta name=\"robots\" content=\"noindex, follow, max-snippet:-1, max-image-preview:large, max-video-preview:-1\" \/>\n<meta property=\"og:locale\" content=\"it_IT\" \/>\n<meta property=\"og:type\" content=\"article\" \/>\n<meta property=\"og:title\" content=\"Primo soccorso pediatrico, un corso con Sos Malnate\" \/>\n<meta property=\"og:description\" content=\"Inizier\u00e0 mercoled\u00ec 13 novembre il corso per la sicurezza dei pi\u00f9 piccoli alla Onlus malnatese. Tre lezioni da sette ore totali\" \/>\n<meta property=\"og:url\" content=\"https:\/\/staging.varesenews.it\/2019\/10\/primo-soccorso-pediatrico-un-corso-sos-malnate\/863470\/\" \/>\n<meta property=\"og:site_name\" content=\"VareseNews\" \/>\n<meta property=\"article:publisher\" content=\"https:\/\/www.facebook.com\/varesenews\" \/>\n<meta property=\"article:published_time\" content=\"2019-10-16T09:26:19+00:00\" \/>\n<meta property=\"article:modified_time\" content=\"2019-10-16T09:26:55+00:00\" \/>\n<meta name=\"author\" content=\"Francesco Mazzoleni\" \/>\n<meta name=\"twitter:card\" content=\"summary_large_image\" \/>\n<meta name=\"twitter:creator\" content=\"@fmazzof\" \/>\n<meta name=\"twitter:site\" content=\"@varesenews\" \/>\n<meta name=\"twitter:label1\" content=\"Scritto da\" \/>\n\t<meta name=\"twitter:data1\" content=\"Francesco Mazzoleni\" \/>\n\t<meta name=\"twitter:label2\" content=\"Tempo di lettura stimato\" \/>\n\t<meta name=\"twitter:data2\" content=\"1 minuto\" \/>\n<script type=\"application\/ld+json\" class=\"yoast-schema-graph\">{\"@context\":\"https:\/\/schema.org\",\"@graph\":[{\"@type\":\"WebPage\",\"@id\":\"https:\/\/staging.varesenews.it\/2019\/10\/primo-soccorso-pediatrico-un-corso-sos-malnate\/863470\/\",\"url\":\"https:\/\/staging.varesenews.it\/2019\/10\/primo-soccorso-pediatrico-un-corso-sos-malnate\/863470\/\",\"name\":\"Primo soccorso pediatrico, un corso con Sos Malnate\",\"isPartOf\":{\"@id\":\"https:\/\/staging.varesenews.it\/#website\"},\"datePublished\":\"2019-10-16T09:26:19+00:00\",\"dateModified\":\"2019-10-16T09:26:55+00:00\",\"author\":{\"@id\":\"https:\/\/staging.varesenews.it\/#\/schema\/person\/e82236e79160d30d4e1f942004ac3038\"},\"description\":\"Inizier\u00e0 mercoled\u00ec 13 novembre il corso per la sicurezza dei pi\u00f9 piccoli alla Onlus malnatese. Tre lezioni da sette ore totali\",\"breadcrumb\":{\"@id\":\"https:\/\/staging.varesenews.it\/2019\/10\/primo-soccorso-pediatrico-un-corso-sos-malnate\/863470\/#breadcrumb\"},\"inLanguage\":\"it-IT\",\"potentialAction\":[{\"@type\":\"ReadAction\",\"target\":[\"https:\/\/staging.varesenews.it\/2019\/10\/primo-soccorso-pediatrico-un-corso-sos-malnate\/863470\/\"]}]},{\"@type\":\"BreadcrumbList\",\"@id\":\"https:\/\/staging.varesenews.it\/2019\/10\/primo-soccorso-pediatrico-un-corso-sos-malnate\/863470\/#breadcrumb\",\"itemListElement\":[{\"@type\":\"ListItem\",\"position\":1,\"name\":\"Home\",\"item\":\"https:\/\/www.varesenews.it\/\"},{\"@type\":\"ListItem\",\"position\":2,\"name\":\"Primo soccorso pediatrico, un corso con Sos Malnate\"}]},{\"@type\":\"WebSite\",\"@id\":\"https:\/\/staging.varesenews.it\/#website\",\"url\":\"https:\/\/staging.varesenews.it\/\",\"name\":\"VareseNews\",\"description\":\"\",\"potentialAction\":[{\"@type\":\"SearchAction\",\"target\":{\"@type\":\"EntryPoint\",\"urlTemplate\":\"https:\/\/staging.varesenews.it\/?s={search_term_string}\"},\"query-input\":\"required name=search_term_string\"}],\"inLanguage\":\"it-IT\"},{\"@type\":\"Person\",\"@id\":\"https:\/\/staging.varesenews.it\/#\/schema\/person\/e82236e79160d30d4e1f942004ac3038\",\"name\":\"Francesco Mazzoleni\",\"image\":{\"@type\":\"ImageObject\",\"inLanguage\":\"it-IT\",\"@id\":\"https:\/\/staging.varesenews.it\/#\/schema\/person\/image\/\",\"url\":\"https:\/\/staging.varesenews.it\/wp-content\/uploads\/2020\/12\/francesco_mazzoleni_colori_500-1.jpg\",\"contentUrl\":\"https:\/\/staging.varesenews.it\/wp-content\/uploads\/2020\/12\/francesco_mazzoleni_colori_500-1.jpg\",\"caption\":\"Francesco Mazzoleni\"},\"description\":\"\\\"Uomo di campo\\\" della redazione sportiva. Nutro una vera passione per il calcio, che sia ad alti livelli, sui campi di provincia o in altri continenti. Sono nato a Varese nel 1984, vivo da sempre a Malnate e ho una laurea in Scienze Motorie. Ho mosso i primi passi a VareseNews da stagista nel 2002; nel 2008 ho iniziato a collaborare con maggiore continuit\u00e0 e dal 2018 sono giornalista professionista. Orgoglioso pap\u00e0 di Federico e Adelaide.\",\"sameAs\":[\"fmazzof\",\"it.linkedin.com\/in\/francescomazzolenif\",\"https:\/\/twitter.com\/fmazzof\"],\"url\":\"https:\/\/staging.varesenews.it\/persona\/francesco_mazzoleniferracini\/\"}]}<\/script>\n<!-- \/ Yoast SEO plugin. -->","yoast_head_json":{"title":"Primo soccorso pediatrico, un corso con Sos Malnate","description":"Inizier\u00e0 mercoled\u00ec 13 novembre il corso per la sicurezza dei pi\u00f9 piccoli alla Onlus malnatese. Tre lezioni da sette ore totali","robots":{"index":"noindex","follow":"follow","max-snippet":"max-snippet:-1","max-image-preview":"max-image-preview:large","max-video-preview":"max-video-preview:-1"},"og_locale":"it_IT","og_type":"article","og_title":"Primo soccorso pediatrico, un corso con Sos Malnate","og_description":"Inizier\u00e0 mercoled\u00ec 13 novembre il corso per la sicurezza dei pi\u00f9 piccoli alla Onlus malnatese. Tre lezioni da sette ore totali","og_url":"https:\/\/staging.varesenews.it\/2019\/10\/primo-soccorso-pediatrico-un-corso-sos-malnate\/863470\/","og_site_name":"VareseNews","article_publisher":"https:\/\/www.facebook.com\/varesenews","article_published_time":"2019-10-16T09:26:19+00:00","article_modified_time":"2019-10-16T09:26:55+00:00","author":"Francesco Mazzoleni","twitter_card":"summary_large_image","twitter_creator":"@fmazzof","twitter_site":"@varesenews","twitter_misc":{"Scritto da":"Francesco Mazzoleni","Tempo di lettura stimato":"1 minuto"},"schema":{"@context":"https:\/\/schema.org","@graph":[{"@type":"WebPage","@id":"https:\/\/staging.varesenews.it\/2019\/10\/primo-soccorso-pediatrico-un-corso-sos-malnate\/863470\/","url":"https:\/\/staging.varesenews.it\/2019\/10\/primo-soccorso-pediatrico-un-corso-sos-malnate\/863470\/","name":"Primo soccorso pediatrico, un corso con Sos Malnate","isPartOf":{"@id":"https:\/\/staging.varesenews.it\/#website"},"datePublished":"2019-10-16T09:26:19+00:00","dateModified":"2019-10-16T09:26:55+00:00","author":{"@id":"https:\/\/staging.varesenews.it\/#\/schema\/person\/e82236e79160d30d4e1f942004ac3038"},"description":"Inizier\u00e0 mercoled\u00ec 13 novembre il corso per la sicurezza dei pi\u00f9 piccoli alla Onlus malnatese. Tre lezioni da sette ore totali","breadcrumb":{"@id":"https:\/\/staging.varesenews.it\/2019\/10\/primo-soccorso-pediatrico-un-corso-sos-malnate\/863470\/#breadcrumb"},"inLanguage":"it-IT","potentialAction":[{"@type":"ReadAction","target":["https:\/\/staging.varesenews.it\/2019\/10\/primo-soccorso-pediatrico-un-corso-sos-malnate\/863470\/"]}]},{"@type":"BreadcrumbList","@id":"https:\/\/staging.varesenews.it\/2019\/10\/primo-soccorso-pediatrico-un-corso-sos-malnate\/863470\/#breadcrumb","itemListElement":[{"@type":"ListItem","position":1,"name":"Home","item":"https:\/\/www.varesenews.it\/"},{"@type":"ListItem","position":2,"name":"Primo soccorso pediatrico, un corso con Sos Malnate"}]},{"@type":"WebSite","@id":"https:\/\/staging.varesenews.it\/#website","url":"https:\/\/staging.varesenews.it\/","name":"VareseNews","description":"","potentialAction":[{"@type":"SearchAction","target":{"@type":"EntryPoint","urlTemplate":"https:\/\/staging.varesenews.it\/?s={search_term_string}"},"query-input":"required name=search_term_string"}],"inLanguage":"it-IT"},{"@type":"Person","@id":"https:\/\/staging.varesenews.it\/#\/schema\/person\/e82236e79160d30d4e1f942004ac3038","name":"Francesco Mazzoleni","image":{"@type":"ImageObject","inLanguage":"it-IT","@id":"https:\/\/staging.varesenews.it\/#\/schema\/person\/image\/","url":"https:\/\/staging.varesenews.it\/wp-content\/uploads\/2020\/12\/francesco_mazzoleni_colori_500-1.jpg","contentUrl":"https:\/\/staging.varesenews.it\/wp-content\/uploads\/2020\/12\/francesco_mazzoleni_colori_500-1.jpg","caption":"Francesco Mazzoleni"},"description":"\"Uomo di campo\" della redazione sportiva. Nutro una vera passione per il calcio, che sia ad alti livelli, sui campi di provincia o in altri continenti. Sono nato a Varese nel 1984, vivo da sempre a Malnate e ho una laurea in Scienze Motorie. Ho mosso i primi passi a VareseNews da stagista nel 2002; nel 2008 ho iniziato a collaborare con maggiore continuit\u00e0 e dal 2018 sono giornalista professionista. Orgoglioso pap\u00e0 di Federico e Adelaide.","sameAs":["fmazzof","it.linkedin.com\/in\/francescomazzolenif","https:\/\/twitter.com\/fmazzof"],"url":"https:\/\/staging.varesenews.it\/persona\/francesco_mazzoleniferracini\/"}]}},"post_meta":{"_edit_lock":"1571220001:37","_edit_last":"37","_category_permalink":"a:1:{s:8:\"category\";s:1:\"2\";}","foto":"764405","argomento":"Malnate","_yoast_wpseo_content_score":"30","_jd_tweet_this":"yes","ratings_users":"0","ratings_score":"0","ratings_average":"0","firma_come_redazione":"1","_wpt_short_url":"https:\/\/www.varesenews.it\/2019\/10\/primo-soccorso-pediatrico-un-corso-sos-malnate\/863470\/","_wp_jd_target":"https:\/\/www.varesenews.it\/2019\/10\/primo-soccorso-pediatrico-un-corso-sos-malnate\/863470\/","_jd_wp_twitter":"a:1:{i:0;s:152:\"Primo soccorso pediatrico, un corso con Sos Malnate https:\/\/www.varesenews.it\/2019\/10\/primo-soccorso-pediatrico-un-corso-sos-malnate\/863470\/ #sosmalnate\";}","_wpt_status_message":"Tweet inviato con successo."},"photos":[{"original":"https:\/\/staging.varesenews.it\/photogallery_new\/images\/2019\/10\/sos-malnate-764405.jpg","full":"https:\/\/staging.varesenews.it\/photogallery_new\/images\/2019\/10\/sos-malnate-764405.1024x768.jpg","large":"https:\/\/staging.varesenews.it\/photogallery_new\/images\/2019\/10\/sos-malnate-764405.610x431.jpg"}],"_links":{"self":[{"href":"https:\/\/staging.varesenews.it\/swgapi\/v1\/wp\/v2\/posts\/863470"}],"collection":[{"href":"https:\/\/staging.varesenews.it\/swgapi\/v1\/wp\/v2\/posts"}],"about":[{"href":"https:\/\/staging.varesenews.it\/swgapi\/v1\/wp\/v2\/types\/post"}],"author":[{"embeddable":true,"href":"https:\/\/staging.varesenews.it\/swgapi\/v1\/wp\/v2\/users\/37"}],"replies":[{"embeddable":true,"href":"https:\/\/staging.varesenews.it\/swgapi\/v1\/wp\/v2\/comments?post=863470"}],"version-history":[{"count":0,"href":"https:\/\/staging.varesenews.it\/swgapi\/v1\/wp\/v2\/posts\/863470\/revisions"}],"wp:attachment":[{"href":"https:\/\/staging.varesenews.it\/swgapi\/v1\/wp\/v2\/media?parent=863470"}],"wp:term":[{"taxonomy":"category","embeddable":true,"href":"https:\/\/staging.varesenews.it\/swgapi\/v1\/wp\/v2\/categories?post=863470"},{"taxonomy":"post_tag","embeddable":true,"href":"https:\/\/staging.varesenews.it\/swgapi\/v1\/wp\/v2\/tags?post=863470"}],"curies":[{"name":"wp","href":"https:\/\/api.w.org\/{rel}","templated":true}]}}