{"id":865803,"date":"2019-10-22T17:21:07","date_gmt":"2019-10-22T15:21:07","guid":{"rendered":"https:\/\/www.varesenews.it\/?p=865803"},"modified":"2019-10-22T17:21:07","modified_gmt":"2019-10-22T15:21:07","slug":"mussida-pianeta-musica-boragno","status":"publish","type":"post","link":"https:\/\/staging.varesenews.it\/2019\/10\/mussida-pianeta-musica-boragno\/865803\/","title":{"rendered":"Mussida e il pianeta musica da Boragno"},"content":{"rendered":"<p>Mentre prosegue (fino al 26 ottobre) alla <strong>Galleria Boragno<\/strong> di Busto Arsizio la mostra \u201cCartoline da Leopardi\u201d, il programma degli eventi organizzati da <strong>Bustolibri.com<\/strong> nei suoi spazi di via Milano 4 si arricchisce di nuovi appuntamenti. Di seguito il calendario completo:<\/p>\n<p><strong>Venerd\u00ec 25 ottobre<\/strong> dalle 10 alle 12, nell\u2019ambito del concorso nazionale \u201cIo Leggo Perch\u00e9\u201d, gli studenti dell\u2019IPC Verri di Busto Arsizio presenteranno il contest \u201cLetT\u00c8ratura \u2013 Un libro e una tazza di t\u00e8\u201d. L\u2019evento \u00e8 incentrato sul rapporto tra t\u00e8 e letteratura: i ragazzi dell\u2019istituto leggeranno per l\u2019occasione alcuni passi tratti dai pi\u00f9 celebri romanzi in cui questa bevanda assume un ruolo centrale. A seguire un coffee break offerto da Bustolibri.<\/p>\n<p><strong>Sabato 26 ottobre<\/strong> a partire dalle 10 torna alla Galleria Boragno il ciclo di conferenze \u201cPrevenire \u00e8 meglio&#8230; Semi di consapevolezza\u201d, organizzato dall\u2019associazione Il Giardino di Athena. Tutti i sabato mattina due appuntamenti, alle 10 e alle 11.30, con qualificati professionisti che tratteranno temi relativi alla salute e al benessere psicofisico, dalla medicina alla pedagogia passando per cucina e design ambientale.<br \/>\nIl programma della terza giornata prevede alle 10 la conferenza dal titolo \u201cEthical House: concepire l\u2019abitazione come luogo di salute, indoor e outdoor. Costruire eticamente e vivere in edifici belli e sostenibili\u201d. Relatori saranno la dottoressa Sheila Comes e l\u2019architetto Fabio Cova. Alle 11.30 sar\u00e0 invece l\u2019astrologa Sonia di Astriepsiche, titolare di un blog seguito da oltre 15.000 lettori, a parlare di \u201cAstrologia psicologica: strumento per capire se stessi e gli altri\u201d.<br \/>\nTutte le conferenze sono a ingresso libero. I successivi appuntamenti con il ciclo di incontri si terranno sabato 2, 9 e 16 novembre, negli stessi orari.<\/p>\n<p><strong>Marted\u00ec 29 ottobre<\/strong> alle 21 altro appuntamento organizzato da Il Giardino di Athena con un\u2019ospite d\u2019eccezione: alla Galleria Boragno arriva il Maestro <strong>Franco Mussida<\/strong>, celebre chitarrista, compositore, cantante e membro fondatore della Premiata Forneria Marconi, uno dei pi\u00f9 noti e longevi gruppi rock italiani. Mussida, che ha firmato alcuni dei principali successi della PFM, da anni si occupa di ricerca nell\u2019ambito della comunicazione musicale e della pedagogia artistica, terr\u00e0 una conferenza sul tema \u201cIl pianeta della musica: come la musica dialoga con le nostre emozioni\u201d. L\u2019incontro \u00e8 a ingresso gratuito. Per ulteriori informazioni contattare il numero 347-0835689 o consultare il sito <a href=\"http:\/\/www.ilgiardinodiathena.it\">www.ilgiardinodiathena.it<\/a>.<\/p>\n<p>Boragno segnala l&#8217;appuntamento di <strong>gioved\u00ec 24 ottobre<\/strong> alle 20.30 si terr\u00e0 presso la Sala Tramogge dei Molini Marzoli, in via Molino 2 a Busto Arsizio, il dibattito pubblico su<strong> \u201cTerritori in Tour \u2013 Persone, citt\u00e0, identit\u00e0. Racconti e proposte di territorio\u201d<\/strong>, organizzato da VareseNews, Confartigianato Imprese e Citt\u00e0 di Busto Arsizio. Nell\u2019occasione sar\u00e0 proiettato il docufilm tratto dal tour di Confartigianato Imprese e VareseNews nelle citt\u00e0 di Saronno, Varese, Busto Arsizio, Gallarate e Luino. La partecipazione \u00e8 gratuita; iscrizione online sul sito <a href=\"http:\/\/www.asarva.org\">www.asarva.org<\/a>. In allegato la locandina dell\u2019evento.<\/p>\n","protected":false},"excerpt":{"rendered":"<p>Il grande chitarrista della Premiata Forneria Marconi sar\u00e0 a Busto marted\u00ec, ospite dello spazio Galleria Boragno per parlare di musica. Salute, astrologia e un t\u00e8 letterario nel weekend<\/p>\n","protected":false},"author":47,"featured_media":0,"comment_status":"open","ping_status":"open","sticky":false,"template":"","format":"standard","meta":{"footnotes":""},"categories":[4,18,20,21],"tags":[43843,4958],"acf":[],"yoast_head":"<!-- This site is optimized with the Yoast SEO plugin v20.1 - https:\/\/yoast.com\/wordpress\/plugins\/seo\/ -->\n<title>Mussida e il pianeta musica da Boragno<\/title>\n<meta name=\"description\" content=\"Il grande chitarrista della Premiata Forneria Marconi sar\u00e0 a Busto marted\u00ec, ospite dello spazio Galleria Boragno per parlare di musica. Salute, astrologia e un t\u00e8 letterario nel weekend\" \/>\n<meta name=\"robots\" content=\"noindex, follow, max-snippet:-1, max-image-preview:large, max-video-preview:-1\" \/>\n<meta property=\"og:locale\" content=\"it_IT\" \/>\n<meta property=\"og:type\" content=\"article\" \/>\n<meta property=\"og:title\" content=\"Mussida e il pianeta musica da Boragno\" \/>\n<meta property=\"og:description\" content=\"Il grande chitarrista della Premiata Forneria Marconi sar\u00e0 a Busto marted\u00ec, ospite dello spazio Galleria Boragno per parlare di musica. Salute, astrologia e un t\u00e8 letterario nel weekend\" \/>\n<meta property=\"og:url\" content=\"https:\/\/staging.varesenews.it\/2019\/10\/mussida-pianeta-musica-boragno\/865803\/\" \/>\n<meta property=\"og:site_name\" content=\"VareseNews\" \/>\n<meta property=\"article:publisher\" content=\"https:\/\/www.facebook.com\/varesenews\" \/>\n<meta property=\"article:published_time\" content=\"2019-10-22T15:21:07+00:00\" \/>\n<meta name=\"author\" content=\"Orlando Mastrillo\" \/>\n<meta name=\"twitter:card\" content=\"summary_large_image\" \/>\n<meta name=\"twitter:creator\" content=\"@nando_mastrillo\" \/>\n<meta name=\"twitter:site\" content=\"@varesenews\" \/>\n<meta name=\"twitter:label1\" content=\"Scritto da\" \/>\n\t<meta name=\"twitter:data1\" content=\"Orlando Mastrillo\" \/>\n\t<meta name=\"twitter:label2\" content=\"Tempo di lettura stimato\" \/>\n\t<meta name=\"twitter:data2\" content=\"2 minuti\" \/>\n<script type=\"application\/ld+json\" class=\"yoast-schema-graph\">{\"@context\":\"https:\/\/schema.org\",\"@graph\":[{\"@type\":\"WebPage\",\"@id\":\"https:\/\/staging.varesenews.it\/2019\/10\/mussida-pianeta-musica-boragno\/865803\/\",\"url\":\"https:\/\/staging.varesenews.it\/2019\/10\/mussida-pianeta-musica-boragno\/865803\/\",\"name\":\"Mussida e il pianeta musica da Boragno\",\"isPartOf\":{\"@id\":\"https:\/\/staging.varesenews.it\/#website\"},\"datePublished\":\"2019-10-22T15:21:07+00:00\",\"dateModified\":\"2019-10-22T15:21:07+00:00\",\"author\":{\"@id\":\"https:\/\/staging.varesenews.it\/#\/schema\/person\/14c47ccce537a9058dddce296f10b296\"},\"description\":\"Il grande chitarrista della Premiata Forneria Marconi sar\u00e0 a Busto marted\u00ec, ospite dello spazio Galleria Boragno per parlare di musica. Salute, astrologia e un t\u00e8 letterario nel weekend\",\"breadcrumb\":{\"@id\":\"https:\/\/staging.varesenews.it\/2019\/10\/mussida-pianeta-musica-boragno\/865803\/#breadcrumb\"},\"inLanguage\":\"it-IT\",\"potentialAction\":[{\"@type\":\"ReadAction\",\"target\":[\"https:\/\/staging.varesenews.it\/2019\/10\/mussida-pianeta-musica-boragno\/865803\/\"]}]},{\"@type\":\"BreadcrumbList\",\"@id\":\"https:\/\/staging.varesenews.it\/2019\/10\/mussida-pianeta-musica-boragno\/865803\/#breadcrumb\",\"itemListElement\":[{\"@type\":\"ListItem\",\"position\":1,\"name\":\"Home\",\"item\":\"https:\/\/www.varesenews.it\/\"},{\"@type\":\"ListItem\",\"position\":2,\"name\":\"Mussida e il pianeta musica da Boragno\"}]},{\"@type\":\"WebSite\",\"@id\":\"https:\/\/staging.varesenews.it\/#website\",\"url\":\"https:\/\/staging.varesenews.it\/\",\"name\":\"VareseNews\",\"description\":\"\",\"potentialAction\":[{\"@type\":\"SearchAction\",\"target\":{\"@type\":\"EntryPoint\",\"urlTemplate\":\"https:\/\/staging.varesenews.it\/?s={search_term_string}\"},\"query-input\":\"required name=search_term_string\"}],\"inLanguage\":\"it-IT\"},{\"@type\":\"Person\",\"@id\":\"https:\/\/staging.varesenews.it\/#\/schema\/person\/14c47ccce537a9058dddce296f10b296\",\"name\":\"Orlando Mastrillo\",\"image\":{\"@type\":\"ImageObject\",\"inLanguage\":\"it-IT\",\"@id\":\"https:\/\/staging.varesenews.it\/#\/schema\/person\/image\/\",\"url\":\"https:\/\/staging.varesenews.it\/wp-content\/uploads\/2020\/12\/orlando_mastrillo_colori_500.jpg\",\"contentUrl\":\"https:\/\/staging.varesenews.it\/wp-content\/uploads\/2020\/12\/orlando_mastrillo_colori_500.jpg\",\"caption\":\"Orlando Mastrillo\"},\"description\":\"Nasco a Luino nel 1981, ho iniziato questo lavoro nell'estate del 2003 nella redazione de Il Giorno di Varese e dall'anno successivo ho intrapreso la collaborazione con VareseNews. Dopo anni nell'Alto Varesotto mi sono trasferito a Busto Arsizio nel 2007, territorio che ho iniziato a seguire e che seguo tutt'oggi. Nel 2013 sono diventato giornalista professionista. Mi occupo di cronaca politica, giudiziaria e nera in una vasta area che comprende anche parte della Valle Olona e il Legnanese. Sono sposato con Valeria Arini e ho due splendide figlie.\",\"sameAs\":[\"or_ma\",\"https:\/\/twitter.com\/nando_mastrillo\"],\"url\":\"https:\/\/staging.varesenews.it\/persona\/orlando-mastrillo1\/\"}]}<\/script>\n<!-- \/ Yoast SEO plugin. -->","yoast_head_json":{"title":"Mussida e il pianeta musica da Boragno","description":"Il grande chitarrista della Premiata Forneria Marconi sar\u00e0 a Busto marted\u00ec, ospite dello spazio Galleria Boragno per parlare di musica. Salute, astrologia e un t\u00e8 letterario nel weekend","robots":{"index":"noindex","follow":"follow","max-snippet":"max-snippet:-1","max-image-preview":"max-image-preview:large","max-video-preview":"max-video-preview:-1"},"og_locale":"it_IT","og_type":"article","og_title":"Mussida e il pianeta musica da Boragno","og_description":"Il grande chitarrista della Premiata Forneria Marconi sar\u00e0 a Busto marted\u00ec, ospite dello spazio Galleria Boragno per parlare di musica. Salute, astrologia e un t\u00e8 letterario nel weekend","og_url":"https:\/\/staging.varesenews.it\/2019\/10\/mussida-pianeta-musica-boragno\/865803\/","og_site_name":"VareseNews","article_publisher":"https:\/\/www.facebook.com\/varesenews","article_published_time":"2019-10-22T15:21:07+00:00","author":"Orlando Mastrillo","twitter_card":"summary_large_image","twitter_creator":"@nando_mastrillo","twitter_site":"@varesenews","twitter_misc":{"Scritto da":"Orlando Mastrillo","Tempo di lettura stimato":"2 minuti"},"schema":{"@context":"https:\/\/schema.org","@graph":[{"@type":"WebPage","@id":"https:\/\/staging.varesenews.it\/2019\/10\/mussida-pianeta-musica-boragno\/865803\/","url":"https:\/\/staging.varesenews.it\/2019\/10\/mussida-pianeta-musica-boragno\/865803\/","name":"Mussida e il pianeta musica da Boragno","isPartOf":{"@id":"https:\/\/staging.varesenews.it\/#website"},"datePublished":"2019-10-22T15:21:07+00:00","dateModified":"2019-10-22T15:21:07+00:00","author":{"@id":"https:\/\/staging.varesenews.it\/#\/schema\/person\/14c47ccce537a9058dddce296f10b296"},"description":"Il grande chitarrista della Premiata Forneria Marconi sar\u00e0 a Busto marted\u00ec, ospite dello spazio Galleria Boragno per parlare di musica. Salute, astrologia e un t\u00e8 letterario nel weekend","breadcrumb":{"@id":"https:\/\/staging.varesenews.it\/2019\/10\/mussida-pianeta-musica-boragno\/865803\/#breadcrumb"},"inLanguage":"it-IT","potentialAction":[{"@type":"ReadAction","target":["https:\/\/staging.varesenews.it\/2019\/10\/mussida-pianeta-musica-boragno\/865803\/"]}]},{"@type":"BreadcrumbList","@id":"https:\/\/staging.varesenews.it\/2019\/10\/mussida-pianeta-musica-boragno\/865803\/#breadcrumb","itemListElement":[{"@type":"ListItem","position":1,"name":"Home","item":"https:\/\/www.varesenews.it\/"},{"@type":"ListItem","position":2,"name":"Mussida e il pianeta musica da Boragno"}]},{"@type":"WebSite","@id":"https:\/\/staging.varesenews.it\/#website","url":"https:\/\/staging.varesenews.it\/","name":"VareseNews","description":"","potentialAction":[{"@type":"SearchAction","target":{"@type":"EntryPoint","urlTemplate":"https:\/\/staging.varesenews.it\/?s={search_term_string}"},"query-input":"required name=search_term_string"}],"inLanguage":"it-IT"},{"@type":"Person","@id":"https:\/\/staging.varesenews.it\/#\/schema\/person\/14c47ccce537a9058dddce296f10b296","name":"Orlando Mastrillo","image":{"@type":"ImageObject","inLanguage":"it-IT","@id":"https:\/\/staging.varesenews.it\/#\/schema\/person\/image\/","url":"https:\/\/staging.varesenews.it\/wp-content\/uploads\/2020\/12\/orlando_mastrillo_colori_500.jpg","contentUrl":"https:\/\/staging.varesenews.it\/wp-content\/uploads\/2020\/12\/orlando_mastrillo_colori_500.jpg","caption":"Orlando Mastrillo"},"description":"Nasco a Luino nel 1981, ho iniziato questo lavoro nell'estate del 2003 nella redazione de Il Giorno di Varese e dall'anno successivo ho intrapreso la collaborazione con VareseNews. Dopo anni nell'Alto Varesotto mi sono trasferito a Busto Arsizio nel 2007, territorio che ho iniziato a seguire e che seguo tutt'oggi. Nel 2013 sono diventato giornalista professionista. Mi occupo di cronaca politica, giudiziaria e nera in una vasta area che comprende anche parte della Valle Olona e il Legnanese. Sono sposato con Valeria Arini e ho due splendide figlie.","sameAs":["or_ma","https:\/\/twitter.com\/nando_mastrillo"],"url":"https:\/\/staging.varesenews.it\/persona\/orlando-mastrillo1\/"}]}},"post_meta":{"_edit_lock":"1571758146:47","_edit_last":"47","_category_permalink":"a:1:{s:8:\"category\";s:0:\"\";}","ratings_users":"0","ratings_score":"0","ratings_average":"0","foto":"726864,717394","argomento":"Busto Arsizio","_yoast_wpseo_content_score":"30","_jd_tweet_this":"yes","_wpt_short_url":"https:\/\/www.varesenews.it\/2019\/10\/mussida-pianeta-musica-boragno\/865803\/","_wp_jd_target":"https:\/\/www.varesenews.it\/2019\/10\/mussida-pianeta-musica-boragno\/865803\/","_jd_wp_twitter":"a:1:{i:0;s:143:\"Mussida e il pianeta musica da Boragno https:\/\/www.varesenews.it\/2019\/10\/mussida-pianeta-musica-boragno\/865803\/ #bustolibricom #galleriaboragno\";}","_wpt_status_message":"Tweet inviato con successo."},"photos":[{"original":"https:\/\/staging.varesenews.it\/photogallery_new\/images\/2019\/03\/bustolibri-galleria-boragno-726864.jpg","full":"https:\/\/staging.varesenews.it\/photogallery_new\/images\/2019\/03\/bustolibri-galleria-boragno-726864.1024x768.jpg","large":"https:\/\/staging.varesenews.it\/photogallery_new\/images\/2019\/03\/bustolibri-galleria-boragno-726864.610x431.jpg"},{"original":"https:\/\/staging.varesenews.it\/photogallery_new\/images\/2019\/01\/musica-generica-717394.jpg","full":"https:\/\/staging.varesenews.it\/photogallery_new\/images\/2019\/01\/musica-generica-717394.1024x768.jpg","large":"https:\/\/staging.varesenews.it\/photogallery_new\/images\/2019\/01\/musica-generica-717394.610x431.jpg"}],"_links":{"self":[{"href":"https:\/\/staging.varesenews.it\/swgapi\/v1\/wp\/v2\/posts\/865803"}],"collection":[{"href":"https:\/\/staging.varesenews.it\/swgapi\/v1\/wp\/v2\/posts"}],"about":[{"href":"https:\/\/staging.varesenews.it\/swgapi\/v1\/wp\/v2\/types\/post"}],"author":[{"embeddable":true,"href":"https:\/\/staging.varesenews.it\/swgapi\/v1\/wp\/v2\/users\/47"}],"replies":[{"embeddable":true,"href":"https:\/\/staging.varesenews.it\/swgapi\/v1\/wp\/v2\/comments?post=865803"}],"version-history":[{"count":0,"href":"https:\/\/staging.varesenews.it\/swgapi\/v1\/wp\/v2\/posts\/865803\/revisions"}],"wp:attachment":[{"href":"https:\/\/staging.varesenews.it\/swgapi\/v1\/wp\/v2\/media?parent=865803"}],"wp:term":[{"taxonomy":"category","embeddable":true,"href":"https:\/\/staging.varesenews.it\/swgapi\/v1\/wp\/v2\/categories?post=865803"},{"taxonomy":"post_tag","embeddable":true,"href":"https:\/\/staging.varesenews.it\/swgapi\/v1\/wp\/v2\/tags?post=865803"}],"curies":[{"name":"wp","href":"https:\/\/api.w.org\/{rel}","templated":true}]}}