{"id":868347,"date":"2019-10-30T12:03:34","date_gmt":"2019-10-30T11:03:34","guid":{"rendered":"https:\/\/www.varesenews.it\/?p=868347"},"modified":"2019-10-30T12:03:34","modified_gmt":"2019-10-30T11:03:34","slug":"saronno-si-celebra-4-novembre-programma","status":"publish","type":"post","link":"https:\/\/staging.varesenews.it\/2019\/10\/saronno-si-celebra-4-novembre-programma\/868347\/","title":{"rendered":"Saronno, si celebra il 4 novembre: il programma"},"content":{"rendered":"<p>Si avvicina il 4 novembre, festa dell\u2019Unit\u00e0 Nazionale e delle Forze Armate, e Saronno \u00e8 pronta per rendere omaggio alla ricorrenza: <strong>domenica 3 novembre \u00e8 infatti in programma una mattinata di festa<\/strong>, su iniziativa dell\u2019amministrazione comunale, con la partecipazione delle associazioni dell\u2019Arma e del Corpo Musicale cittadino.<\/p>\n<p><strong>Si comincia alle 10.15 con il ritrovo in Piazza Libert\u00e0, per assistere al corteo lungo Corso Italia e all\u2019esibizione di velivoli ultraleggeri che sorvoleranno sul corteo con fumate tricolore<\/strong>. Alle 11 l\u2019alzabandiera e la resa degli onori ai caduti presso il monumento \u201cCavalieri di Vittorio Veneto\u201d, a cui seguir\u00e0 il discorso della autorit\u00e0 presenti.<\/p>\n<p>Alle 11.30 infine, la Santa Messa in suffragio dei caduti di tutte le guerre, presso il Santuario Beata Vergine dei Miracoli di Saronno. In caso di maltempo, il ritrovo si sposter\u00e0 direttamente presso il monumento \u201cCavalieri di Vittorio Veneto\u201d in viale del Santuario, alle ore 10.45.<\/p>\n","protected":false},"excerpt":{"rendered":"<p>Domenica 3 novembre la citt\u00e0 ricorder\u00e0 la Giornata dell\u2019Unit\u00e0 Nazionale e delle Forza Armate<\/p>\n","protected":false},"author":10,"featured_media":0,"comment_status":"open","ping_status":"open","sticky":false,"template":"","format":"standard","meta":{"footnotes":""},"categories":[5,21],"tags":[12392,100826,96008,158],"acf":[],"yoast_head":"<!-- This site is optimized with the Yoast SEO plugin v20.1 - https:\/\/yoast.com\/wordpress\/plugins\/seo\/ -->\n<title>Saronno, si celebra il 4 novembre: il programma<\/title>\n<meta name=\"description\" content=\"Domenica 3 novembre la citt\u00e0 ricorder\u00e0 la Giornata dell\u2019Unit\u00e0 Nazionale e delle Forza Armate\" \/>\n<meta name=\"robots\" content=\"noindex, follow, max-snippet:-1, max-image-preview:large, max-video-preview:-1\" \/>\n<meta property=\"og:locale\" content=\"it_IT\" \/>\n<meta property=\"og:type\" content=\"article\" \/>\n<meta property=\"og:title\" content=\"Saronno, si celebra il 4 novembre: il programma\" \/>\n<meta property=\"og:description\" content=\"Domenica 3 novembre la citt\u00e0 ricorder\u00e0 la Giornata dell\u2019Unit\u00e0 Nazionale e delle Forza Armate\" \/>\n<meta property=\"og:url\" content=\"https:\/\/staging.varesenews.it\/2019\/10\/saronno-si-celebra-4-novembre-programma\/868347\/\" \/>\n<meta property=\"og:site_name\" content=\"VareseNews\" \/>\n<meta property=\"article:publisher\" content=\"https:\/\/www.facebook.com\/varesenews\" \/>\n<meta property=\"article:published_time\" content=\"2019-10-30T11:03:34+00:00\" \/>\n<meta name=\"author\" content=\"Redazione VareseNews\" \/>\n<meta name=\"twitter:card\" content=\"summary_large_image\" \/>\n<meta name=\"twitter:creator\" content=\"@varesenews\" \/>\n<meta name=\"twitter:site\" content=\"@varesenews\" \/>\n<meta name=\"twitter:label1\" content=\"Scritto da\" \/>\n\t<meta name=\"twitter:data1\" content=\"Redazione VareseNews\" \/>\n\t<meta name=\"twitter:label2\" content=\"Tempo di lettura stimato\" \/>\n\t<meta name=\"twitter:data2\" content=\"1 minuto\" \/>\n<script type=\"application\/ld+json\" class=\"yoast-schema-graph\">{\"@context\":\"https:\/\/schema.org\",\"@graph\":[{\"@type\":\"WebPage\",\"@id\":\"https:\/\/staging.varesenews.it\/2019\/10\/saronno-si-celebra-4-novembre-programma\/868347\/\",\"url\":\"https:\/\/staging.varesenews.it\/2019\/10\/saronno-si-celebra-4-novembre-programma\/868347\/\",\"name\":\"Saronno, si celebra il 4 novembre: il programma\",\"isPartOf\":{\"@id\":\"https:\/\/staging.varesenews.it\/#website\"},\"datePublished\":\"2019-10-30T11:03:34+00:00\",\"dateModified\":\"2019-10-30T11:03:34+00:00\",\"author\":{\"@id\":\"https:\/\/staging.varesenews.it\/#\/schema\/person\/fb20c4da0b7b16c291707a20db73e169\"},\"description\":\"Domenica 3 novembre la citt\u00e0 ricorder\u00e0 la Giornata dell\u2019Unit\u00e0 Nazionale e delle Forza Armate\",\"breadcrumb\":{\"@id\":\"https:\/\/staging.varesenews.it\/2019\/10\/saronno-si-celebra-4-novembre-programma\/868347\/#breadcrumb\"},\"inLanguage\":\"it-IT\",\"potentialAction\":[{\"@type\":\"ReadAction\",\"target\":[\"https:\/\/staging.varesenews.it\/2019\/10\/saronno-si-celebra-4-novembre-programma\/868347\/\"]}]},{\"@type\":\"BreadcrumbList\",\"@id\":\"https:\/\/staging.varesenews.it\/2019\/10\/saronno-si-celebra-4-novembre-programma\/868347\/#breadcrumb\",\"itemListElement\":[{\"@type\":\"ListItem\",\"position\":1,\"name\":\"Home\",\"item\":\"https:\/\/www.varesenews.it\/\"},{\"@type\":\"ListItem\",\"position\":2,\"name\":\"Saronno, si celebra il 4 novembre: il programma\"}]},{\"@type\":\"WebSite\",\"@id\":\"https:\/\/staging.varesenews.it\/#website\",\"url\":\"https:\/\/staging.varesenews.it\/\",\"name\":\"VareseNews\",\"description\":\"\",\"potentialAction\":[{\"@type\":\"SearchAction\",\"target\":{\"@type\":\"EntryPoint\",\"urlTemplate\":\"https:\/\/staging.varesenews.it\/?s={search_term_string}\"},\"query-input\":\"required name=search_term_string\"}],\"inLanguage\":\"it-IT\"},{\"@type\":\"Person\",\"@id\":\"https:\/\/staging.varesenews.it\/#\/schema\/person\/fb20c4da0b7b16c291707a20db73e169\",\"name\":\"Redazione VareseNews\",\"image\":{\"@type\":\"ImageObject\",\"inLanguage\":\"it-IT\",\"@id\":\"https:\/\/staging.varesenews.it\/#\/schema\/person\/image\/\",\"url\":\"https:\/\/staging.varesenews.it\/wp-content\/uploads\/2020\/12\/logo_VN_colori_500.png\",\"contentUrl\":\"https:\/\/staging.varesenews.it\/wp-content\/uploads\/2020\/12\/logo_VN_colori_500.png\",\"caption\":\"Redazione VareseNews\"},\"url\":\"https:\/\/staging.varesenews.it\/persona\/redazione1\/\"}]}<\/script>\n<!-- \/ Yoast SEO plugin. -->","yoast_head_json":{"title":"Saronno, si celebra il 4 novembre: il programma","description":"Domenica 3 novembre la citt\u00e0 ricorder\u00e0 la Giornata dell\u2019Unit\u00e0 Nazionale e delle Forza Armate","robots":{"index":"noindex","follow":"follow","max-snippet":"max-snippet:-1","max-image-preview":"max-image-preview:large","max-video-preview":"max-video-preview:-1"},"og_locale":"it_IT","og_type":"article","og_title":"Saronno, si celebra il 4 novembre: il programma","og_description":"Domenica 3 novembre la citt\u00e0 ricorder\u00e0 la Giornata dell\u2019Unit\u00e0 Nazionale e delle Forza Armate","og_url":"https:\/\/staging.varesenews.it\/2019\/10\/saronno-si-celebra-4-novembre-programma\/868347\/","og_site_name":"VareseNews","article_publisher":"https:\/\/www.facebook.com\/varesenews","article_published_time":"2019-10-30T11:03:34+00:00","author":"Redazione VareseNews","twitter_card":"summary_large_image","twitter_creator":"@varesenews","twitter_site":"@varesenews","twitter_misc":{"Scritto da":"Redazione VareseNews","Tempo di lettura stimato":"1 minuto"},"schema":{"@context":"https:\/\/schema.org","@graph":[{"@type":"WebPage","@id":"https:\/\/staging.varesenews.it\/2019\/10\/saronno-si-celebra-4-novembre-programma\/868347\/","url":"https:\/\/staging.varesenews.it\/2019\/10\/saronno-si-celebra-4-novembre-programma\/868347\/","name":"Saronno, si celebra il 4 novembre: il programma","isPartOf":{"@id":"https:\/\/staging.varesenews.it\/#website"},"datePublished":"2019-10-30T11:03:34+00:00","dateModified":"2019-10-30T11:03:34+00:00","author":{"@id":"https:\/\/staging.varesenews.it\/#\/schema\/person\/fb20c4da0b7b16c291707a20db73e169"},"description":"Domenica 3 novembre la citt\u00e0 ricorder\u00e0 la Giornata dell\u2019Unit\u00e0 Nazionale e delle Forza Armate","breadcrumb":{"@id":"https:\/\/staging.varesenews.it\/2019\/10\/saronno-si-celebra-4-novembre-programma\/868347\/#breadcrumb"},"inLanguage":"it-IT","potentialAction":[{"@type":"ReadAction","target":["https:\/\/staging.varesenews.it\/2019\/10\/saronno-si-celebra-4-novembre-programma\/868347\/"]}]},{"@type":"BreadcrumbList","@id":"https:\/\/staging.varesenews.it\/2019\/10\/saronno-si-celebra-4-novembre-programma\/868347\/#breadcrumb","itemListElement":[{"@type":"ListItem","position":1,"name":"Home","item":"https:\/\/www.varesenews.it\/"},{"@type":"ListItem","position":2,"name":"Saronno, si celebra il 4 novembre: il programma"}]},{"@type":"WebSite","@id":"https:\/\/staging.varesenews.it\/#website","url":"https:\/\/staging.varesenews.it\/","name":"VareseNews","description":"","potentialAction":[{"@type":"SearchAction","target":{"@type":"EntryPoint","urlTemplate":"https:\/\/staging.varesenews.it\/?s={search_term_string}"},"query-input":"required name=search_term_string"}],"inLanguage":"it-IT"},{"@type":"Person","@id":"https:\/\/staging.varesenews.it\/#\/schema\/person\/fb20c4da0b7b16c291707a20db73e169","name":"Redazione VareseNews","image":{"@type":"ImageObject","inLanguage":"it-IT","@id":"https:\/\/staging.varesenews.it\/#\/schema\/person\/image\/","url":"https:\/\/staging.varesenews.it\/wp-content\/uploads\/2020\/12\/logo_VN_colori_500.png","contentUrl":"https:\/\/staging.varesenews.it\/wp-content\/uploads\/2020\/12\/logo_VN_colori_500.png","caption":"Redazione VareseNews"},"url":"https:\/\/staging.varesenews.it\/persona\/redazione1\/"}]}},"post_meta":{"_edit_lock":"1572562569:39","_edit_last":"39","_category_permalink":"a:1:{s:8:\"category\";s:0:\"\";}","ratings_users":"0","ratings_score":"0","ratings_average":"0","foto":"767250","firma-personalizzata":"SC","argomento":"Saronno","_yoast_wpseo_content_score":"30","_jd_tweet_this":"yes","_wpt_short_url":"https:\/\/www.varesenews.it\/2019\/10\/saronno-si-celebra-4-novembre-programma\/868347\/","_wp_jd_target":"https:\/\/www.varesenews.it\/2019\/10\/saronno-si-celebra-4-novembre-programma\/868347\/","_jd_wp_twitter":"a:1:{i:0;s:168:\"Saronno, si celebra il 4 novembre: il programma https:\/\/www.varesenews.it\/2019\/10\/saronno-si-celebra-4-novembre-programma\/868347\/ #4novembre #4novembre2019 #saronnonews\";}","_wpt_status_message":"Tweet inviato con successo."},"photos":[{"original":"https:\/\/staging.varesenews.it\/photogallery_new\/images\/2019\/10\/generico-2018-767250.jpg","full":"https:\/\/staging.varesenews.it\/photogallery_new\/images\/2019\/10\/generico-2018-767250.1024x768.jpg","large":"https:\/\/staging.varesenews.it\/photogallery_new\/images\/2019\/10\/generico-2018-767250.610x431.jpg"}],"_links":{"self":[{"href":"https:\/\/staging.varesenews.it\/swgapi\/v1\/wp\/v2\/posts\/868347"}],"collection":[{"href":"https:\/\/staging.varesenews.it\/swgapi\/v1\/wp\/v2\/posts"}],"about":[{"href":"https:\/\/staging.varesenews.it\/swgapi\/v1\/wp\/v2\/types\/post"}],"author":[{"embeddable":true,"href":"https:\/\/staging.varesenews.it\/swgapi\/v1\/wp\/v2\/users\/10"}],"replies":[{"embeddable":true,"href":"https:\/\/staging.varesenews.it\/swgapi\/v1\/wp\/v2\/comments?post=868347"}],"version-history":[{"count":0,"href":"https:\/\/staging.varesenews.it\/swgapi\/v1\/wp\/v2\/posts\/868347\/revisions"}],"wp:attachment":[{"href":"https:\/\/staging.varesenews.it\/swgapi\/v1\/wp\/v2\/media?parent=868347"}],"wp:term":[{"taxonomy":"category","embeddable":true,"href":"https:\/\/staging.varesenews.it\/swgapi\/v1\/wp\/v2\/categories?post=868347"},{"taxonomy":"post_tag","embeddable":true,"href":"https:\/\/staging.varesenews.it\/swgapi\/v1\/wp\/v2\/tags?post=868347"}],"curies":[{"name":"wp","href":"https:\/\/api.w.org\/{rel}","templated":true}]}}