{"id":869357,"date":"2019-11-04T10:27:35","date_gmt":"2019-11-04T09:27:35","guid":{"rendered":"https:\/\/www.varesenews.it\/?p=869357"},"modified":"2019-11-04T20:08:39","modified_gmt":"2019-11-04T19:08:39","slug":"qual-la-giusta-distanza-genitori-figli","status":"publish","type":"post","link":"https:\/\/staging.varesenews.it\/2019\/11\/qual-la-giusta-distanza-genitori-figli\/869357\/","title":{"rendered":"Qual \u00e8 la giusta distanza tra genitori e figli?"},"content":{"rendered":"<p>Il secondo appuntamento con la &#8220;Scuola genitori<a href=\"https:\/\/www.varesenews.it\/2019\/10\/piu-regole-meno-urla-lappello-novara-genitori-varese\/860775\/\"> inaugurata a ottobre da Daniele Novara<\/a> \u00e8 per\u00a0 marted\u00ec 5 novembre alle ore 20.30 nella sala consiliare di Palazzo Estense, in via Sacco.<br \/>\n<strong>\u201cNon stare alla pari\u201d \u00e8 il titolo dell&#8217;incontro condotto da Paolo Ragusa,<\/strong>\u00a0responsabile formazione CPP,\u00a0\u00a0il \u201cCentro psico pedagogico per l\u2019educazione e la gestione dei conflitti\u201d fondato dallo stesso Novara.<\/p>\n<p>Mantenere la giusta distanza nel rapporto tra genitori e figli non \u00e8 semplice ma fondamentale. Perch\u00e9\u00a0<strong>mettersi alla pari dei figli pu\u00f2 rivelarsi addirittura dannoso per la crescita dei bambini.<\/strong><br \/>\nPer poter rispettare i tempi dei figli e fare richieste adeguate \u00e8 necessario conoscere le tappe dello sviluppo e considerare sempre che la giusta distanza \u00e8 fondamentale per non compromettere i rapporti adulto-bambino.<\/p>\n<p><strong>La \u201cScuola genitori\u201d \u00e8 un ciclo di sei incontri pensati per promuovere il benessere delle famiglie, realizzato all\u2019interno del progetto \u201cUna casa per le famiglie\u201d<\/strong>\u00a0che vede come ente capofila la Cooperativa \u201cLa Casa Davanti al sole\u201d assieme al CPP, mentre tra i partner figurano il Comune di Varese, l\u2019Universit\u00e0 Cattolica del Sacro Cuore di Milano, A.S.D Varesina ginnastica e scherma. Finanziatore \u00e8 Fondazione Cariplo con il supporto della Fondazione Comunitaria del Varesotto e come co-finanziamento Fondazione Cattolica Assicurazioni.<\/p>\n<p>&#8220;La volont\u00e0 di questa iniziativa \u2013 spiegano <strong>gli assessori Rossella Dimaggio e Roberto Molinari<\/strong> \u2013 \u00e8 quella di proporre uno spazio di scambio e di riflessione tra genitori e professionisti dell\u2019ambito psico pedagogico, cos\u00ec da aiutare padri e madri a riflettere sul rapporto affettivo ed educativo con i propri figli. Il corso proporr\u00e0 prassi educative consapevoli e attiver\u00e0 una rete comunitaria tra i genitori, anche di ambiti scolastici differenti, che possa promuovere iniziative di utilit\u00e0 sociale a favore di bambini e bambine\u201d.<\/p>\n<p>Parallelamente agli incontri tematici verranno promossi dei laboratori di approfondimento, che consentiranno ai genitori di rielaborare e affinare le competenze acquisite. La sede di questi ultimi sar\u00e0 il centro \u201cUna casa per le famiglie\u201d di Via Molina, Varese.<\/p>\n<p><strong>La partecipazione a tutti gli incontri della Scuola Genitori \u00e8 gratuita, ma \u00e8 necessaria la prenotazione scrivendo a\u00a0scuolagenitori@lacasadavantialsole.org<\/strong>.<br \/>\nPer maggiori info:\u00a0328 2796544.<br \/>\n<a href=\"https:\/\/www.varesenews.it\/2019\/10\/daniele-novara-arriva-varese-apre-la-scuola-genitori\/859427\/\">Qui tutto il programma.<\/a><\/p>\n","protected":false},"excerpt":{"rendered":"<p>\u201cNon stare alla pari\u201d \u00e8 il titolo del secondo incontro della Scuola Genitori in programma marted\u00ec 5 novembre alle ore 20.30 nella sala consiliare del Comune <\/p>\n","protected":false},"author":14095,"featured_media":0,"comment_status":"open","ping_status":"open","sticky":false,"template":"","format":"standard","meta":{"footnotes":""},"categories":[23,21,2],"tags":[88065,87683,158],"acf":[],"yoast_head":"<!-- This site is optimized with the Yoast SEO plugin v20.1 - https:\/\/yoast.com\/wordpress\/plugins\/seo\/ -->\n<title>Qual \u00e8 la giusta distanza tra genitori e figli?<\/title>\n<meta name=\"description\" content=\"\u201cNon stare alla pari\u201d \u00e8 il titolo del secondo incontro della Scuola Genitori in programma marted\u00ec 5 novembre alle ore 20.30 nella sala consiliare del Comune\" \/>\n<meta name=\"robots\" content=\"noindex, follow, max-snippet:-1, max-image-preview:large, max-video-preview:-1\" \/>\n<meta property=\"og:locale\" content=\"it_IT\" \/>\n<meta property=\"og:type\" content=\"article\" \/>\n<meta property=\"og:title\" content=\"Qual \u00e8 la giusta distanza tra genitori e figli?\" \/>\n<meta property=\"og:description\" content=\"\u201cNon stare alla pari\u201d \u00e8 il titolo del secondo incontro della Scuola Genitori in programma marted\u00ec 5 novembre alle ore 20.30 nella sala consiliare del Comune\" \/>\n<meta property=\"og:url\" content=\"https:\/\/staging.varesenews.it\/2019\/11\/qual-la-giusta-distanza-genitori-figli\/869357\/\" \/>\n<meta property=\"og:site_name\" content=\"VareseNews\" \/>\n<meta property=\"article:publisher\" content=\"https:\/\/www.facebook.com\/varesenews\" \/>\n<meta property=\"article:published_time\" content=\"2019-11-04T09:27:35+00:00\" \/>\n<meta property=\"article:modified_time\" content=\"2019-11-04T19:08:39+00:00\" \/>\n<meta name=\"author\" content=\"Lidia Romeo\" \/>\n<meta name=\"twitter:card\" content=\"summary_large_image\" \/>\n<meta name=\"twitter:creator\" content=\"@varesenews\" \/>\n<meta name=\"twitter:site\" content=\"@varesenews\" \/>\n<meta name=\"twitter:label1\" content=\"Scritto da\" \/>\n\t<meta name=\"twitter:data1\" content=\"Lidia Romeo\" \/>\n\t<meta name=\"twitter:label2\" content=\"Tempo di lettura stimato\" \/>\n\t<meta name=\"twitter:data2\" content=\"2 minuti\" \/>\n<script type=\"application\/ld+json\" class=\"yoast-schema-graph\">{\"@context\":\"https:\/\/schema.org\",\"@graph\":[{\"@type\":\"WebPage\",\"@id\":\"https:\/\/staging.varesenews.it\/2019\/11\/qual-la-giusta-distanza-genitori-figli\/869357\/\",\"url\":\"https:\/\/staging.varesenews.it\/2019\/11\/qual-la-giusta-distanza-genitori-figli\/869357\/\",\"name\":\"Qual \u00e8 la giusta distanza tra genitori e figli?\",\"isPartOf\":{\"@id\":\"https:\/\/staging.varesenews.it\/#website\"},\"datePublished\":\"2019-11-04T09:27:35+00:00\",\"dateModified\":\"2019-11-04T19:08:39+00:00\",\"author\":{\"@id\":\"https:\/\/staging.varesenews.it\/#\/schema\/person\/83b39e5ac77662e18c07cdb07f0b4e7a\"},\"description\":\"\u201cNon stare alla pari\u201d \u00e8 il titolo del secondo incontro della Scuola Genitori in programma marted\u00ec 5 novembre alle ore 20.30 nella sala consiliare del Comune\",\"breadcrumb\":{\"@id\":\"https:\/\/staging.varesenews.it\/2019\/11\/qual-la-giusta-distanza-genitori-figli\/869357\/#breadcrumb\"},\"inLanguage\":\"it-IT\",\"potentialAction\":[{\"@type\":\"ReadAction\",\"target\":[\"https:\/\/staging.varesenews.it\/2019\/11\/qual-la-giusta-distanza-genitori-figli\/869357\/\"]}]},{\"@type\":\"BreadcrumbList\",\"@id\":\"https:\/\/staging.varesenews.it\/2019\/11\/qual-la-giusta-distanza-genitori-figli\/869357\/#breadcrumb\",\"itemListElement\":[{\"@type\":\"ListItem\",\"position\":1,\"name\":\"Home\",\"item\":\"https:\/\/www.varesenews.it\/\"},{\"@type\":\"ListItem\",\"position\":2,\"name\":\"Qual \u00e8 la giusta distanza tra genitori e figli?\"}]},{\"@type\":\"WebSite\",\"@id\":\"https:\/\/staging.varesenews.it\/#website\",\"url\":\"https:\/\/staging.varesenews.it\/\",\"name\":\"VareseNews\",\"description\":\"\",\"potentialAction\":[{\"@type\":\"SearchAction\",\"target\":{\"@type\":\"EntryPoint\",\"urlTemplate\":\"https:\/\/staging.varesenews.it\/?s={search_term_string}\"},\"query-input\":\"required name=search_term_string\"}],\"inLanguage\":\"it-IT\"},{\"@type\":\"Person\",\"@id\":\"https:\/\/staging.varesenews.it\/#\/schema\/person\/83b39e5ac77662e18c07cdb07f0b4e7a\",\"name\":\"Lidia Romeo\",\"image\":{\"@type\":\"ImageObject\",\"inLanguage\":\"it-IT\",\"@id\":\"https:\/\/staging.varesenews.it\/#\/schema\/person\/image\/\",\"url\":\"https:\/\/staging.varesenews.it\/wp-content\/uploads\/2020\/12\/lidia_romeo_colori_500.jpg\",\"contentUrl\":\"https:\/\/staging.varesenews.it\/wp-content\/uploads\/2020\/12\/lidia_romeo_colori_500.jpg\",\"caption\":\"Lidia Romeo\"},\"description\":\"Giornalista professionista dal 2010, una laurea in Scienze politiche e tante, tantissime domande. Ascolto risposte, ne cerco altre e alcune le scrivo. Mi piacciono le chiacchiere, le idee capaci di guardare lontano e camminare in spazi aperti senza altra meta che l&rsquo;orizzonte.&nbsp;Per VareseNews sono responsabile del canale Bambini, a proposito di orizzonti ampi... quanto il futuro. &nbsp;\",\"url\":\"https:\/\/staging.varesenews.it\/persona\/lidia-romeo-a\/\"}]}<\/script>\n<!-- \/ Yoast SEO plugin. -->","yoast_head_json":{"title":"Qual \u00e8 la giusta distanza tra genitori e figli?","description":"\u201cNon stare alla pari\u201d \u00e8 il titolo del secondo incontro della Scuola Genitori in programma marted\u00ec 5 novembre alle ore 20.30 nella sala consiliare del Comune","robots":{"index":"noindex","follow":"follow","max-snippet":"max-snippet:-1","max-image-preview":"max-image-preview:large","max-video-preview":"max-video-preview:-1"},"og_locale":"it_IT","og_type":"article","og_title":"Qual \u00e8 la giusta distanza tra genitori e figli?","og_description":"\u201cNon stare alla pari\u201d \u00e8 il titolo del secondo incontro della Scuola Genitori in programma marted\u00ec 5 novembre alle ore 20.30 nella sala consiliare del Comune","og_url":"https:\/\/staging.varesenews.it\/2019\/11\/qual-la-giusta-distanza-genitori-figli\/869357\/","og_site_name":"VareseNews","article_publisher":"https:\/\/www.facebook.com\/varesenews","article_published_time":"2019-11-04T09:27:35+00:00","article_modified_time":"2019-11-04T19:08:39+00:00","author":"Lidia Romeo","twitter_card":"summary_large_image","twitter_creator":"@varesenews","twitter_site":"@varesenews","twitter_misc":{"Scritto da":"Lidia Romeo","Tempo di lettura stimato":"2 minuti"},"schema":{"@context":"https:\/\/schema.org","@graph":[{"@type":"WebPage","@id":"https:\/\/staging.varesenews.it\/2019\/11\/qual-la-giusta-distanza-genitori-figli\/869357\/","url":"https:\/\/staging.varesenews.it\/2019\/11\/qual-la-giusta-distanza-genitori-figli\/869357\/","name":"Qual \u00e8 la giusta distanza tra genitori e figli?","isPartOf":{"@id":"https:\/\/staging.varesenews.it\/#website"},"datePublished":"2019-11-04T09:27:35+00:00","dateModified":"2019-11-04T19:08:39+00:00","author":{"@id":"https:\/\/staging.varesenews.it\/#\/schema\/person\/83b39e5ac77662e18c07cdb07f0b4e7a"},"description":"\u201cNon stare alla pari\u201d \u00e8 il titolo del secondo incontro della Scuola Genitori in programma marted\u00ec 5 novembre alle ore 20.30 nella sala consiliare del Comune","breadcrumb":{"@id":"https:\/\/staging.varesenews.it\/2019\/11\/qual-la-giusta-distanza-genitori-figli\/869357\/#breadcrumb"},"inLanguage":"it-IT","potentialAction":[{"@type":"ReadAction","target":["https:\/\/staging.varesenews.it\/2019\/11\/qual-la-giusta-distanza-genitori-figli\/869357\/"]}]},{"@type":"BreadcrumbList","@id":"https:\/\/staging.varesenews.it\/2019\/11\/qual-la-giusta-distanza-genitori-figli\/869357\/#breadcrumb","itemListElement":[{"@type":"ListItem","position":1,"name":"Home","item":"https:\/\/www.varesenews.it\/"},{"@type":"ListItem","position":2,"name":"Qual \u00e8 la giusta distanza tra genitori e figli?"}]},{"@type":"WebSite","@id":"https:\/\/staging.varesenews.it\/#website","url":"https:\/\/staging.varesenews.it\/","name":"VareseNews","description":"","potentialAction":[{"@type":"SearchAction","target":{"@type":"EntryPoint","urlTemplate":"https:\/\/staging.varesenews.it\/?s={search_term_string}"},"query-input":"required name=search_term_string"}],"inLanguage":"it-IT"},{"@type":"Person","@id":"https:\/\/staging.varesenews.it\/#\/schema\/person\/83b39e5ac77662e18c07cdb07f0b4e7a","name":"Lidia Romeo","image":{"@type":"ImageObject","inLanguage":"it-IT","@id":"https:\/\/staging.varesenews.it\/#\/schema\/person\/image\/","url":"https:\/\/staging.varesenews.it\/wp-content\/uploads\/2020\/12\/lidia_romeo_colori_500.jpg","contentUrl":"https:\/\/staging.varesenews.it\/wp-content\/uploads\/2020\/12\/lidia_romeo_colori_500.jpg","caption":"Lidia Romeo"},"description":"Giornalista professionista dal 2010, una laurea in Scienze politiche e tante, tantissime domande. Ascolto risposte, ne cerco altre e alcune le scrivo. Mi piacciono le chiacchiere, le idee capaci di guardare lontano e camminare in spazi aperti senza altra meta che l&rsquo;orizzonte.&nbsp;Per VareseNews sono responsabile del canale Bambini, a proposito di orizzonti ampi... quanto il futuro. &nbsp;","url":"https:\/\/staging.varesenews.it\/persona\/lidia-romeo-a\/"}]}},"post_meta":{"_edit_lock":"1572902877:14095","_edit_last":"14095","_category_permalink":"a:1:{s:8:\"category\";s:2:\"23\";}","ratings_users":"0","ratings_score":"0","ratings_average":"0","foto":"756819","firma-personalizzata":"bambini@varesenews.it","argomento":"Varese","_yoast_wpseo_content_score":"30","_jd_tweet_this":"yes","_wpt_short_url":"https:\/\/www.varesenews.it\/2019\/11\/qual-la-giusta-distanza-genitori-figli\/869357\/","_wp_jd_target":"https:\/\/www.varesenews.it\/2019\/11\/qual-la-giusta-distanza-genitori-figli\/869357\/","_jd_wp_twitter":"a:1:{i:0;s:161:\"Qual \u00e8 la giusta distanza tra genitori e figli? https:\/\/www.varesenews.it\/2019\/11\/qual-la-giusta-distanza-genitori-figli\/869357\/ #educando #Mammaepap\u00e0 #weekend\";}","_wpt_status_message":"Tweet inviato con successo.","id_leggi_anche":"859427, 860775"},"photos":[{"original":"https:\/\/staging.varesenews.it\/photogallery_new\/images\/2019\/09\/genitori-756819.jpg","full":"https:\/\/staging.varesenews.it\/photogallery_new\/images\/2019\/09\/genitori-756819.1024x768.jpg","large":"https:\/\/staging.varesenews.it\/photogallery_new\/images\/2019\/09\/genitori-756819.610x431.jpg"}],"_links":{"self":[{"href":"https:\/\/staging.varesenews.it\/swgapi\/v1\/wp\/v2\/posts\/869357"}],"collection":[{"href":"https:\/\/staging.varesenews.it\/swgapi\/v1\/wp\/v2\/posts"}],"about":[{"href":"https:\/\/staging.varesenews.it\/swgapi\/v1\/wp\/v2\/types\/post"}],"author":[{"embeddable":true,"href":"https:\/\/staging.varesenews.it\/swgapi\/v1\/wp\/v2\/users\/14095"}],"replies":[{"embeddable":true,"href":"https:\/\/staging.varesenews.it\/swgapi\/v1\/wp\/v2\/comments?post=869357"}],"version-history":[{"count":0,"href":"https:\/\/staging.varesenews.it\/swgapi\/v1\/wp\/v2\/posts\/869357\/revisions"}],"wp:attachment":[{"href":"https:\/\/staging.varesenews.it\/swgapi\/v1\/wp\/v2\/media?parent=869357"}],"wp:term":[{"taxonomy":"category","embeddable":true,"href":"https:\/\/staging.varesenews.it\/swgapi\/v1\/wp\/v2\/categories?post=869357"},{"taxonomy":"post_tag","embeddable":true,"href":"https:\/\/staging.varesenews.it\/swgapi\/v1\/wp\/v2\/tags?post=869357"}],"curies":[{"name":"wp","href":"https:\/\/api.w.org\/{rel}","templated":true}]}}