{"id":872781,"date":"2019-11-14T13:41:38","date_gmt":"2019-11-14T12:41:38","guid":{"rendered":"https:\/\/www.varesenews.it\/?p=872781"},"modified":"2019-11-19T12:18:28","modified_gmt":"2019-11-19T11:18:28","slug":"antonino-academy-castello-dal-pozzo","status":"publish","type":"post","link":"https:\/\/staging.varesenews.it\/2019\/11\/antonino-academy-castello-dal-pozzo\/872781\/","title":{"rendered":"L&#8217;Academy di Cannavacciuolo ha il cuore sulle colline del Verbano"},"content":{"rendered":"<p><a href=\"https:\/\/tg24.sky.it\/spettacolo\/tv-show\/antonino-chef-academy\/home.html\">La scuola di <strong>Antonino Cannavacciuolo<\/strong><\/a> ha il cuore sulle colline del lago Maggiore.<\/p>\n<p><strong>Il castello Dal Pozzo di Oleggio, splendida dimora storica della sponda piemontese del Verbano,<\/strong>\u00a0\u00e8 la location scelta per ospitare i nuovo format che vede protagonista il celebre chef titolare di <strong>Villa Crespi a Orta San Giulio<\/strong>.<\/p>\n<p>Il programma, che ha preso il via il 12 novembre ed \u00e8 in onda su Sky e Now Tv, \u00e8 una produzione originale <strong>Endemol Shine Italy<\/strong>. In gara dieci giovani, talentuosi cuochi che si contendono la possibilit\u00e0 di aggiudicarsi <strong>un posto ai fornelli della celebre cucina di Villa Crespi<\/strong>, ristorante stellato dello chef Antonino Cannavacciuolo, che questa volta si cala nel ruolo di professore e mentore per i concorrenti di &#8220;Antonino Chef Academy&#8221;. <strong><a href=\"https:\/\/tg24.sky.it\/spettacolo\/tv-show\/antonino-chef-academy\/2019\/11\/12\/antonino-chef-academy-davide-marzullo.html\">Tra loro c&#8217;\u00e8 anche il varesino Davide Marzullo, ventitreenne di Uboldo.\u00a0<\/a><\/strong><\/p>\n<div class=\"photo-inside-post\"><img decoding=\"async\" loading=\"lazy\" fetchpriority=\"low\" width=\"610\" height=\"431\" src=\"https:\/\/staging.varesenews.it\/photogallery_new\/images\/2019\/11\/generico-2018-769848.610x431.jpg\" alt=\"Generico 2018\"><\/div>\n<p>Gli aspiranti chef &#8211; tutti tra i 18 e i 23 anni &#8211; a seguito di <strong>un percorso formativo<\/strong>, si sfideranno, superando delle prove in cui dovranno mettere in campo tutte le conoscenze professionali e personali in loro possesso per dimostrare di essere all\u2019altezza della cucina di uno dei ristoranti pi\u00f9 esclusivi d\u2019Italia, <a href=\"https:\/\/www.varesenews.it\/2019\/10\/cannavacciuolo-miglior-ristorante-tripadvisor\/865668\/\">nonch\u00e9 tra i migliori locali di lusso: Villa Crespi.\u00a0<\/a><\/p>\n<p>Le prove di ANTONINO CHEF ACADEMY sono in onda, <strong>a partire dal 12 novembre tutti i marted\u00ec alle 21.15 su Sky Uno<\/strong> (canale 108, digitale terrestre canale 455), sempre disponibile on demand, visibile su Sky Go, su smartphone, tablet e PC, anche in viaggio nei Paesi dell\u2019Unione Europea, e in streaming su NOW TV. Ogni concorrente dovr\u00e0 realizzare dei piatti sulla base di quanto appreso durante le lezioni, quelle di Chef Cannavacciuolo e quelle tenute dai coach ospiti, esperti in diverse materie legate al mondo della ristorazione. Al termine di ogni prova, ai giovani chef verr\u00e0 assegnato un voto, la cui somma andr\u00e0 a determinare la classifica finale: il concorrente che avr\u00e0 totalizzato il voto pi\u00f9 basso sar\u00e0 costretto ad abbandonare l\u2019accademia.<\/p>\n<p><iframe loading=\"lazy\" src=\"https:\/\/www.youtube.com\/embed\/JXEoAzvoNA8\" width=\"560\" height=\"315\" frameborder=\"0\" allowfullscreen=\"allowfullscreen\"><\/iframe><\/p>\n","protected":false},"excerpt":{"rendered":"<p>Il castello Dal Pozzo di Oleggio \u00e8 la location scelta per ospitare i nuovo format. In gara anche un giovane cuoco di Uboldo<\/p>\n","protected":false},"author":43,"featured_media":0,"comment_status":"open","ping_status":"open","sticky":false,"template":"","format":"standard","meta":{"footnotes":""},"categories":[26,5,46,2],"tags":[6751,101381,101382,1074,96162],"acf":[],"yoast_head":"<!-- This site is optimized with the Yoast SEO plugin v20.1 - https:\/\/yoast.com\/wordpress\/plugins\/seo\/ -->\n<title>L&#039;Academy di Cannavacciuolo ha il cuore sulle colline del Verbano<\/title>\n<meta name=\"description\" content=\"Il castello Dal Pozzo di Oleggio \u00e8 la location scelta per ospitare i nuovo format. In gara anche un giovane cuoco di Uboldo\" \/>\n<meta name=\"robots\" content=\"noindex, follow, max-snippet:-1, max-image-preview:large, max-video-preview:-1\" \/>\n<meta property=\"og:locale\" content=\"it_IT\" \/>\n<meta property=\"og:type\" content=\"article\" \/>\n<meta property=\"og:title\" content=\"L&#039;Academy di Cannavacciuolo ha il cuore sulle colline del Verbano\" \/>\n<meta property=\"og:description\" content=\"Il castello Dal Pozzo di Oleggio \u00e8 la location scelta per ospitare i nuovo format. In gara anche un giovane cuoco di Uboldo\" \/>\n<meta property=\"og:url\" content=\"https:\/\/staging.varesenews.it\/2019\/11\/antonino-academy-castello-dal-pozzo\/872781\/\" \/>\n<meta property=\"og:site_name\" content=\"VareseNews\" \/>\n<meta property=\"article:publisher\" content=\"https:\/\/www.facebook.com\/varesenews\" \/>\n<meta property=\"article:author\" content=\"https:\/\/www.facebook.com\/mariacarla.cebrelli\" \/>\n<meta property=\"article:published_time\" content=\"2019-11-14T12:41:38+00:00\" \/>\n<meta property=\"article:modified_time\" content=\"2019-11-19T11:18:28+00:00\" \/>\n<meta name=\"author\" content=\"Maria Carla Cebrelli\" \/>\n<meta name=\"twitter:card\" content=\"summary_large_image\" \/>\n<meta name=\"twitter:creator\" content=\"@pikapiketti\" \/>\n<meta name=\"twitter:site\" content=\"@varesenews\" \/>\n<meta name=\"twitter:label1\" content=\"Scritto da\" \/>\n\t<meta name=\"twitter:data1\" content=\"Maria Carla Cebrelli\" \/>\n\t<meta name=\"twitter:label2\" content=\"Tempo di lettura stimato\" \/>\n\t<meta name=\"twitter:data2\" content=\"2 minuti\" \/>\n<script type=\"application\/ld+json\" class=\"yoast-schema-graph\">{\"@context\":\"https:\/\/schema.org\",\"@graph\":[{\"@type\":\"WebPage\",\"@id\":\"https:\/\/staging.varesenews.it\/2019\/11\/antonino-academy-castello-dal-pozzo\/872781\/\",\"url\":\"https:\/\/staging.varesenews.it\/2019\/11\/antonino-academy-castello-dal-pozzo\/872781\/\",\"name\":\"L'Academy di Cannavacciuolo ha il cuore sulle colline del Verbano\",\"isPartOf\":{\"@id\":\"https:\/\/staging.varesenews.it\/#website\"},\"datePublished\":\"2019-11-14T12:41:38+00:00\",\"dateModified\":\"2019-11-19T11:18:28+00:00\",\"author\":{\"@id\":\"https:\/\/staging.varesenews.it\/#\/schema\/person\/5bf790e99d7ec50061119cc825c454de\"},\"description\":\"Il castello Dal Pozzo di Oleggio \u00e8 la location scelta per ospitare i nuovo format. In gara anche un giovane cuoco di Uboldo\",\"breadcrumb\":{\"@id\":\"https:\/\/staging.varesenews.it\/2019\/11\/antonino-academy-castello-dal-pozzo\/872781\/#breadcrumb\"},\"inLanguage\":\"it-IT\",\"potentialAction\":[{\"@type\":\"ReadAction\",\"target\":[\"https:\/\/staging.varesenews.it\/2019\/11\/antonino-academy-castello-dal-pozzo\/872781\/\"]}]},{\"@type\":\"BreadcrumbList\",\"@id\":\"https:\/\/staging.varesenews.it\/2019\/11\/antonino-academy-castello-dal-pozzo\/872781\/#breadcrumb\",\"itemListElement\":[{\"@type\":\"ListItem\",\"position\":1,\"name\":\"Home\",\"item\":\"https:\/\/www.varesenews.it\/\"},{\"@type\":\"ListItem\",\"position\":2,\"name\":\"L&#8217;Academy di Cannavacciuolo ha il cuore sulle colline del Verbano\"}]},{\"@type\":\"WebSite\",\"@id\":\"https:\/\/staging.varesenews.it\/#website\",\"url\":\"https:\/\/staging.varesenews.it\/\",\"name\":\"VareseNews\",\"description\":\"\",\"potentialAction\":[{\"@type\":\"SearchAction\",\"target\":{\"@type\":\"EntryPoint\",\"urlTemplate\":\"https:\/\/staging.varesenews.it\/?s={search_term_string}\"},\"query-input\":\"required name=search_term_string\"}],\"inLanguage\":\"it-IT\"},{\"@type\":\"Person\",\"@id\":\"https:\/\/staging.varesenews.it\/#\/schema\/person\/5bf790e99d7ec50061119cc825c454de\",\"name\":\"Maria Carla Cebrelli\",\"image\":{\"@type\":\"ImageObject\",\"inLanguage\":\"it-IT\",\"@id\":\"https:\/\/staging.varesenews.it\/#\/schema\/person\/image\/\",\"url\":\"https:\/\/staging.varesenews.it\/wp-content\/uploads\/2020\/12\/mariacarla_cebrelli_colori_500-1.jpg\",\"contentUrl\":\"https:\/\/staging.varesenews.it\/wp-content\/uploads\/2020\/12\/mariacarla_cebrelli_colori_500-1.jpg\",\"caption\":\"Maria Carla Cebrelli\"},\"description\":\"Economista di formazione, giornalista per passione. A VareseNews dal 2005, mi sono occupata negli anni di universit&agrave;, tematiche di confine, news locali e comunicazione nel settore sociale. Attualmente sono responsabile di VerbanoNews, del canale di VareseNews dedicato al Turismo e seguo i social dell'area business.\",\"sameAs\":[\"https:\/\/www.facebook.com\/mariacarla.cebrelli\",\"pikapiketti\",\"https:\/\/twitter.com\/pikapiketti\"],\"url\":\"https:\/\/staging.varesenews.it\/persona\/mariacarla-cebrelli1\/\"}]}<\/script>\n<!-- \/ Yoast SEO plugin. -->","yoast_head_json":{"title":"L'Academy di Cannavacciuolo ha il cuore sulle colline del Verbano","description":"Il castello Dal Pozzo di Oleggio \u00e8 la location scelta per ospitare i nuovo format. In gara anche un giovane cuoco di Uboldo","robots":{"index":"noindex","follow":"follow","max-snippet":"max-snippet:-1","max-image-preview":"max-image-preview:large","max-video-preview":"max-video-preview:-1"},"og_locale":"it_IT","og_type":"article","og_title":"L'Academy di Cannavacciuolo ha il cuore sulle colline del Verbano","og_description":"Il castello Dal Pozzo di Oleggio \u00e8 la location scelta per ospitare i nuovo format. In gara anche un giovane cuoco di Uboldo","og_url":"https:\/\/staging.varesenews.it\/2019\/11\/antonino-academy-castello-dal-pozzo\/872781\/","og_site_name":"VareseNews","article_publisher":"https:\/\/www.facebook.com\/varesenews","article_author":"https:\/\/www.facebook.com\/mariacarla.cebrelli","article_published_time":"2019-11-14T12:41:38+00:00","article_modified_time":"2019-11-19T11:18:28+00:00","author":"Maria Carla Cebrelli","twitter_card":"summary_large_image","twitter_creator":"@pikapiketti","twitter_site":"@varesenews","twitter_misc":{"Scritto da":"Maria Carla Cebrelli","Tempo di lettura stimato":"2 minuti"},"schema":{"@context":"https:\/\/schema.org","@graph":[{"@type":"WebPage","@id":"https:\/\/staging.varesenews.it\/2019\/11\/antonino-academy-castello-dal-pozzo\/872781\/","url":"https:\/\/staging.varesenews.it\/2019\/11\/antonino-academy-castello-dal-pozzo\/872781\/","name":"L'Academy di Cannavacciuolo ha il cuore sulle colline del Verbano","isPartOf":{"@id":"https:\/\/staging.varesenews.it\/#website"},"datePublished":"2019-11-14T12:41:38+00:00","dateModified":"2019-11-19T11:18:28+00:00","author":{"@id":"https:\/\/staging.varesenews.it\/#\/schema\/person\/5bf790e99d7ec50061119cc825c454de"},"description":"Il castello Dal Pozzo di Oleggio \u00e8 la location scelta per ospitare i nuovo format. In gara anche un giovane cuoco di Uboldo","breadcrumb":{"@id":"https:\/\/staging.varesenews.it\/2019\/11\/antonino-academy-castello-dal-pozzo\/872781\/#breadcrumb"},"inLanguage":"it-IT","potentialAction":[{"@type":"ReadAction","target":["https:\/\/staging.varesenews.it\/2019\/11\/antonino-academy-castello-dal-pozzo\/872781\/"]}]},{"@type":"BreadcrumbList","@id":"https:\/\/staging.varesenews.it\/2019\/11\/antonino-academy-castello-dal-pozzo\/872781\/#breadcrumb","itemListElement":[{"@type":"ListItem","position":1,"name":"Home","item":"https:\/\/www.varesenews.it\/"},{"@type":"ListItem","position":2,"name":"L&#8217;Academy di Cannavacciuolo ha il cuore sulle colline del Verbano"}]},{"@type":"WebSite","@id":"https:\/\/staging.varesenews.it\/#website","url":"https:\/\/staging.varesenews.it\/","name":"VareseNews","description":"","potentialAction":[{"@type":"SearchAction","target":{"@type":"EntryPoint","urlTemplate":"https:\/\/staging.varesenews.it\/?s={search_term_string}"},"query-input":"required name=search_term_string"}],"inLanguage":"it-IT"},{"@type":"Person","@id":"https:\/\/staging.varesenews.it\/#\/schema\/person\/5bf790e99d7ec50061119cc825c454de","name":"Maria Carla Cebrelli","image":{"@type":"ImageObject","inLanguage":"it-IT","@id":"https:\/\/staging.varesenews.it\/#\/schema\/person\/image\/","url":"https:\/\/staging.varesenews.it\/wp-content\/uploads\/2020\/12\/mariacarla_cebrelli_colori_500-1.jpg","contentUrl":"https:\/\/staging.varesenews.it\/wp-content\/uploads\/2020\/12\/mariacarla_cebrelli_colori_500-1.jpg","caption":"Maria Carla Cebrelli"},"description":"Economista di formazione, giornalista per passione. A VareseNews dal 2005, mi sono occupata negli anni di universit&agrave;, tematiche di confine, news locali e comunicazione nel settore sociale. Attualmente sono responsabile di VerbanoNews, del canale di VareseNews dedicato al Turismo e seguo i social dell'area business.","sameAs":["https:\/\/www.facebook.com\/mariacarla.cebrelli","pikapiketti","https:\/\/twitter.com\/pikapiketti"],"url":"https:\/\/staging.varesenews.it\/persona\/mariacarla-cebrelli1\/"}]}},"post_meta":{"_edit_lock":"1574162172:43","_edit_last":"43","_category_permalink":"a:1:{s:8:\"category\";s:2:\"46\";}","ratings_users":"0","ratings_score":"0","ratings_average":"0","id_leggi_anche":"865668,774805,770862,35904","foto":"769849","firma-personalizzata":"mcc","argomento":"Oleggio Castello","_yoast_wpseo_focuskw_text_input":"Cannavacciuolo","_yoast_wpseo_focuskw":"Cannavacciuolo","_yoast_wpseo_linkdex":"78","_yoast_wpseo_content_score":"30","_jd_tweet_this":"yes","_wpt_short_url":"https:\/\/www.varesenews.it\/2019\/11\/antonino-academy-castello-dal-pozzo\/872781\/","_wp_jd_target":"https:\/\/www.varesenews.it\/2019\/11\/antonino-academy-castello-dal-pozzo\/872781\/","_jd_wp_twitter":"a:1:{i:0;s:159:\"L\u2019Academy di Cannavacciuolo ha il cuore sulle colline del Verbano https:\/\/www.varesenews.it\/2019\/11\/antonino-academy-castello-dal-pozzo\/872781\/ #lagoMaggiore\";}","_wpt_status_message":"Tweet inviato con successo."},"photos":[{"original":"https:\/\/staging.varesenews.it\/photogallery_new\/images\/2019\/11\/antonino-chef-accademy-antonino-cannavacciuolo-769849.jpg","full":"https:\/\/staging.varesenews.it\/photogallery_new\/images\/2019\/11\/antonino-chef-accademy-antonino-cannavacciuolo-769849.1024x768.jpg","large":"https:\/\/staging.varesenews.it\/photogallery_new\/images\/2019\/11\/antonino-chef-accademy-antonino-cannavacciuolo-769849.610x431.jpg"}],"_links":{"self":[{"href":"https:\/\/staging.varesenews.it\/swgapi\/v1\/wp\/v2\/posts\/872781"}],"collection":[{"href":"https:\/\/staging.varesenews.it\/swgapi\/v1\/wp\/v2\/posts"}],"about":[{"href":"https:\/\/staging.varesenews.it\/swgapi\/v1\/wp\/v2\/types\/post"}],"author":[{"embeddable":true,"href":"https:\/\/staging.varesenews.it\/swgapi\/v1\/wp\/v2\/users\/43"}],"replies":[{"embeddable":true,"href":"https:\/\/staging.varesenews.it\/swgapi\/v1\/wp\/v2\/comments?post=872781"}],"version-history":[{"count":0,"href":"https:\/\/staging.varesenews.it\/swgapi\/v1\/wp\/v2\/posts\/872781\/revisions"}],"wp:attachment":[{"href":"https:\/\/staging.varesenews.it\/swgapi\/v1\/wp\/v2\/media?parent=872781"}],"wp:term":[{"taxonomy":"category","embeddable":true,"href":"https:\/\/staging.varesenews.it\/swgapi\/v1\/wp\/v2\/categories?post=872781"},{"taxonomy":"post_tag","embeddable":true,"href":"https:\/\/staging.varesenews.it\/swgapi\/v1\/wp\/v2\/tags?post=872781"}],"curies":[{"name":"wp","href":"https:\/\/api.w.org\/{rel}","templated":true}]}}