{"id":873302,"date":"2019-11-15T16:29:06","date_gmt":"2019-11-15T15:29:06","guid":{"rendered":"https:\/\/www.varesenews.it\/?p=873302"},"modified":"2019-11-20T17:20:30","modified_gmt":"2019-11-20T16:20:30","slug":"weekend-allinsegna-della-neve-anche-bassa-quota","status":"publish","type":"post","link":"https:\/\/staging.varesenews.it\/2019\/11\/weekend-allinsegna-della-neve-anche-bassa-quota\/873302\/","title":{"rendered":"Weekend all&#8217;insegna della neve (anche a bassa quota)"},"content":{"rendered":"<p><strong>\u00c8 stato un venerd\u00ec di pausa, con un cielo cupo ma con poche precipitazioni<\/strong>. Ma la vasta area depressionaria che insiste tra la Francia e il Mediterraneo Occidentale torner\u00e0 a bussare, scaricando abbondanti piogge e nevicate. Il Centro Funzionale Monitoraggio Rischi Naturali di Regione Lombardia ha infatti diffuso un nuovo bollettino per allerta neve e valanghe.<\/p>\n<p>&#8220;Permangono condizioni di tempo instabile e a tratti perturbato -si legge nella comunicazione della Protezione Civile-. Nella notte e al primo mattino di sabato 16 novembre \u00e8 previsto il passaggio di un debole impulso, <strong>con precipitazioni attese con maggiore probabilit\u00e0 sulle province occidentali e sull\u2019area alpina<\/strong>. Possibilit\u00e0 di locali rovesci. Dal pomeriggio di sabato 16 aumento dell&#8217;instabilit\u00e0 sui settori centro-orientali della regione con locali rovesci e occasionali temporali&#8221;.<\/p>\n<p>Le temperature basse porteranno l&#8217;acqua a trasformarsi in neve. Continua il bollettino: &#8220;Quota neve intorno a 1000-1200 metri, <strong>localmente pi\u00f9 bassa (800-900 metri) su Varesotto<\/strong> e Alta Valchiavenna. Nel pomeriggio di sabato 16 possibilit\u00e0 di nevicate molto localizzate generalmente oltre i 1200 metri, in serata tendenza a nuova intensificazione su Adamello e Alta Valtellina oltre i 1200-1400 metri. Al di sotto dei 1200 metri previsti, nella notte\/mattina di sabato 16 <strong>accumuli al suolo al pi\u00f9 attorno ai 5-10 cm&#8221;. <\/strong><\/p>\n<p>Per questi motivi in tutta la fascia alpina e prealpina \u00e8 stato emesso un codice giallo per la protezione civile, quello di ordinaria criticit\u00e0. Questione un po&#8217; pi\u00f9 complicata per le zone di alta montagna con il manto nevoso che intorno ai 2.000 metri ha raggiunto spessori tra i 60 e i 90 centimetri facendo scattare gli allarmi per le valanghe. Le zone pi\u00f9 a rischio in Lombardia sono quelle delle Alpi Retiche e dell&#8217;Adamello, dove \u00e8 stato emesso un codice arancione (moderata criticit\u00e0).<\/p>\n<p><strong>La tendenza per domenica 17 fa ipotizzare la possibilit\u00e0 di nevicate<\/strong> nella prima parte del giorno su gran parte di Alpi e Prealpi, generalmente oltre gli 800-1000 metri. Quota neve variabile sull&#8217;Appennino, temporaneamente intorno ai 1000 metri nelle prime ore. Da confermare la possibilit\u00e0 di nuove nevicate in serata su Alpi e Prealpi.<\/p>\n<blockquote class=\"wp-embedded-content\" data-secret=\"h6wQhGajLd\"><p><a href=\"https:\/\/www.varesenews.it\/2019\/11\/neve-strade-interrotte-e-disagi-nelle-valli-ossolane\/873191\/\">Strade interrotte e disagi per la neve nelle Valli Ossolane<\/a><\/p><\/blockquote>\n<p><iframe class=\"wp-embedded-content\" sandbox=\"allow-scripts\" security=\"restricted\" style=\"position: absolute; clip: rect(1px, 1px, 1px, 1px);\" src=\"https:\/\/www.varesenews.it\/2019\/11\/neve-strade-interrotte-e-disagi-nelle-valli-ossolane\/873191\/embed\/#?secret=h6wQhGajLd\" data-secret=\"h6wQhGajLd\" width=\"500\" height=\"282\" title=\"&#8220;Strade interrotte e disagi per la neve nelle Valli Ossolane&#8221; &#8212; VareseNews\" frameborder=\"0\" marginwidth=\"0\" marginheight=\"0\" scrolling=\"no\"><\/iframe><\/p>\n","protected":false},"excerpt":{"rendered":"<p>La protezione civile ha aggiornato le previsioni per le prossime ore. Nel Varesotto previste nevicate anche a 8-900 metri<\/p>\n","protected":false},"author":42,"featured_media":0,"comment_status":"open","ping_status":"open","sticky":false,"template":"","format":"standard","meta":{"footnotes":""},"categories":[4,3,7,5,2],"tags":[1632,162,7724,796],"acf":[],"yoast_head":"<!-- This site is optimized with the Yoast SEO plugin v20.1 - https:\/\/yoast.com\/wordpress\/plugins\/seo\/ -->\n<title>Weekend all&#039;insegna della neve (anche a bassa quota)<\/title>\n<meta name=\"description\" content=\"La protezione civile ha aggiornato le previsioni per le prossime ore. Nel Varesotto previste nevicate anche a 8-900 metri\" \/>\n<meta name=\"robots\" content=\"noindex, follow, max-snippet:-1, max-image-preview:large, max-video-preview:-1\" \/>\n<meta property=\"og:locale\" content=\"it_IT\" \/>\n<meta property=\"og:type\" content=\"article\" \/>\n<meta property=\"og:title\" content=\"Weekend all&#039;insegna della neve (anche a bassa quota)\" \/>\n<meta property=\"og:description\" content=\"La protezione civile ha aggiornato le previsioni per le prossime ore. Nel Varesotto previste nevicate anche a 8-900 metri\" \/>\n<meta property=\"og:url\" content=\"https:\/\/staging.varesenews.it\/2019\/11\/weekend-allinsegna-della-neve-anche-bassa-quota\/873302\/\" \/>\n<meta property=\"og:site_name\" content=\"VareseNews\" \/>\n<meta property=\"article:publisher\" content=\"https:\/\/www.facebook.com\/varesenews\" \/>\n<meta property=\"article:published_time\" content=\"2019-11-15T15:29:06+00:00\" \/>\n<meta property=\"article:modified_time\" content=\"2019-11-20T16:20:30+00:00\" \/>\n<meta name=\"author\" content=\"Marco Corso\" \/>\n<meta name=\"twitter:card\" content=\"summary_large_image\" \/>\n<meta name=\"twitter:creator\" content=\"@varesenews\" \/>\n<meta name=\"twitter:site\" content=\"@varesenews\" \/>\n<meta name=\"twitter:label1\" content=\"Scritto da\" \/>\n\t<meta name=\"twitter:data1\" content=\"Marco Corso\" \/>\n\t<meta name=\"twitter:label2\" content=\"Tempo di lettura stimato\" \/>\n\t<meta name=\"twitter:data2\" content=\"2 minuti\" \/>\n<script type=\"application\/ld+json\" class=\"yoast-schema-graph\">{\"@context\":\"https:\/\/schema.org\",\"@graph\":[{\"@type\":\"WebPage\",\"@id\":\"https:\/\/staging.varesenews.it\/2019\/11\/weekend-allinsegna-della-neve-anche-bassa-quota\/873302\/\",\"url\":\"https:\/\/staging.varesenews.it\/2019\/11\/weekend-allinsegna-della-neve-anche-bassa-quota\/873302\/\",\"name\":\"Weekend all'insegna della neve (anche a bassa quota)\",\"isPartOf\":{\"@id\":\"https:\/\/staging.varesenews.it\/#website\"},\"datePublished\":\"2019-11-15T15:29:06+00:00\",\"dateModified\":\"2019-11-20T16:20:30+00:00\",\"author\":{\"@id\":\"https:\/\/staging.varesenews.it\/#\/schema\/person\/f0b866bf1a4a7b2b1558574309a927fa\"},\"description\":\"La protezione civile ha aggiornato le previsioni per le prossime ore. Nel Varesotto previste nevicate anche a 8-900 metri\",\"breadcrumb\":{\"@id\":\"https:\/\/staging.varesenews.it\/2019\/11\/weekend-allinsegna-della-neve-anche-bassa-quota\/873302\/#breadcrumb\"},\"inLanguage\":\"it-IT\",\"potentialAction\":[{\"@type\":\"ReadAction\",\"target\":[\"https:\/\/staging.varesenews.it\/2019\/11\/weekend-allinsegna-della-neve-anche-bassa-quota\/873302\/\"]}]},{\"@type\":\"BreadcrumbList\",\"@id\":\"https:\/\/staging.varesenews.it\/2019\/11\/weekend-allinsegna-della-neve-anche-bassa-quota\/873302\/#breadcrumb\",\"itemListElement\":[{\"@type\":\"ListItem\",\"position\":1,\"name\":\"Home\",\"item\":\"https:\/\/www.varesenews.it\/\"},{\"@type\":\"ListItem\",\"position\":2,\"name\":\"Weekend all&#8217;insegna della neve (anche a bassa quota)\"}]},{\"@type\":\"WebSite\",\"@id\":\"https:\/\/staging.varesenews.it\/#website\",\"url\":\"https:\/\/staging.varesenews.it\/\",\"name\":\"VareseNews\",\"description\":\"\",\"potentialAction\":[{\"@type\":\"SearchAction\",\"target\":{\"@type\":\"EntryPoint\",\"urlTemplate\":\"https:\/\/staging.varesenews.it\/?s={search_term_string}\"},\"query-input\":\"required name=search_term_string\"}],\"inLanguage\":\"it-IT\"},{\"@type\":\"Person\",\"@id\":\"https:\/\/staging.varesenews.it\/#\/schema\/person\/f0b866bf1a4a7b2b1558574309a927fa\",\"name\":\"Marco Corso\",\"image\":{\"@type\":\"ImageObject\",\"inLanguage\":\"it-IT\",\"@id\":\"https:\/\/staging.varesenews.it\/#\/schema\/person\/image\/\",\"url\":\"https:\/\/staging.varesenews.it\/wp-content\/uploads\/2020\/12\/marco_corso_colori_500.jpg\",\"contentUrl\":\"https:\/\/staging.varesenews.it\/wp-content\/uploads\/2020\/12\/marco_corso_colori_500.jpg\",\"caption\":\"Marco Corso\"},\"description\":\"Classe 91, per diversi anni mi sono fregiato del titolo di pi&ugrave; giovane della redazione, ma adesso faccio il fratello maggiore alle nuove leve. Mi sono laureato nel 2013 in Scienze Sociali per la Globalizzazione alla Statale di Milano e nel 2015 mi sono diplomato in videogiornalismo alla Civica Scuola di Cinema di Milano. A VareseNews da 10 anni, ho seguito da sempre diversi progetti, partendo dalla mia Busto Arsizio per attraversare tutta la provincia. Adesso la \\\"sorvolo\\\" anche con il mio drone, regalando alle mie riprese sempre un punto di vista emozionale e narrativo sui luoghi e le vicende che racconto, ma rimanendo fedele alla cronaca. Quando non faccio il giornalista viaggio o mi arrampico sui monti, per guardare il mondo da altri punti di vista.\",\"sameAs\":[\"mar_corso\"],\"url\":\"https:\/\/staging.varesenews.it\/persona\/marco-corso1\/\"}]}<\/script>\n<!-- \/ Yoast SEO plugin. -->","yoast_head_json":{"title":"Weekend all'insegna della neve (anche a bassa quota)","description":"La protezione civile ha aggiornato le previsioni per le prossime ore. Nel Varesotto previste nevicate anche a 8-900 metri","robots":{"index":"noindex","follow":"follow","max-snippet":"max-snippet:-1","max-image-preview":"max-image-preview:large","max-video-preview":"max-video-preview:-1"},"og_locale":"it_IT","og_type":"article","og_title":"Weekend all'insegna della neve (anche a bassa quota)","og_description":"La protezione civile ha aggiornato le previsioni per le prossime ore. Nel Varesotto previste nevicate anche a 8-900 metri","og_url":"https:\/\/staging.varesenews.it\/2019\/11\/weekend-allinsegna-della-neve-anche-bassa-quota\/873302\/","og_site_name":"VareseNews","article_publisher":"https:\/\/www.facebook.com\/varesenews","article_published_time":"2019-11-15T15:29:06+00:00","article_modified_time":"2019-11-20T16:20:30+00:00","author":"Marco Corso","twitter_card":"summary_large_image","twitter_creator":"@varesenews","twitter_site":"@varesenews","twitter_misc":{"Scritto da":"Marco Corso","Tempo di lettura stimato":"2 minuti"},"schema":{"@context":"https:\/\/schema.org","@graph":[{"@type":"WebPage","@id":"https:\/\/staging.varesenews.it\/2019\/11\/weekend-allinsegna-della-neve-anche-bassa-quota\/873302\/","url":"https:\/\/staging.varesenews.it\/2019\/11\/weekend-allinsegna-della-neve-anche-bassa-quota\/873302\/","name":"Weekend all'insegna della neve (anche a bassa quota)","isPartOf":{"@id":"https:\/\/staging.varesenews.it\/#website"},"datePublished":"2019-11-15T15:29:06+00:00","dateModified":"2019-11-20T16:20:30+00:00","author":{"@id":"https:\/\/staging.varesenews.it\/#\/schema\/person\/f0b866bf1a4a7b2b1558574309a927fa"},"description":"La protezione civile ha aggiornato le previsioni per le prossime ore. Nel Varesotto previste nevicate anche a 8-900 metri","breadcrumb":{"@id":"https:\/\/staging.varesenews.it\/2019\/11\/weekend-allinsegna-della-neve-anche-bassa-quota\/873302\/#breadcrumb"},"inLanguage":"it-IT","potentialAction":[{"@type":"ReadAction","target":["https:\/\/staging.varesenews.it\/2019\/11\/weekend-allinsegna-della-neve-anche-bassa-quota\/873302\/"]}]},{"@type":"BreadcrumbList","@id":"https:\/\/staging.varesenews.it\/2019\/11\/weekend-allinsegna-della-neve-anche-bassa-quota\/873302\/#breadcrumb","itemListElement":[{"@type":"ListItem","position":1,"name":"Home","item":"https:\/\/www.varesenews.it\/"},{"@type":"ListItem","position":2,"name":"Weekend all&#8217;insegna della neve (anche a bassa quota)"}]},{"@type":"WebSite","@id":"https:\/\/staging.varesenews.it\/#website","url":"https:\/\/staging.varesenews.it\/","name":"VareseNews","description":"","potentialAction":[{"@type":"SearchAction","target":{"@type":"EntryPoint","urlTemplate":"https:\/\/staging.varesenews.it\/?s={search_term_string}"},"query-input":"required name=search_term_string"}],"inLanguage":"it-IT"},{"@type":"Person","@id":"https:\/\/staging.varesenews.it\/#\/schema\/person\/f0b866bf1a4a7b2b1558574309a927fa","name":"Marco Corso","image":{"@type":"ImageObject","inLanguage":"it-IT","@id":"https:\/\/staging.varesenews.it\/#\/schema\/person\/image\/","url":"https:\/\/staging.varesenews.it\/wp-content\/uploads\/2020\/12\/marco_corso_colori_500.jpg","contentUrl":"https:\/\/staging.varesenews.it\/wp-content\/uploads\/2020\/12\/marco_corso_colori_500.jpg","caption":"Marco Corso"},"description":"Classe 91, per diversi anni mi sono fregiato del titolo di pi&ugrave; giovane della redazione, ma adesso faccio il fratello maggiore alle nuove leve. Mi sono laureato nel 2013 in Scienze Sociali per la Globalizzazione alla Statale di Milano e nel 2015 mi sono diplomato in videogiornalismo alla Civica Scuola di Cinema di Milano. A VareseNews da 10 anni, ho seguito da sempre diversi progetti, partendo dalla mia Busto Arsizio per attraversare tutta la provincia. Adesso la \"sorvolo\" anche con il mio drone, regalando alle mie riprese sempre un punto di vista emozionale e narrativo sui luoghi e le vicende che racconto, ma rimanendo fedele alla cronaca. Quando non faccio il giornalista viaggio o mi arrampico sui monti, per guardare il mondo da altri punti di vista.","sameAs":["mar_corso"],"url":"https:\/\/staging.varesenews.it\/persona\/marco-corso1\/"}]}},"post_meta":{"_edit_lock":"1574266794:52","_edit_last":"52","_oembed_a5211c6a43861c0a20048ede9b3b864a":"<blockquote class=\"wp-embedded-content\" data-secret=\"h6wQhGajLd\"><a href=\"https:\/\/www.varesenews.it\/2019\/11\/neve-strade-interrotte-e-disagi-nelle-valli-ossolane\/873191\/\">Strade interrotte e disagi per la neve nelle Valli Ossolane<\/a><\/blockquote><iframe class=\"wp-embedded-content\" sandbox=\"allow-scripts\" security=\"restricted\" style=\"position: absolute; clip: rect(1px, 1px, 1px, 1px);\" src=\"https:\/\/www.varesenews.it\/2019\/11\/neve-strade-interrotte-e-disagi-nelle-valli-ossolane\/873191\/embed\/#?secret=h6wQhGajLd\" data-secret=\"h6wQhGajLd\" width=\"500\" height=\"282\" title=\"&#8220;Strade interrotte e disagi per la neve nelle Valli Ossolane&#8221; &#8212; VareseNews\" frameborder=\"0\" marginwidth=\"0\" marginheight=\"0\" scrolling=\"no\"><\/iframe>","_oembed_time_a5211c6a43861c0a20048ede9b3b864a":"1574266841","_category_permalink":"a:1:{s:8:\"category\";s:1:\"7\";}","foto":"769285","id_link_fotogallery":"873212","argomento":"Meteo","_yoast_wpseo_content_score":"30","_jd_tweet_this":"yes","firma_come_redazione":"1","ratings_users":"0","ratings_score":"0","ratings_average":"0","_wpt_short_url":"https:\/\/www.varesenews.it\/2019\/11\/weekend-allinsegna-della-neve-anche-bassa-quota\/873302\/","_wp_jd_target":"https:\/\/www.varesenews.it\/2019\/11\/weekend-allinsegna-della-neve-anche-bassa-quota\/873302\/","_jd_wp_twitter":"a:1:{i:0;s:167:\"Weekend all\u2019insegna della neve (anche a bassa quota) https:\/\/www.varesenews.it\/2019\/11\/weekend-allinsegna-della-neve-anche-bassa-quota\/873302\/ #maltempo #meteo #neve\";}","_wpt_status_message":"Tweet inviato con successo."},"photos":[{"original":"https:\/\/staging.varesenews.it\/photogallery_new\/images\/2019\/11\/neve-al-passo-forcora-novembre-2019-769285.jpg","full":"https:\/\/staging.varesenews.it\/photogallery_new\/images\/2019\/11\/neve-al-passo-forcora-novembre-2019-769285.1024x768.jpg","large":"https:\/\/staging.varesenews.it\/photogallery_new\/images\/2019\/11\/neve-al-passo-forcora-novembre-2019-769285.610x431.jpg"}],"_links":{"self":[{"href":"https:\/\/staging.varesenews.it\/swgapi\/v1\/wp\/v2\/posts\/873302"}],"collection":[{"href":"https:\/\/staging.varesenews.it\/swgapi\/v1\/wp\/v2\/posts"}],"about":[{"href":"https:\/\/staging.varesenews.it\/swgapi\/v1\/wp\/v2\/types\/post"}],"author":[{"embeddable":true,"href":"https:\/\/staging.varesenews.it\/swgapi\/v1\/wp\/v2\/users\/42"}],"replies":[{"embeddable":true,"href":"https:\/\/staging.varesenews.it\/swgapi\/v1\/wp\/v2\/comments?post=873302"}],"version-history":[{"count":0,"href":"https:\/\/staging.varesenews.it\/swgapi\/v1\/wp\/v2\/posts\/873302\/revisions"}],"wp:attachment":[{"href":"https:\/\/staging.varesenews.it\/swgapi\/v1\/wp\/v2\/media?parent=873302"}],"wp:term":[{"taxonomy":"category","embeddable":true,"href":"https:\/\/staging.varesenews.it\/swgapi\/v1\/wp\/v2\/categories?post=873302"},{"taxonomy":"post_tag","embeddable":true,"href":"https:\/\/staging.varesenews.it\/swgapi\/v1\/wp\/v2\/tags?post=873302"}],"curies":[{"name":"wp","href":"https:\/\/api.w.org\/{rel}","templated":true}]}}