{"id":873538,"date":"2019-11-16T17:26:55","date_gmt":"2019-11-16T16:26:55","guid":{"rendered":"https:\/\/www.varesenews.it\/?p=873538"},"modified":"2019-11-16T17:26:55","modified_gmt":"2019-11-16T16:26:55","slug":"territori-tour-luinese-si-racconta","status":"publish","type":"post","link":"https:\/\/staging.varesenews.it\/2019\/11\/territori-tour-luinese-si-racconta\/873538\/","title":{"rendered":"Territori in Tour, il Luinese si racconta"},"content":{"rendered":"<p>Il <strong>lago<\/strong> e la <strong>natura<\/strong>, l\u2019arte del <strong>produrre<\/strong> che ha lasciato il posto al <strong>turismo<\/strong>, pur mantenendo enormi capacit\u00e0 creative e <strong>manodopera<\/strong> altamente qualificata che ogni giorno combatte a spada tratta contro il forte richiamo della <strong>Svizzera<\/strong>.<\/p>\n<div class=\"related-posts related-01\"><h4>Leggi anche<\/h4><ul><li><a title=\"Luino fra passato e futuro: una sfida che passa dalla rete\" target=\"_blank\" href=\"https:\/\/staging.varesenews.it\/2019\/06\/luino-fra-passato-futuro-sfida-passa-dalla-rete\/831499\/\"><strong>Luino <\/strong> - Luino fra passato e futuro: una sfida che passa dalla rete<\/a><\/li><li><a title=\"\u00abL\u2019identit\u00e0 \u00e8 lo spirito guida per il futuro della citt\u00e0\u00bb\" target=\"_blank\" href=\"https:\/\/staging.varesenews.it\/2019\/06\/lidentita-lo-spirito-guida-futuro-della-citta\/831789\/\"><strong>Luino <\/strong> - \u00abL\u2019identit\u00e0 \u00e8 lo spirito guida per il futuro della citt\u00e0\u00bb<\/a><\/li><li><a title=\"La medicina delle tre \u201cT\u201d che fa bene al Confine\" target=\"_blank\" href=\"https:\/\/staging.varesenews.it\/2019\/06\/la-medicina-delle-tre-t-bene-al-confine\/832147\/\"><strong>Maccagno con Pino e Veddasca <\/strong> - La medicina delle tre \u201cT\u201d che fa bene al Confine<\/a><\/li><li><a title=\"\u00abRestare e non partire, il futuro rimanga qui\u00bb\" target=\"_blank\" href=\"https:\/\/staging.varesenews.it\/2019\/06\/restare-non-partire-futuro-rimanga\/832471\/\"><strong>Luino <\/strong> - \u00abRestare e non partire, il futuro rimanga qui\u00bb<\/a><\/li><li><a title=\"Luinese tra passato e futuro, fotografia di un territorio che appassiona\" target=\"_blank\" href=\"https:\/\/staging.varesenews.it\/2019\/11\/luinese-passato-futuro-fotografia-un-territorio-appassiona\/875454\/\"><strong>Luino <\/strong> - Luinese tra passato e futuro, fotografia di un territorio che appassiona<\/a><\/li><\/ul><\/div>\n<p><strong>E poi il recupero delle aree dismesse<\/strong>, il potenziamento delle infrastrutture di collegamento &#8211; in un momento delicato per il traffico stradale ma anche ferroviario &#8211; e i rapporti con il Canton Ticino: sono le principali sfide che attendono Luino per costruire un futuro che, partendo dal lago, possa fondarsi sugli asset strategici del turismo, della cultura, dello sport, del commercio e della manifattura.<\/p>\n<div class=\"photo-inside-post\"><img decoding=\"async\" loading=\"lazy\" fetchpriority=\"low\" width=\"610\" height=\"431\" src=\"https:\/\/staging.varesenews.it\/photogallery_new\/images\/2019\/11\/avarie-770203.610x431.jpg\" alt=\"Avarie\"><\/div>\n<p>Tutti questi argomenti, e molti altri, saranno al centro della serata che riporter\u00e0 a Luino <strong>\u201cTerritori in Tour\u201d, il grande progetto di narrazione crossmediale realizzato da Varesenews su impulso di Confartigianato imprese Varese<\/strong> e strutturato in cinque tappe di cui Luino rappresenta un\u2019eccezione, visto che non \u00e8 la quinta citt\u00e0 del territorio provinciale.<\/p>\n<p>Eppure \u00e8 un <strong>punto di riferimento per l\u2019area Nord della Provincia<\/strong> di Varese, anche se non raggiunge i 15mila abitanti di popolazione. Lo \u00e8 nei fatti, anche se le manca una caratteristica fondamentale, che oggi rappresenta probabilmente la vera lacuna da colmare per la citt\u00e0 lacuale, ovvero la presenza di una rete di collegamenti sul territorio che la rendano facilmente raggiungibile. Le infrastrutture, antica e mai risolta questione per la citt\u00e0 di Piero Chiara e del Mercato.<\/p>\n<div class=\"photo-inside-post\"><img decoding=\"async\" loading=\"lazy\" fetchpriority=\"low\" width=\"610\" height=\"431\" src=\"https:\/\/staging.varesenews.it\/photogallery_new\/images\/2019\/11\/avarie-770202.610x431.jpg\" alt=\"Avarie\"><\/div>\n<p><strong>Di questo e di tanto altro ancora parleremo gioved\u00ec 21 novembre dalle 20.30 a Palazzo Verbania<\/strong> (viale Dante Alighieri, 5 \u2013 iscrizioni su <a href=\"http:\/\/www.asarva.org\">www.asarva.org<\/a> partecipazione gratuita) in occasione della quarta tappa del \u201cdopo tour\u201d di Territori In Tour. Nel corso della serata \u00e8 previsto un confronto con gli attori territoriali e verr\u00e0 proiettato un <strong>docufilm<\/strong> che riassume gli spunti pi\u00f9 significativi emersi dal viaggio compiuto la scorsa estate.<\/p>\n<p><strong>PER ISCRIVERSI<\/strong> &#8211; L\u2019ingresso sar\u00e0 libero, e solo per questioni logistiche \u00e8 gradita la semplice iscrizione sul sito Eventbrite (basta un minuto) a questo indirizzo: <a href=\"https:\/\/www.eventbrite.it\/e\/76433132557\">https:\/\/www.eventbrite.it\/e\/76433132557 <\/a><\/p>\n<p><strong>L\u2019EVENTO FACEBOOK<\/strong> &#8211; A questo indirizzo invece l\u2019evento su Facebook <a href=\"https:\/\/www.facebook.com\/events\/958947237809004\/\">https:\/\/www.facebook.com\/events\/958947237809004\/<\/a> .<\/p>\n<p><strong>LE ALTRE SERATE<\/strong> &#8211; <a href=\"https:\/\/www.varesenews.it\/2019\/10\/territori-tour-la-serata-docufilm-riempiono-villa-gianetti\/861905\/\">Saronno<\/a> &#8211; <a href=\"https:\/\/www.varesenews.it\/2019\/10\/territori-tour-tappa-ai-molini-marzoli-protagonisti-del-cambiamento\/862603\/\">Busto Arsizio<\/a> &#8211; <a href=\"https:\/\/www.varesenews.it\/2019\/11\/uno-snodo-ferroviario-autostradale-fondamentale-territori-tour-arriva-gallarate\/873042\/\">Gallarate<\/a> .<\/p>\n","protected":false},"excerpt":{"rendered":"<p>Un viaggio nel presente per immaginarsi un futuro legato al cambiamento, ascoltando gli interpreti di uno dei territori pi\u00f9 affascinanti della Lombardia. Appuntamento gioved\u00ec 21<\/p>\n","protected":false},"author":34,"featured_media":0,"comment_status":"open","ping_status":"open","sticky":false,"template":"","format":"standard","meta":{"footnotes":""},"categories":[2],"tags":[562,6407,97328],"acf":[],"yoast_head":"<!-- This site is optimized with the Yoast SEO plugin v20.1 - https:\/\/yoast.com\/wordpress\/plugins\/seo\/ -->\n<title>Territori in Tour, il Luinese si racconta<\/title>\n<meta name=\"description\" content=\"Un viaggio nel presente per immaginarsi un futuro legato al cambiamento, ascoltando gli interpreti di uno dei territori pi\u00f9 affascinanti della Lombardia. Appuntamento gioved\u00ec 21\" \/>\n<meta name=\"robots\" content=\"noindex, follow, max-snippet:-1, max-image-preview:large, max-video-preview:-1\" \/>\n<meta property=\"og:locale\" content=\"it_IT\" \/>\n<meta property=\"og:type\" content=\"article\" \/>\n<meta property=\"og:title\" content=\"Territori in Tour, il Luinese si racconta\" \/>\n<meta property=\"og:description\" content=\"Un viaggio nel presente per immaginarsi un futuro legato al cambiamento, ascoltando gli interpreti di uno dei territori pi\u00f9 affascinanti della Lombardia. Appuntamento gioved\u00ec 21\" \/>\n<meta property=\"og:url\" content=\"https:\/\/staging.varesenews.it\/2019\/11\/territori-tour-luinese-si-racconta\/873538\/\" \/>\n<meta property=\"og:site_name\" content=\"VareseNews\" \/>\n<meta property=\"article:publisher\" content=\"https:\/\/www.facebook.com\/varesenews\" \/>\n<meta property=\"article:author\" content=\"https:\/\/www.facebook.com\/andrea.camurani?fref=photo\" \/>\n<meta property=\"article:published_time\" content=\"2019-11-16T16:26:55+00:00\" \/>\n<meta name=\"author\" content=\"Andrea Camurani\" \/>\n<meta name=\"twitter:card\" content=\"summary_large_image\" \/>\n<meta name=\"twitter:creator\" content=\"@AndreaCamurani\" \/>\n<meta name=\"twitter:site\" content=\"@varesenews\" \/>\n<meta name=\"twitter:label1\" content=\"Scritto da\" \/>\n\t<meta name=\"twitter:data1\" content=\"Andrea Camurani\" \/>\n\t<meta name=\"twitter:label2\" content=\"Tempo di lettura stimato\" \/>\n\t<meta name=\"twitter:data2\" content=\"2 minuti\" \/>\n<script type=\"application\/ld+json\" class=\"yoast-schema-graph\">{\"@context\":\"https:\/\/schema.org\",\"@graph\":[{\"@type\":\"WebPage\",\"@id\":\"https:\/\/staging.varesenews.it\/2019\/11\/territori-tour-luinese-si-racconta\/873538\/\",\"url\":\"https:\/\/staging.varesenews.it\/2019\/11\/territori-tour-luinese-si-racconta\/873538\/\",\"name\":\"Territori in Tour, il Luinese si racconta\",\"isPartOf\":{\"@id\":\"https:\/\/staging.varesenews.it\/#website\"},\"datePublished\":\"2019-11-16T16:26:55+00:00\",\"dateModified\":\"2019-11-16T16:26:55+00:00\",\"author\":{\"@id\":\"https:\/\/staging.varesenews.it\/#\/schema\/person\/3eb5832c6beae763de8d9596fdbe8c49\"},\"description\":\"Un viaggio nel presente per immaginarsi un futuro legato al cambiamento, ascoltando gli interpreti di uno dei territori pi\u00f9 affascinanti della Lombardia. Appuntamento gioved\u00ec 21\",\"breadcrumb\":{\"@id\":\"https:\/\/staging.varesenews.it\/2019\/11\/territori-tour-luinese-si-racconta\/873538\/#breadcrumb\"},\"inLanguage\":\"it-IT\",\"potentialAction\":[{\"@type\":\"ReadAction\",\"target\":[\"https:\/\/staging.varesenews.it\/2019\/11\/territori-tour-luinese-si-racconta\/873538\/\"]}]},{\"@type\":\"BreadcrumbList\",\"@id\":\"https:\/\/staging.varesenews.it\/2019\/11\/territori-tour-luinese-si-racconta\/873538\/#breadcrumb\",\"itemListElement\":[{\"@type\":\"ListItem\",\"position\":1,\"name\":\"Home\",\"item\":\"https:\/\/www.varesenews.it\/\"},{\"@type\":\"ListItem\",\"position\":2,\"name\":\"Territori in Tour, il Luinese si racconta\"}]},{\"@type\":\"WebSite\",\"@id\":\"https:\/\/staging.varesenews.it\/#website\",\"url\":\"https:\/\/staging.varesenews.it\/\",\"name\":\"VareseNews\",\"description\":\"\",\"potentialAction\":[{\"@type\":\"SearchAction\",\"target\":{\"@type\":\"EntryPoint\",\"urlTemplate\":\"https:\/\/staging.varesenews.it\/?s={search_term_string}\"},\"query-input\":\"required name=search_term_string\"}],\"inLanguage\":\"it-IT\"},{\"@type\":\"Person\",\"@id\":\"https:\/\/staging.varesenews.it\/#\/schema\/person\/3eb5832c6beae763de8d9596fdbe8c49\",\"name\":\"Andrea Camurani\",\"image\":{\"@type\":\"ImageObject\",\"inLanguage\":\"it-IT\",\"@id\":\"https:\/\/staging.varesenews.it\/#\/schema\/person\/image\/\",\"url\":\"https:\/\/staging.varesenews.it\/wp-content\/uploads\/2020\/12\/andrea_camurani_colori_500.jpg\",\"contentUrl\":\"https:\/\/staging.varesenews.it\/wp-content\/uploads\/2020\/12\/andrea_camurani_colori_500.jpg\",\"caption\":\"Andrea Camurani\"},\"description\":\"Sono figlio degli anni Settanta e di Milano, dove ho imparato a riconoscere buoni e cattivi. Laurea in scienze politiche, lavoro a VareseNews dal 2000. Racconto quel che trovo quando incontro chi vuole lasciare al mondo un pezzetto di vita, che si chiama cronaca. &ldquo;...perch&eacute; &egrave; la gente il pi&ugrave; grande spettacolo del mondo. E non si paga il biglietto...&rdquo; (Charles Bukowsky)\",\"sameAs\":[\"https:\/\/www.facebook.com\/andrea.camurani?fref=photo\",\"andreacamurani\",\"https:\/\/www.linkedin.com\/hp\/?dnr=A9a84RfzsLdo9xg4NcGV4dLiMknoc9ms4WM\",\"https:\/\/twitter.com\/AndreaCamurani\"],\"url\":\"https:\/\/staging.varesenews.it\/persona\/andrea_camurani\/\"}]}<\/script>\n<!-- \/ Yoast SEO plugin. -->","yoast_head_json":{"title":"Territori in Tour, il Luinese si racconta","description":"Un viaggio nel presente per immaginarsi un futuro legato al cambiamento, ascoltando gli interpreti di uno dei territori pi\u00f9 affascinanti della Lombardia. Appuntamento gioved\u00ec 21","robots":{"index":"noindex","follow":"follow","max-snippet":"max-snippet:-1","max-image-preview":"max-image-preview:large","max-video-preview":"max-video-preview:-1"},"og_locale":"it_IT","og_type":"article","og_title":"Territori in Tour, il Luinese si racconta","og_description":"Un viaggio nel presente per immaginarsi un futuro legato al cambiamento, ascoltando gli interpreti di uno dei territori pi\u00f9 affascinanti della Lombardia. Appuntamento gioved\u00ec 21","og_url":"https:\/\/staging.varesenews.it\/2019\/11\/territori-tour-luinese-si-racconta\/873538\/","og_site_name":"VareseNews","article_publisher":"https:\/\/www.facebook.com\/varesenews","article_author":"https:\/\/www.facebook.com\/andrea.camurani?fref=photo","article_published_time":"2019-11-16T16:26:55+00:00","author":"Andrea Camurani","twitter_card":"summary_large_image","twitter_creator":"@AndreaCamurani","twitter_site":"@varesenews","twitter_misc":{"Scritto da":"Andrea Camurani","Tempo di lettura stimato":"2 minuti"},"schema":{"@context":"https:\/\/schema.org","@graph":[{"@type":"WebPage","@id":"https:\/\/staging.varesenews.it\/2019\/11\/territori-tour-luinese-si-racconta\/873538\/","url":"https:\/\/staging.varesenews.it\/2019\/11\/territori-tour-luinese-si-racconta\/873538\/","name":"Territori in Tour, il Luinese si racconta","isPartOf":{"@id":"https:\/\/staging.varesenews.it\/#website"},"datePublished":"2019-11-16T16:26:55+00:00","dateModified":"2019-11-16T16:26:55+00:00","author":{"@id":"https:\/\/staging.varesenews.it\/#\/schema\/person\/3eb5832c6beae763de8d9596fdbe8c49"},"description":"Un viaggio nel presente per immaginarsi un futuro legato al cambiamento, ascoltando gli interpreti di uno dei territori pi\u00f9 affascinanti della Lombardia. Appuntamento gioved\u00ec 21","breadcrumb":{"@id":"https:\/\/staging.varesenews.it\/2019\/11\/territori-tour-luinese-si-racconta\/873538\/#breadcrumb"},"inLanguage":"it-IT","potentialAction":[{"@type":"ReadAction","target":["https:\/\/staging.varesenews.it\/2019\/11\/territori-tour-luinese-si-racconta\/873538\/"]}]},{"@type":"BreadcrumbList","@id":"https:\/\/staging.varesenews.it\/2019\/11\/territori-tour-luinese-si-racconta\/873538\/#breadcrumb","itemListElement":[{"@type":"ListItem","position":1,"name":"Home","item":"https:\/\/www.varesenews.it\/"},{"@type":"ListItem","position":2,"name":"Territori in Tour, il Luinese si racconta"}]},{"@type":"WebSite","@id":"https:\/\/staging.varesenews.it\/#website","url":"https:\/\/staging.varesenews.it\/","name":"VareseNews","description":"","potentialAction":[{"@type":"SearchAction","target":{"@type":"EntryPoint","urlTemplate":"https:\/\/staging.varesenews.it\/?s={search_term_string}"},"query-input":"required name=search_term_string"}],"inLanguage":"it-IT"},{"@type":"Person","@id":"https:\/\/staging.varesenews.it\/#\/schema\/person\/3eb5832c6beae763de8d9596fdbe8c49","name":"Andrea Camurani","image":{"@type":"ImageObject","inLanguage":"it-IT","@id":"https:\/\/staging.varesenews.it\/#\/schema\/person\/image\/","url":"https:\/\/staging.varesenews.it\/wp-content\/uploads\/2020\/12\/andrea_camurani_colori_500.jpg","contentUrl":"https:\/\/staging.varesenews.it\/wp-content\/uploads\/2020\/12\/andrea_camurani_colori_500.jpg","caption":"Andrea Camurani"},"description":"Sono figlio degli anni Settanta e di Milano, dove ho imparato a riconoscere buoni e cattivi. Laurea in scienze politiche, lavoro a VareseNews dal 2000. Racconto quel che trovo quando incontro chi vuole lasciare al mondo un pezzetto di vita, che si chiama cronaca. &ldquo;...perch&eacute; &egrave; la gente il pi&ugrave; grande spettacolo del mondo. E non si paga il biglietto...&rdquo; (Charles Bukowsky)","sameAs":["https:\/\/www.facebook.com\/andrea.camurani?fref=photo","andreacamurani","https:\/\/www.linkedin.com\/hp\/?dnr=A9a84RfzsLdo9xg4NcGV4dLiMknoc9ms4WM","https:\/\/twitter.com\/AndreaCamurani"],"url":"https:\/\/staging.varesenews.it\/persona\/andrea_camurani\/"}]}},"post_meta":{"_edit_lock":"1573921508:34","_edit_last":"34","_category_permalink":"a:1:{s:8:\"category\";s:0:\"\";}","ratings_users":"0","ratings_score":"0","ratings_average":"0","id_leggi_anche":"831499,831789,832147,832471,875454","foto":"770204","firma_come_redazione":"1","argomento":"Luino","_yoast_wpseo_content_score":"30","_jd_tweet_this":"yes","_wpt_short_url":"https:\/\/www.varesenews.it\/2019\/11\/territori-tour-luinese-si-racconta\/873538\/","_wp_jd_target":"https:\/\/www.varesenews.it\/2019\/11\/territori-tour-luinese-si-racconta\/873538\/","_jd_wp_twitter":"a:1:{i:0;s:152:\"Territori in Tour, il Luinese si racconta https:\/\/www.varesenews.it\/2019\/11\/territori-tour-luinese-si-racconta\/873538\/ #palazzoverbania #territoriintour\";}","_wpt_status_message":"Tweet inviato con successo."},"photos":[{"original":"https:\/\/staging.varesenews.it\/photogallery_new\/images\/2019\/11\/avarie-770204.jpg","full":"https:\/\/staging.varesenews.it\/photogallery_new\/images\/2019\/11\/avarie-770204.1024x768.jpg","large":"https:\/\/staging.varesenews.it\/photogallery_new\/images\/2019\/11\/avarie-770204.610x431.jpg"}],"_links":{"self":[{"href":"https:\/\/staging.varesenews.it\/swgapi\/v1\/wp\/v2\/posts\/873538"}],"collection":[{"href":"https:\/\/staging.varesenews.it\/swgapi\/v1\/wp\/v2\/posts"}],"about":[{"href":"https:\/\/staging.varesenews.it\/swgapi\/v1\/wp\/v2\/types\/post"}],"author":[{"embeddable":true,"href":"https:\/\/staging.varesenews.it\/swgapi\/v1\/wp\/v2\/users\/34"}],"replies":[{"embeddable":true,"href":"https:\/\/staging.varesenews.it\/swgapi\/v1\/wp\/v2\/comments?post=873538"}],"version-history":[{"count":0,"href":"https:\/\/staging.varesenews.it\/swgapi\/v1\/wp\/v2\/posts\/873538\/revisions"}],"wp:attachment":[{"href":"https:\/\/staging.varesenews.it\/swgapi\/v1\/wp\/v2\/media?parent=873538"}],"wp:term":[{"taxonomy":"category","embeddable":true,"href":"https:\/\/staging.varesenews.it\/swgapi\/v1\/wp\/v2\/categories?post=873538"},{"taxonomy":"post_tag","embeddable":true,"href":"https:\/\/staging.varesenews.it\/swgapi\/v1\/wp\/v2\/tags?post=873538"}],"curies":[{"name":"wp","href":"https:\/\/api.w.org\/{rel}","templated":true}]}}