{"id":873549,"date":"2019-11-16T19:27:10","date_gmt":"2019-11-16T18:27:10","guid":{"rendered":"https:\/\/www.varesenews.it\/?p=873549"},"modified":"2019-11-16T19:27:10","modified_gmt":"2019-11-16T18:27:10","slug":"cassani-annuncia-la-ricandidatura","status":"publish","type":"post","link":"https:\/\/staging.varesenews.it\/2019\/11\/cassani-annuncia-la-ricandidatura\/873549\/","title":{"rendered":"Cassani annuncia la ricandidatura"},"content":{"rendered":"<p>\u201dCome abbiamo sempre detto, asfaltare una strada non \u00e8 n\u00e9 di destra d\u00e9 di sinistra. Il nostro obiettivo \u00e8 sempre stato lavorare per l\u2019interesse dei cittadini\u201d. Il sindaco di <strong>Casorate Sempione Dimitri Cassani ha ufficialmente lanciato la sua ricandidatura per le elezioni amministrative 2020<\/strong>.<\/p>\n<p>Una conferenza stampa forse un po\u2019 in anticipo con i tempi, ma fatta per chiarire tutti i dubbi. \u201cC\u2019erano diverse voci in paese, persone che chiedevano se mi sarei ricandidato. Non era scontato, perch\u00e9 un sindaco non si candida da solo. Viene scelto, prima dai compagni di lista e di coalizione, e poi dai cittadini\u201d.<\/p>\n<p>In municipio, a fianco del sindaco, erano presenti i rappresentanti delle liste a supporto. A partire dalla <b>Lega<\/b>, che con le parole del segretario conferma l\u2019appoggio a Cassani: \u201cSiamo pienamente soddisfatti dei risultati raggiunti in questi quattro anni dalla giunta, i consiglieri, e anche e soprattutto dai simpatizzanti della Lega, che hanno rilanciato il comune dopo anni di immobilismo delle amministrazioni di centrosinistra. Ci sar\u00e0 il tempo per parlare dei programmi, delle scelte, delle alleanze in senso ampio, consci della forza elettorale della Lega a livello regionale e nazionale. Ma lo faremo nei prossimi mesi, con il sindaco nel ruolo di regista\u201d.<\/p>\n<p>Cassani ha sottolineato le positivit\u00e0 di <b>un gruppo largo, composto da partiti e da liste civiche<\/b>: \u201cIl nostro \u00e8 un esperimento ben riuscito; mi piacerebbe vederlo replicato in altri contesti, pi\u00f9 ampi del nostro. Siamo un gruppo eterogeneo, che non nasconde alcune differenze di vedute. Ma abbiamo sempre lavorato bene\u201d. All\u2019interno della maggioranza c\u2019\u00e8, per esempio, <b>Rinascita Civica<\/b>, che tramite le parole di Carlo Demolli ribadisce \u201cil nostro impegno da civici; abbiamo portato avanti le nostre idee, ma sempre inseguendo un obiettivo comune\u201d.<\/p>\n<p><b>All\u2019appello mancano Forza Italia <\/b>(\u201cAlle scorse elezioni non trovammo un accordo; ma rimaniamo aperti anche a loro\u201d) <b>e Fratelli d\u2019Italia<\/b>, che nel 2015 non elesse nessun consigliere e attualmente si sta riorganizzando sul piano provinciale. \u201cMa porte aperte anche a loro\u201d.<\/p>\n<p>Ma intanto ci sono davanti diversi mesi prima delle elezioni, e alcuni lavori importanti come il rinnovamento di <b>piazza Mazzini<\/b>: \u201cAbbiamo completato l\u2019iter per i lavori (<a href=\"https:\/\/www.varesenews.it\/2018\/05\/piazza-recupero-dellex-municipio-un-volto-centro-casorate\/721746\/\">qui<\/a> il progetto); forse gi\u00e0 in questo mese riusciremo a completare la determina di assegnazione all\u2019impresa per cominciare i lavori, che cos\u00ec dovrebbero cominciare il prossimo anno\u201d.<\/p>\n<p>&nbsp;<\/p>\n","protected":false},"excerpt":{"rendered":"<p>Il sindaco uscente di Casorate ufficializza la ricandidatura con lo stesso gruppo. Attesa per Forza Italia e Fratelli d\u2019Italia<\/p>\n","protected":false},"author":15865,"featured_media":0,"comment_status":"open","ping_status":"open","sticky":false,"template":"","format":"standard","meta":{"footnotes":""},"categories":[3,16],"tags":[97471,286,355,14340,87341],"acf":[],"yoast_head":"<!-- This site is optimized with the Yoast SEO plugin v20.1 - https:\/\/yoast.com\/wordpress\/plugins\/seo\/ -->\n<title>Cassani annuncia la ricandidatura<\/title>\n<meta name=\"description\" content=\"Il sindaco uscente di Casorate ufficializza la ricandidatura con lo stesso gruppo. Attesa per Forza Italia e Fratelli d\u2019Italia\" \/>\n<meta name=\"robots\" content=\"noindex, follow, max-snippet:-1, max-image-preview:large, max-video-preview:-1\" \/>\n<meta property=\"og:locale\" content=\"it_IT\" \/>\n<meta property=\"og:type\" content=\"article\" \/>\n<meta property=\"og:title\" content=\"Cassani annuncia la ricandidatura\" \/>\n<meta property=\"og:description\" content=\"Il sindaco uscente di Casorate ufficializza la ricandidatura con lo stesso gruppo. Attesa per Forza Italia e Fratelli d\u2019Italia\" \/>\n<meta property=\"og:url\" content=\"https:\/\/staging.varesenews.it\/2019\/11\/cassani-annuncia-la-ricandidatura\/873549\/\" \/>\n<meta property=\"og:site_name\" content=\"VareseNews\" \/>\n<meta property=\"article:publisher\" content=\"https:\/\/www.facebook.com\/varesenews\" \/>\n<meta property=\"article:published_time\" content=\"2019-11-16T18:27:10+00:00\" \/>\n<meta name=\"author\" content=\"Marco Caccianiga\" \/>\n<meta name=\"twitter:card\" content=\"summary_large_image\" \/>\n<meta name=\"twitter:creator\" content=\"@varesenews\" \/>\n<meta name=\"twitter:site\" content=\"@varesenews\" \/>\n<meta name=\"twitter:label1\" content=\"Scritto da\" \/>\n\t<meta name=\"twitter:data1\" content=\"Marco Caccianiga\" \/>\n\t<meta name=\"twitter:label2\" content=\"Tempo di lettura stimato\" \/>\n\t<meta name=\"twitter:data2\" content=\"2 minuti\" \/>\n<script type=\"application\/ld+json\" class=\"yoast-schema-graph\">{\"@context\":\"https:\/\/schema.org\",\"@graph\":[{\"@type\":\"WebPage\",\"@id\":\"https:\/\/staging.varesenews.it\/2019\/11\/cassani-annuncia-la-ricandidatura\/873549\/\",\"url\":\"https:\/\/staging.varesenews.it\/2019\/11\/cassani-annuncia-la-ricandidatura\/873549\/\",\"name\":\"Cassani annuncia la ricandidatura\",\"isPartOf\":{\"@id\":\"https:\/\/staging.varesenews.it\/#website\"},\"datePublished\":\"2019-11-16T18:27:10+00:00\",\"dateModified\":\"2019-11-16T18:27:10+00:00\",\"author\":{\"@id\":\"https:\/\/staging.varesenews.it\/#\/schema\/person\/84ad54bc2b078fdd9aba0587b87dfaef\"},\"description\":\"Il sindaco uscente di Casorate ufficializza la ricandidatura con lo stesso gruppo. Attesa per Forza Italia e Fratelli d\u2019Italia\",\"breadcrumb\":{\"@id\":\"https:\/\/staging.varesenews.it\/2019\/11\/cassani-annuncia-la-ricandidatura\/873549\/#breadcrumb\"},\"inLanguage\":\"it-IT\",\"potentialAction\":[{\"@type\":\"ReadAction\",\"target\":[\"https:\/\/staging.varesenews.it\/2019\/11\/cassani-annuncia-la-ricandidatura\/873549\/\"]}]},{\"@type\":\"BreadcrumbList\",\"@id\":\"https:\/\/staging.varesenews.it\/2019\/11\/cassani-annuncia-la-ricandidatura\/873549\/#breadcrumb\",\"itemListElement\":[{\"@type\":\"ListItem\",\"position\":1,\"name\":\"Home\",\"item\":\"https:\/\/www.varesenews.it\/\"},{\"@type\":\"ListItem\",\"position\":2,\"name\":\"Cassani annuncia la ricandidatura\"}]},{\"@type\":\"WebSite\",\"@id\":\"https:\/\/staging.varesenews.it\/#website\",\"url\":\"https:\/\/staging.varesenews.it\/\",\"name\":\"VareseNews\",\"description\":\"\",\"potentialAction\":[{\"@type\":\"SearchAction\",\"target\":{\"@type\":\"EntryPoint\",\"urlTemplate\":\"https:\/\/staging.varesenews.it\/?s={search_term_string}\"},\"query-input\":\"required name=search_term_string\"}],\"inLanguage\":\"it-IT\"},{\"@type\":\"Person\",\"@id\":\"https:\/\/staging.varesenews.it\/#\/schema\/person\/84ad54bc2b078fdd9aba0587b87dfaef\",\"name\":\"Marco Caccianiga\",\"image\":{\"@type\":\"ImageObject\",\"inLanguage\":\"it-IT\",\"@id\":\"https:\/\/staging.varesenews.it\/#\/schema\/person\/image\/\",\"url\":\"https:\/\/staging.varesenews.it\/wp-content\/uploads\/2015\/03\/mistery.jpg\",\"contentUrl\":\"https:\/\/staging.varesenews.it\/wp-content\/uploads\/2015\/03\/mistery.jpg\",\"caption\":\"Marco Caccianiga\"},\"url\":\"https:\/\/staging.varesenews.it\/persona\/marco-caccianiga\/\"}]}<\/script>\n<!-- \/ Yoast SEO plugin. -->","yoast_head_json":{"title":"Cassani annuncia la ricandidatura","description":"Il sindaco uscente di Casorate ufficializza la ricandidatura con lo stesso gruppo. Attesa per Forza Italia e Fratelli d\u2019Italia","robots":{"index":"noindex","follow":"follow","max-snippet":"max-snippet:-1","max-image-preview":"max-image-preview:large","max-video-preview":"max-video-preview:-1"},"og_locale":"it_IT","og_type":"article","og_title":"Cassani annuncia la ricandidatura","og_description":"Il sindaco uscente di Casorate ufficializza la ricandidatura con lo stesso gruppo. Attesa per Forza Italia e Fratelli d\u2019Italia","og_url":"https:\/\/staging.varesenews.it\/2019\/11\/cassani-annuncia-la-ricandidatura\/873549\/","og_site_name":"VareseNews","article_publisher":"https:\/\/www.facebook.com\/varesenews","article_published_time":"2019-11-16T18:27:10+00:00","author":"Marco Caccianiga","twitter_card":"summary_large_image","twitter_creator":"@varesenews","twitter_site":"@varesenews","twitter_misc":{"Scritto da":"Marco Caccianiga","Tempo di lettura stimato":"2 minuti"},"schema":{"@context":"https:\/\/schema.org","@graph":[{"@type":"WebPage","@id":"https:\/\/staging.varesenews.it\/2019\/11\/cassani-annuncia-la-ricandidatura\/873549\/","url":"https:\/\/staging.varesenews.it\/2019\/11\/cassani-annuncia-la-ricandidatura\/873549\/","name":"Cassani annuncia la ricandidatura","isPartOf":{"@id":"https:\/\/staging.varesenews.it\/#website"},"datePublished":"2019-11-16T18:27:10+00:00","dateModified":"2019-11-16T18:27:10+00:00","author":{"@id":"https:\/\/staging.varesenews.it\/#\/schema\/person\/84ad54bc2b078fdd9aba0587b87dfaef"},"description":"Il sindaco uscente di Casorate ufficializza la ricandidatura con lo stesso gruppo. Attesa per Forza Italia e Fratelli d\u2019Italia","breadcrumb":{"@id":"https:\/\/staging.varesenews.it\/2019\/11\/cassani-annuncia-la-ricandidatura\/873549\/#breadcrumb"},"inLanguage":"it-IT","potentialAction":[{"@type":"ReadAction","target":["https:\/\/staging.varesenews.it\/2019\/11\/cassani-annuncia-la-ricandidatura\/873549\/"]}]},{"@type":"BreadcrumbList","@id":"https:\/\/staging.varesenews.it\/2019\/11\/cassani-annuncia-la-ricandidatura\/873549\/#breadcrumb","itemListElement":[{"@type":"ListItem","position":1,"name":"Home","item":"https:\/\/www.varesenews.it\/"},{"@type":"ListItem","position":2,"name":"Cassani annuncia la ricandidatura"}]},{"@type":"WebSite","@id":"https:\/\/staging.varesenews.it\/#website","url":"https:\/\/staging.varesenews.it\/","name":"VareseNews","description":"","potentialAction":[{"@type":"SearchAction","target":{"@type":"EntryPoint","urlTemplate":"https:\/\/staging.varesenews.it\/?s={search_term_string}"},"query-input":"required name=search_term_string"}],"inLanguage":"it-IT"},{"@type":"Person","@id":"https:\/\/staging.varesenews.it\/#\/schema\/person\/84ad54bc2b078fdd9aba0587b87dfaef","name":"Marco Caccianiga","image":{"@type":"ImageObject","inLanguage":"it-IT","@id":"https:\/\/staging.varesenews.it\/#\/schema\/person\/image\/","url":"https:\/\/staging.varesenews.it\/wp-content\/uploads\/2015\/03\/mistery.jpg","contentUrl":"https:\/\/staging.varesenews.it\/wp-content\/uploads\/2015\/03\/mistery.jpg","caption":"Marco Caccianiga"},"url":"https:\/\/staging.varesenews.it\/persona\/marco-caccianiga\/"}]}},"post_meta":{"_edit_lock":"1573928703:15865","_edit_last":"15865","_category_permalink":"a:1:{s:8:\"category\";s:0:\"\";}","foto":"770207","argomento":"Casorate Sempione","_yoast_wpseo_focuskw_text_input":"Casorate Cassani","_yoast_wpseo_focuskw":"Casorate Cassani","_yoast_wpseo_linkdex":"63","_yoast_wpseo_content_score":"60","_jd_tweet_this":"yes","ratings_users":"0","ratings_score":"0","ratings_average":"0","_wpt_short_url":"https:\/\/www.varesenews.it\/2019\/11\/cassani-annuncia-la-ricandidatura\/873549\/","_wp_jd_target":"https:\/\/www.varesenews.it\/2019\/11\/cassani-annuncia-la-ricandidatura\/873549\/","_jd_wp_twitter":"a:1:{i:0;s:145:\"Cassani annuncia la ricandidatura https:\/\/www.varesenews.it\/2019\/11\/cassani-annuncia-la-ricandidatura\/873549\/ #forzaitalia #fratelliditalia #lega\";}","_wpt_status_message":"Tweet inviato con successo."},"photos":[{"original":"https:\/\/staging.varesenews.it\/photogallery_new\/images\/2019\/11\/generico-2018-770207.jpg","full":"https:\/\/staging.varesenews.it\/photogallery_new\/images\/2019\/11\/generico-2018-770207.1024x768.jpg","large":"https:\/\/staging.varesenews.it\/photogallery_new\/images\/2019\/11\/generico-2018-770207.610x431.jpg"}],"_links":{"self":[{"href":"https:\/\/staging.varesenews.it\/swgapi\/v1\/wp\/v2\/posts\/873549"}],"collection":[{"href":"https:\/\/staging.varesenews.it\/swgapi\/v1\/wp\/v2\/posts"}],"about":[{"href":"https:\/\/staging.varesenews.it\/swgapi\/v1\/wp\/v2\/types\/post"}],"author":[{"embeddable":true,"href":"https:\/\/staging.varesenews.it\/swgapi\/v1\/wp\/v2\/users\/15865"}],"replies":[{"embeddable":true,"href":"https:\/\/staging.varesenews.it\/swgapi\/v1\/wp\/v2\/comments?post=873549"}],"version-history":[{"count":0,"href":"https:\/\/staging.varesenews.it\/swgapi\/v1\/wp\/v2\/posts\/873549\/revisions"}],"wp:attachment":[{"href":"https:\/\/staging.varesenews.it\/swgapi\/v1\/wp\/v2\/media?parent=873549"}],"wp:term":[{"taxonomy":"category","embeddable":true,"href":"https:\/\/staging.varesenews.it\/swgapi\/v1\/wp\/v2\/categories?post=873549"},{"taxonomy":"post_tag","embeddable":true,"href":"https:\/\/staging.varesenews.it\/swgapi\/v1\/wp\/v2\/tags?post=873549"}],"curies":[{"name":"wp","href":"https:\/\/api.w.org\/{rel}","templated":true}]}}