{"id":876322,"date":"2019-11-25T10:55:47","date_gmt":"2019-11-25T09:55:47","guid":{"rendered":"https:\/\/www.varesenews.it\/?p=876322"},"modified":"2019-11-25T10:57:27","modified_gmt":"2019-11-25T09:57:27","slug":"eduardo-sul-palcoscenico-cazzago","status":"publish","type":"post","link":"https:\/\/staging.varesenews.it\/2019\/11\/eduardo-sul-palcoscenico-cazzago\/876322\/","title":{"rendered":"Eduardo sul palcoscenico a Cazzago"},"content":{"rendered":"<p><strong>Sabato 30 novembre 2019 alle 21.00<\/strong> la compagnia teatrale <strong>\u201cLe 12 lune\u201d<\/strong> presenta <strong>\u201cBene mio e core mio\u201d<\/strong> commedia in tre atti di Eduardo De Filippo, regia di Agostino Landi. Lo spettacolo si terr\u00e0 presso il <strong>Teatro dell\u2019oratorio di Cazzago Brabbia<\/strong> (Via G. Pascoli) . L&#8217;ingresso \u00e8 libero.<\/p>\n<p>La commedia non \u00e8 tra i lavori pi\u00f9 conosciuti del prestigioso autore, ma il livello \u00e8 sempre alto. Si tratta di una satira (il titolo \u201cBene mio e core mio\u201d \u00e8 ferocemente sarcastico) che racconta come gli affetti familiari possano essere viziati da egoismi e interessi personali.<\/p>\n<p>La nuova compagnia \u00e8 composta attualmente di dodici persone, compresi il regista e Fausto Guerzoni (supporto tecnico) e si avvale di Chiara Giorgetti come suggeritrice.<\/p>\n<p>&nbsp;<\/p>\n","protected":false},"excerpt":{"rendered":"<p>Sabato 30 novembre 2019 alle 21.00 la compagnia teatrale \u201cLe 12 lune\u201d presenta \u201cBene mio e core mio\u201d commedia in tre atti. Ingresso libero<\/p>\n","protected":false},"author":49,"featured_media":0,"comment_status":"open","ping_status":"open","sticky":false,"template":"","format":"standard","meta":{"footnotes":""},"categories":[2],"tags":[717,314,158],"acf":[],"yoast_head":"<!-- This site is optimized with the Yoast SEO plugin v20.1 - https:\/\/yoast.com\/wordpress\/plugins\/seo\/ -->\n<title>Eduardo sul palcoscenico a Cazzago<\/title>\n<meta name=\"description\" content=\"Sabato 30 novembre 2019 alle 21.00 la compagnia teatrale \u201cLe 12 lune\u201d presenta \u201cBene mio e core mio\u201d commedia in tre atti. Ingresso libero\" \/>\n<meta name=\"robots\" content=\"noindex, follow, max-snippet:-1, max-image-preview:large, max-video-preview:-1\" \/>\n<meta property=\"og:locale\" content=\"it_IT\" \/>\n<meta property=\"og:type\" content=\"article\" \/>\n<meta property=\"og:title\" content=\"Eduardo sul palcoscenico a Cazzago\" \/>\n<meta property=\"og:description\" content=\"Sabato 30 novembre 2019 alle 21.00 la compagnia teatrale \u201cLe 12 lune\u201d presenta \u201cBene mio e core mio\u201d commedia in tre atti. Ingresso libero\" \/>\n<meta property=\"og:url\" content=\"https:\/\/staging.varesenews.it\/2019\/11\/eduardo-sul-palcoscenico-cazzago\/876322\/\" \/>\n<meta property=\"og:site_name\" content=\"VareseNews\" \/>\n<meta property=\"article:publisher\" content=\"https:\/\/www.facebook.com\/varesenews\" \/>\n<meta property=\"article:author\" content=\"https:\/\/www.facebook.com\/roberta.bertolini.9\" \/>\n<meta property=\"article:published_time\" content=\"2019-11-25T09:55:47+00:00\" \/>\n<meta property=\"article:modified_time\" content=\"2019-11-25T09:57:27+00:00\" \/>\n<meta name=\"author\" content=\"Roberta Bertolini\" \/>\n<meta name=\"twitter:card\" content=\"summary_large_image\" \/>\n<meta name=\"twitter:creator\" content=\"@robybertolini\" \/>\n<meta name=\"twitter:site\" content=\"@varesenews\" \/>\n<meta name=\"twitter:label1\" content=\"Scritto da\" \/>\n\t<meta name=\"twitter:data1\" content=\"Roberta Bertolini\" \/>\n\t<meta name=\"twitter:label2\" content=\"Tempo di lettura stimato\" \/>\n\t<meta name=\"twitter:data2\" content=\"1 minuto\" \/>\n<script type=\"application\/ld+json\" class=\"yoast-schema-graph\">{\"@context\":\"https:\/\/schema.org\",\"@graph\":[{\"@type\":\"WebPage\",\"@id\":\"https:\/\/staging.varesenews.it\/2019\/11\/eduardo-sul-palcoscenico-cazzago\/876322\/\",\"url\":\"https:\/\/staging.varesenews.it\/2019\/11\/eduardo-sul-palcoscenico-cazzago\/876322\/\",\"name\":\"Eduardo sul palcoscenico a Cazzago\",\"isPartOf\":{\"@id\":\"https:\/\/staging.varesenews.it\/#website\"},\"datePublished\":\"2019-11-25T09:55:47+00:00\",\"dateModified\":\"2019-11-25T09:57:27+00:00\",\"author\":{\"@id\":\"https:\/\/staging.varesenews.it\/#\/schema\/person\/58fbd3e567d5c00f0a64d5137fef3e68\"},\"description\":\"Sabato 30 novembre 2019 alle 21.00 la compagnia teatrale \u201cLe 12 lune\u201d presenta \u201cBene mio e core mio\u201d commedia in tre atti. Ingresso libero\",\"breadcrumb\":{\"@id\":\"https:\/\/staging.varesenews.it\/2019\/11\/eduardo-sul-palcoscenico-cazzago\/876322\/#breadcrumb\"},\"inLanguage\":\"it-IT\",\"potentialAction\":[{\"@type\":\"ReadAction\",\"target\":[\"https:\/\/staging.varesenews.it\/2019\/11\/eduardo-sul-palcoscenico-cazzago\/876322\/\"]}]},{\"@type\":\"BreadcrumbList\",\"@id\":\"https:\/\/staging.varesenews.it\/2019\/11\/eduardo-sul-palcoscenico-cazzago\/876322\/#breadcrumb\",\"itemListElement\":[{\"@type\":\"ListItem\",\"position\":1,\"name\":\"Home\",\"item\":\"https:\/\/www.varesenews.it\/\"},{\"@type\":\"ListItem\",\"position\":2,\"name\":\"Eduardo sul palcoscenico a Cazzago\"}]},{\"@type\":\"WebSite\",\"@id\":\"https:\/\/staging.varesenews.it\/#website\",\"url\":\"https:\/\/staging.varesenews.it\/\",\"name\":\"VareseNews\",\"description\":\"\",\"potentialAction\":[{\"@type\":\"SearchAction\",\"target\":{\"@type\":\"EntryPoint\",\"urlTemplate\":\"https:\/\/staging.varesenews.it\/?s={search_term_string}\"},\"query-input\":\"required name=search_term_string\"}],\"inLanguage\":\"it-IT\"},{\"@type\":\"Person\",\"@id\":\"https:\/\/staging.varesenews.it\/#\/schema\/person\/58fbd3e567d5c00f0a64d5137fef3e68\",\"name\":\"Roberta Bertolini\",\"image\":{\"@type\":\"ImageObject\",\"inLanguage\":\"it-IT\",\"@id\":\"https:\/\/staging.varesenews.it\/#\/schema\/person\/image\/\",\"url\":\"https:\/\/staging.varesenews.it\/wp-content\/uploads\/2020\/12\/roberta_bertolini_colori_500.jpg\",\"contentUrl\":\"https:\/\/staging.varesenews.it\/wp-content\/uploads\/2020\/12\/roberta_bertolini_colori_500.jpg\",\"caption\":\"Roberta Bertolini\"},\"description\":\"Giornalista professionista dal 1991, sono passata, ormai molti anni fa, dalla carta al web. Oggi mi occupo di cronaca locale e guardo con curiosit&agrave; ed attenzione il mondo dei social. Parlo poco, ascolto molto.\",\"sameAs\":[\"https:\/\/www.facebook.com\/roberta.bertolini.9\",\"bettabertolini\",\"https:\/\/www.linkedin.com\/hp\/?dnr=v9e-Gp7a6_oxqTuQyZA0Lf4aEi4t91g6wMH\",\"https:\/\/twitter.com\/robybertolini\"],\"url\":\"https:\/\/staging.varesenews.it\/persona\/roberta-bertolini1\/\"}]}<\/script>\n<!-- \/ Yoast SEO plugin. -->","yoast_head_json":{"title":"Eduardo sul palcoscenico a Cazzago","description":"Sabato 30 novembre 2019 alle 21.00 la compagnia teatrale \u201cLe 12 lune\u201d presenta \u201cBene mio e core mio\u201d commedia in tre atti. Ingresso libero","robots":{"index":"noindex","follow":"follow","max-snippet":"max-snippet:-1","max-image-preview":"max-image-preview:large","max-video-preview":"max-video-preview:-1"},"og_locale":"it_IT","og_type":"article","og_title":"Eduardo sul palcoscenico a Cazzago","og_description":"Sabato 30 novembre 2019 alle 21.00 la compagnia teatrale \u201cLe 12 lune\u201d presenta \u201cBene mio e core mio\u201d commedia in tre atti. Ingresso libero","og_url":"https:\/\/staging.varesenews.it\/2019\/11\/eduardo-sul-palcoscenico-cazzago\/876322\/","og_site_name":"VareseNews","article_publisher":"https:\/\/www.facebook.com\/varesenews","article_author":"https:\/\/www.facebook.com\/roberta.bertolini.9","article_published_time":"2019-11-25T09:55:47+00:00","article_modified_time":"2019-11-25T09:57:27+00:00","author":"Roberta Bertolini","twitter_card":"summary_large_image","twitter_creator":"@robybertolini","twitter_site":"@varesenews","twitter_misc":{"Scritto da":"Roberta Bertolini","Tempo di lettura stimato":"1 minuto"},"schema":{"@context":"https:\/\/schema.org","@graph":[{"@type":"WebPage","@id":"https:\/\/staging.varesenews.it\/2019\/11\/eduardo-sul-palcoscenico-cazzago\/876322\/","url":"https:\/\/staging.varesenews.it\/2019\/11\/eduardo-sul-palcoscenico-cazzago\/876322\/","name":"Eduardo sul palcoscenico a Cazzago","isPartOf":{"@id":"https:\/\/staging.varesenews.it\/#website"},"datePublished":"2019-11-25T09:55:47+00:00","dateModified":"2019-11-25T09:57:27+00:00","author":{"@id":"https:\/\/staging.varesenews.it\/#\/schema\/person\/58fbd3e567d5c00f0a64d5137fef3e68"},"description":"Sabato 30 novembre 2019 alle 21.00 la compagnia teatrale \u201cLe 12 lune\u201d presenta \u201cBene mio e core mio\u201d commedia in tre atti. Ingresso libero","breadcrumb":{"@id":"https:\/\/staging.varesenews.it\/2019\/11\/eduardo-sul-palcoscenico-cazzago\/876322\/#breadcrumb"},"inLanguage":"it-IT","potentialAction":[{"@type":"ReadAction","target":["https:\/\/staging.varesenews.it\/2019\/11\/eduardo-sul-palcoscenico-cazzago\/876322\/"]}]},{"@type":"BreadcrumbList","@id":"https:\/\/staging.varesenews.it\/2019\/11\/eduardo-sul-palcoscenico-cazzago\/876322\/#breadcrumb","itemListElement":[{"@type":"ListItem","position":1,"name":"Home","item":"https:\/\/www.varesenews.it\/"},{"@type":"ListItem","position":2,"name":"Eduardo sul palcoscenico a Cazzago"}]},{"@type":"WebSite","@id":"https:\/\/staging.varesenews.it\/#website","url":"https:\/\/staging.varesenews.it\/","name":"VareseNews","description":"","potentialAction":[{"@type":"SearchAction","target":{"@type":"EntryPoint","urlTemplate":"https:\/\/staging.varesenews.it\/?s={search_term_string}"},"query-input":"required name=search_term_string"}],"inLanguage":"it-IT"},{"@type":"Person","@id":"https:\/\/staging.varesenews.it\/#\/schema\/person\/58fbd3e567d5c00f0a64d5137fef3e68","name":"Roberta Bertolini","image":{"@type":"ImageObject","inLanguage":"it-IT","@id":"https:\/\/staging.varesenews.it\/#\/schema\/person\/image\/","url":"https:\/\/staging.varesenews.it\/wp-content\/uploads\/2020\/12\/roberta_bertolini_colori_500.jpg","contentUrl":"https:\/\/staging.varesenews.it\/wp-content\/uploads\/2020\/12\/roberta_bertolini_colori_500.jpg","caption":"Roberta Bertolini"},"description":"Giornalista professionista dal 1991, sono passata, ormai molti anni fa, dalla carta al web. Oggi mi occupo di cronaca locale e guardo con curiosit&agrave; ed attenzione il mondo dei social. Parlo poco, ascolto molto.","sameAs":["https:\/\/www.facebook.com\/roberta.bertolini.9","bettabertolini","https:\/\/www.linkedin.com\/hp\/?dnr=v9e-Gp7a6_oxqTuQyZA0Lf4aEi4t91g6wMH","https:\/\/twitter.com\/robybertolini"],"url":"https:\/\/staging.varesenews.it\/persona\/roberta-bertolini1\/"}]}},"post_meta":{"_edit_lock":"1574679213:49","_edit_last":"49","_category_permalink":"a:1:{s:8:\"category\";s:0:\"\";}","foto":"87177","firma_come_redazione":"1","argomento":"Cazzago Brabbia","_yoast_wpseo_content_score":"30","_jd_tweet_this":"yes","ratings_users":"0","ratings_score":"0","ratings_average":"0","_wpt_short_url":"https:\/\/www.varesenews.it\/2019\/11\/eduardo-sul-palcoscenico-cazzago\/876322\/","_wp_jd_target":"https:\/\/www.varesenews.it\/2019\/11\/eduardo-sul-palcoscenico-cazzago\/876322\/","_jd_wp_twitter":"a:1:{i:0;s:133:\"Eduardo sul palcoscenico a Cazzago https:\/\/www.varesenews.it\/2019\/11\/eduardo-sul-palcoscenico-cazzago\/876322\/ #cazzagobrabbia #teatro\";}","_wpt_status_message":"Tweet inviato con successo."},"photos":[{"original":"https:\/\/staging.varesenews.it\/photogallery_new\/images\/2013\/10\/cazzago-brabbia-i-luoghi-inserita-in-galleria-87177.jpg","full":"https:\/\/staging.varesenews.it\/photogallery_new\/images\/2013\/10\/cazzago-brabbia-i-luoghi-inserita-in-galleria-87177.1024x768.jpg","large":"https:\/\/staging.varesenews.it\/photogallery_new\/images\/2013\/10\/cazzago-brabbia-i-luoghi-inserita-in-galleria-87177.610x431.jpg"}],"_links":{"self":[{"href":"https:\/\/staging.varesenews.it\/swgapi\/v1\/wp\/v2\/posts\/876322"}],"collection":[{"href":"https:\/\/staging.varesenews.it\/swgapi\/v1\/wp\/v2\/posts"}],"about":[{"href":"https:\/\/staging.varesenews.it\/swgapi\/v1\/wp\/v2\/types\/post"}],"author":[{"embeddable":true,"href":"https:\/\/staging.varesenews.it\/swgapi\/v1\/wp\/v2\/users\/49"}],"replies":[{"embeddable":true,"href":"https:\/\/staging.varesenews.it\/swgapi\/v1\/wp\/v2\/comments?post=876322"}],"version-history":[{"count":0,"href":"https:\/\/staging.varesenews.it\/swgapi\/v1\/wp\/v2\/posts\/876322\/revisions"}],"wp:attachment":[{"href":"https:\/\/staging.varesenews.it\/swgapi\/v1\/wp\/v2\/media?parent=876322"}],"wp:term":[{"taxonomy":"category","embeddable":true,"href":"https:\/\/staging.varesenews.it\/swgapi\/v1\/wp\/v2\/categories?post=876322"},{"taxonomy":"post_tag","embeddable":true,"href":"https:\/\/staging.varesenews.it\/swgapi\/v1\/wp\/v2\/tags?post=876322"}],"curies":[{"name":"wp","href":"https:\/\/api.w.org\/{rel}","templated":true}]}}