{"id":876402,"date":"2019-11-25T13:22:51","date_gmt":"2019-11-25T12:22:51","guid":{"rendered":"https:\/\/www.varesenews.it\/?p=876402"},"modified":"2019-11-26T09:11:51","modified_gmt":"2019-11-26T08:11:51","slug":"parigi-somma-lombardo-ravo","status":"publish","type":"post","link":"https:\/\/staging.varesenews.it\/2019\/11\/parigi-somma-lombardo-ravo\/876402\/","title":{"rendered":"Da Parigi a Somma, per l&#8217;opera di Ravo"},"content":{"rendered":"<p>Dal museo Louvre a <strong>Somma Lombardo<\/strong>: nella mattina di luned\u00ec 25 novembre\u00a0<strong>Cyrille Gouyette<\/strong>, dirigente dell&#8217;area &#8220;Veille et recherche de partenariats \u00e9ducatifs et culturels&#8221; del celebre\u00a0museo parigino, ha ammirato dal vivo il &#8220;murale della Carit\u00e0&#8221;.<\/p>\n<p>L&#8217;opera \u00e8 recentissima realizzazione di <a class=\"profileLink\" href=\"https:\/\/www.facebook.com\/andrearavomattoni\/?__tn__=K-R&amp;eid=ARDfTOGuvoDDWoVOwY6O_wyK2YIMzaGI3nOttaE-u4rHD5EiZRMSJ7xjv61O0x3PvAae-0WW2gNVKWiU&amp;fref=mentions&amp;__xts__%5B0%5D=68.ARClwcHTKRTZoOnF_trywvzI51qBtt3FoeH_k8JcTOCdjSBxEnFJ3U-8y2pRQVhgfPmwDdQdpO5l8CJHyh5Rbi08DLf6_UWzH4_UnjXziHXZ0aL7oaInNr32ydbdvgoNiZMbj8fKkfGPG3cw2GIc0AeuWxUpEkL9wFIoAp36bpyRKlP0z6mL5_a93HJ28uc-dF14Pjxzswf_T3R_5JFWQi4X3ShVHHkVbut7DNmyinhEyTUT3UqUO6vxT1hXvtHNb-NKLTykb0N5oxQPL4Us-LH2PS1ROBAUPyeCxfoztKocsJuzSpqWnnAWYeLpKzFZ4mizd1xaQkWRBj4fYYTVUkMCtGV3\" data-hovercard=\"\/ajax\/hovercard\/page.php?id=651891268305703&amp;extragetparams=%7B%22__tn__%22%3A%22%2CdK-R-R%22%2C%22eid%22%3A%22ARDfTOGuvoDDWoVOwY6O_wyK2YIMzaGI3nOttaE-u4rHD5EiZRMSJ7xjv61O0x3PvAae-0WW2gNVKWiU%22%2C%22fref%22%3A%22mentions%22%7D\" data-hovercard-prefer-more-content-show=\"1\">Andrea Ravo Mattoni<\/a> prima della sua <a href=\"https:\/\/www.varesenews.it\/2019\/11\/un-urban-artist-al-louvre-la-storia-di-andrea-ravo-al-tg1\/874554\/\">trasferta parigina (proprio al Louvre)<\/a>.<\/p>\n<p>Gouyette, in visita privata, \u00e8 stato accompagnato dal sindaco <a class=\"profileLink\" title=\"Stefano Bellaria\" href=\"https:\/\/www.facebook.com\/stefano.bellaria.14?__tn__=K-R&amp;eid=ARB6EesCsdTAtm1AM9BWWkI3jvVCp_R9NDIxlFrZ65uOjaSBWXmAE8nP0uyyq0en4g9WQ_5dUcI0awqP&amp;fref=mentions&amp;__xts__%5B0%5D=68.ARClwcHTKRTZoOnF_trywvzI51qBtt3FoeH_k8JcTOCdjSBxEnFJ3U-8y2pRQVhgfPmwDdQdpO5l8CJHyh5Rbi08DLf6_UWzH4_UnjXziHXZ0aL7oaInNr32ydbdvgoNiZMbj8fKkfGPG3cw2GIc0AeuWxUpEkL9wFIoAp36bpyRKlP0z6mL5_a93HJ28uc-dF14Pjxzswf_T3R_5JFWQi4X3ShVHHkVbut7DNmyinhEyTUT3UqUO6vxT1hXvtHNb-NKLTykb0N5oxQPL4Us-LH2PS1ROBAUPyeCxfoztKocsJuzSpqWnnAWYeLpKzFZ4mizd1xaQkWRBj4fYYTVUkMCtGV3\" data-hovercard=\"\/ajax\/hovercard\/user.php?id=100009030770473&amp;extragetparams=%7B%22__tn__%22%3A%22%2CdK-R-R%22%2C%22eid%22%3A%22ARB6EesCsdTAtm1AM9BWWkI3jvVCp_R9NDIxlFrZ65uOjaSBWXmAE8nP0uyyq0en4g9WQ_5dUcI0awqP%22%2C%22fref%22%3A%22mentions%22%7D\" data-hovercard-prefer-more-content-show=\"1\">Stefano Bellaria<\/a>, ad ammirare l&#8217;opera, realizzata sul muro di una casa lungo via Milano, antica strada del Sempione: il murale riproduce, a grande scala, un quadro conservato nel vicino Castello Visconti di san Vito. \u00abCi fa <strong>molto piacere che Gouyette abbia riservato per noi questa visita inaspettata<\/strong> mentre si trova in Italia per altri impegni \u2013 commenta Bellaria \u2013 e siamo contenti che un esperto del suo calibro abbia potuto vedere da vicino un tesoro del nostro territorio, la Carit\u00e0 che \u2018Ravo\u2019 ha trasformato in murale. Ora<strong> aspettiamo Gouyette per la visita del Castello come ci ha promesso<\/strong>. Ringrazio <strong>Paolo Rovelli<\/strong> per averci messo in contatto: Somma Lombardo e il Louvre non sono mai stati cos\u00ec vicini e uniti\u00bb.<\/p>\n<p>Accolto nella sede municipale di Palazzo Viani Visconti, Gouyette ha apprezzato anche la sala consiliare e <strong>la sala in cui sono esposte le opere dell\u2019artista Giancarlo Sangregorio.<\/strong><\/p>\n<p>\u00abLa visita lampo di Gouyette \u2013 continua Bellaria \u2013 conferma che la scelta di \u2018Ravo\u2019 per abbellire la nostra citt\u00e0 \u00e8 stata azzeccata e ci d\u00e0 lustro internazionale. Per questo siamo intenzionati a continuare la collaborazione con l\u2019artista varesino per rendere visibili a tutti opere locali sconosciute ai pi\u00f9 e per rendere Somma Lombardo pi\u00f9 bella a beneficio di sommesi e non\u00bb.<\/p>\n<p>Oggi insieme a Gouyette e Bellaria erano presenti anche Andrea \u201cRavo\u201d Mattoni, il suo assistente <strong>Mayer Jacob, Paolo Rovelli e Gerardo Locurcio<\/strong>, presidente del Consiglio comunale.<\/p>\n<p>&nbsp;<\/p>\n<blockquote class=\"wp-embedded-content\" data-secret=\"NGgTAv0pKK\"><p><a href=\"https:\/\/www.varesenews.it\/2019\/11\/un-urban-artist-al-louvre-la-storia-di-andrea-ravo-al-tg1\/874554\/\">&#8220;Un urban artist al Louvre&#8221;, la storia di Andrea Ravo al TG1<\/a><\/p><\/blockquote>\n<p><iframe class=\"wp-embedded-content\" sandbox=\"allow-scripts\" security=\"restricted\" style=\"position: absolute; clip: rect(1px, 1px, 1px, 1px);\" src=\"https:\/\/www.varesenews.it\/2019\/11\/un-urban-artist-al-louvre-la-storia-di-andrea-ravo-al-tg1\/874554\/embed\/#?secret=NGgTAv0pKK\" data-secret=\"NGgTAv0pKK\" width=\"500\" height=\"282\" title=\"&#8220;&#8220;Un urban artist al Louvre&#8221;, la storia di Andrea Ravo al TG1&#8221; &#8212; VareseNews\" frameborder=\"0\" marginwidth=\"0\" marginheight=\"0\" scrolling=\"no\"><\/iframe><\/p>\n","protected":false},"excerpt":{"rendered":"<p>Cyrille Gouyette \u00e8 un dirigente Educazione e formazione del celebre museo: \u00e8 venuto in visita privata a vedere &#8220;dal vivo&#8221; il grande murale della Carit\u00e0 realizzato dall&#8217;artista Ravo <\/p>\n","protected":false},"author":46,"featured_media":0,"comment_status":"open","ping_status":"open","sticky":false,"template":"","format":"standard","meta":{"footnotes":""},"categories":[3],"tags":[],"acf":[],"yoast_head":"<!-- This site is optimized with the Yoast SEO plugin v20.1 - https:\/\/yoast.com\/wordpress\/plugins\/seo\/ -->\n<title>Da Parigi a Somma, per l&#039;opera di Ravo<\/title>\n<meta name=\"description\" content=\"Cyrille Gouyette \u00e8 un dirigente Educazione e formazione del celebre museo: \u00e8 venuto in visita privata a vedere &quot;dal vivo&quot; il grande murale della Carit\u00e0 realizzato dall&#039;artista Ravo\" \/>\n<meta name=\"robots\" content=\"noindex, follow, max-snippet:-1, max-image-preview:large, max-video-preview:-1\" \/>\n<meta property=\"og:locale\" content=\"it_IT\" \/>\n<meta property=\"og:type\" content=\"article\" \/>\n<meta property=\"og:title\" content=\"Da Parigi a Somma, per l&#039;opera di Ravo\" \/>\n<meta property=\"og:description\" content=\"Cyrille Gouyette \u00e8 un dirigente Educazione e formazione del celebre museo: \u00e8 venuto in visita privata a vedere &quot;dal vivo&quot; il grande murale della Carit\u00e0 realizzato dall&#039;artista Ravo\" \/>\n<meta property=\"og:url\" content=\"https:\/\/staging.varesenews.it\/2019\/11\/parigi-somma-lombardo-ravo\/876402\/\" \/>\n<meta property=\"og:site_name\" content=\"VareseNews\" \/>\n<meta property=\"article:publisher\" content=\"https:\/\/www.facebook.com\/varesenews\" \/>\n<meta property=\"article:published_time\" content=\"2019-11-25T12:22:51+00:00\" \/>\n<meta property=\"article:modified_time\" content=\"2019-11-26T08:11:51+00:00\" \/>\n<meta name=\"author\" content=\"Roberto Morandi\" \/>\n<meta name=\"twitter:card\" content=\"summary_large_image\" \/>\n<meta name=\"twitter:creator\" content=\"@ilmorands\" \/>\n<meta name=\"twitter:site\" content=\"@varesenews\" \/>\n<meta name=\"twitter:label1\" content=\"Scritto da\" \/>\n\t<meta name=\"twitter:data1\" content=\"Roberto Morandi\" \/>\n\t<meta name=\"twitter:label2\" content=\"Tempo di lettura stimato\" \/>\n\t<meta name=\"twitter:data2\" content=\"1 minuto\" \/>\n<script type=\"application\/ld+json\" class=\"yoast-schema-graph\">{\"@context\":\"https:\/\/schema.org\",\"@graph\":[{\"@type\":\"WebPage\",\"@id\":\"https:\/\/staging.varesenews.it\/2019\/11\/parigi-somma-lombardo-ravo\/876402\/\",\"url\":\"https:\/\/staging.varesenews.it\/2019\/11\/parigi-somma-lombardo-ravo\/876402\/\",\"name\":\"Da Parigi a Somma, per l'opera di Ravo\",\"isPartOf\":{\"@id\":\"https:\/\/staging.varesenews.it\/#website\"},\"datePublished\":\"2019-11-25T12:22:51+00:00\",\"dateModified\":\"2019-11-26T08:11:51+00:00\",\"author\":{\"@id\":\"https:\/\/staging.varesenews.it\/#\/schema\/person\/efe592ae4c76536b551f89d8b6674bc3\"},\"description\":\"Cyrille Gouyette \u00e8 un dirigente Educazione e formazione del celebre museo: \u00e8 venuto in visita privata a vedere \\\"dal vivo\\\" il grande murale della Carit\u00e0 realizzato dall'artista Ravo\",\"breadcrumb\":{\"@id\":\"https:\/\/staging.varesenews.it\/2019\/11\/parigi-somma-lombardo-ravo\/876402\/#breadcrumb\"},\"inLanguage\":\"it-IT\",\"potentialAction\":[{\"@type\":\"ReadAction\",\"target\":[\"https:\/\/staging.varesenews.it\/2019\/11\/parigi-somma-lombardo-ravo\/876402\/\"]}]},{\"@type\":\"BreadcrumbList\",\"@id\":\"https:\/\/staging.varesenews.it\/2019\/11\/parigi-somma-lombardo-ravo\/876402\/#breadcrumb\",\"itemListElement\":[{\"@type\":\"ListItem\",\"position\":1,\"name\":\"Home\",\"item\":\"https:\/\/www.varesenews.it\/\"},{\"@type\":\"ListItem\",\"position\":2,\"name\":\"Da Parigi a Somma, per l&#8217;opera di Ravo\"}]},{\"@type\":\"WebSite\",\"@id\":\"https:\/\/staging.varesenews.it\/#website\",\"url\":\"https:\/\/staging.varesenews.it\/\",\"name\":\"VareseNews\",\"description\":\"\",\"potentialAction\":[{\"@type\":\"SearchAction\",\"target\":{\"@type\":\"EntryPoint\",\"urlTemplate\":\"https:\/\/staging.varesenews.it\/?s={search_term_string}\"},\"query-input\":\"required name=search_term_string\"}],\"inLanguage\":\"it-IT\"},{\"@type\":\"Person\",\"@id\":\"https:\/\/staging.varesenews.it\/#\/schema\/person\/efe592ae4c76536b551f89d8b6674bc3\",\"name\":\"Roberto Morandi\",\"image\":{\"@type\":\"ImageObject\",\"inLanguage\":\"it-IT\",\"@id\":\"https:\/\/staging.varesenews.it\/#\/schema\/person\/image\/\",\"url\":\"https:\/\/staging.varesenews.it\/wp-content\/uploads\/2020\/12\/roberto_morandi_colori_500.jpg\",\"contentUrl\":\"https:\/\/staging.varesenews.it\/wp-content\/uploads\/2020\/12\/roberto_morandi_colori_500.jpg\",\"caption\":\"Roberto Morandi\"},\"description\":\"Classe 1980, laureato in storia, mi occupo dell&rsquo;area di Gallarate e di Malpensa, di trasporti e mobilit&agrave;. Amo molto la dimensione della citt&agrave;, come luogo d&rsquo;incontro di persone diverse e come organismo che si trasforma costantemente. Mi piace anche raccontare le piccole e grandi vicende, anche locali, che compongono la Storia con la S maiuscola. Appassionato di bicicletta: la macchina perfetta per muoversi in citt&agrave; e per viaggiare.\",\"sameAs\":[\"https:\/\/twitter.com\/ilmorands\"],\"url\":\"https:\/\/staging.varesenews.it\/persona\/roberto-morandi1\/\"}]}<\/script>\n<!-- \/ Yoast SEO plugin. -->","yoast_head_json":{"title":"Da Parigi a Somma, per l'opera di Ravo","description":"Cyrille Gouyette \u00e8 un dirigente Educazione e formazione del celebre museo: \u00e8 venuto in visita privata a vedere \"dal vivo\" il grande murale della Carit\u00e0 realizzato dall'artista Ravo","robots":{"index":"noindex","follow":"follow","max-snippet":"max-snippet:-1","max-image-preview":"max-image-preview:large","max-video-preview":"max-video-preview:-1"},"og_locale":"it_IT","og_type":"article","og_title":"Da Parigi a Somma, per l'opera di Ravo","og_description":"Cyrille Gouyette \u00e8 un dirigente Educazione e formazione del celebre museo: \u00e8 venuto in visita privata a vedere \"dal vivo\" il grande murale della Carit\u00e0 realizzato dall'artista Ravo","og_url":"https:\/\/staging.varesenews.it\/2019\/11\/parigi-somma-lombardo-ravo\/876402\/","og_site_name":"VareseNews","article_publisher":"https:\/\/www.facebook.com\/varesenews","article_published_time":"2019-11-25T12:22:51+00:00","article_modified_time":"2019-11-26T08:11:51+00:00","author":"Roberto Morandi","twitter_card":"summary_large_image","twitter_creator":"@ilmorands","twitter_site":"@varesenews","twitter_misc":{"Scritto da":"Roberto Morandi","Tempo di lettura stimato":"1 minuto"},"schema":{"@context":"https:\/\/schema.org","@graph":[{"@type":"WebPage","@id":"https:\/\/staging.varesenews.it\/2019\/11\/parigi-somma-lombardo-ravo\/876402\/","url":"https:\/\/staging.varesenews.it\/2019\/11\/parigi-somma-lombardo-ravo\/876402\/","name":"Da Parigi a Somma, per l'opera di Ravo","isPartOf":{"@id":"https:\/\/staging.varesenews.it\/#website"},"datePublished":"2019-11-25T12:22:51+00:00","dateModified":"2019-11-26T08:11:51+00:00","author":{"@id":"https:\/\/staging.varesenews.it\/#\/schema\/person\/efe592ae4c76536b551f89d8b6674bc3"},"description":"Cyrille Gouyette \u00e8 un dirigente Educazione e formazione del celebre museo: \u00e8 venuto in visita privata a vedere \"dal vivo\" il grande murale della Carit\u00e0 realizzato dall'artista Ravo","breadcrumb":{"@id":"https:\/\/staging.varesenews.it\/2019\/11\/parigi-somma-lombardo-ravo\/876402\/#breadcrumb"},"inLanguage":"it-IT","potentialAction":[{"@type":"ReadAction","target":["https:\/\/staging.varesenews.it\/2019\/11\/parigi-somma-lombardo-ravo\/876402\/"]}]},{"@type":"BreadcrumbList","@id":"https:\/\/staging.varesenews.it\/2019\/11\/parigi-somma-lombardo-ravo\/876402\/#breadcrumb","itemListElement":[{"@type":"ListItem","position":1,"name":"Home","item":"https:\/\/www.varesenews.it\/"},{"@type":"ListItem","position":2,"name":"Da Parigi a Somma, per l&#8217;opera di Ravo"}]},{"@type":"WebSite","@id":"https:\/\/staging.varesenews.it\/#website","url":"https:\/\/staging.varesenews.it\/","name":"VareseNews","description":"","potentialAction":[{"@type":"SearchAction","target":{"@type":"EntryPoint","urlTemplate":"https:\/\/staging.varesenews.it\/?s={search_term_string}"},"query-input":"required name=search_term_string"}],"inLanguage":"it-IT"},{"@type":"Person","@id":"https:\/\/staging.varesenews.it\/#\/schema\/person\/efe592ae4c76536b551f89d8b6674bc3","name":"Roberto Morandi","image":{"@type":"ImageObject","inLanguage":"it-IT","@id":"https:\/\/staging.varesenews.it\/#\/schema\/person\/image\/","url":"https:\/\/staging.varesenews.it\/wp-content\/uploads\/2020\/12\/roberto_morandi_colori_500.jpg","contentUrl":"https:\/\/staging.varesenews.it\/wp-content\/uploads\/2020\/12\/roberto_morandi_colori_500.jpg","caption":"Roberto Morandi"},"description":"Classe 1980, laureato in storia, mi occupo dell&rsquo;area di Gallarate e di Malpensa, di trasporti e mobilit&agrave;. Amo molto la dimensione della citt&agrave;, come luogo d&rsquo;incontro di persone diverse e come organismo che si trasforma costantemente. Mi piace anche raccontare le piccole e grandi vicende, anche locali, che compongono la Storia con la S maiuscola. Appassionato di bicicletta: la macchina perfetta per muoversi in citt&agrave; e per viaggiare.","sameAs":["https:\/\/twitter.com\/ilmorands"],"url":"https:\/\/staging.varesenews.it\/persona\/roberto-morandi1\/"}]}},"post_meta":{"_edit_lock":"1574756947:46","_edit_last":"46","_category_permalink":"a:1:{s:8:\"category\";s:1:\"3\";}","ratings_users":"0","ratings_score":"0","ratings_average":"0","foto":"772070","firma_come_redazione":"1","argomento":"Somma Lombardo","_yoast_wpseo_content_score":"30","_jd_tweet_this":"yes","_wpt_short_url":"https:\/\/www.varesenews.it\/2019\/11\/direttore-del-louvre-visita-somma\/876402\/","_wp_jd_target":"https:\/\/www.varesenews.it\/2019\/11\/direttore-del-louvre-visita-somma\/876402\/","_jd_wp_twitter":"a:1:{i:0;s:124:\"Il direttore del Louvre \u201cin visita\u201d a Somma https:\/\/www.varesenews.it\/2019\/11\/direttore-del-louvre-visita-somma\/876402\/ \";}","_wpt_status_message":"Tweet inviato con successo.","_oembed_7884b1c7c9c166820b80bdf6b077faca":"<blockquote class=\"wp-embedded-content\" data-secret=\"NGgTAv0pKK\"><a href=\"https:\/\/www.varesenews.it\/2019\/11\/un-urban-artist-al-louvre-la-storia-di-andrea-ravo-al-tg1\/874554\/\">&#8220;Un urban artist al Louvre&#8221;, la storia di Andrea Ravo al TG1<\/a><\/blockquote><iframe class=\"wp-embedded-content\" sandbox=\"allow-scripts\" security=\"restricted\" style=\"position: absolute; clip: rect(1px, 1px, 1px, 1px);\" src=\"https:\/\/www.varesenews.it\/2019\/11\/un-urban-artist-al-louvre-la-storia-di-andrea-ravo-al-tg1\/874554\/embed\/#?secret=NGgTAv0pKK\" data-secret=\"NGgTAv0pKK\" width=\"500\" height=\"282\" title=\"&#8220;&#8220;Un urban artist al Louvre&#8221;, la storia di Andrea Ravo al TG1&#8221; &#8212; VareseNews\" frameborder=\"0\" marginwidth=\"0\" marginheight=\"0\" scrolling=\"no\"><\/iframe>","_oembed_time_7884b1c7c9c166820b80bdf6b077faca":"1574684619","_wp_old_slug":"direttore-del-louvre-visita-somma","id_leggi_anche":"891845"},"photos":[{"original":"https:\/\/staging.varesenews.it\/photogallery_new\/images\/2019\/11\/generico-2018-772070.jpg","full":"https:\/\/staging.varesenews.it\/photogallery_new\/images\/2019\/11\/generico-2018-772070.1024x768.jpg","large":"https:\/\/staging.varesenews.it\/photogallery_new\/images\/2019\/11\/generico-2018-772070.610x431.jpg"}],"_links":{"self":[{"href":"https:\/\/staging.varesenews.it\/swgapi\/v1\/wp\/v2\/posts\/876402"}],"collection":[{"href":"https:\/\/staging.varesenews.it\/swgapi\/v1\/wp\/v2\/posts"}],"about":[{"href":"https:\/\/staging.varesenews.it\/swgapi\/v1\/wp\/v2\/types\/post"}],"author":[{"embeddable":true,"href":"https:\/\/staging.varesenews.it\/swgapi\/v1\/wp\/v2\/users\/46"}],"replies":[{"embeddable":true,"href":"https:\/\/staging.varesenews.it\/swgapi\/v1\/wp\/v2\/comments?post=876402"}],"version-history":[{"count":0,"href":"https:\/\/staging.varesenews.it\/swgapi\/v1\/wp\/v2\/posts\/876402\/revisions"}],"wp:attachment":[{"href":"https:\/\/staging.varesenews.it\/swgapi\/v1\/wp\/v2\/media?parent=876402"}],"wp:term":[{"taxonomy":"category","embeddable":true,"href":"https:\/\/staging.varesenews.it\/swgapi\/v1\/wp\/v2\/categories?post=876402"},{"taxonomy":"post_tag","embeddable":true,"href":"https:\/\/staging.varesenews.it\/swgapi\/v1\/wp\/v2\/tags?post=876402"}],"curies":[{"name":"wp","href":"https:\/\/api.w.org\/{rel}","templated":true}]}}