{"id":878279,"date":"2019-11-30T11:36:46","date_gmt":"2019-11-30T10:36:46","guid":{"rendered":"https:\/\/www.varesenews.it\/?p=878279"},"modified":"2019-11-30T11:36:46","modified_gmt":"2019-11-30T10:36:46","slug":"consiglio-comunale-dichiara-lemergenza-climatica","status":"publish","type":"post","link":"https:\/\/staging.varesenews.it\/2019\/11\/consiglio-comunale-dichiara-lemergenza-climatica\/878279\/","title":{"rendered":"Il Consiglio Comunale dichiara l&#8217;emergenza climatica"},"content":{"rendered":"<p>Nella giornata in cui il parlamento europeo ha sancito che esiste un\u2019emergenza climatica, anche il Consiglio comunale di Malnate, all\u2019unanimit\u00e0, ha approvato una mozione che <strong>impegna l\u2019amministrazione comunale a combattere per la salvaguardia dell\u2019ambiente.<\/strong><\/p>\n<p><strong>Una mozione presentata dai gruppi di maggioranza<\/strong>, ma che ha trovato l\u2019avvallo anche di quelli di minoranza. Cos\u00ec il consiglio comunale di Malnate ha dichiarato, durante la seduta del 28 novembre, <strong>lo stato di emergenza climatica<\/strong>. Una mozione che diversi enti, tra Comuni Regioni e Stati, stanno approvando nel corso degli ultimi mesi, una presa di coscienza di ci\u00f2 che accade al nostro pianeta per provare a contrastare un fenomeno, quello dei cambiamenti climatici, che rischia di porre fine al mondo come lo conosciamo oggi. L\u2019impegno per l\u2019amministrazione comunale <strong>\u00e8 quello di lavorare affinch\u00e9 i cittadini prendano conoscenza della problematica<\/strong>, e mettano in atto comportamenti virtuosi per contrastarla.<\/p>\n<p><strong>Soddisfatto il Sindaco Irene Bellifemine<\/strong>: \u00abUn segnale importante per tutti i nostri Cittadini. Negli ultimi anni molto abbiamo lavorato per la salvaguardia dell\u2019ambiente con progetti e campagne mirate. Le borracce nelle scuole, Porta la sporta, Imbrocchiamola, le casette dell\u2019acqua: tutte azioni concrete destinate alla cittadinanza. Ma non solo: nelle ultime settimane sono arrivati a compimento due progetti fondamentali per la nostra Citt\u00e0, il Pums e la firma del contratto Esco, che consentir\u00e0 a cinque scuole di essere efficienti dal punto di vista energetico limitando considerevolmente le emissioni di CO2\u00bb.<\/p>\n<p>L\u2019assessore all\u2019Ambiente<strong>, Jacopo Bernard<\/strong> ha aggiunto: \u00abUna mozione che ci impegna a proseguire sulla strada tracciata dalla precedente amministrazione e dall\u2019Assessore Riggi. Malnate \u00e8 gi\u00e0 una Citt\u00e0 virtuosa ma lo deve essere ancora di pi\u00f9. Il cambiamento parte dal basso, e noi dobbiamo lavorare affinch\u00e9 le giovani generazioni comprendano a fondo che la salvaguardia del nostro Pianeta \u00e8 l\u2019unica via percorribile per potersi garantire un futuro\u00bb<\/p>\n","protected":false},"excerpt":{"rendered":"<p>Approvata all\u2019unanimit\u00e0 la mozione che impegna l\u2019amministrazione comunale a combattere per la salvaguardia dell\u2019ambiente<\/p>\n","protected":false},"author":51,"featured_media":0,"comment_status":"open","ping_status":"open","sticky":false,"template":"","format":"standard","meta":{"footnotes":""},"categories":[2],"tags":[196,101933],"acf":[],"yoast_head":"<!-- This site is optimized with the Yoast SEO plugin v20.1 - https:\/\/yoast.com\/wordpress\/plugins\/seo\/ -->\n<title>Il Consiglio Comunale dichiara l&#039;emergenza climatica<\/title>\n<meta name=\"description\" content=\"Approvata all\u2019unanimit\u00e0 la mozione che impegna l\u2019amministrazione comunale a combattere per la salvaguardia dell\u2019ambiente\" \/>\n<meta name=\"robots\" content=\"noindex, follow, max-snippet:-1, max-image-preview:large, max-video-preview:-1\" \/>\n<meta property=\"og:locale\" content=\"it_IT\" \/>\n<meta property=\"og:type\" content=\"article\" \/>\n<meta property=\"og:title\" content=\"Il Consiglio Comunale dichiara l&#039;emergenza climatica\" \/>\n<meta property=\"og:description\" content=\"Approvata all\u2019unanimit\u00e0 la mozione che impegna l\u2019amministrazione comunale a combattere per la salvaguardia dell\u2019ambiente\" \/>\n<meta property=\"og:url\" content=\"https:\/\/staging.varesenews.it\/2019\/11\/consiglio-comunale-dichiara-lemergenza-climatica\/878279\/\" \/>\n<meta property=\"og:site_name\" content=\"VareseNews\" \/>\n<meta property=\"article:publisher\" content=\"https:\/\/www.facebook.com\/varesenews\" \/>\n<meta property=\"article:author\" content=\"https:\/\/www.facebook.com\/manuel.sgarella\" \/>\n<meta property=\"article:published_time\" content=\"2019-11-30T10:36:46+00:00\" \/>\n<meta name=\"author\" content=\"Manuel Sgarella\" \/>\n<meta name=\"twitter:card\" content=\"summary_large_image\" \/>\n<meta name=\"twitter:creator\" content=\"@Sgarel\" \/>\n<meta name=\"twitter:site\" content=\"@varesenews\" \/>\n<meta name=\"twitter:label1\" content=\"Scritto da\" \/>\n\t<meta name=\"twitter:data1\" content=\"Manuel Sgarella\" \/>\n\t<meta name=\"twitter:label2\" content=\"Tempo di lettura stimato\" \/>\n\t<meta name=\"twitter:data2\" content=\"2 minuti\" \/>\n<script type=\"application\/ld+json\" class=\"yoast-schema-graph\">{\"@context\":\"https:\/\/schema.org\",\"@graph\":[{\"@type\":\"WebPage\",\"@id\":\"https:\/\/staging.varesenews.it\/2019\/11\/consiglio-comunale-dichiara-lemergenza-climatica\/878279\/\",\"url\":\"https:\/\/staging.varesenews.it\/2019\/11\/consiglio-comunale-dichiara-lemergenza-climatica\/878279\/\",\"name\":\"Il Consiglio Comunale dichiara l'emergenza climatica\",\"isPartOf\":{\"@id\":\"https:\/\/staging.varesenews.it\/#website\"},\"datePublished\":\"2019-11-30T10:36:46+00:00\",\"dateModified\":\"2019-11-30T10:36:46+00:00\",\"author\":{\"@id\":\"https:\/\/staging.varesenews.it\/#\/schema\/person\/1ec987bf360cbcf5fab38b0367dbc9d4\"},\"description\":\"Approvata all\u2019unanimit\u00e0 la mozione che impegna l\u2019amministrazione comunale a combattere per la salvaguardia dell\u2019ambiente\",\"breadcrumb\":{\"@id\":\"https:\/\/staging.varesenews.it\/2019\/11\/consiglio-comunale-dichiara-lemergenza-climatica\/878279\/#breadcrumb\"},\"inLanguage\":\"it-IT\",\"potentialAction\":[{\"@type\":\"ReadAction\",\"target\":[\"https:\/\/staging.varesenews.it\/2019\/11\/consiglio-comunale-dichiara-lemergenza-climatica\/878279\/\"]}]},{\"@type\":\"BreadcrumbList\",\"@id\":\"https:\/\/staging.varesenews.it\/2019\/11\/consiglio-comunale-dichiara-lemergenza-climatica\/878279\/#breadcrumb\",\"itemListElement\":[{\"@type\":\"ListItem\",\"position\":1,\"name\":\"Home\",\"item\":\"https:\/\/www.varesenews.it\/\"},{\"@type\":\"ListItem\",\"position\":2,\"name\":\"Il Consiglio Comunale dichiara l&#8217;emergenza climatica\"}]},{\"@type\":\"WebSite\",\"@id\":\"https:\/\/staging.varesenews.it\/#website\",\"url\":\"https:\/\/staging.varesenews.it\/\",\"name\":\"VareseNews\",\"description\":\"\",\"potentialAction\":[{\"@type\":\"SearchAction\",\"target\":{\"@type\":\"EntryPoint\",\"urlTemplate\":\"https:\/\/staging.varesenews.it\/?s={search_term_string}\"},\"query-input\":\"required name=search_term_string\"}],\"inLanguage\":\"it-IT\"},{\"@type\":\"Person\",\"@id\":\"https:\/\/staging.varesenews.it\/#\/schema\/person\/1ec987bf360cbcf5fab38b0367dbc9d4\",\"name\":\"Manuel Sgarella\",\"image\":{\"@type\":\"ImageObject\",\"inLanguage\":\"it-IT\",\"@id\":\"https:\/\/staging.varesenews.it\/#\/schema\/person\/image\/\",\"url\":\"https:\/\/staging.varesenews.it\/wp-content\/uploads\/2020\/12\/manuel_sgarella_colori_500.jpg\",\"contentUrl\":\"https:\/\/staging.varesenews.it\/wp-content\/uploads\/2020\/12\/manuel_sgarella_colori_500.jpg\",\"caption\":\"Manuel Sgarella\"},\"description\":\"A VareseNews dal 1999, da quando ho iniziato a collaborare per la pagina del cinema. Col tempo mi sono occupato della cronaca del territorio di Saronno-Tradate e dell'organizzazione di alcuni progetti speciali di VareseNews, tra cui la produzione del film Digitalife. Dal 2009 sono giornalista professionista. Diplomato alla Civica scuola del cinema di Milano, coltivo da sempre una passione per tutto quello che &egrave; narrazione, soprattutto per film e serie tv. Dal 2014 Pubblico romanzi come autore indipendente.&nbsp;\",\"sameAs\":[\"https:\/\/www.facebook.com\/manuel.sgarella\",\"Sgarel\",\"https:\/\/twitter.com\/Sgarel\"],\"url\":\"https:\/\/staging.varesenews.it\/persona\/manuel-sgarella1\/\"}]}<\/script>\n<!-- \/ Yoast SEO plugin. -->","yoast_head_json":{"title":"Il Consiglio Comunale dichiara l'emergenza climatica","description":"Approvata all\u2019unanimit\u00e0 la mozione che impegna l\u2019amministrazione comunale a combattere per la salvaguardia dell\u2019ambiente","robots":{"index":"noindex","follow":"follow","max-snippet":"max-snippet:-1","max-image-preview":"max-image-preview:large","max-video-preview":"max-video-preview:-1"},"og_locale":"it_IT","og_type":"article","og_title":"Il Consiglio Comunale dichiara l'emergenza climatica","og_description":"Approvata all\u2019unanimit\u00e0 la mozione che impegna l\u2019amministrazione comunale a combattere per la salvaguardia dell\u2019ambiente","og_url":"https:\/\/staging.varesenews.it\/2019\/11\/consiglio-comunale-dichiara-lemergenza-climatica\/878279\/","og_site_name":"VareseNews","article_publisher":"https:\/\/www.facebook.com\/varesenews","article_author":"https:\/\/www.facebook.com\/manuel.sgarella","article_published_time":"2019-11-30T10:36:46+00:00","author":"Manuel Sgarella","twitter_card":"summary_large_image","twitter_creator":"@Sgarel","twitter_site":"@varesenews","twitter_misc":{"Scritto da":"Manuel Sgarella","Tempo di lettura stimato":"2 minuti"},"schema":{"@context":"https:\/\/schema.org","@graph":[{"@type":"WebPage","@id":"https:\/\/staging.varesenews.it\/2019\/11\/consiglio-comunale-dichiara-lemergenza-climatica\/878279\/","url":"https:\/\/staging.varesenews.it\/2019\/11\/consiglio-comunale-dichiara-lemergenza-climatica\/878279\/","name":"Il Consiglio Comunale dichiara l'emergenza climatica","isPartOf":{"@id":"https:\/\/staging.varesenews.it\/#website"},"datePublished":"2019-11-30T10:36:46+00:00","dateModified":"2019-11-30T10:36:46+00:00","author":{"@id":"https:\/\/staging.varesenews.it\/#\/schema\/person\/1ec987bf360cbcf5fab38b0367dbc9d4"},"description":"Approvata all\u2019unanimit\u00e0 la mozione che impegna l\u2019amministrazione comunale a combattere per la salvaguardia dell\u2019ambiente","breadcrumb":{"@id":"https:\/\/staging.varesenews.it\/2019\/11\/consiglio-comunale-dichiara-lemergenza-climatica\/878279\/#breadcrumb"},"inLanguage":"it-IT","potentialAction":[{"@type":"ReadAction","target":["https:\/\/staging.varesenews.it\/2019\/11\/consiglio-comunale-dichiara-lemergenza-climatica\/878279\/"]}]},{"@type":"BreadcrumbList","@id":"https:\/\/staging.varesenews.it\/2019\/11\/consiglio-comunale-dichiara-lemergenza-climatica\/878279\/#breadcrumb","itemListElement":[{"@type":"ListItem","position":1,"name":"Home","item":"https:\/\/www.varesenews.it\/"},{"@type":"ListItem","position":2,"name":"Il Consiglio Comunale dichiara l&#8217;emergenza climatica"}]},{"@type":"WebSite","@id":"https:\/\/staging.varesenews.it\/#website","url":"https:\/\/staging.varesenews.it\/","name":"VareseNews","description":"","potentialAction":[{"@type":"SearchAction","target":{"@type":"EntryPoint","urlTemplate":"https:\/\/staging.varesenews.it\/?s={search_term_string}"},"query-input":"required name=search_term_string"}],"inLanguage":"it-IT"},{"@type":"Person","@id":"https:\/\/staging.varesenews.it\/#\/schema\/person\/1ec987bf360cbcf5fab38b0367dbc9d4","name":"Manuel Sgarella","image":{"@type":"ImageObject","inLanguage":"it-IT","@id":"https:\/\/staging.varesenews.it\/#\/schema\/person\/image\/","url":"https:\/\/staging.varesenews.it\/wp-content\/uploads\/2020\/12\/manuel_sgarella_colori_500.jpg","contentUrl":"https:\/\/staging.varesenews.it\/wp-content\/uploads\/2020\/12\/manuel_sgarella_colori_500.jpg","caption":"Manuel Sgarella"},"description":"A VareseNews dal 1999, da quando ho iniziato a collaborare per la pagina del cinema. Col tempo mi sono occupato della cronaca del territorio di Saronno-Tradate e dell'organizzazione di alcuni progetti speciali di VareseNews, tra cui la produzione del film Digitalife. Dal 2009 sono giornalista professionista. Diplomato alla Civica scuola del cinema di Milano, coltivo da sempre una passione per tutto quello che &egrave; narrazione, soprattutto per film e serie tv. Dal 2014 Pubblico romanzi come autore indipendente.&nbsp;","sameAs":["https:\/\/www.facebook.com\/manuel.sgarella","Sgarel","https:\/\/twitter.com\/Sgarel"],"url":"https:\/\/staging.varesenews.it\/persona\/manuel-sgarella1\/"}]}},"post_meta":{"_edit_lock":"1575110289:51","_edit_last":"51","_category_permalink":"a:1:{s:8:\"category\";s:0:\"\";}","ratings_users":"0","ratings_score":"0","ratings_average":"0","foto":"767414","firma_come_redazione":"1","argomento":"Malnate","_yoast_wpseo_content_score":"30","_jd_tweet_this":"yes","_wpt_short_url":"https:\/\/www.varesenews.it\/2019\/11\/consiglio-comunale-dichiara-lemergenza-climatica\/878279\/","_wp_jd_target":"https:\/\/www.varesenews.it\/2019\/11\/consiglio-comunale-dichiara-lemergenza-climatica\/878279\/","_jd_wp_twitter":"a:1:{i:0;s:155:\"Il Consiglio Comunale dichiara l\u2019emergenza climatica https:\/\/www.varesenews.it\/2019\/11\/consiglio-comunale-dichiara-lemergenza-climatica\/878279\/ #ambiente\";}","_wpt_status_message":"Tweet inviato con successo."},"photos":[{"original":"https:\/\/staging.varesenews.it\/photogallery_new\/images\/2019\/10\/consiglio-comunale-malnate-767414.jpg","full":"https:\/\/staging.varesenews.it\/photogallery_new\/images\/2019\/10\/consiglio-comunale-malnate-767414.1024x768.jpg","large":"https:\/\/staging.varesenews.it\/photogallery_new\/images\/2019\/10\/consiglio-comunale-malnate-767414.610x431.jpg"}],"_links":{"self":[{"href":"https:\/\/staging.varesenews.it\/swgapi\/v1\/wp\/v2\/posts\/878279"}],"collection":[{"href":"https:\/\/staging.varesenews.it\/swgapi\/v1\/wp\/v2\/posts"}],"about":[{"href":"https:\/\/staging.varesenews.it\/swgapi\/v1\/wp\/v2\/types\/post"}],"author":[{"embeddable":true,"href":"https:\/\/staging.varesenews.it\/swgapi\/v1\/wp\/v2\/users\/51"}],"replies":[{"embeddable":true,"href":"https:\/\/staging.varesenews.it\/swgapi\/v1\/wp\/v2\/comments?post=878279"}],"version-history":[{"count":0,"href":"https:\/\/staging.varesenews.it\/swgapi\/v1\/wp\/v2\/posts\/878279\/revisions"}],"wp:attachment":[{"href":"https:\/\/staging.varesenews.it\/swgapi\/v1\/wp\/v2\/media?parent=878279"}],"wp:term":[{"taxonomy":"category","embeddable":true,"href":"https:\/\/staging.varesenews.it\/swgapi\/v1\/wp\/v2\/categories?post=878279"},{"taxonomy":"post_tag","embeddable":true,"href":"https:\/\/staging.varesenews.it\/swgapi\/v1\/wp\/v2\/tags?post=878279"}],"curies":[{"name":"wp","href":"https:\/\/api.w.org\/{rel}","templated":true}]}}