{"id":879725,"date":"2019-12-05T01:56:09","date_gmt":"2019-12-05T00:56:09","guid":{"rendered":"https:\/\/www.varesenews.it\/?p=879725"},"modified":"2019-12-05T09:39:36","modified_gmt":"2019-12-05T08:39:36","slug":"consiglio-comunale-lopposizione-si-spacca","status":"publish","type":"post","link":"https:\/\/staging.varesenews.it\/2019\/12\/consiglio-comunale-lopposizione-si-spacca\/879725\/","title":{"rendered":"Dopo il Consiglio comunale l&#8217;opposizione si spacca"},"content":{"rendered":"<p>Dopo la <a href=\"https:\/\/www.varesenews.it\/2019\/11\/sindaco-estraneo-ai-fatti-lopposizione-chiede-le-dimissioni\/878203\/\"><strong>seduta del Consiglio comunale<\/strong> <\/a>che venerd\u00ec scorso ha affrontato la difficile situazione che si \u00e8 creata in Municipio con l&#8217;<strong>arresto del responsabile dell&#8217;Ufficio manutenzioni,<\/strong> si registra un <strong>colpo di scena tra le file dell&#8217;opposizione.<\/strong><\/p>\n<p>Il consigliere <strong>Vittore Zammaretti<\/strong> luned\u00ec ha consegnato al protocollo comunale una lettera in cui comunica la sua intenzione di <strong>non fare pi\u00f9 parte del gruppo consiliare &#8220;Centro destra per Induno&#8221;.<\/strong><\/p>\n<p>Zammaretti nel corso del dibattito seguito alla relazione del sindaco Marco Cavallin, <strong>si era discostato dalle posizioni espresse dal suo gruppo<\/strong>, esprimendo fiducia nei confronti del sindaco e aggiungendo:\u00a0\u00abIo non posso attaccare una persona sotto indagine quando le indagini non sono ancora terminate. Io stasera sono qui e faccio l&#8217;opposizione, se verr\u00e0 proposta una mozione di sfiducia la voter\u00f2, ma se il sindaco dovesse uscire da questa vicenda completamente pulito io sar\u00f2 il primo a scusarmi con lui. Secondo me in un momento come questo il Comune di Induno ha bisogno di vivere unito questo tragico momento\u00bb. Una dichiarazione che aveva suscitato un applauso del pubblico, decisamente meno apprezzata dal suo gruppo.<\/p>\n<p>Zammaretti nella sua comunicazione dice di voler continuare a svolgere il suo compito di consigliere comunale nell&#8217;interesse della comunit\u00e0 indunese e di non avere intenzione di entrare in altri gruppi.<\/p>\n","protected":false},"excerpt":{"rendered":"<p>Vittore Zammaretti lascia il &#8220;Centro destra per Induno&#8221;: in Consiglio si era discostato dalle posizioni espresse dal suo gruppo, esprimendo fiducia nei confronti del sindaco sui fatti legati all&#8217;arresto del dirigente dell&#8217;Ufficio Manutenzioni<\/p>\n","protected":false},"author":44,"featured_media":0,"comment_status":"open","ping_status":"open","sticky":false,"template":"","format":"standard","meta":{"footnotes":""},"categories":[16,2],"tags":[58866,3632],"acf":[],"yoast_head":"<!-- This site is optimized with the Yoast SEO plugin v20.1 - https:\/\/yoast.com\/wordpress\/plugins\/seo\/ -->\n<title>Dopo il Consiglio comunale l&#039;opposizione si spacca<\/title>\n<meta name=\"description\" content=\"Vittore Zammaretti lascia il &quot;Centro destra per Induno&quot;: in Consiglio si era discostato dalle posizioni espresse dal suo gruppo, esprimendo fiducia nei confronti del sindaco sui fatti legati all&#039;arresto del dirigente dell&#039;Ufficio Manutenzioni\" \/>\n<meta name=\"robots\" content=\"noindex, follow, max-snippet:-1, max-image-preview:large, max-video-preview:-1\" \/>\n<meta property=\"og:locale\" content=\"it_IT\" \/>\n<meta property=\"og:type\" content=\"article\" \/>\n<meta property=\"og:title\" content=\"Dopo il Consiglio comunale l&#039;opposizione si spacca\" \/>\n<meta property=\"og:description\" content=\"Vittore Zammaretti lascia il &quot;Centro destra per Induno&quot;: in Consiglio si era discostato dalle posizioni espresse dal suo gruppo, esprimendo fiducia nei confronti del sindaco sui fatti legati all&#039;arresto del dirigente dell&#039;Ufficio Manutenzioni\" \/>\n<meta property=\"og:url\" content=\"https:\/\/staging.varesenews.it\/2019\/12\/consiglio-comunale-lopposizione-si-spacca\/879725\/\" \/>\n<meta property=\"og:site_name\" content=\"VareseNews\" \/>\n<meta property=\"article:publisher\" content=\"https:\/\/www.facebook.com\/varesenews\" \/>\n<meta property=\"article:author\" content=\"https:\/\/www.facebook.com\/mariangela.gerletti\" \/>\n<meta property=\"article:published_time\" content=\"2019-12-05T00:56:09+00:00\" \/>\n<meta property=\"article:modified_time\" content=\"2019-12-05T08:39:36+00:00\" \/>\n<meta name=\"author\" content=\"Mariangela Gerletti\" \/>\n<meta name=\"twitter:card\" content=\"summary_large_image\" \/>\n<meta name=\"twitter:creator\" content=\"@MariGerletti\" \/>\n<meta name=\"twitter:site\" content=\"@varesenews\" \/>\n<meta name=\"twitter:label1\" content=\"Scritto da\" \/>\n\t<meta name=\"twitter:data1\" content=\"Mariangela Gerletti\" \/>\n\t<meta name=\"twitter:label2\" content=\"Tempo di lettura stimato\" \/>\n\t<meta name=\"twitter:data2\" content=\"1 minuto\" \/>\n<script type=\"application\/ld+json\" class=\"yoast-schema-graph\">{\"@context\":\"https:\/\/schema.org\",\"@graph\":[{\"@type\":\"WebPage\",\"@id\":\"https:\/\/staging.varesenews.it\/2019\/12\/consiglio-comunale-lopposizione-si-spacca\/879725\/\",\"url\":\"https:\/\/staging.varesenews.it\/2019\/12\/consiglio-comunale-lopposizione-si-spacca\/879725\/\",\"name\":\"Dopo il Consiglio comunale l'opposizione si spacca\",\"isPartOf\":{\"@id\":\"https:\/\/staging.varesenews.it\/#website\"},\"datePublished\":\"2019-12-05T00:56:09+00:00\",\"dateModified\":\"2019-12-05T08:39:36+00:00\",\"author\":{\"@id\":\"https:\/\/staging.varesenews.it\/#\/schema\/person\/14f52876ea19bc10d0d2717b6e8f9b89\"},\"description\":\"Vittore Zammaretti lascia il \\\"Centro destra per Induno\\\": in Consiglio si era discostato dalle posizioni espresse dal suo gruppo, esprimendo fiducia nei confronti del sindaco sui fatti legati all'arresto del dirigente dell'Ufficio Manutenzioni\",\"breadcrumb\":{\"@id\":\"https:\/\/staging.varesenews.it\/2019\/12\/consiglio-comunale-lopposizione-si-spacca\/879725\/#breadcrumb\"},\"inLanguage\":\"it-IT\",\"potentialAction\":[{\"@type\":\"ReadAction\",\"target\":[\"https:\/\/staging.varesenews.it\/2019\/12\/consiglio-comunale-lopposizione-si-spacca\/879725\/\"]}]},{\"@type\":\"BreadcrumbList\",\"@id\":\"https:\/\/staging.varesenews.it\/2019\/12\/consiglio-comunale-lopposizione-si-spacca\/879725\/#breadcrumb\",\"itemListElement\":[{\"@type\":\"ListItem\",\"position\":1,\"name\":\"Home\",\"item\":\"https:\/\/www.varesenews.it\/\"},{\"@type\":\"ListItem\",\"position\":2,\"name\":\"Dopo il Consiglio comunale l&#8217;opposizione si spacca\"}]},{\"@type\":\"WebSite\",\"@id\":\"https:\/\/staging.varesenews.it\/#website\",\"url\":\"https:\/\/staging.varesenews.it\/\",\"name\":\"VareseNews\",\"description\":\"\",\"potentialAction\":[{\"@type\":\"SearchAction\",\"target\":{\"@type\":\"EntryPoint\",\"urlTemplate\":\"https:\/\/staging.varesenews.it\/?s={search_term_string}\"},\"query-input\":\"required name=search_term_string\"}],\"inLanguage\":\"it-IT\"},{\"@type\":\"Person\",\"@id\":\"https:\/\/staging.varesenews.it\/#\/schema\/person\/14f52876ea19bc10d0d2717b6e8f9b89\",\"name\":\"Mariangela Gerletti\",\"image\":{\"@type\":\"ImageObject\",\"inLanguage\":\"it-IT\",\"@id\":\"https:\/\/staging.varesenews.it\/#\/schema\/person\/image\/\",\"url\":\"https:\/\/staging.varesenews.it\/wp-content\/uploads\/2020\/12\/mariangela.jpeg\",\"contentUrl\":\"https:\/\/staging.varesenews.it\/wp-content\/uploads\/2020\/12\/mariangela.jpeg\",\"caption\":\"Mariangela Gerletti\"},\"description\":\"Da pi&ugrave; di trent'anni mi occupo di giornalismo e comunicazione Varesenews &egrave; il luogo dove ho trovato la passione, l'attenzione e le persone che ogni giorno mi fanno amare un po' di pi&ugrave; questo lavoro di cui non mi stanco mai. Far parte della redazione di Varesenews &egrave; un onore, sostenere il progetto della membership &egrave; un piacere perch&eacute; mi fa sentire ancora pi&ugrave; vicina alla grande comunit&agrave; dei nostri lettori.\",\"sameAs\":[\"https:\/\/www.facebook.com\/mariangela.gerletti\",\"marigerletti\",\"https:\/\/twitter.com\/MariGerletti\"],\"url\":\"https:\/\/staging.varesenews.it\/persona\/mariangela-gerletti1\/\"}]}<\/script>\n<!-- \/ Yoast SEO plugin. -->","yoast_head_json":{"title":"Dopo il Consiglio comunale l'opposizione si spacca","description":"Vittore Zammaretti lascia il \"Centro destra per Induno\": in Consiglio si era discostato dalle posizioni espresse dal suo gruppo, esprimendo fiducia nei confronti del sindaco sui fatti legati all'arresto del dirigente dell'Ufficio Manutenzioni","robots":{"index":"noindex","follow":"follow","max-snippet":"max-snippet:-1","max-image-preview":"max-image-preview:large","max-video-preview":"max-video-preview:-1"},"og_locale":"it_IT","og_type":"article","og_title":"Dopo il Consiglio comunale l'opposizione si spacca","og_description":"Vittore Zammaretti lascia il \"Centro destra per Induno\": in Consiglio si era discostato dalle posizioni espresse dal suo gruppo, esprimendo fiducia nei confronti del sindaco sui fatti legati all'arresto del dirigente dell'Ufficio Manutenzioni","og_url":"https:\/\/staging.varesenews.it\/2019\/12\/consiglio-comunale-lopposizione-si-spacca\/879725\/","og_site_name":"VareseNews","article_publisher":"https:\/\/www.facebook.com\/varesenews","article_author":"https:\/\/www.facebook.com\/mariangela.gerletti","article_published_time":"2019-12-05T00:56:09+00:00","article_modified_time":"2019-12-05T08:39:36+00:00","author":"Mariangela Gerletti","twitter_card":"summary_large_image","twitter_creator":"@MariGerletti","twitter_site":"@varesenews","twitter_misc":{"Scritto da":"Mariangela Gerletti","Tempo di lettura stimato":"1 minuto"},"schema":{"@context":"https:\/\/schema.org","@graph":[{"@type":"WebPage","@id":"https:\/\/staging.varesenews.it\/2019\/12\/consiglio-comunale-lopposizione-si-spacca\/879725\/","url":"https:\/\/staging.varesenews.it\/2019\/12\/consiglio-comunale-lopposizione-si-spacca\/879725\/","name":"Dopo il Consiglio comunale l'opposizione si spacca","isPartOf":{"@id":"https:\/\/staging.varesenews.it\/#website"},"datePublished":"2019-12-05T00:56:09+00:00","dateModified":"2019-12-05T08:39:36+00:00","author":{"@id":"https:\/\/staging.varesenews.it\/#\/schema\/person\/14f52876ea19bc10d0d2717b6e8f9b89"},"description":"Vittore Zammaretti lascia il \"Centro destra per Induno\": in Consiglio si era discostato dalle posizioni espresse dal suo gruppo, esprimendo fiducia nei confronti del sindaco sui fatti legati all'arresto del dirigente dell'Ufficio Manutenzioni","breadcrumb":{"@id":"https:\/\/staging.varesenews.it\/2019\/12\/consiglio-comunale-lopposizione-si-spacca\/879725\/#breadcrumb"},"inLanguage":"it-IT","potentialAction":[{"@type":"ReadAction","target":["https:\/\/staging.varesenews.it\/2019\/12\/consiglio-comunale-lopposizione-si-spacca\/879725\/"]}]},{"@type":"BreadcrumbList","@id":"https:\/\/staging.varesenews.it\/2019\/12\/consiglio-comunale-lopposizione-si-spacca\/879725\/#breadcrumb","itemListElement":[{"@type":"ListItem","position":1,"name":"Home","item":"https:\/\/www.varesenews.it\/"},{"@type":"ListItem","position":2,"name":"Dopo il Consiglio comunale l&#8217;opposizione si spacca"}]},{"@type":"WebSite","@id":"https:\/\/staging.varesenews.it\/#website","url":"https:\/\/staging.varesenews.it\/","name":"VareseNews","description":"","potentialAction":[{"@type":"SearchAction","target":{"@type":"EntryPoint","urlTemplate":"https:\/\/staging.varesenews.it\/?s={search_term_string}"},"query-input":"required name=search_term_string"}],"inLanguage":"it-IT"},{"@type":"Person","@id":"https:\/\/staging.varesenews.it\/#\/schema\/person\/14f52876ea19bc10d0d2717b6e8f9b89","name":"Mariangela Gerletti","image":{"@type":"ImageObject","inLanguage":"it-IT","@id":"https:\/\/staging.varesenews.it\/#\/schema\/person\/image\/","url":"https:\/\/staging.varesenews.it\/wp-content\/uploads\/2020\/12\/mariangela.jpeg","contentUrl":"https:\/\/staging.varesenews.it\/wp-content\/uploads\/2020\/12\/mariangela.jpeg","caption":"Mariangela Gerletti"},"description":"Da pi&ugrave; di trent'anni mi occupo di giornalismo e comunicazione Varesenews &egrave; il luogo dove ho trovato la passione, l'attenzione e le persone che ogni giorno mi fanno amare un po' di pi&ugrave; questo lavoro di cui non mi stanco mai. Far parte della redazione di Varesenews &egrave; un onore, sostenere il progetto della membership &egrave; un piacere perch&eacute; mi fa sentire ancora pi&ugrave; vicina alla grande comunit&agrave; dei nostri lettori.","sameAs":["https:\/\/www.facebook.com\/mariangela.gerletti","marigerletti","https:\/\/twitter.com\/MariGerletti"],"url":"https:\/\/staging.varesenews.it\/persona\/mariangela-gerletti1\/"}]}},"post_meta":{"_edit_lock":"1575552570:44","_edit_last":"44","_category_permalink":"a:1:{s:8:\"category\";s:1:\"2\";}","_yoast_wpseo_content_score":"30","_jd_tweet_this":"yes","firma-personalizzata":"Ma.Ge.","argomento":"Induno Olona","id_leggi_anche":"871622,871702,874021,872543,878203,872160,871495,879936,879965,1349051","foto":"774071","ratings_users":"0","ratings_score":"0","ratings_average":"0","_wpt_short_url":"https:\/\/www.varesenews.it\/2019\/12\/consiglio-comunale-lopposizione-si-spacca\/879725\/","_wp_jd_target":"https:\/\/www.varesenews.it\/2019\/12\/consiglio-comunale-lopposizione-si-spacca\/879725\/","_jd_wp_twitter":"a:1:{i:0;s:148:\"Dopo il Consiglio comunale l\u2019opposizione si spacca https:\/\/www.varesenews.it\/2019\/12\/consiglio-comunale-lopposizione-si-spacca\/879725\/ #Valceresio\";}","_wpt_status_message":"Tweet inviato con successo."},"photos":[{"original":"https:\/\/staging.varesenews.it\/photogallery_new\/images\/2019\/12\/induno-olona-consiglio-comunale-varie-774071.jpg","full":"https:\/\/staging.varesenews.it\/photogallery_new\/images\/2019\/12\/induno-olona-consiglio-comunale-varie-774071.1024x768.jpg","large":"https:\/\/staging.varesenews.it\/photogallery_new\/images\/2019\/12\/induno-olona-consiglio-comunale-varie-774071.610x431.jpg"}],"_links":{"self":[{"href":"https:\/\/staging.varesenews.it\/swgapi\/v1\/wp\/v2\/posts\/879725"}],"collection":[{"href":"https:\/\/staging.varesenews.it\/swgapi\/v1\/wp\/v2\/posts"}],"about":[{"href":"https:\/\/staging.varesenews.it\/swgapi\/v1\/wp\/v2\/types\/post"}],"author":[{"embeddable":true,"href":"https:\/\/staging.varesenews.it\/swgapi\/v1\/wp\/v2\/users\/44"}],"replies":[{"embeddable":true,"href":"https:\/\/staging.varesenews.it\/swgapi\/v1\/wp\/v2\/comments?post=879725"}],"version-history":[{"count":0,"href":"https:\/\/staging.varesenews.it\/swgapi\/v1\/wp\/v2\/posts\/879725\/revisions"}],"wp:attachment":[{"href":"https:\/\/staging.varesenews.it\/swgapi\/v1\/wp\/v2\/media?parent=879725"}],"wp:term":[{"taxonomy":"category","embeddable":true,"href":"https:\/\/staging.varesenews.it\/swgapi\/v1\/wp\/v2\/categories?post=879725"},{"taxonomy":"post_tag","embeddable":true,"href":"https:\/\/staging.varesenews.it\/swgapi\/v1\/wp\/v2\/tags?post=879725"}],"curies":[{"name":"wp","href":"https:\/\/api.w.org\/{rel}","templated":true}]}}