{"id":882345,"date":"2019-12-12T12:38:06","date_gmt":"2019-12-12T11:38:06","guid":{"rendered":"https:\/\/www.varesenews.it\/?p=882345"},"modified":"2019-12-12T12:38:06","modified_gmt":"2019-12-12T11:38:06","slug":"consiglio-comunale-la-nomina-del-cda-della-vedani-discutere","status":"publish","type":"post","link":"https:\/\/staging.varesenews.it\/2019\/12\/consiglio-comunale-la-nomina-del-cda-della-vedani-discutere\/882345\/","title":{"rendered":"Consiglio comunale, la nomina del Cda della Vedani fa discutere"},"content":{"rendered":"<p>Dopo essere stato rinviato di una decina di giorni, <b>marted\u00ec 10 dicembre<\/b> si \u00e8 svolto l\u2019ultimo <b>consiglio comunale angerese<\/b> del 2019. Da segnalare, come primo dei nove punti all\u2019ordine del giorno, <b>la surroga all\u2019interno della minoranza<\/b>. <b>Fausto Baranzini<\/b>,\u00a0 candidato sindaco per la lista di centrodestra (FI, Lega e Angera Indipendente) \u201c<b>Insieme per Angera<\/b>\u201d, ha rassegnato infatti le proprie dimissioni tramite una lettera che il sindaco, Alessandro Paladini Molgora, ha letto al pubblico nel corso della seduta: <b>\u00abNei limiti delle mie possibilit\u00e0 mi sono impegnato a dare il mio contributo a questa importante assemblea elettiva. Certo che chi mi sostituir\u00e0 sar\u00e0 assolutamente all\u2019altezza del ruolo\u00bb<\/b>.<\/p>\n<p>Al suo posto \u00e8 perci\u00f2 subentrata <b>Maria Stella Tonin<\/b> che lo scorso maggio aveva raccolto 94 preferenze, risultando il candidato maggiormente votato nella lista dell\u2019architetto Baranzini.<\/p>\n<p>In una seduta relativamente breve, \u00e8 stato motivo di confronto tra la lista Allea e la maggioranza l\u2019ultimo punto all\u2019ordine del giorno, ovvero la comunicazione del <b>nuovo CdA della Scuola dell\u2019Infanzia Vedani. Ne fanno parte<\/b>\u00a0<b>Giampiero Pastorelli, Carla Giuseppina Tognoli, Ines Binda, Gianfranco Munda e Giorgio Grube<\/b>.<\/p>\n<p>Di norma, lo statuto della Fondazione Vedani prevede che tre componenti vengano scelti dall\u2019amministrazione, uno dal parroco (il quale ha indicato Munda) e uno dalla scuola che tuttavia non si \u00e8 espressa. Per questo motivo, come spiegato dal sindaco, anche l\u2019ultimo nominativo \u00e8 stato scelto dall\u2019amministrazione ma su indicazione delle minoranze che avevano segnalato due diverse persone: \u00abLa maggioranza deve prendersi la responsabilit\u00e0 di questa scelta-\u00a0 dichiara <strong>Milo Manica<\/strong> di Allea -. Da una nostra verifica al protocollo dalla minoranza \u00e8 arrivato solo un nome, quello avanzato da Allea, che per\u00f2 non \u00e8 stato preso in considerazione. Per avere un \u201ccappello politico\u201d sopra l\u2019asilo si \u00e8 persa l\u2019occasione per mettere una persona di competenza\u00bb.<\/p>\n<p>In risposta, il primo cittadino angerese ha invece assicurato che anche \u201cInsieme per Angera\u201d aveva espresso un proprio nominativo, che poi \u00e8 stato quello effettivamente scelto.<\/p>\n<p>La parte centrale del consiglio si \u00e8 invece concentra su questioni pi\u00f9 tecniche e ha visto la votazione degli altri punti all\u2019ordine del giorno ovvero la variazione del <b>DUP 2019-2021<\/b> (Documento Unico di Programmazione), ratifica della <b>variazione di bilancio<\/b> e la revisione ordinaria delle partecipazioni. Se per la variazione del DUP e del bilancio la minoranza si \u00e8 astenuta, c\u2019\u00e8 stata unanimit\u00e0 per quanto riguarda le partecipazioni. \u00abNon \u00e8 ancora definitivo &#8211; ha aggiunto Molgora &#8211; ma \u00e8 molto probabile che con l\u2019anno nuovo la societ\u00e0 Alfa sistemer\u00e0 anche le fognature\u00bb.<\/p>\n","protected":false},"excerpt":{"rendered":"<p>Confronto tra Allea e la maggioranza durante l&#8217;ultima seduta del 2019. Cambio tra le file dell&#8217;opposizione: entra Stella Tonin al posto di Baranzini<\/p>\n","protected":false},"author":43,"featured_media":0,"comment_status":"open","ping_status":"open","sticky":false,"template":"","format":"standard","meta":{"footnotes":""},"categories":[2],"tags":[1065],"acf":[],"yoast_head":"<!-- This site is optimized with the Yoast SEO plugin v20.1 - https:\/\/yoast.com\/wordpress\/plugins\/seo\/ -->\n<title>Consiglio comunale, la nomina del Cda della Vedani fa discutere<\/title>\n<meta name=\"description\" content=\"Confronto tra Allea e la maggioranza durante l&#039;ultima seduta del 2019. Cambio tra le file dell&#039;opposizione: entra Stella Tonin al posto di Baranzini\" \/>\n<meta name=\"robots\" content=\"noindex, follow, max-snippet:-1, max-image-preview:large, max-video-preview:-1\" \/>\n<meta property=\"og:locale\" content=\"it_IT\" \/>\n<meta property=\"og:type\" content=\"article\" \/>\n<meta property=\"og:title\" content=\"Consiglio comunale, la nomina del Cda della Vedani fa discutere\" \/>\n<meta property=\"og:description\" content=\"Confronto tra Allea e la maggioranza durante l&#039;ultima seduta del 2019. Cambio tra le file dell&#039;opposizione: entra Stella Tonin al posto di Baranzini\" \/>\n<meta property=\"og:url\" content=\"https:\/\/staging.varesenews.it\/2019\/12\/consiglio-comunale-la-nomina-del-cda-della-vedani-discutere\/882345\/\" \/>\n<meta property=\"og:site_name\" content=\"VareseNews\" \/>\n<meta property=\"article:publisher\" content=\"https:\/\/www.facebook.com\/varesenews\" \/>\n<meta property=\"article:author\" content=\"https:\/\/www.facebook.com\/mariacarla.cebrelli\" \/>\n<meta property=\"article:published_time\" content=\"2019-12-12T11:38:06+00:00\" \/>\n<meta name=\"author\" content=\"Maria Carla Cebrelli\" \/>\n<meta name=\"twitter:card\" content=\"summary_large_image\" \/>\n<meta name=\"twitter:creator\" content=\"@pikapiketti\" \/>\n<meta name=\"twitter:site\" content=\"@varesenews\" \/>\n<meta name=\"twitter:label1\" content=\"Scritto da\" \/>\n\t<meta name=\"twitter:data1\" content=\"Maria Carla Cebrelli\" \/>\n\t<meta name=\"twitter:label2\" content=\"Tempo di lettura stimato\" \/>\n\t<meta name=\"twitter:data2\" content=\"2 minuti\" \/>\n<script type=\"application\/ld+json\" class=\"yoast-schema-graph\">{\"@context\":\"https:\/\/schema.org\",\"@graph\":[{\"@type\":\"WebPage\",\"@id\":\"https:\/\/staging.varesenews.it\/2019\/12\/consiglio-comunale-la-nomina-del-cda-della-vedani-discutere\/882345\/\",\"url\":\"https:\/\/staging.varesenews.it\/2019\/12\/consiglio-comunale-la-nomina-del-cda-della-vedani-discutere\/882345\/\",\"name\":\"Consiglio comunale, la nomina del Cda della Vedani fa discutere\",\"isPartOf\":{\"@id\":\"https:\/\/staging.varesenews.it\/#website\"},\"datePublished\":\"2019-12-12T11:38:06+00:00\",\"dateModified\":\"2019-12-12T11:38:06+00:00\",\"author\":{\"@id\":\"https:\/\/staging.varesenews.it\/#\/schema\/person\/5bf790e99d7ec50061119cc825c454de\"},\"description\":\"Confronto tra Allea e la maggioranza durante l'ultima seduta del 2019. Cambio tra le file dell'opposizione: entra Stella Tonin al posto di Baranzini\",\"breadcrumb\":{\"@id\":\"https:\/\/staging.varesenews.it\/2019\/12\/consiglio-comunale-la-nomina-del-cda-della-vedani-discutere\/882345\/#breadcrumb\"},\"inLanguage\":\"it-IT\",\"potentialAction\":[{\"@type\":\"ReadAction\",\"target\":[\"https:\/\/staging.varesenews.it\/2019\/12\/consiglio-comunale-la-nomina-del-cda-della-vedani-discutere\/882345\/\"]}]},{\"@type\":\"BreadcrumbList\",\"@id\":\"https:\/\/staging.varesenews.it\/2019\/12\/consiglio-comunale-la-nomina-del-cda-della-vedani-discutere\/882345\/#breadcrumb\",\"itemListElement\":[{\"@type\":\"ListItem\",\"position\":1,\"name\":\"Home\",\"item\":\"https:\/\/www.varesenews.it\/\"},{\"@type\":\"ListItem\",\"position\":2,\"name\":\"Consiglio comunale, la nomina del Cda della Vedani fa discutere\"}]},{\"@type\":\"WebSite\",\"@id\":\"https:\/\/staging.varesenews.it\/#website\",\"url\":\"https:\/\/staging.varesenews.it\/\",\"name\":\"VareseNews\",\"description\":\"\",\"potentialAction\":[{\"@type\":\"SearchAction\",\"target\":{\"@type\":\"EntryPoint\",\"urlTemplate\":\"https:\/\/staging.varesenews.it\/?s={search_term_string}\"},\"query-input\":\"required name=search_term_string\"}],\"inLanguage\":\"it-IT\"},{\"@type\":\"Person\",\"@id\":\"https:\/\/staging.varesenews.it\/#\/schema\/person\/5bf790e99d7ec50061119cc825c454de\",\"name\":\"Maria Carla Cebrelli\",\"image\":{\"@type\":\"ImageObject\",\"inLanguage\":\"it-IT\",\"@id\":\"https:\/\/staging.varesenews.it\/#\/schema\/person\/image\/\",\"url\":\"https:\/\/staging.varesenews.it\/wp-content\/uploads\/2020\/12\/mariacarla_cebrelli_colori_500-1.jpg\",\"contentUrl\":\"https:\/\/staging.varesenews.it\/wp-content\/uploads\/2020\/12\/mariacarla_cebrelli_colori_500-1.jpg\",\"caption\":\"Maria Carla Cebrelli\"},\"description\":\"Economista di formazione, giornalista per passione. A VareseNews dal 2005, mi sono occupata negli anni di universit&agrave;, tematiche di confine, news locali e comunicazione nel settore sociale. Attualmente sono responsabile di VerbanoNews, del canale di VareseNews dedicato al Turismo e seguo i social dell'area business.\",\"sameAs\":[\"https:\/\/www.facebook.com\/mariacarla.cebrelli\",\"pikapiketti\",\"https:\/\/twitter.com\/pikapiketti\"],\"url\":\"https:\/\/staging.varesenews.it\/persona\/mariacarla-cebrelli1\/\"}]}<\/script>\n<!-- \/ Yoast SEO plugin. -->","yoast_head_json":{"title":"Consiglio comunale, la nomina del Cda della Vedani fa discutere","description":"Confronto tra Allea e la maggioranza durante l'ultima seduta del 2019. Cambio tra le file dell'opposizione: entra Stella Tonin al posto di Baranzini","robots":{"index":"noindex","follow":"follow","max-snippet":"max-snippet:-1","max-image-preview":"max-image-preview:large","max-video-preview":"max-video-preview:-1"},"og_locale":"it_IT","og_type":"article","og_title":"Consiglio comunale, la nomina del Cda della Vedani fa discutere","og_description":"Confronto tra Allea e la maggioranza durante l'ultima seduta del 2019. Cambio tra le file dell'opposizione: entra Stella Tonin al posto di Baranzini","og_url":"https:\/\/staging.varesenews.it\/2019\/12\/consiglio-comunale-la-nomina-del-cda-della-vedani-discutere\/882345\/","og_site_name":"VareseNews","article_publisher":"https:\/\/www.facebook.com\/varesenews","article_author":"https:\/\/www.facebook.com\/mariacarla.cebrelli","article_published_time":"2019-12-12T11:38:06+00:00","author":"Maria Carla Cebrelli","twitter_card":"summary_large_image","twitter_creator":"@pikapiketti","twitter_site":"@varesenews","twitter_misc":{"Scritto da":"Maria Carla Cebrelli","Tempo di lettura stimato":"2 minuti"},"schema":{"@context":"https:\/\/schema.org","@graph":[{"@type":"WebPage","@id":"https:\/\/staging.varesenews.it\/2019\/12\/consiglio-comunale-la-nomina-del-cda-della-vedani-discutere\/882345\/","url":"https:\/\/staging.varesenews.it\/2019\/12\/consiglio-comunale-la-nomina-del-cda-della-vedani-discutere\/882345\/","name":"Consiglio comunale, la nomina del Cda della Vedani fa discutere","isPartOf":{"@id":"https:\/\/staging.varesenews.it\/#website"},"datePublished":"2019-12-12T11:38:06+00:00","dateModified":"2019-12-12T11:38:06+00:00","author":{"@id":"https:\/\/staging.varesenews.it\/#\/schema\/person\/5bf790e99d7ec50061119cc825c454de"},"description":"Confronto tra Allea e la maggioranza durante l'ultima seduta del 2019. Cambio tra le file dell'opposizione: entra Stella Tonin al posto di Baranzini","breadcrumb":{"@id":"https:\/\/staging.varesenews.it\/2019\/12\/consiglio-comunale-la-nomina-del-cda-della-vedani-discutere\/882345\/#breadcrumb"},"inLanguage":"it-IT","potentialAction":[{"@type":"ReadAction","target":["https:\/\/staging.varesenews.it\/2019\/12\/consiglio-comunale-la-nomina-del-cda-della-vedani-discutere\/882345\/"]}]},{"@type":"BreadcrumbList","@id":"https:\/\/staging.varesenews.it\/2019\/12\/consiglio-comunale-la-nomina-del-cda-della-vedani-discutere\/882345\/#breadcrumb","itemListElement":[{"@type":"ListItem","position":1,"name":"Home","item":"https:\/\/www.varesenews.it\/"},{"@type":"ListItem","position":2,"name":"Consiglio comunale, la nomina del Cda della Vedani fa discutere"}]},{"@type":"WebSite","@id":"https:\/\/staging.varesenews.it\/#website","url":"https:\/\/staging.varesenews.it\/","name":"VareseNews","description":"","potentialAction":[{"@type":"SearchAction","target":{"@type":"EntryPoint","urlTemplate":"https:\/\/staging.varesenews.it\/?s={search_term_string}"},"query-input":"required name=search_term_string"}],"inLanguage":"it-IT"},{"@type":"Person","@id":"https:\/\/staging.varesenews.it\/#\/schema\/person\/5bf790e99d7ec50061119cc825c454de","name":"Maria Carla Cebrelli","image":{"@type":"ImageObject","inLanguage":"it-IT","@id":"https:\/\/staging.varesenews.it\/#\/schema\/person\/image\/","url":"https:\/\/staging.varesenews.it\/wp-content\/uploads\/2020\/12\/mariacarla_cebrelli_colori_500-1.jpg","contentUrl":"https:\/\/staging.varesenews.it\/wp-content\/uploads\/2020\/12\/mariacarla_cebrelli_colori_500-1.jpg","caption":"Maria Carla Cebrelli"},"description":"Economista di formazione, giornalista per passione. A VareseNews dal 2005, mi sono occupata negli anni di universit&agrave;, tematiche di confine, news locali e comunicazione nel settore sociale. Attualmente sono responsabile di VerbanoNews, del canale di VareseNews dedicato al Turismo e seguo i social dell'area business.","sameAs":["https:\/\/www.facebook.com\/mariacarla.cebrelli","pikapiketti","https:\/\/twitter.com\/pikapiketti"],"url":"https:\/\/staging.varesenews.it\/persona\/mariacarla-cebrelli1\/"}]}},"post_meta":{"_edit_lock":"1576150561:43","_edit_last":"43","_category_permalink":"a:1:{s:8:\"category\";s:0:\"\";}","ratings_users":"0","ratings_score":"0","ratings_average":"0","foto":"776034","firma-personalizzata":"Marco Tresca","argomento":"Angera","_yoast_wpseo_content_score":"30","_jd_tweet_this":"yes","_wpt_short_url":"https:\/\/www.varesenews.it\/2019\/12\/consiglio-comunale-la-nomina-del-cda-della-vedani-discutere\/882345\/","_wp_jd_target":"https:\/\/www.varesenews.it\/2019\/12\/consiglio-comunale-la-nomina-del-cda-della-vedani-discutere\/882345\/","_jd_wp_twitter":"a:1:{i:0;s:166:\"Consiglio comunale, la nomina del Cda della Vedani fa discutere https:\/\/www.varesenews.it\/2019\/12\/consiglio-comunale-la-nomina-del-cda-della-vedani-discutere\/882345\/ \";}","_wpt_status_message":"Tweet inviato con successo."},"photos":[{"original":"https:\/\/staging.varesenews.it\/photogallery_new\/images\/2019\/12\/generico-2018-776034.jpg","full":"https:\/\/staging.varesenews.it\/photogallery_new\/images\/2019\/12\/generico-2018-776034.1024x768.jpg","large":"https:\/\/staging.varesenews.it\/photogallery_new\/images\/2019\/12\/generico-2018-776034.610x431.jpg"}],"_links":{"self":[{"href":"https:\/\/staging.varesenews.it\/swgapi\/v1\/wp\/v2\/posts\/882345"}],"collection":[{"href":"https:\/\/staging.varesenews.it\/swgapi\/v1\/wp\/v2\/posts"}],"about":[{"href":"https:\/\/staging.varesenews.it\/swgapi\/v1\/wp\/v2\/types\/post"}],"author":[{"embeddable":true,"href":"https:\/\/staging.varesenews.it\/swgapi\/v1\/wp\/v2\/users\/43"}],"replies":[{"embeddable":true,"href":"https:\/\/staging.varesenews.it\/swgapi\/v1\/wp\/v2\/comments?post=882345"}],"version-history":[{"count":0,"href":"https:\/\/staging.varesenews.it\/swgapi\/v1\/wp\/v2\/posts\/882345\/revisions"}],"wp:attachment":[{"href":"https:\/\/staging.varesenews.it\/swgapi\/v1\/wp\/v2\/media?parent=882345"}],"wp:term":[{"taxonomy":"category","embeddable":true,"href":"https:\/\/staging.varesenews.it\/swgapi\/v1\/wp\/v2\/categories?post=882345"},{"taxonomy":"post_tag","embeddable":true,"href":"https:\/\/staging.varesenews.it\/swgapi\/v1\/wp\/v2\/tags?post=882345"}],"curies":[{"name":"wp","href":"https:\/\/api.w.org\/{rel}","templated":true}]}}