{"id":884437,"date":"2019-12-19T10:48:22","date_gmt":"2019-12-19T09:48:22","guid":{"rendered":"https:\/\/www.varesenews.it\/?p=884437"},"modified":"2019-12-19T10:48:22","modified_gmt":"2019-12-19T09:48:22","slug":"rock-immediato-dei-creedence","status":"publish","type":"post","link":"https:\/\/staging.varesenews.it\/2019\/12\/rock-immediato-dei-creedence\/884437\/","title":{"rendered":"Il rock immediato dei Creedence"},"content":{"rendered":"<p>Chiudiamo l\u2019anno con un disco che era in realt\u00e0 uscito a novembre ma che ho lasciato un po\u2019 come strenna natalizia. Anche i <strong>Creedence,<\/strong> come i Fairport, avevano pubblicato tre dischi nel 1969 completando una piccola metamorfosi dai lunghi pezzi degli esordi a dei formidabili 45 giri &#8211; spesso definibili come \u201cdoppio lato A\u201d ad indicare che erano entrambi hits &#8211; di grande immediatezza rock\u2019n\u2019roll.<\/p>\n<p>Di fatto l\u2019America in loro aveva finalmente trovato i propri beniamini \u201calla Beatles&#8221;, capaci di sfornare successi a raffica: e a pensarci bene \u00e8 molto \u201cSergentpepperiano\u201d anche il titolo di questo disco, in cui i CCR si trasformano &#8211; suonarono anche all\u2019Ed Sullivan Show come Willy and the poor boys &#8211; nella jug band che suona all\u2019angolo della strada in cambio di qualche nickel. Ma, insomma, erano il perfetto gruppo da idolatrare per chi voleva cimentarsi, da solo o in gruppo, nell\u2019eseguire le loro canzoni: non sto dicendo che non fossero belle &#8211; se sono rimaste cos\u00ec tanto nel tempo ci sar\u00e0 pure un perch\u00e9 &#8211; ma in generale erano pochi semplici accordi, cosa che non si poteva pi\u00f9 dire per la maggior parte del rock. Salvo poi chiudere questo ottimo disco con l\u2019atipica Effigy che ci riporta ai loro esordi\u2026<\/p>\n<p><strong>Curiosit\u00e0:<\/strong> Fortunate Son fu un formidabile inno contro la guerra del Vietnam, ma parla in special modo contro gli imboscati perch\u00e9 figli di potenti. John Fogerty si ispir\u00f2 al matrimonio fra il nipote di Eisenhower, David, e la figlia di Richard Nixon, Julie, celebrato alla fine dell\u2019anno precedente: fra sposi ed invitati ci vedeva poca gente che sarebbe finita a combattere in Asia\u2026<\/p>\n<div class=\"responsive-video\"><iframe loading=\"lazy\" width=\"500\" height=\"281\" src=\"https:\/\/www.youtube.com\/embed\/videoseries?list=PLtzV2248lUVU1XuDFSajV0oTmzO8kbjJM\" frameborder=\"0\" allow=\"accelerometer; autoplay; encrypted-media; gyroscope; picture-in-picture\" allowfullscreen><\/iframe><\/div>\n<p>Tutte le puntate della rubrica\u00a0<a href=\"https:\/\/www.varesenews.it\/tag\/50-anni-fa-la-musica\/\" target=\"_blank\" rel=\"noopener\">50 ANNI FA LA MUSICA<br \/>\n<\/a>ps. ci rivediamo a gennaio!<\/p>\n","protected":false},"excerpt":{"rendered":"<p>Willy and the poor boys era il loro quarto album <\/p>\n","protected":false},"author":32,"featured_media":0,"comment_status":"open","ping_status":"open","sticky":false,"template":"","format":"standard","meta":{"footnotes":""},"categories":[9,20],"tags":[97049],"acf":[],"yoast_head":"<!-- This site is optimized with the Yoast SEO plugin v20.1 - https:\/\/yoast.com\/wordpress\/plugins\/seo\/ -->\n<title>Il rock immediato dei Creedence<\/title>\n<meta name=\"description\" content=\"Willy and the poor boys era il loro quarto album\" \/>\n<meta name=\"robots\" content=\"noindex, follow, max-snippet:-1, max-image-preview:large, max-video-preview:-1\" \/>\n<meta property=\"og:locale\" content=\"it_IT\" \/>\n<meta property=\"og:type\" content=\"article\" \/>\n<meta property=\"og:title\" content=\"Il rock immediato dei Creedence\" \/>\n<meta property=\"og:description\" content=\"Willy and the poor boys era il loro quarto album\" \/>\n<meta property=\"og:url\" content=\"https:\/\/staging.varesenews.it\/2019\/12\/rock-immediato-dei-creedence\/884437\/\" \/>\n<meta property=\"og:site_name\" content=\"VareseNews\" \/>\n<meta property=\"article:publisher\" content=\"https:\/\/www.facebook.com\/varesenews\" \/>\n<meta property=\"article:published_time\" content=\"2019-12-19T09:48:22+00:00\" \/>\n<meta name=\"author\" content=\"Adelia Brigo\" \/>\n<meta name=\"twitter:card\" content=\"summary_large_image\" \/>\n<meta name=\"twitter:creator\" content=\"@AdeliaBrigo\" \/>\n<meta name=\"twitter:site\" content=\"@varesenews\" \/>\n<meta name=\"twitter:label1\" content=\"Scritto da\" \/>\n\t<meta name=\"twitter:data1\" content=\"Adelia Brigo\" \/>\n\t<meta name=\"twitter:label2\" content=\"Tempo di lettura stimato\" \/>\n\t<meta name=\"twitter:data2\" content=\"2 minuti\" \/>\n<script type=\"application\/ld+json\" class=\"yoast-schema-graph\">{\"@context\":\"https:\/\/schema.org\",\"@graph\":[{\"@type\":\"WebPage\",\"@id\":\"https:\/\/staging.varesenews.it\/2019\/12\/rock-immediato-dei-creedence\/884437\/\",\"url\":\"https:\/\/staging.varesenews.it\/2019\/12\/rock-immediato-dei-creedence\/884437\/\",\"name\":\"Il rock immediato dei Creedence\",\"isPartOf\":{\"@id\":\"https:\/\/staging.varesenews.it\/#website\"},\"datePublished\":\"2019-12-19T09:48:22+00:00\",\"dateModified\":\"2019-12-19T09:48:22+00:00\",\"author\":{\"@id\":\"https:\/\/staging.varesenews.it\/#\/schema\/person\/272ac0f5b2dbfd572218c2d86e013f1a\"},\"description\":\"Willy and the poor boys era il loro quarto album\",\"breadcrumb\":{\"@id\":\"https:\/\/staging.varesenews.it\/2019\/12\/rock-immediato-dei-creedence\/884437\/#breadcrumb\"},\"inLanguage\":\"it-IT\",\"potentialAction\":[{\"@type\":\"ReadAction\",\"target\":[\"https:\/\/staging.varesenews.it\/2019\/12\/rock-immediato-dei-creedence\/884437\/\"]}]},{\"@type\":\"BreadcrumbList\",\"@id\":\"https:\/\/staging.varesenews.it\/2019\/12\/rock-immediato-dei-creedence\/884437\/#breadcrumb\",\"itemListElement\":[{\"@type\":\"ListItem\",\"position\":1,\"name\":\"Home\",\"item\":\"https:\/\/www.varesenews.it\/\"},{\"@type\":\"ListItem\",\"position\":2,\"name\":\"Il rock immediato dei Creedence\"}]},{\"@type\":\"WebSite\",\"@id\":\"https:\/\/staging.varesenews.it\/#website\",\"url\":\"https:\/\/staging.varesenews.it\/\",\"name\":\"VareseNews\",\"description\":\"\",\"potentialAction\":[{\"@type\":\"SearchAction\",\"target\":{\"@type\":\"EntryPoint\",\"urlTemplate\":\"https:\/\/staging.varesenews.it\/?s={search_term_string}\"},\"query-input\":\"required name=search_term_string\"}],\"inLanguage\":\"it-IT\"},{\"@type\":\"Person\",\"@id\":\"https:\/\/staging.varesenews.it\/#\/schema\/person\/272ac0f5b2dbfd572218c2d86e013f1a\",\"name\":\"Adelia Brigo\",\"image\":{\"@type\":\"ImageObject\",\"inLanguage\":\"it-IT\",\"@id\":\"https:\/\/staging.varesenews.it\/#\/schema\/person\/image\/\",\"url\":\"https:\/\/staging.varesenews.it\/wp-content\/uploads\/2020\/12\/adelia_brigo_colori_500.jpg\",\"contentUrl\":\"https:\/\/staging.varesenews.it\/wp-content\/uploads\/2020\/12\/adelia_brigo_colori_500.jpg\",\"caption\":\"Adelia Brigo\"},\"description\":\"Giornalista pubblicista, lavoro a VareseNews dal 2007 e mi occupo di cronaca locale e del settore dedicato alla cultura. In questi anni ho seguito diversi progetti di comunicazione, amo sperimentare strategie per i Social Network e raccontare storie. Varesina, classe 1984, sono laureata in Scienze della Comunicazione.&nbsp;\",\"sameAs\":[\"AdeliaBrigo\",\"https:\/\/twitter.com\/AdeliaBrigo\"],\"url\":\"https:\/\/staging.varesenews.it\/persona\/adelia_brigo\/\"}]}<\/script>\n<!-- \/ Yoast SEO plugin. -->","yoast_head_json":{"title":"Il rock immediato dei Creedence","description":"Willy and the poor boys era il loro quarto album","robots":{"index":"noindex","follow":"follow","max-snippet":"max-snippet:-1","max-image-preview":"max-image-preview:large","max-video-preview":"max-video-preview:-1"},"og_locale":"it_IT","og_type":"article","og_title":"Il rock immediato dei Creedence","og_description":"Willy and the poor boys era il loro quarto album","og_url":"https:\/\/staging.varesenews.it\/2019\/12\/rock-immediato-dei-creedence\/884437\/","og_site_name":"VareseNews","article_publisher":"https:\/\/www.facebook.com\/varesenews","article_published_time":"2019-12-19T09:48:22+00:00","author":"Adelia Brigo","twitter_card":"summary_large_image","twitter_creator":"@AdeliaBrigo","twitter_site":"@varesenews","twitter_misc":{"Scritto da":"Adelia Brigo","Tempo di lettura stimato":"2 minuti"},"schema":{"@context":"https:\/\/schema.org","@graph":[{"@type":"WebPage","@id":"https:\/\/staging.varesenews.it\/2019\/12\/rock-immediato-dei-creedence\/884437\/","url":"https:\/\/staging.varesenews.it\/2019\/12\/rock-immediato-dei-creedence\/884437\/","name":"Il rock immediato dei Creedence","isPartOf":{"@id":"https:\/\/staging.varesenews.it\/#website"},"datePublished":"2019-12-19T09:48:22+00:00","dateModified":"2019-12-19T09:48:22+00:00","author":{"@id":"https:\/\/staging.varesenews.it\/#\/schema\/person\/272ac0f5b2dbfd572218c2d86e013f1a"},"description":"Willy and the poor boys era il loro quarto album","breadcrumb":{"@id":"https:\/\/staging.varesenews.it\/2019\/12\/rock-immediato-dei-creedence\/884437\/#breadcrumb"},"inLanguage":"it-IT","potentialAction":[{"@type":"ReadAction","target":["https:\/\/staging.varesenews.it\/2019\/12\/rock-immediato-dei-creedence\/884437\/"]}]},{"@type":"BreadcrumbList","@id":"https:\/\/staging.varesenews.it\/2019\/12\/rock-immediato-dei-creedence\/884437\/#breadcrumb","itemListElement":[{"@type":"ListItem","position":1,"name":"Home","item":"https:\/\/www.varesenews.it\/"},{"@type":"ListItem","position":2,"name":"Il rock immediato dei Creedence"}]},{"@type":"WebSite","@id":"https:\/\/staging.varesenews.it\/#website","url":"https:\/\/staging.varesenews.it\/","name":"VareseNews","description":"","potentialAction":[{"@type":"SearchAction","target":{"@type":"EntryPoint","urlTemplate":"https:\/\/staging.varesenews.it\/?s={search_term_string}"},"query-input":"required name=search_term_string"}],"inLanguage":"it-IT"},{"@type":"Person","@id":"https:\/\/staging.varesenews.it\/#\/schema\/person\/272ac0f5b2dbfd572218c2d86e013f1a","name":"Adelia Brigo","image":{"@type":"ImageObject","inLanguage":"it-IT","@id":"https:\/\/staging.varesenews.it\/#\/schema\/person\/image\/","url":"https:\/\/staging.varesenews.it\/wp-content\/uploads\/2020\/12\/adelia_brigo_colori_500.jpg","contentUrl":"https:\/\/staging.varesenews.it\/wp-content\/uploads\/2020\/12\/adelia_brigo_colori_500.jpg","caption":"Adelia Brigo"},"description":"Giornalista pubblicista, lavoro a VareseNews dal 2007 e mi occupo di cronaca locale e del settore dedicato alla cultura. In questi anni ho seguito diversi progetti di comunicazione, amo sperimentare strategie per i Social Network e raccontare storie. Varesina, classe 1984, sono laureata in Scienze della Comunicazione.&nbsp;","sameAs":["AdeliaBrigo","https:\/\/twitter.com\/AdeliaBrigo"],"url":"https:\/\/staging.varesenews.it\/persona\/adelia_brigo\/"}]}},"post_meta":{"_edit_lock":"1576748830:32","_oembed_cc534f3879e6683c1c42840b312b1d6f":"<iframe width=\"500\" height=\"281\" src=\"https:\/\/www.youtube.com\/embed\/videoseries?list=PLtzV2248lUVU1XuDFSajV0oTmzO8kbjJM\" frameborder=\"0\" allow=\"accelerometer; autoplay; encrypted-media; gyroscope; picture-in-picture\" allowfullscreen><\/iframe>","_oembed_time_cc534f3879e6683c1c42840b312b1d6f":"1576748589","_edit_last":"32","_category_permalink":"a:1:{s:8:\"category\";s:2:\"20\";}","ratings_users":"0","ratings_score":"0","ratings_average":"0","foto":"777398","firma-personalizzata":"G.P.","argomento":"CINQUANT'ANNI FA LA MUSICA - 26","_yoast_wpseo_content_score":"30","_jd_tweet_this":"yes","_wpt_short_url":"https:\/\/www.varesenews.it\/2019\/12\/rock-immediato-dei-creedence\/884437\/","_wp_jd_target":"https:\/\/www.varesenews.it\/2019\/12\/rock-immediato-dei-creedence\/884437\/","_jd_wp_twitter":"a:1:{i:0;s:103:\"Il rock immediato dei Creedence https:\/\/www.varesenews.it\/2019\/12\/rock-immediato-dei-creedence\/884437\/ \";}","_wpt_status_message":"Tweet inviato con successo."},"photos":[{"original":"https:\/\/staging.varesenews.it\/photogallery_new\/images\/2019\/12\/50-anni-fa-la-musica-777398.jpg","full":"https:\/\/staging.varesenews.it\/photogallery_new\/images\/2019\/12\/50-anni-fa-la-musica-777398.1024x768.jpg","large":"https:\/\/staging.varesenews.it\/photogallery_new\/images\/2019\/12\/50-anni-fa-la-musica-777398.610x431.jpg"}],"_links":{"self":[{"href":"https:\/\/staging.varesenews.it\/swgapi\/v1\/wp\/v2\/posts\/884437"}],"collection":[{"href":"https:\/\/staging.varesenews.it\/swgapi\/v1\/wp\/v2\/posts"}],"about":[{"href":"https:\/\/staging.varesenews.it\/swgapi\/v1\/wp\/v2\/types\/post"}],"author":[{"embeddable":true,"href":"https:\/\/staging.varesenews.it\/swgapi\/v1\/wp\/v2\/users\/32"}],"replies":[{"embeddable":true,"href":"https:\/\/staging.varesenews.it\/swgapi\/v1\/wp\/v2\/comments?post=884437"}],"version-history":[{"count":0,"href":"https:\/\/staging.varesenews.it\/swgapi\/v1\/wp\/v2\/posts\/884437\/revisions"}],"wp:attachment":[{"href":"https:\/\/staging.varesenews.it\/swgapi\/v1\/wp\/v2\/media?parent=884437"}],"wp:term":[{"taxonomy":"category","embeddable":true,"href":"https:\/\/staging.varesenews.it\/swgapi\/v1\/wp\/v2\/categories?post=884437"},{"taxonomy":"post_tag","embeddable":true,"href":"https:\/\/staging.varesenews.it\/swgapi\/v1\/wp\/v2\/tags?post=884437"}],"curies":[{"name":"wp","href":"https:\/\/api.w.org\/{rel}","templated":true}]}}