{"id":885895,"date":"2019-12-24T15:25:35","date_gmt":"2019-12-24T14:25:35","guid":{"rendered":"https:\/\/www.varesenews.it\/?p=885895"},"modified":"2019-12-24T16:26:04","modified_gmt":"2019-12-24T15:26:04","slug":"le-farfalle-scendono-campo-santo-stefano","status":"publish","type":"post","link":"https:\/\/staging.varesenews.it\/2019\/12\/le-farfalle-scendono-campo-santo-stefano\/885895\/","title":{"rendered":"Uyba, un sogno per Santo Stefano: battere le campionesse del mondo"},"content":{"rendered":"<p>A Santo Stefano non sar\u00e0 una partita come le altre per le ragazze della <strong>Unet E-Work Busto Arsizio,<\/strong>\u00a0che scenderanno sul taraflex del Pala Verde di Treviso (gi\u00e0 tutto esaurito, dalle ore 17) per la sfida di vertice del campionato di A1 femminile\u00a0<strong>contro la Imoco Volley Conegliano<\/strong>, attuale capolista con 33 punti, soli tre in pi\u00f9 della UYBA. Venete che, oltre a comandare il campionato, hanno da poco conquistato il <strong>campionato del mondo per club<\/strong>, tanto per far capire la caratura della formazione di coach Santarelli.<\/p>\n<p>Gennari e compagne partiranno <strong>alla volta di Treviso nel pomeriggio di Natale<\/strong>, con la consapevolezza di un secondo posto blindatissimo (Novara, terza in classifica \u00e8 a 7 punti dalle biancorosse) e di poter provare a conquistare tre preziosissimi punti che permetterebbero loro di <strong>appaiare<\/strong> la formazione di Santarelli<strong> in vetta alla classifica<\/strong> (anche in caso di sconfitta, in virt\u00f9 di un miglior quoziente set, la Imoco resterebbe infatti formalmente al primo posto).<\/p>\n<p>Conegliano per\u00f2 \u00e8 grande favorita, e ci\u00f2 abbassa le pressioni per le ragazze di coach Lavarini che dovranno cercare &#8220;solo&#8221; di<strong> giocare al meglio e dimostrare la forza del gruppo<\/strong>, che in questa stagione sta facendo ottenere degli ottimi risultati. La classifica e l&#8217;assaggio di Cev Cup, d&#8217;altra parte, sono l\u00ec da vedere.<\/p>\n<p><strong>Dall\u2019altra parte della rete ci sar\u00e0 una vera e propria corazzata<\/strong>, fatta di grandissime campionesse, prima tra tutte il <strong>fenomeno Paola Egonu,<\/strong> servita dalla regista Wolosz. Al centro, a murare gli attacchi biancorossi, <strong>De Kruijf e Folie,<\/strong> mentre a martellare la difesa bustocca da posto due, tutta la potenza di Sylla e Hill. E come se non bastasse, andr\u00e0 in scena la<strong> sfida tra i due dei liberi pi\u00f9 forti<\/strong> di tutto il campionato, l\u2019azzurra Monica De Gennaro e la &#8220;farfalla tigre&#8221; Giulia Leonardi, bandiera bustocca.<\/p>\n<p>\u00c8 una partita attesa e <strong>la UYBA promette battaglia<\/strong>, come confermano le parole del suo capitano, <strong>Alessia Gennari, apparsa in gran forma<\/strong> nel recente successo ai danni di Filottrano: &#8220;Un finale di girone con botto, a cui arriviamo un po&#8217; stanche, ma abbiamo qualche giorno per recuperare al meglio:<strong> ci sentiamo pronte, soprattutto di testa<\/strong>, non vediamo l&#8217;ora del 26. \u00c8 uno scontro al vertice, per la prima volta non siamo cos\u00ec lontane da Conegliano, almeno in classifica. Conosciamo la forza dello squadrone che ci troveremo di fronte, ma <strong>non abbiamo niente da perdere:<\/strong> il secondo posto \u00e8 nostro e quindi andiamo a giocarcela&#8221;.<\/p>\n<h3>DIRETTAVN<\/h3>\n<p>Aggiornamenti in tempo reale sulla partita tra <strong>Imoco e Unet all&#8217;interno del liveblog<\/strong> sportivo di VareseNews dedicato principalmente al basket. Per intervenire \u00e8 possibile scrivere nello spazio commenti o usare l&#8217;hashtag <strong>#direttavn<\/strong> su Twitter o Instagram. Per accedere, <a href=\"http:\/\/live.varesenews.it\/Event\/Basket_Openjobmetis_Varese_-_Oriora_Pistoia\" target=\"_blank\" rel=\"noopener\"><strong>CLICCATE QUI<\/strong><\/a>.<\/p>\n<blockquote><p><strong>Imoco Volley Conegliano &#8211; Unet E-Work Busto Arsizio<\/strong><\/p>\n<p><strong>Imoco Volley Conegliano<\/strong>: Sorokaite, De Kruijf, Geerties, Folie, Fersino (L2), Botezat, De Gennaro (L), Ogbogu, Enweonwu, Gennari, Wolosz, Hill, Sylla, Egonu. All. Santarelli.<br \/>\n<strong>Unet E-Work Busto Arsizio<\/strong>: Washington, Bici, Herbots, Wang, Gennari, Cumino, Orro, Villani, Lowe, Bonifacio, Leonardi (L), Berti. All. Lavarini.<br \/>\n<strong>Arbitri<\/strong>: Puercher, Piana.<\/p><\/blockquote>\n<p><strong>Il programma <\/strong>(13a giornata, ultima di andata)<br \/>\nImoco Volley Conegliano \u2013 UYBA Volley, Saugella Team Monza- Il Bisonte firenze, \u00e8pi\u00f9 Pom\u00ec Casalmaggiore-Golden Tulip Volalto 2.0 Caserta, Zanetti Bergamo-Igor Gorgonzola Novara, Banca Valsabbina Millenium Brescia-Reale Mutua Fenera Chieri, Lardini Filottrano-Savino del Bene Scandicci, Bosca San Bernardo Cuneo-Bartoccini Fortinfissi Perugia<\/p>\n<p><strong>La classifica<\/strong>: Conegliano 33; BUSTO ARSIZIO 30; Novara 23; Scandicci, Casalmaggiore 22; Monza 21; Firenze 18; Chieri 16; Bergamo 15; Filottrano 14; Cuneo 12; Brescia 11; Caserta 8; Perugia 7.<\/p>\n","protected":false},"excerpt":{"rendered":"<p>Big match della A1 femminile nel pomeriggio del 26 dicembre: le Farfalle in campo a Treviso contro la corazzata Imoco Conegliano. Biancorosse alla ricerca di un clamoroso aggancio in vetta<\/p>\n","protected":false},"author":52,"featured_media":0,"comment_status":"open","ping_status":"open","sticky":false,"template":"","format":"standard","meta":{"footnotes":""},"categories":[4,14],"tags":[255,410],"acf":[],"yoast_head":"<!-- This site is optimized with the Yoast SEO plugin v20.1 - https:\/\/yoast.com\/wordpress\/plugins\/seo\/ -->\n<title>Uyba, un sogno per Santo Stefano: battere le campionesse del mondo<\/title>\n<meta name=\"description\" content=\"Big match della A1 femminile nel pomeriggio del 26 dicembre: le Farfalle in campo a Treviso contro la corazzata Imoco Conegliano. Biancorosse alla ricerca di un clamoroso aggancio in vetta\" \/>\n<meta name=\"robots\" content=\"noindex, follow, max-snippet:-1, max-image-preview:large, max-video-preview:-1\" \/>\n<meta property=\"og:locale\" content=\"it_IT\" \/>\n<meta property=\"og:type\" content=\"article\" \/>\n<meta property=\"og:title\" content=\"Uyba, un sogno per Santo Stefano: battere le campionesse del mondo\" \/>\n<meta property=\"og:description\" content=\"Big match della A1 femminile nel pomeriggio del 26 dicembre: le Farfalle in campo a Treviso contro la corazzata Imoco Conegliano. Biancorosse alla ricerca di un clamoroso aggancio in vetta\" \/>\n<meta property=\"og:url\" content=\"https:\/\/staging.varesenews.it\/2019\/12\/le-farfalle-scendono-campo-santo-stefano\/885895\/\" \/>\n<meta property=\"og:site_name\" content=\"VareseNews\" \/>\n<meta property=\"article:publisher\" content=\"https:\/\/www.facebook.com\/varesenews\" \/>\n<meta property=\"article:published_time\" content=\"2019-12-24T14:25:35+00:00\" \/>\n<meta property=\"article:modified_time\" content=\"2019-12-24T15:26:04+00:00\" \/>\n<meta name=\"author\" content=\"Tomaso Bassani\" \/>\n<meta name=\"twitter:card\" content=\"summary_large_image\" \/>\n<meta name=\"twitter:creator\" content=\"@varesenews\" \/>\n<meta name=\"twitter:site\" content=\"@varesenews\" \/>\n<meta name=\"twitter:label1\" content=\"Scritto da\" \/>\n\t<meta name=\"twitter:data1\" content=\"Tomaso Bassani\" \/>\n\t<meta name=\"twitter:label2\" content=\"Tempo di lettura stimato\" \/>\n\t<meta name=\"twitter:data2\" content=\"3 minuti\" \/>\n<script type=\"application\/ld+json\" class=\"yoast-schema-graph\">{\"@context\":\"https:\/\/schema.org\",\"@graph\":[{\"@type\":\"WebPage\",\"@id\":\"https:\/\/staging.varesenews.it\/2019\/12\/le-farfalle-scendono-campo-santo-stefano\/885895\/\",\"url\":\"https:\/\/staging.varesenews.it\/2019\/12\/le-farfalle-scendono-campo-santo-stefano\/885895\/\",\"name\":\"Uyba, un sogno per Santo Stefano: battere le campionesse del mondo\",\"isPartOf\":{\"@id\":\"https:\/\/staging.varesenews.it\/#website\"},\"datePublished\":\"2019-12-24T14:25:35+00:00\",\"dateModified\":\"2019-12-24T15:26:04+00:00\",\"author\":{\"@id\":\"https:\/\/staging.varesenews.it\/#\/schema\/person\/f8cc543029c96c954a35c042e01892bb\"},\"description\":\"Big match della A1 femminile nel pomeriggio del 26 dicembre: le Farfalle in campo a Treviso contro la corazzata Imoco Conegliano. Biancorosse alla ricerca di un clamoroso aggancio in vetta\",\"breadcrumb\":{\"@id\":\"https:\/\/staging.varesenews.it\/2019\/12\/le-farfalle-scendono-campo-santo-stefano\/885895\/#breadcrumb\"},\"inLanguage\":\"it-IT\",\"potentialAction\":[{\"@type\":\"ReadAction\",\"target\":[\"https:\/\/staging.varesenews.it\/2019\/12\/le-farfalle-scendono-campo-santo-stefano\/885895\/\"]}]},{\"@type\":\"BreadcrumbList\",\"@id\":\"https:\/\/staging.varesenews.it\/2019\/12\/le-farfalle-scendono-campo-santo-stefano\/885895\/#breadcrumb\",\"itemListElement\":[{\"@type\":\"ListItem\",\"position\":1,\"name\":\"Home\",\"item\":\"https:\/\/www.varesenews.it\/\"},{\"@type\":\"ListItem\",\"position\":2,\"name\":\"Uyba, un sogno per Santo Stefano: battere le campionesse del mondo\"}]},{\"@type\":\"WebSite\",\"@id\":\"https:\/\/staging.varesenews.it\/#website\",\"url\":\"https:\/\/staging.varesenews.it\/\",\"name\":\"VareseNews\",\"description\":\"\",\"potentialAction\":[{\"@type\":\"SearchAction\",\"target\":{\"@type\":\"EntryPoint\",\"urlTemplate\":\"https:\/\/staging.varesenews.it\/?s={search_term_string}\"},\"query-input\":\"required name=search_term_string\"}],\"inLanguage\":\"it-IT\"},{\"@type\":\"Person\",\"@id\":\"https:\/\/staging.varesenews.it\/#\/schema\/person\/f8cc543029c96c954a35c042e01892bb\",\"name\":\"Tomaso Bassani\",\"image\":{\"@type\":\"ImageObject\",\"inLanguage\":\"it-IT\",\"@id\":\"https:\/\/staging.varesenews.it\/#\/schema\/person\/image\/\",\"url\":\"https:\/\/staging.varesenews.it\/wp-content\/uploads\/2020\/12\/tomaso_bassani_colori_500.jpg\",\"contentUrl\":\"https:\/\/staging.varesenews.it\/wp-content\/uploads\/2020\/12\/tomaso_bassani_colori_500.jpg\",\"caption\":\"Tomaso Bassani\"},\"description\":\"Sono nato nel 1988 e questo ha fatto s&igrave; che la mia vita sia coincisa con l'epoca di pi&ugrave; grande e veloce cambiamento della storia. Sono giornalista e caporedattore di Varesenews. Ho un master in data analysis, una laurea in storia e una formazione superiore commerciale. Sono cresciuto tra scout, tavola a rotelle, impegno associativo (in quella grande esperienza giovanile che &egrave; stato l&rsquo;Albizzate Valley Festival) e cooperativo (Circolo The Family di Albizzate). Per passione mi occupo di dati, videomaking, fotografia, scrittura e web. Per lavoro anche.&nbsp;\",\"sameAs\":[\"tomasobassani\",\"https:\/\/www.linkedin.com\/profile\/view?id=102759293&trk=nav_responsive_tab_profile\"],\"url\":\"https:\/\/staging.varesenews.it\/persona\/tomaso-bassani\/\"}]}<\/script>\n<!-- \/ Yoast SEO plugin. -->","yoast_head_json":{"title":"Uyba, un sogno per Santo Stefano: battere le campionesse del mondo","description":"Big match della A1 femminile nel pomeriggio del 26 dicembre: le Farfalle in campo a Treviso contro la corazzata Imoco Conegliano. Biancorosse alla ricerca di un clamoroso aggancio in vetta","robots":{"index":"noindex","follow":"follow","max-snippet":"max-snippet:-1","max-image-preview":"max-image-preview:large","max-video-preview":"max-video-preview:-1"},"og_locale":"it_IT","og_type":"article","og_title":"Uyba, un sogno per Santo Stefano: battere le campionesse del mondo","og_description":"Big match della A1 femminile nel pomeriggio del 26 dicembre: le Farfalle in campo a Treviso contro la corazzata Imoco Conegliano. Biancorosse alla ricerca di un clamoroso aggancio in vetta","og_url":"https:\/\/staging.varesenews.it\/2019\/12\/le-farfalle-scendono-campo-santo-stefano\/885895\/","og_site_name":"VareseNews","article_publisher":"https:\/\/www.facebook.com\/varesenews","article_published_time":"2019-12-24T14:25:35+00:00","article_modified_time":"2019-12-24T15:26:04+00:00","author":"Tomaso Bassani","twitter_card":"summary_large_image","twitter_creator":"@varesenews","twitter_site":"@varesenews","twitter_misc":{"Scritto da":"Tomaso Bassani","Tempo di lettura stimato":"3 minuti"},"schema":{"@context":"https:\/\/schema.org","@graph":[{"@type":"WebPage","@id":"https:\/\/staging.varesenews.it\/2019\/12\/le-farfalle-scendono-campo-santo-stefano\/885895\/","url":"https:\/\/staging.varesenews.it\/2019\/12\/le-farfalle-scendono-campo-santo-stefano\/885895\/","name":"Uyba, un sogno per Santo Stefano: battere le campionesse del mondo","isPartOf":{"@id":"https:\/\/staging.varesenews.it\/#website"},"datePublished":"2019-12-24T14:25:35+00:00","dateModified":"2019-12-24T15:26:04+00:00","author":{"@id":"https:\/\/staging.varesenews.it\/#\/schema\/person\/f8cc543029c96c954a35c042e01892bb"},"description":"Big match della A1 femminile nel pomeriggio del 26 dicembre: le Farfalle in campo a Treviso contro la corazzata Imoco Conegliano. Biancorosse alla ricerca di un clamoroso aggancio in vetta","breadcrumb":{"@id":"https:\/\/staging.varesenews.it\/2019\/12\/le-farfalle-scendono-campo-santo-stefano\/885895\/#breadcrumb"},"inLanguage":"it-IT","potentialAction":[{"@type":"ReadAction","target":["https:\/\/staging.varesenews.it\/2019\/12\/le-farfalle-scendono-campo-santo-stefano\/885895\/"]}]},{"@type":"BreadcrumbList","@id":"https:\/\/staging.varesenews.it\/2019\/12\/le-farfalle-scendono-campo-santo-stefano\/885895\/#breadcrumb","itemListElement":[{"@type":"ListItem","position":1,"name":"Home","item":"https:\/\/www.varesenews.it\/"},{"@type":"ListItem","position":2,"name":"Uyba, un sogno per Santo Stefano: battere le campionesse del mondo"}]},{"@type":"WebSite","@id":"https:\/\/staging.varesenews.it\/#website","url":"https:\/\/staging.varesenews.it\/","name":"VareseNews","description":"","potentialAction":[{"@type":"SearchAction","target":{"@type":"EntryPoint","urlTemplate":"https:\/\/staging.varesenews.it\/?s={search_term_string}"},"query-input":"required name=search_term_string"}],"inLanguage":"it-IT"},{"@type":"Person","@id":"https:\/\/staging.varesenews.it\/#\/schema\/person\/f8cc543029c96c954a35c042e01892bb","name":"Tomaso Bassani","image":{"@type":"ImageObject","inLanguage":"it-IT","@id":"https:\/\/staging.varesenews.it\/#\/schema\/person\/image\/","url":"https:\/\/staging.varesenews.it\/wp-content\/uploads\/2020\/12\/tomaso_bassani_colori_500.jpg","contentUrl":"https:\/\/staging.varesenews.it\/wp-content\/uploads\/2020\/12\/tomaso_bassani_colori_500.jpg","caption":"Tomaso Bassani"},"description":"Sono nato nel 1988 e questo ha fatto s&igrave; che la mia vita sia coincisa con l'epoca di pi&ugrave; grande e veloce cambiamento della storia. Sono giornalista e caporedattore di Varesenews. Ho un master in data analysis, una laurea in storia e una formazione superiore commerciale. Sono cresciuto tra scout, tavola a rotelle, impegno associativo (in quella grande esperienza giovanile che &egrave; stato l&rsquo;Albizzate Valley Festival) e cooperativo (Circolo The Family di Albizzate). Per passione mi occupo di dati, videomaking, fotografia, scrittura e web. Per lavoro anche.&nbsp;","sameAs":["tomasobassani","https:\/\/www.linkedin.com\/profile\/view?id=102759293&trk=nav_responsive_tab_profile"],"url":"https:\/\/staging.varesenews.it\/persona\/tomaso-bassani\/"}]}},"post_meta":{"_edit_lock":"1577201323:38","_edit_last":"38","_category_permalink":"a:1:{s:8:\"category\";s:2:\"14\";}","ratings_users":"0","ratings_score":"0","ratings_average":"0","foto":"769138","firma-personalizzata":"Manuela De Gregori","argomento":"Pallavolo","_yoast_wpseo_content_score":"90","_jd_tweet_this":"yes","_wpt_short_url":"https:\/\/www.varesenews.it\/2019\/12\/le-farfalle-scendono-campo-santo-stefano\/885895\/","_wp_jd_target":"https:\/\/www.varesenews.it\/2019\/12\/le-farfalle-scendono-campo-santo-stefano\/885895\/","_jd_wp_twitter":"a:1:{i:0;s:142:\"Le farfalle scendono in campo a Santo Stefano https:\/\/www.varesenews.it\/2019\/12\/le-farfalle-scendono-campo-santo-stefano\/885895\/ #uyba #volley\";}","_wpt_status_message":"Tweet inviato con successo."},"photos":[{"original":"https:\/\/staging.varesenews.it\/photogallery_new\/images\/2019\/11\/caricamento-temporaneo-per-contributo-1573465434n3c5xrtn5p55tt9k-769138.jpg","full":"https:\/\/staging.varesenews.it\/photogallery_new\/images\/2019\/11\/caricamento-temporaneo-per-contributo-1573465434n3c5xrtn5p55tt9k-769138.1024x768.jpg","large":"https:\/\/staging.varesenews.it\/photogallery_new\/images\/2019\/11\/caricamento-temporaneo-per-contributo-1573465434n3c5xrtn5p55tt9k-769138.610x431.jpg"}],"_links":{"self":[{"href":"https:\/\/staging.varesenews.it\/swgapi\/v1\/wp\/v2\/posts\/885895"}],"collection":[{"href":"https:\/\/staging.varesenews.it\/swgapi\/v1\/wp\/v2\/posts"}],"about":[{"href":"https:\/\/staging.varesenews.it\/swgapi\/v1\/wp\/v2\/types\/post"}],"author":[{"embeddable":true,"href":"https:\/\/staging.varesenews.it\/swgapi\/v1\/wp\/v2\/users\/52"}],"replies":[{"embeddable":true,"href":"https:\/\/staging.varesenews.it\/swgapi\/v1\/wp\/v2\/comments?post=885895"}],"version-history":[{"count":0,"href":"https:\/\/staging.varesenews.it\/swgapi\/v1\/wp\/v2\/posts\/885895\/revisions"}],"wp:attachment":[{"href":"https:\/\/staging.varesenews.it\/swgapi\/v1\/wp\/v2\/media?parent=885895"}],"wp:term":[{"taxonomy":"category","embeddable":true,"href":"https:\/\/staging.varesenews.it\/swgapi\/v1\/wp\/v2\/categories?post=885895"},{"taxonomy":"post_tag","embeddable":true,"href":"https:\/\/staging.varesenews.it\/swgapi\/v1\/wp\/v2\/tags?post=885895"}],"curies":[{"name":"wp","href":"https:\/\/api.w.org\/{rel}","templated":true}]}}