{"id":887071,"date":"2020-01-02T10:06:12","date_gmt":"2020-01-02T09:06:12","guid":{"rendered":"https:\/\/www.varesenews.it\/?p=887071"},"modified":"2020-01-02T10:52:53","modified_gmt":"2020-01-02T09:52:53","slug":"invidia-ci-manchera-labilita-paragone","status":"publish","type":"post","link":"https:\/\/staging.varesenews.it\/2020\/01\/invidia-ci-manchera-labilita-paragone\/887071\/","title":{"rendered":"Invidia: &#8220;Ci mancher\u00e0 l&#8217;abilit\u00e0 di Paragone&#8221;"},"content":{"rendered":"<p>&#8220;La situazione di Gianluigi era nota da tempo ed ha costituito una querelle filosofica che ha separato gli attivisti per mesi&#8221;.<\/p>\n<p><strong>Il deputato Nicol\u00f2 Invidia interviene <a href=\"https:\/\/www.varesenews.it\/2020\/01\/paragone-espulso-dal-movimento-5-stelle\/887039\/\" target=\"_blank\" rel=\"noopener\">sull&#8217;espulsione di Paragone<\/a> decisa dal Collegio dei probiviri.<\/strong><\/p>\n<p>&#8220;E\u2019 lui ad aver tradito il Movimento o \u00e8 il Movimento ad aver tradito s\u00e9 stesso?&#8221; Riflette il politico del Varesotto eletto nella nostra provincia pensando a cosa si chiederanno gli attivisti e l&#8217;opinione pubblica.<\/p>\n<p>&#8220;E prima ancora di ci\u00f2 c\u2019\u00e8 anche da chiedersi cosa sia il Movimento e quale sia l\u2019interpretazione (non) ideologica corretta. Gianluigi, persona intelligente e di mestiere, \u00e8 finito nell\u2019occhio del ciclone del dibattito (e prima ancora ha saputo creare nel tempo quello stesso ciclone). Riconosco questa abilit\u00e0 di Paragone che mancher\u00e0 ad un Movimento in chiara difficolt\u00e0.<\/p>\n<p>Sar\u00e0 un anno infatti decisivo per le sue sorti, o si cambia o fine dei giochi. Sar\u00e0 forse una risposta tiepida, ma mi sento semplicemente di dire che riconosco i punti di forza e di debolezza di entrambe le parti. Detto ci\u00f2, da persona adulta, proseguo a lavorare sulla nostra provincia, esattamente come prima della sua espulsione&#8221;.<\/p>\n","protected":false},"excerpt":{"rendered":"<p>Il deputato Nicol\u00f2 Invidia interviene sull&#8217;espulsione dal M5S di Paragone decisa dal Collegio dei probiviri<\/p>\n","protected":false},"author":54,"featured_media":0,"comment_status":"open","ping_status":"open","sticky":false,"template":"","format":"standard","meta":{"footnotes":""},"categories":[16,2],"tags":[934],"acf":[],"yoast_head":"<!-- This site is optimized with the Yoast SEO plugin v20.1 - https:\/\/yoast.com\/wordpress\/plugins\/seo\/ -->\n<title>Invidia: &quot;Ci mancher\u00e0 l&#039;abilit\u00e0 di Paragone&quot;<\/title>\n<meta name=\"description\" content=\"Il deputato Nicol\u00f2 Invidia interviene sull&#039;espulsione dal M5S di Paragone decisa dal Collegio dei probiviri\" \/>\n<meta name=\"robots\" content=\"noindex, follow, max-snippet:-1, max-image-preview:large, max-video-preview:-1\" \/>\n<meta property=\"og:locale\" content=\"it_IT\" \/>\n<meta property=\"og:type\" content=\"article\" \/>\n<meta property=\"og:title\" content=\"Invidia: &quot;Ci mancher\u00e0 l&#039;abilit\u00e0 di Paragone&quot;\" \/>\n<meta property=\"og:description\" content=\"Il deputato Nicol\u00f2 Invidia interviene sull&#039;espulsione dal M5S di Paragone decisa dal Collegio dei probiviri\" \/>\n<meta property=\"og:url\" content=\"https:\/\/staging.varesenews.it\/2020\/01\/invidia-ci-manchera-labilita-paragone\/887071\/\" \/>\n<meta property=\"og:site_name\" content=\"VareseNews\" \/>\n<meta property=\"article:publisher\" content=\"https:\/\/www.facebook.com\/varesenews\" \/>\n<meta property=\"article:author\" content=\"https:\/\/www.facebook.com\/giovannelli.marco?fref=ts\" \/>\n<meta property=\"article:published_time\" content=\"2020-01-02T09:06:12+00:00\" \/>\n<meta property=\"article:modified_time\" content=\"2020-01-02T09:52:53+00:00\" \/>\n<meta name=\"author\" content=\"Marco Giovannelli\" \/>\n<meta name=\"twitter:card\" content=\"summary_large_image\" \/>\n<meta name=\"twitter:creator\" content=\"@marcogio59\" \/>\n<meta name=\"twitter:site\" content=\"@varesenews\" \/>\n<meta name=\"twitter:label1\" content=\"Scritto da\" \/>\n\t<meta name=\"twitter:data1\" content=\"Marco Giovannelli\" \/>\n\t<meta name=\"twitter:label2\" content=\"Tempo di lettura stimato\" \/>\n\t<meta name=\"twitter:data2\" content=\"1 minuto\" \/>\n<script type=\"application\/ld+json\" class=\"yoast-schema-graph\">{\"@context\":\"https:\/\/schema.org\",\"@graph\":[{\"@type\":\"WebPage\",\"@id\":\"https:\/\/staging.varesenews.it\/2020\/01\/invidia-ci-manchera-labilita-paragone\/887071\/\",\"url\":\"https:\/\/staging.varesenews.it\/2020\/01\/invidia-ci-manchera-labilita-paragone\/887071\/\",\"name\":\"Invidia: \\\"Ci mancher\u00e0 l'abilit\u00e0 di Paragone\\\"\",\"isPartOf\":{\"@id\":\"https:\/\/staging.varesenews.it\/#website\"},\"datePublished\":\"2020-01-02T09:06:12+00:00\",\"dateModified\":\"2020-01-02T09:52:53+00:00\",\"author\":{\"@id\":\"https:\/\/staging.varesenews.it\/#\/schema\/person\/b32b6f44664f8274f79469e452856024\"},\"description\":\"Il deputato Nicol\u00f2 Invidia interviene sull'espulsione dal M5S di Paragone decisa dal Collegio dei probiviri\",\"breadcrumb\":{\"@id\":\"https:\/\/staging.varesenews.it\/2020\/01\/invidia-ci-manchera-labilita-paragone\/887071\/#breadcrumb\"},\"inLanguage\":\"it-IT\",\"potentialAction\":[{\"@type\":\"ReadAction\",\"target\":[\"https:\/\/staging.varesenews.it\/2020\/01\/invidia-ci-manchera-labilita-paragone\/887071\/\"]}]},{\"@type\":\"BreadcrumbList\",\"@id\":\"https:\/\/staging.varesenews.it\/2020\/01\/invidia-ci-manchera-labilita-paragone\/887071\/#breadcrumb\",\"itemListElement\":[{\"@type\":\"ListItem\",\"position\":1,\"name\":\"Home\",\"item\":\"https:\/\/www.varesenews.it\/\"},{\"@type\":\"ListItem\",\"position\":2,\"name\":\"Invidia: &#8220;Ci mancher\u00e0 l&#8217;abilit\u00e0 di Paragone&#8221;\"}]},{\"@type\":\"WebSite\",\"@id\":\"https:\/\/staging.varesenews.it\/#website\",\"url\":\"https:\/\/staging.varesenews.it\/\",\"name\":\"VareseNews\",\"description\":\"\",\"potentialAction\":[{\"@type\":\"SearchAction\",\"target\":{\"@type\":\"EntryPoint\",\"urlTemplate\":\"https:\/\/staging.varesenews.it\/?s={search_term_string}\"},\"query-input\":\"required name=search_term_string\"}],\"inLanguage\":\"it-IT\"},{\"@type\":\"Person\",\"@id\":\"https:\/\/staging.varesenews.it\/#\/schema\/person\/b32b6f44664f8274f79469e452856024\",\"name\":\"Marco Giovannelli\",\"image\":{\"@type\":\"ImageObject\",\"inLanguage\":\"it-IT\",\"@id\":\"https:\/\/staging.varesenews.it\/#\/schema\/person\/image\/\",\"url\":\"https:\/\/staging.varesenews.it\/wp-content\/uploads\/2020\/12\/marco_giovannelli_colori_500.jpg\",\"contentUrl\":\"https:\/\/staging.varesenews.it\/wp-content\/uploads\/2020\/12\/marco_giovannelli_colori_500.jpg\",\"caption\":\"Marco Giovannelli\"},\"description\":\"Viterbese di origine vivo a Varese dal 1978. Due figli grandi, due lauree in scienze &ldquo;inutili&rdquo; quanto affascinanti che mi portano a mettere lo studio ancora al primo posto. Dopo aver lavorato per il sindacato, fondato e lavorato al centro Gulliver, in una cooperativa che gestiva il Circolino a Varese, con un altro viterbese e un lucano ho fondato VareseNews quando nessuno o quasi sapeva cosa fosse Internet. Ho alcune grandi passioni, la prima &egrave; il cammino che cerco di vivere quotidianamente. Averne percorsi alcuni storici con Santiago e la Francigena mi ha poi portato a far diventare anche lavoro la loro valorizzazione e in particolare la Via Francisca del Lucomagno. Amo leggere, andare al cinema, viaggiare. Mi piace conoscere. La mia migliore attitudine &egrave; connettere mondi e per questo mi affascina la contemporaneit&agrave; e il digitale. Ho insegnato diritto ed economia per un decennio nelle scuole superiori. Ho tenuto diverse lezioni e laboratori allo Iulm e ora all&rsquo;Universit&agrave; dell&rsquo;Insubria con un corso di Giornalismo digitale alla specialistica. Ho fondato diversi progetti editoriali.&nbsp;\",\"sameAs\":[\"https:\/\/www.facebook.com\/giovannelli.marco?fref=ts\",\"marcogio59\",\"https:\/\/it.linkedin.com\/in\/giovannellimarco\",\"https:\/\/twitter.com\/marcogio59\"],\"url\":\"https:\/\/staging.varesenews.it\/persona\/marco_giovannelli-2\/\"}]}<\/script>\n<!-- \/ Yoast SEO plugin. -->","yoast_head_json":{"title":"Invidia: \"Ci mancher\u00e0 l'abilit\u00e0 di Paragone\"","description":"Il deputato Nicol\u00f2 Invidia interviene sull'espulsione dal M5S di Paragone decisa dal Collegio dei probiviri","robots":{"index":"noindex","follow":"follow","max-snippet":"max-snippet:-1","max-image-preview":"max-image-preview:large","max-video-preview":"max-video-preview:-1"},"og_locale":"it_IT","og_type":"article","og_title":"Invidia: \"Ci mancher\u00e0 l'abilit\u00e0 di Paragone\"","og_description":"Il deputato Nicol\u00f2 Invidia interviene sull'espulsione dal M5S di Paragone decisa dal Collegio dei probiviri","og_url":"https:\/\/staging.varesenews.it\/2020\/01\/invidia-ci-manchera-labilita-paragone\/887071\/","og_site_name":"VareseNews","article_publisher":"https:\/\/www.facebook.com\/varesenews","article_author":"https:\/\/www.facebook.com\/giovannelli.marco?fref=ts","article_published_time":"2020-01-02T09:06:12+00:00","article_modified_time":"2020-01-02T09:52:53+00:00","author":"Marco Giovannelli","twitter_card":"summary_large_image","twitter_creator":"@marcogio59","twitter_site":"@varesenews","twitter_misc":{"Scritto da":"Marco Giovannelli","Tempo di lettura stimato":"1 minuto"},"schema":{"@context":"https:\/\/schema.org","@graph":[{"@type":"WebPage","@id":"https:\/\/staging.varesenews.it\/2020\/01\/invidia-ci-manchera-labilita-paragone\/887071\/","url":"https:\/\/staging.varesenews.it\/2020\/01\/invidia-ci-manchera-labilita-paragone\/887071\/","name":"Invidia: \"Ci mancher\u00e0 l'abilit\u00e0 di Paragone\"","isPartOf":{"@id":"https:\/\/staging.varesenews.it\/#website"},"datePublished":"2020-01-02T09:06:12+00:00","dateModified":"2020-01-02T09:52:53+00:00","author":{"@id":"https:\/\/staging.varesenews.it\/#\/schema\/person\/b32b6f44664f8274f79469e452856024"},"description":"Il deputato Nicol\u00f2 Invidia interviene sull'espulsione dal M5S di Paragone decisa dal Collegio dei probiviri","breadcrumb":{"@id":"https:\/\/staging.varesenews.it\/2020\/01\/invidia-ci-manchera-labilita-paragone\/887071\/#breadcrumb"},"inLanguage":"it-IT","potentialAction":[{"@type":"ReadAction","target":["https:\/\/staging.varesenews.it\/2020\/01\/invidia-ci-manchera-labilita-paragone\/887071\/"]}]},{"@type":"BreadcrumbList","@id":"https:\/\/staging.varesenews.it\/2020\/01\/invidia-ci-manchera-labilita-paragone\/887071\/#breadcrumb","itemListElement":[{"@type":"ListItem","position":1,"name":"Home","item":"https:\/\/www.varesenews.it\/"},{"@type":"ListItem","position":2,"name":"Invidia: &#8220;Ci mancher\u00e0 l&#8217;abilit\u00e0 di Paragone&#8221;"}]},{"@type":"WebSite","@id":"https:\/\/staging.varesenews.it\/#website","url":"https:\/\/staging.varesenews.it\/","name":"VareseNews","description":"","potentialAction":[{"@type":"SearchAction","target":{"@type":"EntryPoint","urlTemplate":"https:\/\/staging.varesenews.it\/?s={search_term_string}"},"query-input":"required name=search_term_string"}],"inLanguage":"it-IT"},{"@type":"Person","@id":"https:\/\/staging.varesenews.it\/#\/schema\/person\/b32b6f44664f8274f79469e452856024","name":"Marco Giovannelli","image":{"@type":"ImageObject","inLanguage":"it-IT","@id":"https:\/\/staging.varesenews.it\/#\/schema\/person\/image\/","url":"https:\/\/staging.varesenews.it\/wp-content\/uploads\/2020\/12\/marco_giovannelli_colori_500.jpg","contentUrl":"https:\/\/staging.varesenews.it\/wp-content\/uploads\/2020\/12\/marco_giovannelli_colori_500.jpg","caption":"Marco Giovannelli"},"description":"Viterbese di origine vivo a Varese dal 1978. Due figli grandi, due lauree in scienze &ldquo;inutili&rdquo; quanto affascinanti che mi portano a mettere lo studio ancora al primo posto. Dopo aver lavorato per il sindacato, fondato e lavorato al centro Gulliver, in una cooperativa che gestiva il Circolino a Varese, con un altro viterbese e un lucano ho fondato VareseNews quando nessuno o quasi sapeva cosa fosse Internet. Ho alcune grandi passioni, la prima &egrave; il cammino che cerco di vivere quotidianamente. Averne percorsi alcuni storici con Santiago e la Francigena mi ha poi portato a far diventare anche lavoro la loro valorizzazione e in particolare la Via Francisca del Lucomagno. Amo leggere, andare al cinema, viaggiare. Mi piace conoscere. La mia migliore attitudine &egrave; connettere mondi e per questo mi affascina la contemporaneit&agrave; e il digitale. Ho insegnato diritto ed economia per un decennio nelle scuole superiori. Ho tenuto diverse lezioni e laboratori allo Iulm e ora all&rsquo;Universit&agrave; dell&rsquo;Insubria con un corso di Giornalismo digitale alla specialistica. Ho fondato diversi progetti editoriali.&nbsp;","sameAs":["https:\/\/www.facebook.com\/giovannelli.marco?fref=ts","marcogio59","https:\/\/it.linkedin.com\/in\/giovannellimarco","https:\/\/twitter.com\/marcogio59"],"url":"https:\/\/staging.varesenews.it\/persona\/marco_giovannelli-2\/"}]}},"post_meta":{"_edit_lock":"1577964418:54","_edit_last":"54","_category_permalink":"a:1:{s:8:\"category\";s:0:\"\";}","ratings_users":"0","ratings_score":"0","ratings_average":"0","id_leggi_anche":"887039,887049","foto":"736913","firma_come_redazione":"1","argomento":"Maccagno","_yoast_wpseo_content_score":"60","_jd_tweet_this":"yes","_wpt_short_url":"https:\/\/www.varesenews.it\/2020\/01\/invidia-ci-manchera-labilita-paragone\/887071\/","_wp_jd_target":"https:\/\/www.varesenews.it\/2020\/01\/invidia-ci-manchera-labilita-paragone\/887071\/","_jd_wp_twitter":"a:1:{i:0;s:137:\"Invidia: \u201cCi mancher\u00e0 l\u2019abilit\u00e0 di Paragone\u201d https:\/\/www.varesenews.it\/2020\/01\/invidia-ci-manchera-labilita-paragone\/887071\/ #m5s\";}","_wpt_status_message":"Tweet inviato con successo."},"photos":[{"original":"https:\/\/staging.varesenews.it\/photogallery_new\/images\/2019\/05\/niccolo-invidia-gianluigi-paragone-736913.jpg","full":"https:\/\/staging.varesenews.it\/photogallery_new\/images\/2019\/05\/niccolo-invidia-gianluigi-paragone-736913.1024x768.jpg","large":"https:\/\/staging.varesenews.it\/photogallery_new\/images\/2019\/05\/niccolo-invidia-gianluigi-paragone-736913.610x431.jpg"}],"_links":{"self":[{"href":"https:\/\/staging.varesenews.it\/swgapi\/v1\/wp\/v2\/posts\/887071"}],"collection":[{"href":"https:\/\/staging.varesenews.it\/swgapi\/v1\/wp\/v2\/posts"}],"about":[{"href":"https:\/\/staging.varesenews.it\/swgapi\/v1\/wp\/v2\/types\/post"}],"author":[{"embeddable":true,"href":"https:\/\/staging.varesenews.it\/swgapi\/v1\/wp\/v2\/users\/54"}],"replies":[{"embeddable":true,"href":"https:\/\/staging.varesenews.it\/swgapi\/v1\/wp\/v2\/comments?post=887071"}],"version-history":[{"count":0,"href":"https:\/\/staging.varesenews.it\/swgapi\/v1\/wp\/v2\/posts\/887071\/revisions"}],"wp:attachment":[{"href":"https:\/\/staging.varesenews.it\/swgapi\/v1\/wp\/v2\/media?parent=887071"}],"wp:term":[{"taxonomy":"category","embeddable":true,"href":"https:\/\/staging.varesenews.it\/swgapi\/v1\/wp\/v2\/categories?post=887071"},{"taxonomy":"post_tag","embeddable":true,"href":"https:\/\/staging.varesenews.it\/swgapi\/v1\/wp\/v2\/tags?post=887071"}],"curies":[{"name":"wp","href":"https:\/\/api.w.org\/{rel}","templated":true}]}}