{"id":888610,"date":"2020-01-09T15:08:04","date_gmt":"2020-01-09T14:08:04","guid":{"rendered":"https:\/\/www.varesenews.it\/?p=888610"},"modified":"2020-01-09T15:08:04","modified_gmt":"2020-01-09T14:08:04","slug":"armata-brancaleone-polha-doppio-appuntamento","status":"publish","type":"post","link":"https:\/\/staging.varesenews.it\/2020\/01\/armata-brancaleone-polha-doppio-appuntamento\/888610\/","title":{"rendered":"Armata Brancaleone Polha, doppio appuntamento"},"content":{"rendered":"<p>Doppio appuntamento con l\u2019<strong>Armata Brancaleone Polha e il para ice-hockey<\/strong> sabato 11 gennaio.<\/p>\n<p>Si parte la mattina, dalle ore 11.00<strong> a Milano in piazza Citt\u00e0 di Lombardia con un\u2019esibizione<\/strong> sulla pista di ghiaccio della piazza. Saranno presenti anche giocatori della nazionale azzurra di para ice-hockey. Al termine, fino alle 12.00, <strong>sar\u00e0 possibile far provare gli slittini a ragazzi disabili eventualmente interessati.<\/strong><\/p>\n<p>Si tratta di un&#8217;opportunit\u00e0 unica a Milano affinch\u00e9 ragazzi con una disabilit\u00e0 fisica che comprometta la deambulazione, ma in grado di gestire in autonomia i movimenti del tronco e delle braccia (paraplegici \u2013 spine bifide \u2013 amputati mono o bilaterali di gamba) possano provare questa fantastica disciplina.<\/p>\n<p>In serata l\u2019appuntamento \u00e8 <strong>alle ore 18.30 al PalaGhiaccio di Varese con la partita di campionato tra Armata Brancaleone<\/strong> e i Tori Seduti Sport Di Pi\u00f9 Torino.<\/p>\n<p>La classifica al momento vede in testa le Aquile del Sud Tirolo, seguite da Armata Brancaleone e Tori Seduti. I varesini hanno per\u00f2 una partita in meno.<\/p>\n","protected":false},"excerpt":{"rendered":"<p>Sabato 11 gennaio due incontri con il para ice-hockey, la mattina a Milano, in serata al PalaGhiaccio<\/p>\n","protected":false},"author":37,"featured_media":0,"comment_status":"open","ping_status":"open","sticky":false,"template":"","format":"standard","meta":{"footnotes":""},"categories":[14],"tags":[9236,14657,9235],"acf":[],"yoast_head":"<!-- This site is optimized with the Yoast SEO plugin v20.1 - https:\/\/yoast.com\/wordpress\/plugins\/seo\/ -->\n<title>Armata Brancaleone Polha, doppio appuntamento<\/title>\n<meta name=\"description\" content=\"Sabato 11 gennaio due incontri con il para ice-hockey, la mattina a Milano, in serata al PalaGhiaccio\" \/>\n<meta name=\"robots\" content=\"noindex, follow, max-snippet:-1, max-image-preview:large, max-video-preview:-1\" \/>\n<meta property=\"og:locale\" content=\"it_IT\" \/>\n<meta property=\"og:type\" content=\"article\" \/>\n<meta property=\"og:title\" content=\"Armata Brancaleone Polha, doppio appuntamento\" \/>\n<meta property=\"og:description\" content=\"Sabato 11 gennaio due incontri con il para ice-hockey, la mattina a Milano, in serata al PalaGhiaccio\" \/>\n<meta property=\"og:url\" content=\"https:\/\/staging.varesenews.it\/2020\/01\/armata-brancaleone-polha-doppio-appuntamento\/888610\/\" \/>\n<meta property=\"og:site_name\" content=\"VareseNews\" \/>\n<meta property=\"article:publisher\" content=\"https:\/\/www.facebook.com\/varesenews\" \/>\n<meta property=\"article:published_time\" content=\"2020-01-09T14:08:04+00:00\" \/>\n<meta name=\"author\" content=\"Francesco Mazzoleni\" \/>\n<meta name=\"twitter:card\" content=\"summary_large_image\" \/>\n<meta name=\"twitter:creator\" content=\"@fmazzof\" \/>\n<meta name=\"twitter:site\" content=\"@varesenews\" \/>\n<meta name=\"twitter:label1\" content=\"Scritto da\" \/>\n\t<meta name=\"twitter:data1\" content=\"Francesco Mazzoleni\" \/>\n\t<meta name=\"twitter:label2\" content=\"Tempo di lettura stimato\" \/>\n\t<meta name=\"twitter:data2\" content=\"1 minuto\" \/>\n<script type=\"application\/ld+json\" class=\"yoast-schema-graph\">{\"@context\":\"https:\/\/schema.org\",\"@graph\":[{\"@type\":\"WebPage\",\"@id\":\"https:\/\/staging.varesenews.it\/2020\/01\/armata-brancaleone-polha-doppio-appuntamento\/888610\/\",\"url\":\"https:\/\/staging.varesenews.it\/2020\/01\/armata-brancaleone-polha-doppio-appuntamento\/888610\/\",\"name\":\"Armata Brancaleone Polha, doppio appuntamento\",\"isPartOf\":{\"@id\":\"https:\/\/staging.varesenews.it\/#website\"},\"datePublished\":\"2020-01-09T14:08:04+00:00\",\"dateModified\":\"2020-01-09T14:08:04+00:00\",\"author\":{\"@id\":\"https:\/\/staging.varesenews.it\/#\/schema\/person\/e82236e79160d30d4e1f942004ac3038\"},\"description\":\"Sabato 11 gennaio due incontri con il para ice-hockey, la mattina a Milano, in serata al PalaGhiaccio\",\"breadcrumb\":{\"@id\":\"https:\/\/staging.varesenews.it\/2020\/01\/armata-brancaleone-polha-doppio-appuntamento\/888610\/#breadcrumb\"},\"inLanguage\":\"it-IT\",\"potentialAction\":[{\"@type\":\"ReadAction\",\"target\":[\"https:\/\/staging.varesenews.it\/2020\/01\/armata-brancaleone-polha-doppio-appuntamento\/888610\/\"]}]},{\"@type\":\"BreadcrumbList\",\"@id\":\"https:\/\/staging.varesenews.it\/2020\/01\/armata-brancaleone-polha-doppio-appuntamento\/888610\/#breadcrumb\",\"itemListElement\":[{\"@type\":\"ListItem\",\"position\":1,\"name\":\"Home\",\"item\":\"https:\/\/www.varesenews.it\/\"},{\"@type\":\"ListItem\",\"position\":2,\"name\":\"Armata Brancaleone Polha, doppio appuntamento\"}]},{\"@type\":\"WebSite\",\"@id\":\"https:\/\/staging.varesenews.it\/#website\",\"url\":\"https:\/\/staging.varesenews.it\/\",\"name\":\"VareseNews\",\"description\":\"\",\"potentialAction\":[{\"@type\":\"SearchAction\",\"target\":{\"@type\":\"EntryPoint\",\"urlTemplate\":\"https:\/\/staging.varesenews.it\/?s={search_term_string}\"},\"query-input\":\"required name=search_term_string\"}],\"inLanguage\":\"it-IT\"},{\"@type\":\"Person\",\"@id\":\"https:\/\/staging.varesenews.it\/#\/schema\/person\/e82236e79160d30d4e1f942004ac3038\",\"name\":\"Francesco Mazzoleni\",\"image\":{\"@type\":\"ImageObject\",\"inLanguage\":\"it-IT\",\"@id\":\"https:\/\/staging.varesenews.it\/#\/schema\/person\/image\/\",\"url\":\"https:\/\/staging.varesenews.it\/wp-content\/uploads\/2020\/12\/francesco_mazzoleni_colori_500-1.jpg\",\"contentUrl\":\"https:\/\/staging.varesenews.it\/wp-content\/uploads\/2020\/12\/francesco_mazzoleni_colori_500-1.jpg\",\"caption\":\"Francesco Mazzoleni\"},\"description\":\"\\\"Uomo di campo\\\" della redazione sportiva. Nutro una vera passione per il calcio, che sia ad alti livelli, sui campi di provincia o in altri continenti. Sono nato a Varese nel 1984, vivo da sempre a Malnate e ho una laurea in Scienze Motorie. Ho mosso i primi passi a VareseNews da stagista nel 2002; nel 2008 ho iniziato a collaborare con maggiore continuit\u00e0 e dal 2018 sono giornalista professionista. Orgoglioso pap\u00e0 di Federico e Adelaide.\",\"sameAs\":[\"fmazzof\",\"it.linkedin.com\/in\/francescomazzolenif\",\"https:\/\/twitter.com\/fmazzof\"],\"url\":\"https:\/\/staging.varesenews.it\/persona\/francesco_mazzoleniferracini\/\"}]}<\/script>\n<!-- \/ Yoast SEO plugin. -->","yoast_head_json":{"title":"Armata Brancaleone Polha, doppio appuntamento","description":"Sabato 11 gennaio due incontri con il para ice-hockey, la mattina a Milano, in serata al PalaGhiaccio","robots":{"index":"noindex","follow":"follow","max-snippet":"max-snippet:-1","max-image-preview":"max-image-preview:large","max-video-preview":"max-video-preview:-1"},"og_locale":"it_IT","og_type":"article","og_title":"Armata Brancaleone Polha, doppio appuntamento","og_description":"Sabato 11 gennaio due incontri con il para ice-hockey, la mattina a Milano, in serata al PalaGhiaccio","og_url":"https:\/\/staging.varesenews.it\/2020\/01\/armata-brancaleone-polha-doppio-appuntamento\/888610\/","og_site_name":"VareseNews","article_publisher":"https:\/\/www.facebook.com\/varesenews","article_published_time":"2020-01-09T14:08:04+00:00","author":"Francesco Mazzoleni","twitter_card":"summary_large_image","twitter_creator":"@fmazzof","twitter_site":"@varesenews","twitter_misc":{"Scritto da":"Francesco Mazzoleni","Tempo di lettura stimato":"1 minuto"},"schema":{"@context":"https:\/\/schema.org","@graph":[{"@type":"WebPage","@id":"https:\/\/staging.varesenews.it\/2020\/01\/armata-brancaleone-polha-doppio-appuntamento\/888610\/","url":"https:\/\/staging.varesenews.it\/2020\/01\/armata-brancaleone-polha-doppio-appuntamento\/888610\/","name":"Armata Brancaleone Polha, doppio appuntamento","isPartOf":{"@id":"https:\/\/staging.varesenews.it\/#website"},"datePublished":"2020-01-09T14:08:04+00:00","dateModified":"2020-01-09T14:08:04+00:00","author":{"@id":"https:\/\/staging.varesenews.it\/#\/schema\/person\/e82236e79160d30d4e1f942004ac3038"},"description":"Sabato 11 gennaio due incontri con il para ice-hockey, la mattina a Milano, in serata al PalaGhiaccio","breadcrumb":{"@id":"https:\/\/staging.varesenews.it\/2020\/01\/armata-brancaleone-polha-doppio-appuntamento\/888610\/#breadcrumb"},"inLanguage":"it-IT","potentialAction":[{"@type":"ReadAction","target":["https:\/\/staging.varesenews.it\/2020\/01\/armata-brancaleone-polha-doppio-appuntamento\/888610\/"]}]},{"@type":"BreadcrumbList","@id":"https:\/\/staging.varesenews.it\/2020\/01\/armata-brancaleone-polha-doppio-appuntamento\/888610\/#breadcrumb","itemListElement":[{"@type":"ListItem","position":1,"name":"Home","item":"https:\/\/www.varesenews.it\/"},{"@type":"ListItem","position":2,"name":"Armata Brancaleone Polha, doppio appuntamento"}]},{"@type":"WebSite","@id":"https:\/\/staging.varesenews.it\/#website","url":"https:\/\/staging.varesenews.it\/","name":"VareseNews","description":"","potentialAction":[{"@type":"SearchAction","target":{"@type":"EntryPoint","urlTemplate":"https:\/\/staging.varesenews.it\/?s={search_term_string}"},"query-input":"required name=search_term_string"}],"inLanguage":"it-IT"},{"@type":"Person","@id":"https:\/\/staging.varesenews.it\/#\/schema\/person\/e82236e79160d30d4e1f942004ac3038","name":"Francesco Mazzoleni","image":{"@type":"ImageObject","inLanguage":"it-IT","@id":"https:\/\/staging.varesenews.it\/#\/schema\/person\/image\/","url":"https:\/\/staging.varesenews.it\/wp-content\/uploads\/2020\/12\/francesco_mazzoleni_colori_500-1.jpg","contentUrl":"https:\/\/staging.varesenews.it\/wp-content\/uploads\/2020\/12\/francesco_mazzoleni_colori_500-1.jpg","caption":"Francesco Mazzoleni"},"description":"\"Uomo di campo\" della redazione sportiva. Nutro una vera passione per il calcio, che sia ad alti livelli, sui campi di provincia o in altri continenti. Sono nato a Varese nel 1984, vivo da sempre a Malnate e ho una laurea in Scienze Motorie. Ho mosso i primi passi a VareseNews da stagista nel 2002; nel 2008 ho iniziato a collaborare con maggiore continuit\u00e0 e dal 2018 sono giornalista professionista. Orgoglioso pap\u00e0 di Federico e Adelaide.","sameAs":["fmazzof","it.linkedin.com\/in\/francescomazzolenif","https:\/\/twitter.com\/fmazzof"],"url":"https:\/\/staging.varesenews.it\/persona\/francesco_mazzoleniferracini\/"}]}},"post_meta":{"_edit_lock":"1578582779:37","_edit_last":"37","_category_permalink":"a:1:{s:8:\"category\";s:2:\"14\";}","ratings_users":"0","ratings_score":"0","ratings_average":"0","foto":"779542","firma_come_redazione":"1","argomento":"Sledge Hockey","_yoast_wpseo_content_score":"30","_jd_tweet_this":"yes","_wpt_short_url":"https:\/\/www.varesenews.it\/2020\/01\/armata-brancaleone-polha-doppio-appuntamento\/888610\/","_wp_jd_target":"https:\/\/www.varesenews.it\/2020\/01\/armata-brancaleone-polha-doppio-appuntamento\/888610\/","_jd_wp_twitter":"a:1:{i:0;s:159:\"Armata Brancaleone Polha, doppio appuntamento https:\/\/www.varesenews.it\/2020\/01\/armata-brancaleone-polha-doppio-appuntamento\/888610\/ #polhavarese #sledgehockey\";}","_wpt_status_message":"Tweet inviato con successo."},"photos":[{"original":"https:\/\/staging.varesenews.it\/photogallery_new\/images\/2020\/01\/sledge-hockey-armata-brancaleone-779542.jpg","full":"https:\/\/staging.varesenews.it\/photogallery_new\/images\/2020\/01\/sledge-hockey-armata-brancaleone-779542.1024x768.jpg","large":"https:\/\/staging.varesenews.it\/photogallery_new\/images\/2020\/01\/sledge-hockey-armata-brancaleone-779542.610x431.jpg"}],"_links":{"self":[{"href":"https:\/\/staging.varesenews.it\/swgapi\/v1\/wp\/v2\/posts\/888610"}],"collection":[{"href":"https:\/\/staging.varesenews.it\/swgapi\/v1\/wp\/v2\/posts"}],"about":[{"href":"https:\/\/staging.varesenews.it\/swgapi\/v1\/wp\/v2\/types\/post"}],"author":[{"embeddable":true,"href":"https:\/\/staging.varesenews.it\/swgapi\/v1\/wp\/v2\/users\/37"}],"replies":[{"embeddable":true,"href":"https:\/\/staging.varesenews.it\/swgapi\/v1\/wp\/v2\/comments?post=888610"}],"version-history":[{"count":0,"href":"https:\/\/staging.varesenews.it\/swgapi\/v1\/wp\/v2\/posts\/888610\/revisions"}],"wp:attachment":[{"href":"https:\/\/staging.varesenews.it\/swgapi\/v1\/wp\/v2\/media?parent=888610"}],"wp:term":[{"taxonomy":"category","embeddable":true,"href":"https:\/\/staging.varesenews.it\/swgapi\/v1\/wp\/v2\/categories?post=888610"},{"taxonomy":"post_tag","embeddable":true,"href":"https:\/\/staging.varesenews.it\/swgapi\/v1\/wp\/v2\/tags?post=888610"}],"curies":[{"name":"wp","href":"https:\/\/api.w.org\/{rel}","templated":true}]}}