{"id":888764,"date":"2020-01-10T10:55:35","date_gmt":"2020-01-10T09:55:35","guid":{"rendered":"https:\/\/www.varesenews.it\/?p=888764"},"modified":"2020-01-10T10:56:09","modified_gmt":"2020-01-10T09:56:09","slug":"falo-della-giobia-ritorna-combattere-cancro","status":"publish","type":"post","link":"https:\/\/staging.varesenews.it\/2020\/01\/falo-della-giobia-ritorna-combattere-cancro\/888764\/","title":{"rendered":"Il fal\u00f2 della Gi\u00f6bia ritorna per combattere il cancro"},"content":{"rendered":"<p>La tradizione del <strong>Gran fal\u00f2 della Gi\u00f6bia di Mercallo compie dieci anni<\/strong>. La manifestazione si terr\u00e0 in <strong>piazza Balconi<\/strong> <strong>domenica 19 gennaio<\/strong> alle 17.30 e reinterpreter\u00e0 una delle tradizioni pi\u00f9 popolari dell\u2019Italia settentrionale.<\/p>\n<p>Nel corso dell\u2019evento i bambini di Mercallo lanceranno sul fal\u00f2 i propri<strong> bigliettini dei desideri<\/strong>. Allo stesso tempo si assister\u00e0 al concerto della fanfara dei bersaglieri.<\/p>\n<p>Riuniti attorno al fuoco, tutti i partecipanti potranno gustare cioccolata e vin brul\u00e9. Chi vorr\u00e0 potr\u00e0 inoltre fermarsi alla risottata organizzata dall\u2019amministrazione comunale.<\/p>\n<p>Il Gran fal\u00f2 della Gi\u00f6bia di Mercallo<strong> avr\u00e0 anche un risvolto benefico<\/strong>. Il ricavato della serata sar\u00e0 infatti devoluto all\u2019associazione \u201cCaos onlus\u201d di Gallarate per la lotta contro il tumore al seno.<\/p>\n<p>In caso di <strong>maltempo<\/strong> la manifestazione sar\u00e0 rinviata al 26 gennaio.<\/p>\n","protected":false},"excerpt":{"rendered":"<p>L\u2019appuntamento \u00e8 fissato per domenica 19 gennaio in piazza Balconi a Mercallo con vin brul\u00e9, cioccolata e risotto. I ricavati saranno devoluti alla lotta contro il tumore al seno<\/p>\n","protected":false},"author":52,"featured_media":0,"comment_status":"open","ping_status":"open","sticky":false,"template":"","format":"standard","meta":{"footnotes":""},"categories":[2],"tags":[93258],"acf":[],"yoast_head":"<!-- This site is optimized with the Yoast SEO plugin v20.1 - https:\/\/yoast.com\/wordpress\/plugins\/seo\/ -->\n<title>Il fal\u00f2 della Gi\u00f6bia ritorna per combattere il cancro<\/title>\n<meta name=\"description\" content=\"L\u2019appuntamento \u00e8 fissato per domenica 19 gennaio in piazza Balconi a Mercallo con vin brul\u00e9, cioccolata e risotto. I ricavati saranno devoluti alla lotta contro il tumore al seno\" \/>\n<meta name=\"robots\" content=\"noindex, follow, max-snippet:-1, max-image-preview:large, max-video-preview:-1\" \/>\n<meta property=\"og:locale\" content=\"it_IT\" \/>\n<meta property=\"og:type\" content=\"article\" \/>\n<meta property=\"og:title\" content=\"Il fal\u00f2 della Gi\u00f6bia torna a Mercallo per combattere il cancro\" \/>\n<meta property=\"og:description\" content=\"L\u2019appuntamento \u00e8 fissato per domenica 19 gennaio in piazza Balconi a Mercallo con vin brul\u00e9, cioccolata e risotto. I ricavati saranno devoluti alla lotta contro il tumore al seno\" \/>\n<meta property=\"og:url\" content=\"https:\/\/staging.varesenews.it\/2020\/01\/falo-della-giobia-ritorna-combattere-cancro\/888764\/\" \/>\n<meta property=\"og:site_name\" content=\"VareseNews\" \/>\n<meta property=\"article:publisher\" content=\"https:\/\/www.facebook.com\/varesenews\" \/>\n<meta property=\"article:published_time\" content=\"2020-01-10T09:55:35+00:00\" \/>\n<meta property=\"article:modified_time\" content=\"2020-01-10T09:56:09+00:00\" \/>\n<meta name=\"author\" content=\"Tomaso Bassani\" \/>\n<meta name=\"twitter:card\" content=\"summary_large_image\" \/>\n<meta name=\"twitter:creator\" content=\"@varesenews\" \/>\n<meta name=\"twitter:site\" content=\"@varesenews\" \/>\n<meta name=\"twitter:label1\" content=\"Scritto da\" \/>\n\t<meta name=\"twitter:data1\" content=\"Tomaso Bassani\" \/>\n\t<meta name=\"twitter:label2\" content=\"Tempo di lettura stimato\" \/>\n\t<meta name=\"twitter:data2\" content=\"1 minuto\" \/>\n<script type=\"application\/ld+json\" class=\"yoast-schema-graph\">{\"@context\":\"https:\/\/schema.org\",\"@graph\":[{\"@type\":\"WebPage\",\"@id\":\"https:\/\/staging.varesenews.it\/2020\/01\/falo-della-giobia-ritorna-combattere-cancro\/888764\/\",\"url\":\"https:\/\/staging.varesenews.it\/2020\/01\/falo-della-giobia-ritorna-combattere-cancro\/888764\/\",\"name\":\"Il fal\u00f2 della Gi\u00f6bia ritorna per combattere il cancro\",\"isPartOf\":{\"@id\":\"https:\/\/staging.varesenews.it\/#website\"},\"datePublished\":\"2020-01-10T09:55:35+00:00\",\"dateModified\":\"2020-01-10T09:56:09+00:00\",\"author\":{\"@id\":\"https:\/\/staging.varesenews.it\/#\/schema\/person\/f8cc543029c96c954a35c042e01892bb\"},\"description\":\"L\u2019appuntamento \u00e8 fissato per domenica 19 gennaio in piazza Balconi a Mercallo con vin brul\u00e9, cioccolata e risotto. I ricavati saranno devoluti alla lotta contro il tumore al seno\",\"breadcrumb\":{\"@id\":\"https:\/\/staging.varesenews.it\/2020\/01\/falo-della-giobia-ritorna-combattere-cancro\/888764\/#breadcrumb\"},\"inLanguage\":\"it-IT\",\"potentialAction\":[{\"@type\":\"ReadAction\",\"target\":[\"https:\/\/staging.varesenews.it\/2020\/01\/falo-della-giobia-ritorna-combattere-cancro\/888764\/\"]}]},{\"@type\":\"BreadcrumbList\",\"@id\":\"https:\/\/staging.varesenews.it\/2020\/01\/falo-della-giobia-ritorna-combattere-cancro\/888764\/#breadcrumb\",\"itemListElement\":[{\"@type\":\"ListItem\",\"position\":1,\"name\":\"Home\",\"item\":\"https:\/\/www.varesenews.it\/\"},{\"@type\":\"ListItem\",\"position\":2,\"name\":\"Il fal\u00f2 della Gi\u00f6bia ritorna per combattere il cancro\"}]},{\"@type\":\"WebSite\",\"@id\":\"https:\/\/staging.varesenews.it\/#website\",\"url\":\"https:\/\/staging.varesenews.it\/\",\"name\":\"VareseNews\",\"description\":\"\",\"potentialAction\":[{\"@type\":\"SearchAction\",\"target\":{\"@type\":\"EntryPoint\",\"urlTemplate\":\"https:\/\/staging.varesenews.it\/?s={search_term_string}\"},\"query-input\":\"required name=search_term_string\"}],\"inLanguage\":\"it-IT\"},{\"@type\":\"Person\",\"@id\":\"https:\/\/staging.varesenews.it\/#\/schema\/person\/f8cc543029c96c954a35c042e01892bb\",\"name\":\"Tomaso Bassani\",\"image\":{\"@type\":\"ImageObject\",\"inLanguage\":\"it-IT\",\"@id\":\"https:\/\/staging.varesenews.it\/#\/schema\/person\/image\/\",\"url\":\"https:\/\/staging.varesenews.it\/wp-content\/uploads\/2020\/12\/tomaso_bassani_colori_500.jpg\",\"contentUrl\":\"https:\/\/staging.varesenews.it\/wp-content\/uploads\/2020\/12\/tomaso_bassani_colori_500.jpg\",\"caption\":\"Tomaso Bassani\"},\"description\":\"Sono nato nel 1988 e questo ha fatto s&igrave; che la mia vita sia coincisa con l'epoca di pi&ugrave; grande e veloce cambiamento della storia. Sono giornalista e caporedattore di Varesenews. Ho un master in data analysis, una laurea in storia e una formazione superiore commerciale. Sono cresciuto tra scout, tavola a rotelle, impegno associativo (in quella grande esperienza giovanile che &egrave; stato l&rsquo;Albizzate Valley Festival) e cooperativo (Circolo The Family di Albizzate). Per passione mi occupo di dati, videomaking, fotografia, scrittura e web. Per lavoro anche.&nbsp;\",\"sameAs\":[\"tomasobassani\",\"https:\/\/www.linkedin.com\/profile\/view?id=102759293&trk=nav_responsive_tab_profile\"],\"url\":\"https:\/\/staging.varesenews.it\/persona\/tomaso-bassani\/\"}]}<\/script>\n<!-- \/ Yoast SEO plugin. -->","yoast_head_json":{"title":"Il fal\u00f2 della Gi\u00f6bia ritorna per combattere il cancro","description":"L\u2019appuntamento \u00e8 fissato per domenica 19 gennaio in piazza Balconi a Mercallo con vin brul\u00e9, cioccolata e risotto. I ricavati saranno devoluti alla lotta contro il tumore al seno","robots":{"index":"noindex","follow":"follow","max-snippet":"max-snippet:-1","max-image-preview":"max-image-preview:large","max-video-preview":"max-video-preview:-1"},"og_locale":"it_IT","og_type":"article","og_title":"Il fal\u00f2 della Gi\u00f6bia torna a Mercallo per combattere il cancro","og_description":"L\u2019appuntamento \u00e8 fissato per domenica 19 gennaio in piazza Balconi a Mercallo con vin brul\u00e9, cioccolata e risotto. I ricavati saranno devoluti alla lotta contro il tumore al seno","og_url":"https:\/\/staging.varesenews.it\/2020\/01\/falo-della-giobia-ritorna-combattere-cancro\/888764\/","og_site_name":"VareseNews","article_publisher":"https:\/\/www.facebook.com\/varesenews","article_published_time":"2020-01-10T09:55:35+00:00","article_modified_time":"2020-01-10T09:56:09+00:00","author":"Tomaso Bassani","twitter_card":"summary_large_image","twitter_creator":"@varesenews","twitter_site":"@varesenews","twitter_misc":{"Scritto da":"Tomaso Bassani","Tempo di lettura stimato":"1 minuto"},"schema":{"@context":"https:\/\/schema.org","@graph":[{"@type":"WebPage","@id":"https:\/\/staging.varesenews.it\/2020\/01\/falo-della-giobia-ritorna-combattere-cancro\/888764\/","url":"https:\/\/staging.varesenews.it\/2020\/01\/falo-della-giobia-ritorna-combattere-cancro\/888764\/","name":"Il fal\u00f2 della Gi\u00f6bia ritorna per combattere il cancro","isPartOf":{"@id":"https:\/\/staging.varesenews.it\/#website"},"datePublished":"2020-01-10T09:55:35+00:00","dateModified":"2020-01-10T09:56:09+00:00","author":{"@id":"https:\/\/staging.varesenews.it\/#\/schema\/person\/f8cc543029c96c954a35c042e01892bb"},"description":"L\u2019appuntamento \u00e8 fissato per domenica 19 gennaio in piazza Balconi a Mercallo con vin brul\u00e9, cioccolata e risotto. I ricavati saranno devoluti alla lotta contro il tumore al seno","breadcrumb":{"@id":"https:\/\/staging.varesenews.it\/2020\/01\/falo-della-giobia-ritorna-combattere-cancro\/888764\/#breadcrumb"},"inLanguage":"it-IT","potentialAction":[{"@type":"ReadAction","target":["https:\/\/staging.varesenews.it\/2020\/01\/falo-della-giobia-ritorna-combattere-cancro\/888764\/"]}]},{"@type":"BreadcrumbList","@id":"https:\/\/staging.varesenews.it\/2020\/01\/falo-della-giobia-ritorna-combattere-cancro\/888764\/#breadcrumb","itemListElement":[{"@type":"ListItem","position":1,"name":"Home","item":"https:\/\/www.varesenews.it\/"},{"@type":"ListItem","position":2,"name":"Il fal\u00f2 della Gi\u00f6bia ritorna per combattere il cancro"}]},{"@type":"WebSite","@id":"https:\/\/staging.varesenews.it\/#website","url":"https:\/\/staging.varesenews.it\/","name":"VareseNews","description":"","potentialAction":[{"@type":"SearchAction","target":{"@type":"EntryPoint","urlTemplate":"https:\/\/staging.varesenews.it\/?s={search_term_string}"},"query-input":"required name=search_term_string"}],"inLanguage":"it-IT"},{"@type":"Person","@id":"https:\/\/staging.varesenews.it\/#\/schema\/person\/f8cc543029c96c954a35c042e01892bb","name":"Tomaso Bassani","image":{"@type":"ImageObject","inLanguage":"it-IT","@id":"https:\/\/staging.varesenews.it\/#\/schema\/person\/image\/","url":"https:\/\/staging.varesenews.it\/wp-content\/uploads\/2020\/12\/tomaso_bassani_colori_500.jpg","contentUrl":"https:\/\/staging.varesenews.it\/wp-content\/uploads\/2020\/12\/tomaso_bassani_colori_500.jpg","caption":"Tomaso Bassani"},"description":"Sono nato nel 1988 e questo ha fatto s&igrave; che la mia vita sia coincisa con l'epoca di pi&ugrave; grande e veloce cambiamento della storia. Sono giornalista e caporedattore di Varesenews. Ho un master in data analysis, una laurea in storia e una formazione superiore commerciale. Sono cresciuto tra scout, tavola a rotelle, impegno associativo (in quella grande esperienza giovanile che &egrave; stato l&rsquo;Albizzate Valley Festival) e cooperativo (Circolo The Family di Albizzate). Per passione mi occupo di dati, videomaking, fotografia, scrittura e web. Per lavoro anche.&nbsp;","sameAs":["tomasobassani","https:\/\/www.linkedin.com\/profile\/view?id=102759293&trk=nav_responsive_tab_profile"],"url":"https:\/\/staging.varesenews.it\/persona\/tomaso-bassani\/"}]}},"post_meta":{"_edit_lock":"1578656412:52","_edit_last":"52","_category_permalink":"a:1:{s:8:\"category\";s:0:\"\";}","ratings_users":"0","ratings_score":"0","ratings_average":"0","foto":"721601","firma-personalizzata":"Alessandro Guglielmi","argomento":"Mercallo","_yoast_wpseo_content_score":"30","_jd_tweet_this":"yes","_wpt_short_url":"https:\/\/www.varesenews.it\/2020\/01\/falo-della-giobia-ritorna-combattere-cancro\/888764\/","_wp_jd_target":"https:\/\/www.varesenews.it\/2020\/01\/falo-della-giobia-ritorna-combattere-cancro\/888764\/","_jd_wp_twitter":"a:1:{i:0;s:155:\"Il fal\u00f2 della Gi\u00f6bia ritorna per combattere il cancro https:\/\/www.varesenews.it\/2020\/01\/falo-della-giobia-ritorna-combattere-cancro\/888764\/ #gioeubia2019\";}","_wpt_status_message":"Tweet inviato con successo.","_yoast_wpseo_opengraph-title":"Il fal\u00f2 della Gi\u00f6bia torna a Mercallo per combattere il cancro"},"photos":[{"original":"https:\/\/staging.varesenews.it\/photogallery_new\/images\/2019\/02\/gioeubia-albizzate-2019-721601.jpg","full":"https:\/\/staging.varesenews.it\/photogallery_new\/images\/2019\/02\/gioeubia-albizzate-2019-721601.1024x768.jpg","large":"https:\/\/staging.varesenews.it\/photogallery_new\/images\/2019\/02\/gioeubia-albizzate-2019-721601.610x431.jpg"}],"_links":{"self":[{"href":"https:\/\/staging.varesenews.it\/swgapi\/v1\/wp\/v2\/posts\/888764"}],"collection":[{"href":"https:\/\/staging.varesenews.it\/swgapi\/v1\/wp\/v2\/posts"}],"about":[{"href":"https:\/\/staging.varesenews.it\/swgapi\/v1\/wp\/v2\/types\/post"}],"author":[{"embeddable":true,"href":"https:\/\/staging.varesenews.it\/swgapi\/v1\/wp\/v2\/users\/52"}],"replies":[{"embeddable":true,"href":"https:\/\/staging.varesenews.it\/swgapi\/v1\/wp\/v2\/comments?post=888764"}],"version-history":[{"count":0,"href":"https:\/\/staging.varesenews.it\/swgapi\/v1\/wp\/v2\/posts\/888764\/revisions"}],"wp:attachment":[{"href":"https:\/\/staging.varesenews.it\/swgapi\/v1\/wp\/v2\/media?parent=888764"}],"wp:term":[{"taxonomy":"category","embeddable":true,"href":"https:\/\/staging.varesenews.it\/swgapi\/v1\/wp\/v2\/categories?post=888764"},{"taxonomy":"post_tag","embeddable":true,"href":"https:\/\/staging.varesenews.it\/swgapi\/v1\/wp\/v2\/tags?post=888764"}],"curies":[{"name":"wp","href":"https:\/\/api.w.org\/{rel}","templated":true}]}}