{"id":88934,"date":"2012-05-11T00:00:00","date_gmt":"2012-05-11T00:00:00","guid":{"rendered":""},"modified":"2012-05-11T00:00:00","modified_gmt":"2012-05-11T00:00:00","slug":"porte-aperte-alla-liuc-il-prossimo-mercoledi-16-maggio","status":"publish","type":"post","link":"https:\/\/staging.varesenews.it\/2012\/05\/porte-aperte-alla-liuc-il-prossimo-mercoledi-16-maggio\/88934\/","title":{"rendered":"Porte aperte alla LIUC il prossimo mercoled\u00ec 16 maggio"},"content":{"rendered":"<p>Nuova giornata di &quot;<strong>Universit&agrave; Aperta<\/strong>&quot; per gli studenti all&rsquo;<a href=\"http:\/\/www.liuc.it\/default.asp\" target=\"_blank\">Universit&agrave; Carlo Cattaneo<\/a> il<br \/>\nprossimo mercoled&igrave; 16 maggio.<br \/>\nLa giornata &egrave; particolarmente dedicata agli interessati alle lauree magistrali in Economia<br \/>\nAziendale e Ingegneria Gestionale e all&rsquo;approfondimento dei diversi percorsi proposti. Un<br \/>\nappuntamento che si rivela dunque di interesse sia per studenti LIUC che stanno ultimando<br \/>\nil percorso della laurea triennale che per studenti provenienti da altri atenei, interessati alle<br \/>\nlauree magistrali proposte dalla LIUC.<br \/>\nSar&agrave; possibile conoscere nel dettaglio l&rsquo;offerta delle lauree magistrali in Economia e Ingegneria.<br \/>\n<strong><br \/>\nEconomia Aziendale e Management<\/strong><br \/>\nLaurea magistrale &ndash; percorsi<br \/>\n&bull; Economia e direzione d&rsquo;impresa<br \/>\n&bull; Amministrazione aziendale e libera professione<br \/>\n&bull; Banche, mercati e finanza d&rsquo;impresa<br \/>\n&bull; Marketing<br \/>\n&bull; Management delle risorse umane<br \/>\n&bull; International business management (in lingua inglese)<\/p>\n<p><strong>Ingegneria Gestionale per la Produzione Industriale<\/strong><br \/>\nLaurea magistrale &ndash; percorsi<br \/>\n&bull; Business consulting<br \/>\n&bull; Chimica industriale<br \/>\n&bull; Energy management<br \/>\n&bull; Lean manufacturing<br \/>\n&bull; Finanza d&rsquo;impresa e mercati finanziari (in collaborazione con la facolt&agrave; di Economia)<br \/>\n&bull; International business management (in collaborazione con la facolt&agrave; di Economia &ndash; in lingua<br \/>\ninglese)<\/p>\n<p>Presso i LIUC Point si potranno richiedere informazioni dettagliate sui servizi d&#8217;eccellenza<br \/>\ndella LIUC: le Relazioni Internazionali, il Servizio Placement, il Diritto allo Studio, il<br \/>\nprogetto Skills&amp;Behaviour, la Biblioteca, le dotazioni informatiche a supporto dello studio, il<br \/>\nCentro Linguistico, le Attivit&agrave; Extradidattiche con le relative squadre sportive, le Associazioni<br \/>\nstudentesche. Sar&agrave; anche possibile visitare gli edifici della LIUC, la Residenza Universitaria<br \/>\ninterna al Campus con i suoi 440 posti letto, per conoscere i luoghi dedicati all&#8217;attivit&agrave; didattica,<br \/>\nallo studio, alla ricerca e al divertimento.<\/p>\n<p>I docenti della LIUC saranno poi a disposizione dalle ore 14.00 alle 16.00 per ricevere gli studenti<br \/>\nsu appuntamento (per fissare un appuntamento inviare una mail a orientamento@liuc.it).<\/p>\n<p>Programma<br \/>\n10.30 Registrazione atrio ingresso edificio aule<br \/>\n11.00 Presentazione lauree magistrali<br \/>\n&middot; Economia Aziendale<br \/>\nPreside Facolt&agrave; di Economia<br \/>\n&middot; Ingegneria Gestionale<br \/>\nPreside Facolt&agrave; di Ingegneria<br \/>\n12.45 Visita guidata dell&#8217;Universit&agrave; con gli studenti del team LIUC<br \/>\nINCONTRO INDIVIDUALE CON I DOCENTI<br \/>\n(con appuntamento)<br \/>\nDalle ore 14.00 alle 16.00 &ndash; per fissare un appuntamento inviare una mail a:<br \/>\norientamento@liuc.it<br \/>\nLIUC-POINT<br \/>\n&middot; Economia<br \/>\n&middot; Ingegneria<br \/>\n&middot; Borse di studio<br \/>\n&middot; Programmi internazionali<br \/>\n&middot; Biblioteca<br \/>\n&middot; Stage e placement<br \/>\n&middot; Attivit&agrave; extra didattiche<br \/>\n&middot; Skills&amp;Behaviour<br \/>\n&middot; Certificazione linguistiche<\/p>\n<p>INFORMAZIONI E ISCRIZIONI:<br \/>\nOrientamento e Rapporti con le scuole<br \/>\nTelefono 0331 572.300 Fax 0331 572.425<br \/>\nMail: orientamento@liuc.it<\/p>\n","protected":false},"excerpt":{"rendered":"<p>La giornata in programma mercoled\u00ec 16 maggio. Sar\u00e0 possibile conoscere nel dettaglio l\u2019offerta delle lauree magistrali in Economia e Ingegneria<\/p>\n","protected":false},"author":10,"featured_media":0,"comment_status":"open","ping_status":"open","sticky":false,"template":"","format":"standard","meta":{"footnotes":""},"categories":[4,22],"tags":[176,924,432],"acf":[],"yoast_head":"<!-- This site is optimized with the Yoast SEO plugin v20.1 - https:\/\/yoast.com\/wordpress\/plugins\/seo\/ -->\n<title>Porte aperte alla LIUC il prossimo mercoled\u00ec 16 maggio<\/title>\n<meta name=\"description\" content=\"La giornata in programma mercoled\u00ec 16 maggio. Sar\u00e0 possibile conoscere nel dettaglio l\u2019offerta delle lauree magistrali in Economia e Ingegneria\" \/>\n<meta name=\"robots\" content=\"noindex, follow, max-snippet:-1, max-image-preview:large, max-video-preview:-1\" \/>\n<meta property=\"og:locale\" content=\"it_IT\" \/>\n<meta property=\"og:type\" content=\"article\" \/>\n<meta property=\"og:title\" content=\"Porte aperte alla LIUC il prossimo mercoled\u00ec 16 maggio\" \/>\n<meta property=\"og:description\" content=\"La giornata in programma mercoled\u00ec 16 maggio. Sar\u00e0 possibile conoscere nel dettaglio l\u2019offerta delle lauree magistrali in Economia e Ingegneria\" \/>\n<meta property=\"og:url\" content=\"https:\/\/staging.varesenews.it\/2012\/05\/porte-aperte-alla-liuc-il-prossimo-mercoledi-16-maggio\/88934\/\" \/>\n<meta property=\"og:site_name\" content=\"VareseNews\" \/>\n<meta property=\"article:publisher\" content=\"https:\/\/www.facebook.com\/varesenews\" \/>\n<meta property=\"article:published_time\" content=\"2012-05-11T00:00:00+00:00\" \/>\n<meta name=\"author\" content=\"Redazione VareseNews\" \/>\n<meta name=\"twitter:card\" content=\"summary_large_image\" \/>\n<meta name=\"twitter:creator\" content=\"@varesenews\" \/>\n<meta name=\"twitter:site\" content=\"@varesenews\" \/>\n<meta name=\"twitter:label1\" content=\"Scritto da\" \/>\n\t<meta name=\"twitter:data1\" content=\"Redazione VareseNews\" \/>\n\t<meta name=\"twitter:label2\" content=\"Tempo di lettura stimato\" \/>\n\t<meta name=\"twitter:data2\" content=\"2 minuti\" \/>\n<script type=\"application\/ld+json\" class=\"yoast-schema-graph\">{\"@context\":\"https:\/\/schema.org\",\"@graph\":[{\"@type\":\"WebPage\",\"@id\":\"https:\/\/staging.varesenews.it\/2012\/05\/porte-aperte-alla-liuc-il-prossimo-mercoledi-16-maggio\/88934\/\",\"url\":\"https:\/\/staging.varesenews.it\/2012\/05\/porte-aperte-alla-liuc-il-prossimo-mercoledi-16-maggio\/88934\/\",\"name\":\"Porte aperte alla LIUC il prossimo mercoled\u00ec 16 maggio\",\"isPartOf\":{\"@id\":\"https:\/\/staging.varesenews.it\/#website\"},\"datePublished\":\"2012-05-11T00:00:00+00:00\",\"dateModified\":\"2012-05-11T00:00:00+00:00\",\"author\":{\"@id\":\"https:\/\/staging.varesenews.it\/#\/schema\/person\/fb20c4da0b7b16c291707a20db73e169\"},\"description\":\"La giornata in programma mercoled\u00ec 16 maggio. Sar\u00e0 possibile conoscere nel dettaglio l\u2019offerta delle lauree magistrali in Economia e Ingegneria\",\"breadcrumb\":{\"@id\":\"https:\/\/staging.varesenews.it\/2012\/05\/porte-aperte-alla-liuc-il-prossimo-mercoledi-16-maggio\/88934\/#breadcrumb\"},\"inLanguage\":\"it-IT\",\"potentialAction\":[{\"@type\":\"ReadAction\",\"target\":[\"https:\/\/staging.varesenews.it\/2012\/05\/porte-aperte-alla-liuc-il-prossimo-mercoledi-16-maggio\/88934\/\"]}]},{\"@type\":\"BreadcrumbList\",\"@id\":\"https:\/\/staging.varesenews.it\/2012\/05\/porte-aperte-alla-liuc-il-prossimo-mercoledi-16-maggio\/88934\/#breadcrumb\",\"itemListElement\":[{\"@type\":\"ListItem\",\"position\":1,\"name\":\"Home\",\"item\":\"https:\/\/www.varesenews.it\/\"},{\"@type\":\"ListItem\",\"position\":2,\"name\":\"Porte aperte alla LIUC il prossimo mercoled\u00ec 16 maggio\"}]},{\"@type\":\"WebSite\",\"@id\":\"https:\/\/staging.varesenews.it\/#website\",\"url\":\"https:\/\/staging.varesenews.it\/\",\"name\":\"VareseNews\",\"description\":\"\",\"potentialAction\":[{\"@type\":\"SearchAction\",\"target\":{\"@type\":\"EntryPoint\",\"urlTemplate\":\"https:\/\/staging.varesenews.it\/?s={search_term_string}\"},\"query-input\":\"required name=search_term_string\"}],\"inLanguage\":\"it-IT\"},{\"@type\":\"Person\",\"@id\":\"https:\/\/staging.varesenews.it\/#\/schema\/person\/fb20c4da0b7b16c291707a20db73e169\",\"name\":\"Redazione VareseNews\",\"image\":{\"@type\":\"ImageObject\",\"inLanguage\":\"it-IT\",\"@id\":\"https:\/\/staging.varesenews.it\/#\/schema\/person\/image\/\",\"url\":\"https:\/\/staging.varesenews.it\/wp-content\/uploads\/2020\/12\/logo_VN_colori_500.png\",\"contentUrl\":\"https:\/\/staging.varesenews.it\/wp-content\/uploads\/2020\/12\/logo_VN_colori_500.png\",\"caption\":\"Redazione VareseNews\"},\"url\":\"https:\/\/staging.varesenews.it\/persona\/redazione1\/\"}]}<\/script>\n<!-- \/ Yoast SEO plugin. -->","yoast_head_json":{"title":"Porte aperte alla LIUC il prossimo mercoled\u00ec 16 maggio","description":"La giornata in programma mercoled\u00ec 16 maggio. Sar\u00e0 possibile conoscere nel dettaglio l\u2019offerta delle lauree magistrali in Economia e Ingegneria","robots":{"index":"noindex","follow":"follow","max-snippet":"max-snippet:-1","max-image-preview":"max-image-preview:large","max-video-preview":"max-video-preview:-1"},"og_locale":"it_IT","og_type":"article","og_title":"Porte aperte alla LIUC il prossimo mercoled\u00ec 16 maggio","og_description":"La giornata in programma mercoled\u00ec 16 maggio. Sar\u00e0 possibile conoscere nel dettaglio l\u2019offerta delle lauree magistrali in Economia e Ingegneria","og_url":"https:\/\/staging.varesenews.it\/2012\/05\/porte-aperte-alla-liuc-il-prossimo-mercoledi-16-maggio\/88934\/","og_site_name":"VareseNews","article_publisher":"https:\/\/www.facebook.com\/varesenews","article_published_time":"2012-05-11T00:00:00+00:00","author":"Redazione VareseNews","twitter_card":"summary_large_image","twitter_creator":"@varesenews","twitter_site":"@varesenews","twitter_misc":{"Scritto da":"Redazione VareseNews","Tempo di lettura stimato":"2 minuti"},"schema":{"@context":"https:\/\/schema.org","@graph":[{"@type":"WebPage","@id":"https:\/\/staging.varesenews.it\/2012\/05\/porte-aperte-alla-liuc-il-prossimo-mercoledi-16-maggio\/88934\/","url":"https:\/\/staging.varesenews.it\/2012\/05\/porte-aperte-alla-liuc-il-prossimo-mercoledi-16-maggio\/88934\/","name":"Porte aperte alla LIUC il prossimo mercoled\u00ec 16 maggio","isPartOf":{"@id":"https:\/\/staging.varesenews.it\/#website"},"datePublished":"2012-05-11T00:00:00+00:00","dateModified":"2012-05-11T00:00:00+00:00","author":{"@id":"https:\/\/staging.varesenews.it\/#\/schema\/person\/fb20c4da0b7b16c291707a20db73e169"},"description":"La giornata in programma mercoled\u00ec 16 maggio. Sar\u00e0 possibile conoscere nel dettaglio l\u2019offerta delle lauree magistrali in Economia e Ingegneria","breadcrumb":{"@id":"https:\/\/staging.varesenews.it\/2012\/05\/porte-aperte-alla-liuc-il-prossimo-mercoledi-16-maggio\/88934\/#breadcrumb"},"inLanguage":"it-IT","potentialAction":[{"@type":"ReadAction","target":["https:\/\/staging.varesenews.it\/2012\/05\/porte-aperte-alla-liuc-il-prossimo-mercoledi-16-maggio\/88934\/"]}]},{"@type":"BreadcrumbList","@id":"https:\/\/staging.varesenews.it\/2012\/05\/porte-aperte-alla-liuc-il-prossimo-mercoledi-16-maggio\/88934\/#breadcrumb","itemListElement":[{"@type":"ListItem","position":1,"name":"Home","item":"https:\/\/www.varesenews.it\/"},{"@type":"ListItem","position":2,"name":"Porte aperte alla LIUC il prossimo mercoled\u00ec 16 maggio"}]},{"@type":"WebSite","@id":"https:\/\/staging.varesenews.it\/#website","url":"https:\/\/staging.varesenews.it\/","name":"VareseNews","description":"","potentialAction":[{"@type":"SearchAction","target":{"@type":"EntryPoint","urlTemplate":"https:\/\/staging.varesenews.it\/?s={search_term_string}"},"query-input":"required name=search_term_string"}],"inLanguage":"it-IT"},{"@type":"Person","@id":"https:\/\/staging.varesenews.it\/#\/schema\/person\/fb20c4da0b7b16c291707a20db73e169","name":"Redazione VareseNews","image":{"@type":"ImageObject","inLanguage":"it-IT","@id":"https:\/\/staging.varesenews.it\/#\/schema\/person\/image\/","url":"https:\/\/staging.varesenews.it\/wp-content\/uploads\/2020\/12\/logo_VN_colori_500.png","contentUrl":"https:\/\/staging.varesenews.it\/wp-content\/uploads\/2020\/12\/logo_VN_colori_500.png","caption":"Redazione VareseNews"},"url":"https:\/\/staging.varesenews.it\/persona\/redazione1\/"}]}},"post_meta":{"id_old":"233738","argomento":"Open Day"},"photos":[],"_links":{"self":[{"href":"https:\/\/staging.varesenews.it\/swgapi\/v1\/wp\/v2\/posts\/88934"}],"collection":[{"href":"https:\/\/staging.varesenews.it\/swgapi\/v1\/wp\/v2\/posts"}],"about":[{"href":"https:\/\/staging.varesenews.it\/swgapi\/v1\/wp\/v2\/types\/post"}],"author":[{"embeddable":true,"href":"https:\/\/staging.varesenews.it\/swgapi\/v1\/wp\/v2\/users\/10"}],"replies":[{"embeddable":true,"href":"https:\/\/staging.varesenews.it\/swgapi\/v1\/wp\/v2\/comments?post=88934"}],"version-history":[{"count":0,"href":"https:\/\/staging.varesenews.it\/swgapi\/v1\/wp\/v2\/posts\/88934\/revisions"}],"wp:attachment":[{"href":"https:\/\/staging.varesenews.it\/swgapi\/v1\/wp\/v2\/media?parent=88934"}],"wp:term":[{"taxonomy":"category","embeddable":true,"href":"https:\/\/staging.varesenews.it\/swgapi\/v1\/wp\/v2\/categories?post=88934"},{"taxonomy":"post_tag","embeddable":true,"href":"https:\/\/staging.varesenews.it\/swgapi\/v1\/wp\/v2\/tags?post=88934"}],"curies":[{"name":"wp","href":"https:\/\/api.w.org\/{rel}","templated":true}]}}