{"id":889486,"date":"2020-01-13T11:05:35","date_gmt":"2020-01-13T10:05:35","guid":{"rendered":"https:\/\/www.varesenews.it\/?p=889486"},"modified":"2020-01-13T11:05:35","modified_gmt":"2020-01-13T10:05:35","slug":"2020-ponti-festivita","status":"publish","type":"post","link":"https:\/\/staging.varesenews.it\/2020\/01\/2020-ponti-festivita\/889486\/","title":{"rendered":"Vacanze brevi, il 2020 non sar\u00e0 l&#8217;anno dei ponti"},"content":{"rendered":"<p><strong>Il 2020 non sar\u00e0 l&#8217;anno dei ponti<\/strong>. Per pianificare una bella gita fuori porta primaverile, quest&#8217;anno non potrete contare molto sulle festivit\u00e0. <strong>Pasqua e 25 aprile non saranno ravvicinati<\/strong>, la festa della Liberazione sar\u00e0 di sabato e <strong>il primo ponte utile (breve) sar\u00e0 quello del 1 maggio<\/strong> che cade di venerd\u00ec.<\/p>\n<p>Per programmare una piccola vacanza meglio attendere il<strong> 2 giugno<\/strong>, un marted\u00ec, mentre <strong>Ferragosto e 1 novembre<\/strong> cadranno nel fine settimana. Sar\u00e0 di marted\u00ec anche l&#8217;<strong>8 dicembre<\/strong> mentre Natale e Santo Stefano saranno venerd\u00ec e sabato.<\/p>\n<p><strong>Di seguito il calendario delle festivit\u00e0:<br \/>\n<\/strong><br \/>\nPasqua &#8211; Domenica (12 aprile)<br \/>\nPasquetta &#8211; Luned\u00ec (13 aprile)<br \/>\n25 Aprile 2020 &#8211; Sabato<br \/>\n1 Maggio 2020 &#8211; Venerd\u00ec<br \/>\n2 Giugno 2020 &#8211; Marted\u00ec<br \/>\n15 Agosto 2020 &#8211; Sabato<br \/>\n1 Novembre 2020 &#8211; Domenica<br \/>\n8 Dicembre 2020 \u2013 Marted\u00ec<br \/>\n25 Dicembre 2020 &#8211; Venerd\u00ec<br \/>\n26 Dicembre 2020 \u2013 Sabato<br \/>\n31 Dicembre 2020 &#8211; Gioved\u00ec<br \/>\n1 Gennaio 2021 &#8211; Venerd\u00ec<\/p>\n","protected":false},"excerpt":{"rendered":"<p>Il primo ponte utile (breve) sar\u00e0 quello del 1 maggio. 25 aprile, Ferragosto e 1 novembre cadranno nel weekend<\/p>\n","protected":false},"author":43,"featured_media":0,"comment_status":"open","ping_status":"open","sticky":false,"template":"","format":"standard","meta":{"footnotes":""},"categories":[9,21,46],"tags":[19826,102945,3146],"acf":[],"yoast_head":"<!-- This site is optimized with the Yoast SEO plugin v20.1 - https:\/\/yoast.com\/wordpress\/plugins\/seo\/ -->\n<title>Vacanze brevi, il 2020 non sar\u00e0 l&#039;anno dei ponti<\/title>\n<meta name=\"description\" content=\"Il primo ponte utile (breve) sar\u00e0 quello del 1 maggio. Le festivit\u00e0 del 25 aprile, Ferragosto, 1 novembre e Natale cadranno nel fine settimana\" \/>\n<meta name=\"robots\" content=\"noindex, follow, max-snippet:-1, max-image-preview:large, max-video-preview:-1\" \/>\n<meta property=\"og:locale\" content=\"it_IT\" \/>\n<meta property=\"og:type\" content=\"article\" \/>\n<meta property=\"og:title\" content=\"Vacanze brevi, il 2020 non sar\u00e0 l&#039;anno dei ponti\" \/>\n<meta property=\"og:description\" content=\"Il primo ponte utile (breve) sar\u00e0 quello del 1 maggio. Le festivit\u00e0 del 25 aprile, Ferragosto, 1 novembre e Natale cadranno nel fine settimana\" \/>\n<meta property=\"og:url\" content=\"https:\/\/staging.varesenews.it\/2020\/01\/2020-ponti-festivita\/889486\/\" \/>\n<meta property=\"og:site_name\" content=\"VareseNews\" \/>\n<meta property=\"article:publisher\" content=\"https:\/\/www.facebook.com\/varesenews\" \/>\n<meta property=\"article:author\" content=\"https:\/\/www.facebook.com\/mariacarla.cebrelli\" \/>\n<meta property=\"article:published_time\" content=\"2020-01-13T10:05:35+00:00\" \/>\n<meta name=\"author\" content=\"Maria Carla Cebrelli\" \/>\n<meta name=\"twitter:card\" content=\"summary_large_image\" \/>\n<meta name=\"twitter:creator\" content=\"@pikapiketti\" \/>\n<meta name=\"twitter:site\" content=\"@varesenews\" \/>\n<meta name=\"twitter:label1\" content=\"Scritto da\" \/>\n\t<meta name=\"twitter:data1\" content=\"Maria Carla Cebrelli\" \/>\n\t<meta name=\"twitter:label2\" content=\"Tempo di lettura stimato\" \/>\n\t<meta name=\"twitter:data2\" content=\"1 minuto\" \/>\n<script type=\"application\/ld+json\" class=\"yoast-schema-graph\">{\"@context\":\"https:\/\/schema.org\",\"@graph\":[{\"@type\":\"WebPage\",\"@id\":\"https:\/\/staging.varesenews.it\/2020\/01\/2020-ponti-festivita\/889486\/\",\"url\":\"https:\/\/staging.varesenews.it\/2020\/01\/2020-ponti-festivita\/889486\/\",\"name\":\"Vacanze brevi, il 2020 non sar\u00e0 l'anno dei ponti\",\"isPartOf\":{\"@id\":\"https:\/\/staging.varesenews.it\/#website\"},\"datePublished\":\"2020-01-13T10:05:35+00:00\",\"dateModified\":\"2020-01-13T10:05:35+00:00\",\"author\":{\"@id\":\"https:\/\/staging.varesenews.it\/#\/schema\/person\/5bf790e99d7ec50061119cc825c454de\"},\"description\":\"Il primo ponte utile (breve) sar\u00e0 quello del 1 maggio. Le festivit\u00e0 del 25 aprile, Ferragosto, 1 novembre e Natale cadranno nel fine settimana\",\"breadcrumb\":{\"@id\":\"https:\/\/staging.varesenews.it\/2020\/01\/2020-ponti-festivita\/889486\/#breadcrumb\"},\"inLanguage\":\"it-IT\",\"potentialAction\":[{\"@type\":\"ReadAction\",\"target\":[\"https:\/\/staging.varesenews.it\/2020\/01\/2020-ponti-festivita\/889486\/\"]}]},{\"@type\":\"BreadcrumbList\",\"@id\":\"https:\/\/staging.varesenews.it\/2020\/01\/2020-ponti-festivita\/889486\/#breadcrumb\",\"itemListElement\":[{\"@type\":\"ListItem\",\"position\":1,\"name\":\"Home\",\"item\":\"https:\/\/www.varesenews.it\/\"},{\"@type\":\"ListItem\",\"position\":2,\"name\":\"Vacanze brevi, il 2020 non sar\u00e0 l&#8217;anno dei ponti\"}]},{\"@type\":\"WebSite\",\"@id\":\"https:\/\/staging.varesenews.it\/#website\",\"url\":\"https:\/\/staging.varesenews.it\/\",\"name\":\"VareseNews\",\"description\":\"\",\"potentialAction\":[{\"@type\":\"SearchAction\",\"target\":{\"@type\":\"EntryPoint\",\"urlTemplate\":\"https:\/\/staging.varesenews.it\/?s={search_term_string}\"},\"query-input\":\"required name=search_term_string\"}],\"inLanguage\":\"it-IT\"},{\"@type\":\"Person\",\"@id\":\"https:\/\/staging.varesenews.it\/#\/schema\/person\/5bf790e99d7ec50061119cc825c454de\",\"name\":\"Maria Carla Cebrelli\",\"image\":{\"@type\":\"ImageObject\",\"inLanguage\":\"it-IT\",\"@id\":\"https:\/\/staging.varesenews.it\/#\/schema\/person\/image\/\",\"url\":\"https:\/\/staging.varesenews.it\/wp-content\/uploads\/2020\/12\/mariacarla_cebrelli_colori_500-1.jpg\",\"contentUrl\":\"https:\/\/staging.varesenews.it\/wp-content\/uploads\/2020\/12\/mariacarla_cebrelli_colori_500-1.jpg\",\"caption\":\"Maria Carla Cebrelli\"},\"description\":\"Economista di formazione, giornalista per passione. A VareseNews dal 2005, mi sono occupata negli anni di universit&agrave;, tematiche di confine, news locali e comunicazione nel settore sociale. Attualmente sono responsabile di VerbanoNews, del canale di VareseNews dedicato al Turismo e seguo i social dell'area business.\",\"sameAs\":[\"https:\/\/www.facebook.com\/mariacarla.cebrelli\",\"pikapiketti\",\"https:\/\/twitter.com\/pikapiketti\"],\"url\":\"https:\/\/staging.varesenews.it\/persona\/mariacarla-cebrelli1\/\"}]}<\/script>\n<!-- \/ Yoast SEO plugin. -->","yoast_head_json":{"title":"Vacanze brevi, il 2020 non sar\u00e0 l'anno dei ponti","description":"Il primo ponte utile (breve) sar\u00e0 quello del 1 maggio. Le festivit\u00e0 del 25 aprile, Ferragosto, 1 novembre e Natale cadranno nel fine settimana","robots":{"index":"noindex","follow":"follow","max-snippet":"max-snippet:-1","max-image-preview":"max-image-preview:large","max-video-preview":"max-video-preview:-1"},"og_locale":"it_IT","og_type":"article","og_title":"Vacanze brevi, il 2020 non sar\u00e0 l'anno dei ponti","og_description":"Il primo ponte utile (breve) sar\u00e0 quello del 1 maggio. Le festivit\u00e0 del 25 aprile, Ferragosto, 1 novembre e Natale cadranno nel fine settimana","og_url":"https:\/\/staging.varesenews.it\/2020\/01\/2020-ponti-festivita\/889486\/","og_site_name":"VareseNews","article_publisher":"https:\/\/www.facebook.com\/varesenews","article_author":"https:\/\/www.facebook.com\/mariacarla.cebrelli","article_published_time":"2020-01-13T10:05:35+00:00","author":"Maria Carla Cebrelli","twitter_card":"summary_large_image","twitter_creator":"@pikapiketti","twitter_site":"@varesenews","twitter_misc":{"Scritto da":"Maria Carla Cebrelli","Tempo di lettura stimato":"1 minuto"},"schema":{"@context":"https:\/\/schema.org","@graph":[{"@type":"WebPage","@id":"https:\/\/staging.varesenews.it\/2020\/01\/2020-ponti-festivita\/889486\/","url":"https:\/\/staging.varesenews.it\/2020\/01\/2020-ponti-festivita\/889486\/","name":"Vacanze brevi, il 2020 non sar\u00e0 l'anno dei ponti","isPartOf":{"@id":"https:\/\/staging.varesenews.it\/#website"},"datePublished":"2020-01-13T10:05:35+00:00","dateModified":"2020-01-13T10:05:35+00:00","author":{"@id":"https:\/\/staging.varesenews.it\/#\/schema\/person\/5bf790e99d7ec50061119cc825c454de"},"description":"Il primo ponte utile (breve) sar\u00e0 quello del 1 maggio. Le festivit\u00e0 del 25 aprile, Ferragosto, 1 novembre e Natale cadranno nel fine settimana","breadcrumb":{"@id":"https:\/\/staging.varesenews.it\/2020\/01\/2020-ponti-festivita\/889486\/#breadcrumb"},"inLanguage":"it-IT","potentialAction":[{"@type":"ReadAction","target":["https:\/\/staging.varesenews.it\/2020\/01\/2020-ponti-festivita\/889486\/"]}]},{"@type":"BreadcrumbList","@id":"https:\/\/staging.varesenews.it\/2020\/01\/2020-ponti-festivita\/889486\/#breadcrumb","itemListElement":[{"@type":"ListItem","position":1,"name":"Home","item":"https:\/\/www.varesenews.it\/"},{"@type":"ListItem","position":2,"name":"Vacanze brevi, il 2020 non sar\u00e0 l&#8217;anno dei ponti"}]},{"@type":"WebSite","@id":"https:\/\/staging.varesenews.it\/#website","url":"https:\/\/staging.varesenews.it\/","name":"VareseNews","description":"","potentialAction":[{"@type":"SearchAction","target":{"@type":"EntryPoint","urlTemplate":"https:\/\/staging.varesenews.it\/?s={search_term_string}"},"query-input":"required name=search_term_string"}],"inLanguage":"it-IT"},{"@type":"Person","@id":"https:\/\/staging.varesenews.it\/#\/schema\/person\/5bf790e99d7ec50061119cc825c454de","name":"Maria Carla Cebrelli","image":{"@type":"ImageObject","inLanguage":"it-IT","@id":"https:\/\/staging.varesenews.it\/#\/schema\/person\/image\/","url":"https:\/\/staging.varesenews.it\/wp-content\/uploads\/2020\/12\/mariacarla_cebrelli_colori_500-1.jpg","contentUrl":"https:\/\/staging.varesenews.it\/wp-content\/uploads\/2020\/12\/mariacarla_cebrelli_colori_500-1.jpg","caption":"Maria Carla Cebrelli"},"description":"Economista di formazione, giornalista per passione. A VareseNews dal 2005, mi sono occupata negli anni di universit&agrave;, tematiche di confine, news locali e comunicazione nel settore sociale. Attualmente sono responsabile di VerbanoNews, del canale di VareseNews dedicato al Turismo e seguo i social dell'area business.","sameAs":["https:\/\/www.facebook.com\/mariacarla.cebrelli","pikapiketti","https:\/\/twitter.com\/pikapiketti"],"url":"https:\/\/staging.varesenews.it\/persona\/mariacarla-cebrelli1\/"}]}},"post_meta":{"_edit_lock":"1578909801:43","_edit_last":"43","_category_permalink":"a:1:{s:8:\"category\";s:2:\"46\";}","ratings_users":"0","ratings_score":"0","ratings_average":"0","foto":"780087","firma-personalizzata":"mcc","argomento":"Turismo","_yoast_wpseo_focuskw_text_input":"2020 ponti","_yoast_wpseo_focuskw":"2020 ponti","_yoast_wpseo_metadesc":"Il primo ponte utile (breve) sar\u00e0 quello del 1 maggio. Le festivit\u00e0 del 25 aprile, Ferragosto, 1 novembre e Natale cadranno nel fine settimana","_yoast_wpseo_linkdex":"44","_yoast_wpseo_content_score":"30","_wp_old_slug":"889486","_jd_tweet_this":"yes","_wpt_short_url":"https:\/\/www.varesenews.it\/2020\/01\/2020-ponti-festivita\/889486\/","_wp_jd_target":"https:\/\/www.varesenews.it\/2020\/01\/2020-ponti-festivita\/889486\/","_jd_wp_twitter":"a:1:{i:0;s:146:\"Vacanze brevi, il 2020 non sar\u00e0 l\u2019anno dei ponti https:\/\/www.varesenews.it\/2020\/01\/2020-ponti-festivita\/889486\/ #festivit\u00e0 #ponti2020 #vacanze\";}","_wpt_status_message":"Tweet inviato con successo."},"photos":[{"original":"https:\/\/staging.varesenews.it\/photogallery_new\/images\/2020\/01\/calendario-2020-780087.jpg","full":"https:\/\/staging.varesenews.it\/photogallery_new\/images\/2020\/01\/calendario-2020-780087.1024x768.jpg","large":"https:\/\/staging.varesenews.it\/photogallery_new\/images\/2020\/01\/calendario-2020-780087.610x431.jpg"}],"_links":{"self":[{"href":"https:\/\/staging.varesenews.it\/swgapi\/v1\/wp\/v2\/posts\/889486"}],"collection":[{"href":"https:\/\/staging.varesenews.it\/swgapi\/v1\/wp\/v2\/posts"}],"about":[{"href":"https:\/\/staging.varesenews.it\/swgapi\/v1\/wp\/v2\/types\/post"}],"author":[{"embeddable":true,"href":"https:\/\/staging.varesenews.it\/swgapi\/v1\/wp\/v2\/users\/43"}],"replies":[{"embeddable":true,"href":"https:\/\/staging.varesenews.it\/swgapi\/v1\/wp\/v2\/comments?post=889486"}],"version-history":[{"count":0,"href":"https:\/\/staging.varesenews.it\/swgapi\/v1\/wp\/v2\/posts\/889486\/revisions"}],"wp:attachment":[{"href":"https:\/\/staging.varesenews.it\/swgapi\/v1\/wp\/v2\/media?parent=889486"}],"wp:term":[{"taxonomy":"category","embeddable":true,"href":"https:\/\/staging.varesenews.it\/swgapi\/v1\/wp\/v2\/categories?post=889486"},{"taxonomy":"post_tag","embeddable":true,"href":"https:\/\/staging.varesenews.it\/swgapi\/v1\/wp\/v2\/tags?post=889486"}],"curies":[{"name":"wp","href":"https:\/\/api.w.org\/{rel}","templated":true}]}}