{"id":889612,"date":"2020-01-13T15:25:06","date_gmt":"2020-01-13T14:25:06","guid":{"rendered":"https:\/\/www.varesenews.it\/?p=889612"},"modified":"2020-01-13T15:58:33","modified_gmt":"2020-01-13T14:58:33","slug":"ospedale-cuasso-proposte-rilancio-entro-29-febbraio","status":"publish","type":"post","link":"https:\/\/staging.varesenews.it\/2020\/01\/ospedale-cuasso-proposte-rilancio-entro-29-febbraio\/889612\/","title":{"rendered":"Ospedale di Cuasso: proposte di rilancio entro il 29 febbraio"},"content":{"rendered":"<p><strong>\u00c8 stato posticipato di 15 giorni il termine per presentare proposte per la <a href=\"https:\/\/www.varesenews.it\/2020\/01\/deliberato-lavviso-la-valorizzazione-dellospedale-cuasso\/887462\/\">gestione degli spazi all\u2019ospedale di Cuasso<\/a><\/strong>. la scadenza, inizialmente fissata alle ore 12 del 14 febbraio, dopo pochi giorni <strong>\u00e8 stata prorogata sino al 29.<br \/>\n<\/strong><br \/>\nDopo il via libera della Regione, l\u2019Asst Sette Laghi ha reso pubblica la sua intenzione di concedere il presidio a privati che vogliano avviare un\u2019attivit\u00e0 di tipo comunque socio sanitario.<\/p>\n<p>La volont\u00e0 dell\u2019azienda ospedaliera, condivisa dalla regione , \u00e8 nata da \u00ab una attenta analisi relativa all\u2019Ospedale di Cuasso al Monte, con particolare rifermento alla<strong> opportunit\u00e0 di ridistribuire ed ottimizzare i posti letto accreditati<\/strong>, allo stato della struttura edilizia che si presenta per molti versi <strong>obsoleta<\/strong> e con <strong>spazi non agibili<\/strong> ed infine considerando i <strong>costi di manutenzione ordinaria e straordinaria<\/strong> che il prossimo anno dovranno essere sostenuti necessariamente\u00bb.<\/p>\n<p>L\u2019indagine ha portato a identificare nella concessione la via questo presidio che <strong>non sar\u00e0 comunque venduto<\/strong> \u00ab escludendo una dismissione, tenuto conto che tale compendio non \u00e8 stato inserito in alcun programma di alienazione ai sensi del D.lgs 98\/2011\u00bb.<\/p>\n<p>Le ipotesi di rilancio di questo presidio si concentrano su \u00ab<strong>forme innovative di partenariato pubblico \u2013 privato<\/strong>, da assumere quale cornice di un rapporto avente ad oggetto una concessione del bene finalizzato al rilancio del plesso quale piattaforma erogativa di servizi socio \u2013sanitari\u00bb.<\/p>\n<p>Attualmente, l\u2019ospedale di Cuasso <strong>ha una metratura totale di \u00ab24.893 mq<\/strong> di cui <strong>2.786 mq. sono destinati alla degenza<\/strong> (Padiglione centrale \u2013 reparti di pneumologia e medicina riabilitativa); <strong>744 mq. sono destinati ad ambulatori<\/strong> (Padiglione di Medicina \u2013 ambulatori, CUP, radiologia);<strong> 7.807 mq. presentano destinazioni varie<\/strong> (Padiglione centrale \u2013 reparti di pneumologia e medicina riabilitativa \u2013 mensa, bar, archivi; Padiglione di Medicina \u2013 ambulatori, CUP, radiologia); ex conventino \u2013 ufficio tecnico, direzione medica; centrale termica; centrale elettrica; archivi; officine \u2013 ex lavanderia ricovero e base AIB \u2013 ricovero mezzi Protezione civile comunit\u00e0 Montana; Chiesa e casa del prete; obitorio; portineria); <strong>13.556 mq. sono completamente vuoti<\/strong> (Padiglione centrale \u2013 reparti di pneumologia e medicina riabilitativa \u2013 mensa, bar, archivi; Padiglione di Medicina \u2013 ambulatori, CUP, radiologia); officine \u2013 ex lavanderia ricovero e base AIB \u2013 ricovero mezzi Protezione civile comunit\u00e0 Montana; casa ex CRAL \u2013 fatiscente; VII reparto &#8211; fatiscente)\u00bb.<\/p>\n<p>La complessit\u00e0 del patrimonio immobiliare e lo scarso utilizzo hanno indotto Asst e Regione a decidere per un uso diverso a causa dell\u2019 \u00ab<strong>insostenibilit\u00e0 delle spese necessarie per la gestione pubblica del presidio,<\/strong> esorbitanti rispetto agli standard regionali e <strong>ingiustificate in considerazione delle limitate funzioni del presidio<\/strong>, nonch\u00e9 della necessit\u00e0 di operare continui interventi di manutenzione &#8211; anche straordinaria &#8211; dell\u2019intero compendio, che, sotto quest\u2019ultimo profilo, la struttura si presenta per molti versi obsoleta, gli<strong> spazi non utilizzati sono in condizione strutturale di non agibilit\u00e0<\/strong>, l<strong>\u2019esteso parco<\/strong> pone l\u2019esigenza di ingenti investimenti tesi alla cura costante delle alberature ad alto fusto giunte a maturazione, alcuni edifici (in particolare, la ex lavanderia, il \u2018conventino\u2019 e gli ex alloggi) presentano la necessit\u00e0 quantomeno di un <strong>urgente rifacimento delle coperture.<\/strong><\/p>\n<p>Il fine, quindi, \u00e8 quello di individuare un soggetto in grado di operare nella duplice e inscindibile direzione:<br \/>\na. di una <strong>riqualificazione edilizio-forestale<\/strong> del compendio con riqualificazione immobiliare e rifunzionalizzazione degli spazi o di una parte significativa di essi;<br \/>\nb. di una <strong>offerta innovativa di servizi socio-sanitari<\/strong> destinata primariamente alle comunit\u00e0 vallive del nord varesotto, che costituiscono il primo e pi\u00f9 naturale bacino geografico di una tale offerta integrata.<\/p>\n<p>Con la pubblicazione della manifestazione di interesse \u00abl\u2019amministrazione intende esplorare le potenzialit\u00e0 del sito, le concrete prospettive di riqualificazione e<strong> verificare la effettiva sussistenza di una platea potenziale di soggetti astrattamente interessati<\/strong> all&#8217;affidamento del bene e non costituisce ricerca di un promotore secondo lo schema del project financing o modelli consimili.<\/p>\n<blockquote><p><strong>IMMOBILI\u00a0<\/strong><strong>E SERVIZI<\/strong><br \/>\nGli spazi attualmente utilizzabili ed agibili all\u2019interno del compendio sono <strong>un solo piano del cd. Padiglione Centrale e il Padiglione di Medicina Riabilitativa<\/strong>. Non \u00e8 presente un sistema di riscaldamento a gas ed il <strong>riscaldamento avviene ancora a gasolio<\/strong> (\u00e8 inoltre presente un serbatoio GPL per il riscaldamento della sola portineria).<br \/>\nAll\u2019interno del compendio \u00e8 presente un <strong>eliporto<\/strong>, dotato di ricovero per l\u2019elicottero, che, in vista di un utilizzo, necessita di interventi manutentivi, quali sistemazione della zona di atterraggio, sistemazione della tettoia di riparo e taglio delle piante circostanti. In vista dell\u2019utilizzo dell\u2019eliporto si rende altres\u00ec necessaria l\u2019installazione di un ponte radio; a tal fine si segnala l\u2019esistenza di un ripetitore dei Vigili del Fuoco sul Monte Piambello. In zona adiacente all\u2019eliporto si trova<strong> un invaso per la raccolta d\u2019acqua avente funzione antincendio.<\/strong> Anche tale struttura necessita di interventi manutentivi in vista di un utilizzo.<\/p>\n<p>Sono inoltre presenti alcuni locali di servizio, attualmente utilizzati dal nucleo dei volontari di PCAIB di Cuasso al Monte, in forza di una convenzione stipulata dal Comune di Cuasso con l\u2019ATS dell\u2019Insubria. Presso il compendio sono ricoverati taluni mezzi di propriet\u00e0 dell\u2019ATS: due mezzi antincendio, un autobotte da 1200 litri ed un mezzo di trasporto, concessi in comodato d\u2019uso alla Protezione Civile del Piambello, con connessi obblighi di custodia. Il compendio \u00e8 circondato da un parco con presenza di piante e diverse variet\u00e0 arboree. Il parco non \u00e8 totalmente recintato dal momento che ci sono alcuni sentieri che lo attraversano, ricompresi nella rete sentieristica del PLIS 5 Vette e censiti come VASP. Di tali sentieri dovr\u00e0 essere sempre garantita la percorribilit\u00e0 e la fruibilit\u00e0 collettive.<\/p><\/blockquote>\n","protected":false},"excerpt":{"rendered":"<p>Slitta di 15 giorni il termine per la presentazione di manifestazioni di interesse per avere in concessione il presidio, una propriet\u00e0 di quasi 25.000 mq di cui oltre 13.000 vuoti<\/p>\n","protected":false},"author":33,"featured_media":0,"comment_status":"open","ping_status":"open","sticky":false,"template":"","format":"standard","meta":{"footnotes":""},"categories":[24,2],"tags":[57100,5940,62227,67398,3632],"acf":[],"yoast_head":"<!-- This site is optimized with the Yoast SEO plugin v20.1 - https:\/\/yoast.com\/wordpress\/plugins\/seo\/ -->\n<title>Ospedale di Cuasso: proposte di rilancio entro il 29 febbraio<\/title>\n<meta name=\"description\" content=\"Slitta di 15 giorni il termine per la presentazione di manifestazioni di interesse per avere in concessione il presidio, una propriet\u00e0 di quasi 25.000 mq di cui oltre 13.000 vuoti\" \/>\n<meta name=\"robots\" content=\"noindex, follow, max-snippet:-1, max-image-preview:large, max-video-preview:-1\" \/>\n<meta property=\"og:locale\" content=\"it_IT\" \/>\n<meta property=\"og:type\" content=\"article\" \/>\n<meta property=\"og:title\" content=\"Ospedale di Cuasso: proposte di rilancio entro il 29 febbraio\" \/>\n<meta property=\"og:description\" content=\"Slitta di 15 giorni il termine per la presentazione di manifestazioni di interesse per avere in concessione il presidio, una propriet\u00e0 di quasi 25.000 mq di cui oltre 13.000 vuoti\" \/>\n<meta property=\"og:url\" content=\"https:\/\/staging.varesenews.it\/2020\/01\/ospedale-cuasso-proposte-rilancio-entro-29-febbraio\/889612\/\" \/>\n<meta property=\"og:site_name\" content=\"VareseNews\" \/>\n<meta property=\"article:publisher\" content=\"https:\/\/www.facebook.com\/varesenews\" \/>\n<meta property=\"article:author\" content=\"alessandra.toni7\" \/>\n<meta property=\"article:published_time\" content=\"2020-01-13T14:25:06+00:00\" \/>\n<meta property=\"article:modified_time\" content=\"2020-01-13T14:58:33+00:00\" \/>\n<meta name=\"author\" content=\"Alessandra Toni\" \/>\n<meta name=\"twitter:card\" content=\"summary_large_image\" \/>\n<meta name=\"twitter:creator\" content=\"@alessandra_toni\" \/>\n<meta name=\"twitter:site\" content=\"@varesenews\" \/>\n<meta name=\"twitter:label1\" content=\"Scritto da\" \/>\n\t<meta name=\"twitter:data1\" content=\"Alessandra Toni\" \/>\n\t<meta name=\"twitter:label2\" content=\"Tempo di lettura stimato\" \/>\n\t<meta name=\"twitter:data2\" content=\"4 minuti\" \/>\n<script type=\"application\/ld+json\" class=\"yoast-schema-graph\">{\"@context\":\"https:\/\/schema.org\",\"@graph\":[{\"@type\":\"WebPage\",\"@id\":\"https:\/\/staging.varesenews.it\/2020\/01\/ospedale-cuasso-proposte-rilancio-entro-29-febbraio\/889612\/\",\"url\":\"https:\/\/staging.varesenews.it\/2020\/01\/ospedale-cuasso-proposte-rilancio-entro-29-febbraio\/889612\/\",\"name\":\"Ospedale di Cuasso: proposte di rilancio entro il 29 febbraio\",\"isPartOf\":{\"@id\":\"https:\/\/staging.varesenews.it\/#website\"},\"datePublished\":\"2020-01-13T14:25:06+00:00\",\"dateModified\":\"2020-01-13T14:58:33+00:00\",\"author\":{\"@id\":\"https:\/\/staging.varesenews.it\/#\/schema\/person\/2643ce123d4a3c9511e015dc548779b8\"},\"description\":\"Slitta di 15 giorni il termine per la presentazione di manifestazioni di interesse per avere in concessione il presidio, una propriet\u00e0 di quasi 25.000 mq di cui oltre 13.000 vuoti\",\"breadcrumb\":{\"@id\":\"https:\/\/staging.varesenews.it\/2020\/01\/ospedale-cuasso-proposte-rilancio-entro-29-febbraio\/889612\/#breadcrumb\"},\"inLanguage\":\"it-IT\",\"potentialAction\":[{\"@type\":\"ReadAction\",\"target\":[\"https:\/\/staging.varesenews.it\/2020\/01\/ospedale-cuasso-proposte-rilancio-entro-29-febbraio\/889612\/\"]}]},{\"@type\":\"BreadcrumbList\",\"@id\":\"https:\/\/staging.varesenews.it\/2020\/01\/ospedale-cuasso-proposte-rilancio-entro-29-febbraio\/889612\/#breadcrumb\",\"itemListElement\":[{\"@type\":\"ListItem\",\"position\":1,\"name\":\"Home\",\"item\":\"https:\/\/www.varesenews.it\/\"},{\"@type\":\"ListItem\",\"position\":2,\"name\":\"Ospedale di Cuasso: proposte di rilancio entro il 29 febbraio\"}]},{\"@type\":\"WebSite\",\"@id\":\"https:\/\/staging.varesenews.it\/#website\",\"url\":\"https:\/\/staging.varesenews.it\/\",\"name\":\"VareseNews\",\"description\":\"\",\"potentialAction\":[{\"@type\":\"SearchAction\",\"target\":{\"@type\":\"EntryPoint\",\"urlTemplate\":\"https:\/\/staging.varesenews.it\/?s={search_term_string}\"},\"query-input\":\"required name=search_term_string\"}],\"inLanguage\":\"it-IT\"},{\"@type\":\"Person\",\"@id\":\"https:\/\/staging.varesenews.it\/#\/schema\/person\/2643ce123d4a3c9511e015dc548779b8\",\"name\":\"Alessandra Toni\",\"image\":{\"@type\":\"ImageObject\",\"inLanguage\":\"it-IT\",\"@id\":\"https:\/\/staging.varesenews.it\/#\/schema\/person\/image\/\",\"url\":\"https:\/\/staging.varesenews.it\/wp-content\/uploads\/2020\/12\/alessandra_toni_colori_500.jpg\",\"contentUrl\":\"https:\/\/staging.varesenews.it\/wp-content\/uploads\/2020\/12\/alessandra_toni_colori_500.jpg\",\"caption\":\"Alessandra Toni\"},\"description\":\"Sono entrata nella redazione di VareseNews nel lontano anno 2000. Ero reduce da una bellissima esperienza nella redazione giornalistica della TV Nuova Antennatre, sotto la direzione dell'indimenticabile direttore Adolfo Caldarini. Sono arrivata quando era ancora una piccola realt\u00e0 editoriale e insieme abbiamo fatto un lungo ed entusiasmante lavoro. Mi occupo prevalentemente di scuola e di sanit\u00e0, settori impegnativi di grande valore sociale.\u00a0\",\"sameAs\":[\"alessandra.toni7\",\"alessandra.toni\",\"https:\/\/twitter.com\/alessandra_toni\"],\"url\":\"https:\/\/staging.varesenews.it\/persona\/alessandra_toni1\/\"}]}<\/script>\n<!-- \/ Yoast SEO plugin. -->","yoast_head_json":{"title":"Ospedale di Cuasso: proposte di rilancio entro il 29 febbraio","description":"Slitta di 15 giorni il termine per la presentazione di manifestazioni di interesse per avere in concessione il presidio, una propriet\u00e0 di quasi 25.000 mq di cui oltre 13.000 vuoti","robots":{"index":"noindex","follow":"follow","max-snippet":"max-snippet:-1","max-image-preview":"max-image-preview:large","max-video-preview":"max-video-preview:-1"},"og_locale":"it_IT","og_type":"article","og_title":"Ospedale di Cuasso: proposte di rilancio entro il 29 febbraio","og_description":"Slitta di 15 giorni il termine per la presentazione di manifestazioni di interesse per avere in concessione il presidio, una propriet\u00e0 di quasi 25.000 mq di cui oltre 13.000 vuoti","og_url":"https:\/\/staging.varesenews.it\/2020\/01\/ospedale-cuasso-proposte-rilancio-entro-29-febbraio\/889612\/","og_site_name":"VareseNews","article_publisher":"https:\/\/www.facebook.com\/varesenews","article_author":"alessandra.toni7","article_published_time":"2020-01-13T14:25:06+00:00","article_modified_time":"2020-01-13T14:58:33+00:00","author":"Alessandra Toni","twitter_card":"summary_large_image","twitter_creator":"@alessandra_toni","twitter_site":"@varesenews","twitter_misc":{"Scritto da":"Alessandra Toni","Tempo di lettura stimato":"4 minuti"},"schema":{"@context":"https:\/\/schema.org","@graph":[{"@type":"WebPage","@id":"https:\/\/staging.varesenews.it\/2020\/01\/ospedale-cuasso-proposte-rilancio-entro-29-febbraio\/889612\/","url":"https:\/\/staging.varesenews.it\/2020\/01\/ospedale-cuasso-proposte-rilancio-entro-29-febbraio\/889612\/","name":"Ospedale di Cuasso: proposte di rilancio entro il 29 febbraio","isPartOf":{"@id":"https:\/\/staging.varesenews.it\/#website"},"datePublished":"2020-01-13T14:25:06+00:00","dateModified":"2020-01-13T14:58:33+00:00","author":{"@id":"https:\/\/staging.varesenews.it\/#\/schema\/person\/2643ce123d4a3c9511e015dc548779b8"},"description":"Slitta di 15 giorni il termine per la presentazione di manifestazioni di interesse per avere in concessione il presidio, una propriet\u00e0 di quasi 25.000 mq di cui oltre 13.000 vuoti","breadcrumb":{"@id":"https:\/\/staging.varesenews.it\/2020\/01\/ospedale-cuasso-proposte-rilancio-entro-29-febbraio\/889612\/#breadcrumb"},"inLanguage":"it-IT","potentialAction":[{"@type":"ReadAction","target":["https:\/\/staging.varesenews.it\/2020\/01\/ospedale-cuasso-proposte-rilancio-entro-29-febbraio\/889612\/"]}]},{"@type":"BreadcrumbList","@id":"https:\/\/staging.varesenews.it\/2020\/01\/ospedale-cuasso-proposte-rilancio-entro-29-febbraio\/889612\/#breadcrumb","itemListElement":[{"@type":"ListItem","position":1,"name":"Home","item":"https:\/\/www.varesenews.it\/"},{"@type":"ListItem","position":2,"name":"Ospedale di Cuasso: proposte di rilancio entro il 29 febbraio"}]},{"@type":"WebSite","@id":"https:\/\/staging.varesenews.it\/#website","url":"https:\/\/staging.varesenews.it\/","name":"VareseNews","description":"","potentialAction":[{"@type":"SearchAction","target":{"@type":"EntryPoint","urlTemplate":"https:\/\/staging.varesenews.it\/?s={search_term_string}"},"query-input":"required name=search_term_string"}],"inLanguage":"it-IT"},{"@type":"Person","@id":"https:\/\/staging.varesenews.it\/#\/schema\/person\/2643ce123d4a3c9511e015dc548779b8","name":"Alessandra Toni","image":{"@type":"ImageObject","inLanguage":"it-IT","@id":"https:\/\/staging.varesenews.it\/#\/schema\/person\/image\/","url":"https:\/\/staging.varesenews.it\/wp-content\/uploads\/2020\/12\/alessandra_toni_colori_500.jpg","contentUrl":"https:\/\/staging.varesenews.it\/wp-content\/uploads\/2020\/12\/alessandra_toni_colori_500.jpg","caption":"Alessandra Toni"},"description":"Sono entrata nella redazione di VareseNews nel lontano anno 2000. Ero reduce da una bellissima esperienza nella redazione giornalistica della TV Nuova Antennatre, sotto la direzione dell'indimenticabile direttore Adolfo Caldarini. Sono arrivata quando era ancora una piccola realt\u00e0 editoriale e insieme abbiamo fatto un lungo ed entusiasmante lavoro. Mi occupo prevalentemente di scuola e di sanit\u00e0, settori impegnativi di grande valore sociale.\u00a0","sameAs":["alessandra.toni7","alessandra.toni","https:\/\/twitter.com\/alessandra_toni"],"url":"https:\/\/staging.varesenews.it\/persona\/alessandra_toni1\/"}]}},"post_meta":{"_edit_lock":"1578927380:44","_edit_last":"44","_category_permalink":"a:1:{s:8:\"category\";s:2:\"24\";}","foto":"712494","argomento":"Cuasso al Monte","_yoast_wpseo_content_score":"30","_jd_tweet_this":"yes","ratings_users":"0","ratings_score":"0","ratings_average":"0","_wpt_short_url":"https:\/\/www.varesenews.it\/2020\/01\/ospedale-cuasso-proposte-rilancio-entro-29-febbraio\/889612\/","_wp_jd_target":"https:\/\/www.varesenews.it\/2020\/01\/ospedale-cuasso-proposte-rilancio-entro-29-febbraio\/889612\/","_jd_wp_twitter":"a:1:{i:0;s:171:\"Ospedale di Cuasso: proposte di rilancio entro il 29 febbraio https:\/\/www.varesenews.it\/2020\/01\/ospedale-cuasso-proposte-rilancio-entro-29-febbraio\/889612\/ #asstsettelaghi\";}","_wpt_status_message":"Tweet inviato con successo.","id_leggi_anche":"894734,898046"},"photos":[{"original":"https:\/\/staging.varesenews.it\/photogallery_new\/images\/2018\/12\/cuasso-al-monte-ospedale-712494.jpg","full":"https:\/\/staging.varesenews.it\/photogallery_new\/images\/2018\/12\/cuasso-al-monte-ospedale-712494.1024x768.jpg","large":"https:\/\/staging.varesenews.it\/photogallery_new\/images\/2018\/12\/cuasso-al-monte-ospedale-712494.610x431.jpg"}],"_links":{"self":[{"href":"https:\/\/staging.varesenews.it\/swgapi\/v1\/wp\/v2\/posts\/889612"}],"collection":[{"href":"https:\/\/staging.varesenews.it\/swgapi\/v1\/wp\/v2\/posts"}],"about":[{"href":"https:\/\/staging.varesenews.it\/swgapi\/v1\/wp\/v2\/types\/post"}],"author":[{"embeddable":true,"href":"https:\/\/staging.varesenews.it\/swgapi\/v1\/wp\/v2\/users\/33"}],"replies":[{"embeddable":true,"href":"https:\/\/staging.varesenews.it\/swgapi\/v1\/wp\/v2\/comments?post=889612"}],"version-history":[{"count":0,"href":"https:\/\/staging.varesenews.it\/swgapi\/v1\/wp\/v2\/posts\/889612\/revisions"}],"wp:attachment":[{"href":"https:\/\/staging.varesenews.it\/swgapi\/v1\/wp\/v2\/media?parent=889612"}],"wp:term":[{"taxonomy":"category","embeddable":true,"href":"https:\/\/staging.varesenews.it\/swgapi\/v1\/wp\/v2\/categories?post=889612"},{"taxonomy":"post_tag","embeddable":true,"href":"https:\/\/staging.varesenews.it\/swgapi\/v1\/wp\/v2\/tags?post=889612"}],"curies":[{"name":"wp","href":"https:\/\/api.w.org\/{rel}","templated":true}]}}