{"id":889861,"date":"2020-01-14T10:58:31","date_gmt":"2020-01-14T09:58:31","guid":{"rendered":"https:\/\/www.varesenews.it\/?p=889861"},"modified":"2020-01-14T10:58:31","modified_gmt":"2020-01-14T09:58:31","slug":"rabadan-2020-canton-ticino","status":"publish","type":"post","link":"https:\/\/staging.varesenews.it\/2020\/01\/rabadan-2020-canton-ticino\/889861\/","title":{"rendered":"L&#8217;inverno in Ticino fa rima con Rabadan"},"content":{"rendered":"<p>Si scaldano i motori per il <strong>Carnevale in Canton Ticino<\/strong>. Dal 17 gennaio prenderanno il via i primi eventi in attesa di una delle feste pi\u00f9 partecipate e coinvolgenti del territorio. Il <strong>Carnevale ticinese<\/strong> coinvolge tutta la regione ed \u00e8 una manifestazione di popolo a tutti gli effetti: da\u00a0<strong>Bellinzona<\/strong>, con il re e la regina di <strong>Rabadan<\/strong>, a <strong>Chiasso<\/strong>, con la Repubblica di <strong>Nebiopoli<\/strong>, ma anche da <strong>Locarno<\/strong> a <strong>Biasca<\/strong>, sono numerosi gli appuntamenti carnevaleschi che in tutto il cantone riscaldano le fredde giornate invernali.<\/p>\n<p><a href=\"https:\/\/www.ticino.ch\/dam\/jcr:4c4b7054-6212-4b1a-a2b4-d7a1f8260904\">IL CALENDARIO DEI CARNEVALI TICINESI<\/a><\/p>\n<p>Con 150 anni di storia alle spalle, il<strong>\u00a0Rabadan di Bellinzona<\/strong> \u00e8 l&#8217;evento pi\u00f9 conosciuto del Cantone. Prender\u00e0 <strong>il via il 20 febbraio e proseguir\u00e0 fino al 25.<\/strong> A differenza di altri carnevali ticinesi, segue il rito romano: si inizia il <strong>gioved\u00ec con la consegna delle chiavi a Re Rabadan<\/strong>. Venerd\u00ec si svolge invece la sfilata mascherata dei bambini delle scuole elementari e materne del Bellinzonese, mentre il sabato \u00e8 tradizionalmente legato all&#8217;esibizione musicale delle Guggen ticinesi e di oltre Gottardo. Gran finale domenica con il corteo mascherato nelle strade del centro cittadino.<\/p>\n<p>Di rito romano \u00e8 anche il carnevale di <strong>Nebiopoli a Chiasso.\u00a0<\/strong>Nebiopoli si distingue dal Rabadan per l&#8217;assenza di un Re: il governo della citt\u00e0 di confine durante i giorni di carnevale viene infatti assunto dal <strong>Primo ministro<\/strong>, il quale trasforma la citt\u00e0 in <strong>Libera Repubblica Nebiopoli<\/strong>. Durante la &#8220;settimana repubblicana&#8221;, gruppi mascherati e Guggen trasformano le vie del centro in un luogo di divertimento a tutto campo. La festa culmina il marted\u00ec grasso con il corteo mascherato Nebiopoli, al quale partecipano molti carri, gruppi, bande e Guggen.<\/p>\n<p>A <strong>Locarno<\/strong>, la &#8220;<strong>Stranociada<\/strong>&#8221; \u00e8 l&#8217;appuntamento del venerd\u00ec sera a cui proprio non si pu\u00f2 mancare, con la citt\u00e0 vecchia invasa da maschere, tendine, Guggen, musica e divertimento puro fino alle prime ore dell&#8217;alba.<\/p>\n<p>In varie localit\u00e0 sparse nel cantone si festeggia soltanto alla fine della settimana di carnevale, <strong>secondo il rito ambrosiano.<\/strong> <strong>Biasca, Brissago ma anche Tesserete<\/strong> vantano i carnevali pi\u00f9 affollati, con i loro cortei del sabato, carri e Guggen, le caratteristiche <em>marching band <\/em>che accompagnano le tradizionali sfilate in maschera.<\/p>\n<p>Per saperne di pi\u00f9 sulla<a href=\"https:\/\/www.ticino.ch\/it\/inspirations\/experiences\/carnival.html\" target=\"_blank\" rel=\"noopener\"> tradizione del <strong>Rabadan<\/strong><\/a><\/p>\n","protected":false},"excerpt":{"rendered":"<p>Da Bellinzona a Tesserete: il Carnevale \u00e8 una delle feste pi\u00f9 sentite e partecipate del territorio. Il Rabadan \u00e8 l&#8217;evento pi\u00f9 conosciuto ma ci sono anche Nebiopoli e la Stranociada<\/p>\n","protected":false},"author":43,"featured_media":0,"comment_status":"open","ping_status":"open","sticky":false,"template":"","format":"standard","meta":{"footnotes":""},"categories":[23,8,21,46],"tags":[102645,9555,85246],"acf":[],"yoast_head":"<!-- This site is optimized with the Yoast SEO plugin v20.1 - https:\/\/yoast.com\/wordpress\/plugins\/seo\/ -->\n<title>L&#039;inverno in Ticino fa rima con Rabadan<\/title>\n<meta name=\"description\" content=\"Da Bellinzona a Tesserete: il Carnevale \u00e8 una delle feste pi\u00f9 sentite e partecipate del territorio. Il Rabadan \u00e8 l&#039;evento pi\u00f9 conosciuto ma ci sono anche Nebiopoli e la Stranociada\" \/>\n<meta name=\"robots\" content=\"noindex, follow, max-snippet:-1, max-image-preview:large, max-video-preview:-1\" \/>\n<meta property=\"og:locale\" content=\"it_IT\" \/>\n<meta property=\"og:type\" content=\"article\" \/>\n<meta property=\"og:title\" content=\"L&#039;inverno in Ticino fa rima con Rabadan\" \/>\n<meta property=\"og:description\" content=\"Da Bellinzona a Tesserete: il Carnevale \u00e8 una delle feste pi\u00f9 sentite e partecipate del territorio. Il Rabadan \u00e8 l&#039;evento pi\u00f9 conosciuto ma ci sono anche Nebiopoli e la Stranociada\" \/>\n<meta property=\"og:url\" content=\"https:\/\/staging.varesenews.it\/2020\/01\/rabadan-2020-canton-ticino\/889861\/\" \/>\n<meta property=\"og:site_name\" content=\"VareseNews\" \/>\n<meta property=\"article:publisher\" content=\"https:\/\/www.facebook.com\/varesenews\" \/>\n<meta property=\"article:author\" content=\"https:\/\/www.facebook.com\/mariacarla.cebrelli\" \/>\n<meta property=\"article:published_time\" content=\"2020-01-14T09:58:31+00:00\" \/>\n<meta name=\"author\" content=\"Maria Carla Cebrelli\" \/>\n<meta name=\"twitter:card\" content=\"summary_large_image\" \/>\n<meta name=\"twitter:creator\" content=\"@pikapiketti\" \/>\n<meta name=\"twitter:site\" content=\"@varesenews\" \/>\n<meta name=\"twitter:label1\" content=\"Scritto da\" \/>\n\t<meta name=\"twitter:data1\" content=\"Maria Carla Cebrelli\" \/>\n\t<meta name=\"twitter:label2\" content=\"Tempo di lettura stimato\" \/>\n\t<meta name=\"twitter:data2\" content=\"2 minuti\" \/>\n<script type=\"application\/ld+json\" class=\"yoast-schema-graph\">{\"@context\":\"https:\/\/schema.org\",\"@graph\":[{\"@type\":\"WebPage\",\"@id\":\"https:\/\/staging.varesenews.it\/2020\/01\/rabadan-2020-canton-ticino\/889861\/\",\"url\":\"https:\/\/staging.varesenews.it\/2020\/01\/rabadan-2020-canton-ticino\/889861\/\",\"name\":\"L'inverno in Ticino fa rima con Rabadan\",\"isPartOf\":{\"@id\":\"https:\/\/staging.varesenews.it\/#website\"},\"datePublished\":\"2020-01-14T09:58:31+00:00\",\"dateModified\":\"2020-01-14T09:58:31+00:00\",\"author\":{\"@id\":\"https:\/\/staging.varesenews.it\/#\/schema\/person\/5bf790e99d7ec50061119cc825c454de\"},\"description\":\"Da Bellinzona a Tesserete: il Carnevale \u00e8 una delle feste pi\u00f9 sentite e partecipate del territorio. Il Rabadan \u00e8 l'evento pi\u00f9 conosciuto ma ci sono anche Nebiopoli e la Stranociada\",\"breadcrumb\":{\"@id\":\"https:\/\/staging.varesenews.it\/2020\/01\/rabadan-2020-canton-ticino\/889861\/#breadcrumb\"},\"inLanguage\":\"it-IT\",\"potentialAction\":[{\"@type\":\"ReadAction\",\"target\":[\"https:\/\/staging.varesenews.it\/2020\/01\/rabadan-2020-canton-ticino\/889861\/\"]}]},{\"@type\":\"BreadcrumbList\",\"@id\":\"https:\/\/staging.varesenews.it\/2020\/01\/rabadan-2020-canton-ticino\/889861\/#breadcrumb\",\"itemListElement\":[{\"@type\":\"ListItem\",\"position\":1,\"name\":\"Home\",\"item\":\"https:\/\/www.varesenews.it\/\"},{\"@type\":\"ListItem\",\"position\":2,\"name\":\"L&#8217;inverno in Ticino fa rima con Rabadan\"}]},{\"@type\":\"WebSite\",\"@id\":\"https:\/\/staging.varesenews.it\/#website\",\"url\":\"https:\/\/staging.varesenews.it\/\",\"name\":\"VareseNews\",\"description\":\"\",\"potentialAction\":[{\"@type\":\"SearchAction\",\"target\":{\"@type\":\"EntryPoint\",\"urlTemplate\":\"https:\/\/staging.varesenews.it\/?s={search_term_string}\"},\"query-input\":\"required name=search_term_string\"}],\"inLanguage\":\"it-IT\"},{\"@type\":\"Person\",\"@id\":\"https:\/\/staging.varesenews.it\/#\/schema\/person\/5bf790e99d7ec50061119cc825c454de\",\"name\":\"Maria Carla Cebrelli\",\"image\":{\"@type\":\"ImageObject\",\"inLanguage\":\"it-IT\",\"@id\":\"https:\/\/staging.varesenews.it\/#\/schema\/person\/image\/\",\"url\":\"https:\/\/staging.varesenews.it\/wp-content\/uploads\/2020\/12\/mariacarla_cebrelli_colori_500-1.jpg\",\"contentUrl\":\"https:\/\/staging.varesenews.it\/wp-content\/uploads\/2020\/12\/mariacarla_cebrelli_colori_500-1.jpg\",\"caption\":\"Maria Carla Cebrelli\"},\"description\":\"Economista di formazione, giornalista per passione. A VareseNews dal 2005, mi sono occupata negli anni di universit&agrave;, tematiche di confine, news locali e comunicazione nel settore sociale. Attualmente sono responsabile di VerbanoNews, del canale di VareseNews dedicato al Turismo e seguo i social dell'area business.\",\"sameAs\":[\"https:\/\/www.facebook.com\/mariacarla.cebrelli\",\"pikapiketti\",\"https:\/\/twitter.com\/pikapiketti\"],\"url\":\"https:\/\/staging.varesenews.it\/persona\/mariacarla-cebrelli1\/\"}]}<\/script>\n<!-- \/ Yoast SEO plugin. -->","yoast_head_json":{"title":"L'inverno in Ticino fa rima con Rabadan","description":"Da Bellinzona a Tesserete: il Carnevale \u00e8 una delle feste pi\u00f9 sentite e partecipate del territorio. Il Rabadan \u00e8 l'evento pi\u00f9 conosciuto ma ci sono anche Nebiopoli e la Stranociada","robots":{"index":"noindex","follow":"follow","max-snippet":"max-snippet:-1","max-image-preview":"max-image-preview:large","max-video-preview":"max-video-preview:-1"},"og_locale":"it_IT","og_type":"article","og_title":"L'inverno in Ticino fa rima con Rabadan","og_description":"Da Bellinzona a Tesserete: il Carnevale \u00e8 una delle feste pi\u00f9 sentite e partecipate del territorio. Il Rabadan \u00e8 l'evento pi\u00f9 conosciuto ma ci sono anche Nebiopoli e la Stranociada","og_url":"https:\/\/staging.varesenews.it\/2020\/01\/rabadan-2020-canton-ticino\/889861\/","og_site_name":"VareseNews","article_publisher":"https:\/\/www.facebook.com\/varesenews","article_author":"https:\/\/www.facebook.com\/mariacarla.cebrelli","article_published_time":"2020-01-14T09:58:31+00:00","author":"Maria Carla Cebrelli","twitter_card":"summary_large_image","twitter_creator":"@pikapiketti","twitter_site":"@varesenews","twitter_misc":{"Scritto da":"Maria Carla Cebrelli","Tempo di lettura stimato":"2 minuti"},"schema":{"@context":"https:\/\/schema.org","@graph":[{"@type":"WebPage","@id":"https:\/\/staging.varesenews.it\/2020\/01\/rabadan-2020-canton-ticino\/889861\/","url":"https:\/\/staging.varesenews.it\/2020\/01\/rabadan-2020-canton-ticino\/889861\/","name":"L'inverno in Ticino fa rima con Rabadan","isPartOf":{"@id":"https:\/\/staging.varesenews.it\/#website"},"datePublished":"2020-01-14T09:58:31+00:00","dateModified":"2020-01-14T09:58:31+00:00","author":{"@id":"https:\/\/staging.varesenews.it\/#\/schema\/person\/5bf790e99d7ec50061119cc825c454de"},"description":"Da Bellinzona a Tesserete: il Carnevale \u00e8 una delle feste pi\u00f9 sentite e partecipate del territorio. Il Rabadan \u00e8 l'evento pi\u00f9 conosciuto ma ci sono anche Nebiopoli e la Stranociada","breadcrumb":{"@id":"https:\/\/staging.varesenews.it\/2020\/01\/rabadan-2020-canton-ticino\/889861\/#breadcrumb"},"inLanguage":"it-IT","potentialAction":[{"@type":"ReadAction","target":["https:\/\/staging.varesenews.it\/2020\/01\/rabadan-2020-canton-ticino\/889861\/"]}]},{"@type":"BreadcrumbList","@id":"https:\/\/staging.varesenews.it\/2020\/01\/rabadan-2020-canton-ticino\/889861\/#breadcrumb","itemListElement":[{"@type":"ListItem","position":1,"name":"Home","item":"https:\/\/www.varesenews.it\/"},{"@type":"ListItem","position":2,"name":"L&#8217;inverno in Ticino fa rima con Rabadan"}]},{"@type":"WebSite","@id":"https:\/\/staging.varesenews.it\/#website","url":"https:\/\/staging.varesenews.it\/","name":"VareseNews","description":"","potentialAction":[{"@type":"SearchAction","target":{"@type":"EntryPoint","urlTemplate":"https:\/\/staging.varesenews.it\/?s={search_term_string}"},"query-input":"required name=search_term_string"}],"inLanguage":"it-IT"},{"@type":"Person","@id":"https:\/\/staging.varesenews.it\/#\/schema\/person\/5bf790e99d7ec50061119cc825c454de","name":"Maria Carla Cebrelli","image":{"@type":"ImageObject","inLanguage":"it-IT","@id":"https:\/\/staging.varesenews.it\/#\/schema\/person\/image\/","url":"https:\/\/staging.varesenews.it\/wp-content\/uploads\/2020\/12\/mariacarla_cebrelli_colori_500-1.jpg","contentUrl":"https:\/\/staging.varesenews.it\/wp-content\/uploads\/2020\/12\/mariacarla_cebrelli_colori_500-1.jpg","caption":"Maria Carla Cebrelli"},"description":"Economista di formazione, giornalista per passione. A VareseNews dal 2005, mi sono occupata negli anni di universit&agrave;, tematiche di confine, news locali e comunicazione nel settore sociale. Attualmente sono responsabile di VerbanoNews, del canale di VareseNews dedicato al Turismo e seguo i social dell'area business.","sameAs":["https:\/\/www.facebook.com\/mariacarla.cebrelli","pikapiketti","https:\/\/twitter.com\/pikapiketti"],"url":"https:\/\/staging.varesenews.it\/persona\/mariacarla-cebrelli1\/"}]}},"post_meta":{"_edit_lock":"1578995919:43","_edit_last":"43","_category_permalink":"a:1:{s:8:\"category\";s:2:\"46\";}","ratings_users":"0","ratings_score":"0","ratings_average":"0","foto":"656191","id_link_fotogallery":"690768,352646,301010","firma-personalizzata":"mcc","argomento":"Turismo","_yoast_wpseo_focuskw_text_input":"rabadan","_yoast_wpseo_focuskw":"rabadan","_yoast_wpseo_linkdex":"73","_yoast_wpseo_content_score":"30","_jd_tweet_this":"yes","_wpt_short_url":"https:\/\/www.varesenews.it\/2020\/01\/rabadan-2020-canton-ticino\/889861\/","_wp_jd_target":"https:\/\/www.varesenews.it\/2020\/01\/rabadan-2020-canton-ticino\/889861\/","_jd_wp_twitter":"a:1:{i:0;s:149:\"L\u2019inverno in Ticino fa rima con Rabadan https:\/\/www.varesenews.it\/2020\/01\/rabadan-2020-canton-ticino\/889861\/ #carnevale2020 #rabadan #ticinoturismo\";}","_wpt_status_message":"Tweet inviato con successo."},"photos":[{"original":"https:\/\/staging.varesenews.it\/photogallery_new\/images\/2018\/02\/rabadan-2018-656191.jpg","full":"https:\/\/staging.varesenews.it\/photogallery_new\/images\/2018\/02\/rabadan-2018-656191.1024x768.jpg","large":"https:\/\/staging.varesenews.it\/photogallery_new\/images\/2018\/02\/rabadan-2018-656191.610x431.jpg"}],"_links":{"self":[{"href":"https:\/\/staging.varesenews.it\/swgapi\/v1\/wp\/v2\/posts\/889861"}],"collection":[{"href":"https:\/\/staging.varesenews.it\/swgapi\/v1\/wp\/v2\/posts"}],"about":[{"href":"https:\/\/staging.varesenews.it\/swgapi\/v1\/wp\/v2\/types\/post"}],"author":[{"embeddable":true,"href":"https:\/\/staging.varesenews.it\/swgapi\/v1\/wp\/v2\/users\/43"}],"replies":[{"embeddable":true,"href":"https:\/\/staging.varesenews.it\/swgapi\/v1\/wp\/v2\/comments?post=889861"}],"version-history":[{"count":0,"href":"https:\/\/staging.varesenews.it\/swgapi\/v1\/wp\/v2\/posts\/889861\/revisions"}],"wp:attachment":[{"href":"https:\/\/staging.varesenews.it\/swgapi\/v1\/wp\/v2\/media?parent=889861"}],"wp:term":[{"taxonomy":"category","embeddable":true,"href":"https:\/\/staging.varesenews.it\/swgapi\/v1\/wp\/v2\/categories?post=889861"},{"taxonomy":"post_tag","embeddable":true,"href":"https:\/\/staging.varesenews.it\/swgapi\/v1\/wp\/v2\/tags?post=889861"}],"curies":[{"name":"wp","href":"https:\/\/api.w.org\/{rel}","templated":true}]}}