{"id":891446,"date":"2020-01-18T15:20:10","date_gmt":"2020-01-18T14:20:10","guid":{"rendered":"https:\/\/www.varesenews.it\/?p=891446"},"modified":"2020-01-18T15:20:10","modified_gmt":"2020-01-18T14:20:10","slug":"pro-patria-crema-cerca-punti-riscatto","status":"publish","type":"post","link":"https:\/\/staging.varesenews.it\/2020\/01\/pro-patria-crema-cerca-punti-riscatto\/891446\/","title":{"rendered":"Pro Patria a Crema in cerca di punti e riscatto"},"content":{"rendered":"<p class=\"p1\">Dopo la <a href=\"https:\/\/www.varesenews.it\/2020\/01\/pro-patria-anno-si-apre-sconfitta-lalbinoleffe-espugna-lo-speroni\/889190\/\">sconfitta nella prima partita del 2020<\/a>, alla Pro Patria tocca affrontare una settimana intensa, fitta di impegni: si parte <strong>domani con la trasferta a Crema per la gara contro la Pergolettese<\/strong> (calcio d\u2019inizio alle ora 15), passando il mercoled\u00ec al \u201cBrianteo\u201d di Monza (per recuperare la prima giornata del girone di ritorno), per poi chiudere, sabato 25, allo Speroni contro la JuveU23. Fanno tre gare in sei giorni, in un momento non proprio eccellente per i tigrotti.<\/p>\n<p class=\"p1\">C\u2019\u00e8 da riscattare la prestazione di sabato scorso: \u00abE\u2019 stata una partita dove semplicemente &#8211; dichiara <strong>mister Ivan Javorcic<\/strong> &#8211; abbiamo fatto pi\u00f9 errori degli avversari, e il risultato ne \u00e8 stato compromesso. La cosa peggiore \u00e8 aver preso tre gol da palla ferma, dato che ci ha fatto riflettere e lavorare per capire dove abbiamo sbagliato. Detto questo, resto sicuro della seriet\u00e0 con cui questo gruppo ha iniziato l\u2019anno nuovo, e sappiamo di dover far tornare lo \u201cSperoni\u201d il nostro fortino\u00bb.<\/p>\n<p class=\"p1\">Per quanto riguarda gli avversari, che stanno passando un ottimo periodo di forma (arrivati non a caso a 6 partite senza perdere), il tecnico croato non si sbilancia pi\u00f9 di tanto: \u00abSono sempre curioso di incontrare squadre cos\u00ec, anche perch\u00e9 poi \u00e8 una cartina tornasole per capire come siamo fatti noi. Sono in fiducia e non sar\u00e0 facile andare a rompergli le uova nel paniere, ma penso che l\u2019importante sia fare una buona prestazione, di reazione a sabato. <strong>La rabbia c\u2019\u00e8 ma \u00e8 essenziale che venga incanalata in qualcosa di positivo e costruttivo.<\/strong> Sar\u00e0 una settimana tosta, ma forse \u00e8 un bene, perch\u00e9 cos\u00ec si sollecitano gruppo e singoli a dare di pi\u00f9. Domani in particolare dobbiamo essere concreti: sappiamo di \u2018saper fare\u2019 ma adesso \u00e8 arrivato il momento di \u201cfare\u201d\u00bb.<\/p>\n<p class=\"p1\">Poche indicazione sulla formazione che vedremo in campo domani: sono tutti convocati tranne Brignoli. Probabile rivoluzione del centrocampo, mentre<strong> in porta torner\u00e0, salvo sorprese, Tornaghi.<\/strong><\/p>\n<p class=\"p1\"><strong>DIRETTAVN<\/strong> &#8211; La diretta della gara \u00e8 gi\u00e0 iniziata su <em>VareseNews<\/em> (<a href=\"http:\/\/live.varesenews.it\/Event\/Serie_C_Pergolettese_-_Pro_Patria\">guarda qui<\/a>). Potrete partecipare attivamente al live commentando o tramite gli hashtag <strong>#DirettaVn<\/strong> e <strong>#PergoletteseProPatria<\/strong> sui social.<\/p>\n","protected":false},"excerpt":{"rendered":"<p>Domenica 19 gennaio (ore 15.00) i tigrotti saranno ospiti della Pergolettese al &#8220;Voltini&#8221;. Javorcic: \u00abRabbia s\u00ec, ma positiva\u00bb<\/p>\n","protected":false},"author":37,"featured_media":0,"comment_status":"open","ping_status":"open","sticky":false,"template":"","format":"standard","meta":{"footnotes":""},"categories":[4,14],"tags":[144,65884,147,1919],"acf":[],"yoast_head":"<!-- This site is optimized with the Yoast SEO plugin v20.1 - https:\/\/yoast.com\/wordpress\/plugins\/seo\/ -->\n<title>Pro Patria a Crema in cerca di punti e riscatto<\/title>\n<meta name=\"description\" content=\"Domenica 19 gennaio (ore 15.00) i tigrotti saranno ospiti della Pergolettese al &quot;Voltini&quot;. Javorcic: \u00abRabbia s\u00ec, ma positiva\u00bb\" \/>\n<meta name=\"robots\" content=\"noindex, follow, max-snippet:-1, max-image-preview:large, max-video-preview:-1\" \/>\n<meta property=\"og:locale\" content=\"it_IT\" \/>\n<meta property=\"og:type\" content=\"article\" \/>\n<meta property=\"og:title\" content=\"Pro Patria a Crema in cerca di punti e riscatto\" \/>\n<meta property=\"og:description\" content=\"Domenica 19 gennaio (ore 15.00) i tigrotti saranno ospiti della Pergolettese al &quot;Voltini&quot;. Javorcic: \u00abRabbia s\u00ec, ma positiva\u00bb\" \/>\n<meta property=\"og:url\" content=\"https:\/\/staging.varesenews.it\/2020\/01\/pro-patria-crema-cerca-punti-riscatto\/891446\/\" \/>\n<meta property=\"og:site_name\" content=\"VareseNews\" \/>\n<meta property=\"article:publisher\" content=\"https:\/\/www.facebook.com\/varesenews\" \/>\n<meta property=\"article:published_time\" content=\"2020-01-18T14:20:10+00:00\" \/>\n<meta name=\"author\" content=\"Francesco Mazzoleni\" \/>\n<meta name=\"twitter:card\" content=\"summary_large_image\" \/>\n<meta name=\"twitter:creator\" content=\"@fmazzof\" \/>\n<meta name=\"twitter:site\" content=\"@varesenews\" \/>\n<meta name=\"twitter:label1\" content=\"Scritto da\" \/>\n\t<meta name=\"twitter:data1\" content=\"Francesco Mazzoleni\" \/>\n\t<meta name=\"twitter:label2\" content=\"Tempo di lettura stimato\" \/>\n\t<meta name=\"twitter:data2\" content=\"2 minuti\" \/>\n<script type=\"application\/ld+json\" class=\"yoast-schema-graph\">{\"@context\":\"https:\/\/schema.org\",\"@graph\":[{\"@type\":\"WebPage\",\"@id\":\"https:\/\/staging.varesenews.it\/2020\/01\/pro-patria-crema-cerca-punti-riscatto\/891446\/\",\"url\":\"https:\/\/staging.varesenews.it\/2020\/01\/pro-patria-crema-cerca-punti-riscatto\/891446\/\",\"name\":\"Pro Patria a Crema in cerca di punti e riscatto\",\"isPartOf\":{\"@id\":\"https:\/\/staging.varesenews.it\/#website\"},\"datePublished\":\"2020-01-18T14:20:10+00:00\",\"dateModified\":\"2020-01-18T14:20:10+00:00\",\"author\":{\"@id\":\"https:\/\/staging.varesenews.it\/#\/schema\/person\/e82236e79160d30d4e1f942004ac3038\"},\"description\":\"Domenica 19 gennaio (ore 15.00) i tigrotti saranno ospiti della Pergolettese al \\\"Voltini\\\". Javorcic: \u00abRabbia s\u00ec, ma positiva\u00bb\",\"breadcrumb\":{\"@id\":\"https:\/\/staging.varesenews.it\/2020\/01\/pro-patria-crema-cerca-punti-riscatto\/891446\/#breadcrumb\"},\"inLanguage\":\"it-IT\",\"potentialAction\":[{\"@type\":\"ReadAction\",\"target\":[\"https:\/\/staging.varesenews.it\/2020\/01\/pro-patria-crema-cerca-punti-riscatto\/891446\/\"]}]},{\"@type\":\"BreadcrumbList\",\"@id\":\"https:\/\/staging.varesenews.it\/2020\/01\/pro-patria-crema-cerca-punti-riscatto\/891446\/#breadcrumb\",\"itemListElement\":[{\"@type\":\"ListItem\",\"position\":1,\"name\":\"Home\",\"item\":\"https:\/\/www.varesenews.it\/\"},{\"@type\":\"ListItem\",\"position\":2,\"name\":\"Pro Patria a Crema in cerca di punti e riscatto\"}]},{\"@type\":\"WebSite\",\"@id\":\"https:\/\/staging.varesenews.it\/#website\",\"url\":\"https:\/\/staging.varesenews.it\/\",\"name\":\"VareseNews\",\"description\":\"\",\"potentialAction\":[{\"@type\":\"SearchAction\",\"target\":{\"@type\":\"EntryPoint\",\"urlTemplate\":\"https:\/\/staging.varesenews.it\/?s={search_term_string}\"},\"query-input\":\"required name=search_term_string\"}],\"inLanguage\":\"it-IT\"},{\"@type\":\"Person\",\"@id\":\"https:\/\/staging.varesenews.it\/#\/schema\/person\/e82236e79160d30d4e1f942004ac3038\",\"name\":\"Francesco Mazzoleni\",\"image\":{\"@type\":\"ImageObject\",\"inLanguage\":\"it-IT\",\"@id\":\"https:\/\/staging.varesenews.it\/#\/schema\/person\/image\/\",\"url\":\"https:\/\/staging.varesenews.it\/wp-content\/uploads\/2020\/12\/francesco_mazzoleni_colori_500-1.jpg\",\"contentUrl\":\"https:\/\/staging.varesenews.it\/wp-content\/uploads\/2020\/12\/francesco_mazzoleni_colori_500-1.jpg\",\"caption\":\"Francesco Mazzoleni\"},\"description\":\"\\\"Uomo di campo\\\" della redazione sportiva. Nutro una vera passione per il calcio, che sia ad alti livelli, sui campi di provincia o in altri continenti. Sono nato a Varese nel 1984, vivo da sempre a Malnate e ho una laurea in Scienze Motorie. Ho mosso i primi passi a VareseNews da stagista nel 2002; nel 2008 ho iniziato a collaborare con maggiore continuit\u00e0 e dal 2018 sono giornalista professionista. Orgoglioso pap\u00e0 di Federico e Adelaide.\",\"sameAs\":[\"fmazzof\",\"it.linkedin.com\/in\/francescomazzolenif\",\"https:\/\/twitter.com\/fmazzof\"],\"url\":\"https:\/\/staging.varesenews.it\/persona\/francesco_mazzoleniferracini\/\"}]}<\/script>\n<!-- \/ Yoast SEO plugin. -->","yoast_head_json":{"title":"Pro Patria a Crema in cerca di punti e riscatto","description":"Domenica 19 gennaio (ore 15.00) i tigrotti saranno ospiti della Pergolettese al \"Voltini\". Javorcic: \u00abRabbia s\u00ec, ma positiva\u00bb","robots":{"index":"noindex","follow":"follow","max-snippet":"max-snippet:-1","max-image-preview":"max-image-preview:large","max-video-preview":"max-video-preview:-1"},"og_locale":"it_IT","og_type":"article","og_title":"Pro Patria a Crema in cerca di punti e riscatto","og_description":"Domenica 19 gennaio (ore 15.00) i tigrotti saranno ospiti della Pergolettese al \"Voltini\". Javorcic: \u00abRabbia s\u00ec, ma positiva\u00bb","og_url":"https:\/\/staging.varesenews.it\/2020\/01\/pro-patria-crema-cerca-punti-riscatto\/891446\/","og_site_name":"VareseNews","article_publisher":"https:\/\/www.facebook.com\/varesenews","article_published_time":"2020-01-18T14:20:10+00:00","author":"Francesco Mazzoleni","twitter_card":"summary_large_image","twitter_creator":"@fmazzof","twitter_site":"@varesenews","twitter_misc":{"Scritto da":"Francesco Mazzoleni","Tempo di lettura stimato":"2 minuti"},"schema":{"@context":"https:\/\/schema.org","@graph":[{"@type":"WebPage","@id":"https:\/\/staging.varesenews.it\/2020\/01\/pro-patria-crema-cerca-punti-riscatto\/891446\/","url":"https:\/\/staging.varesenews.it\/2020\/01\/pro-patria-crema-cerca-punti-riscatto\/891446\/","name":"Pro Patria a Crema in cerca di punti e riscatto","isPartOf":{"@id":"https:\/\/staging.varesenews.it\/#website"},"datePublished":"2020-01-18T14:20:10+00:00","dateModified":"2020-01-18T14:20:10+00:00","author":{"@id":"https:\/\/staging.varesenews.it\/#\/schema\/person\/e82236e79160d30d4e1f942004ac3038"},"description":"Domenica 19 gennaio (ore 15.00) i tigrotti saranno ospiti della Pergolettese al \"Voltini\". Javorcic: \u00abRabbia s\u00ec, ma positiva\u00bb","breadcrumb":{"@id":"https:\/\/staging.varesenews.it\/2020\/01\/pro-patria-crema-cerca-punti-riscatto\/891446\/#breadcrumb"},"inLanguage":"it-IT","potentialAction":[{"@type":"ReadAction","target":["https:\/\/staging.varesenews.it\/2020\/01\/pro-patria-crema-cerca-punti-riscatto\/891446\/"]}]},{"@type":"BreadcrumbList","@id":"https:\/\/staging.varesenews.it\/2020\/01\/pro-patria-crema-cerca-punti-riscatto\/891446\/#breadcrumb","itemListElement":[{"@type":"ListItem","position":1,"name":"Home","item":"https:\/\/www.varesenews.it\/"},{"@type":"ListItem","position":2,"name":"Pro Patria a Crema in cerca di punti e riscatto"}]},{"@type":"WebSite","@id":"https:\/\/staging.varesenews.it\/#website","url":"https:\/\/staging.varesenews.it\/","name":"VareseNews","description":"","potentialAction":[{"@type":"SearchAction","target":{"@type":"EntryPoint","urlTemplate":"https:\/\/staging.varesenews.it\/?s={search_term_string}"},"query-input":"required name=search_term_string"}],"inLanguage":"it-IT"},{"@type":"Person","@id":"https:\/\/staging.varesenews.it\/#\/schema\/person\/e82236e79160d30d4e1f942004ac3038","name":"Francesco Mazzoleni","image":{"@type":"ImageObject","inLanguage":"it-IT","@id":"https:\/\/staging.varesenews.it\/#\/schema\/person\/image\/","url":"https:\/\/staging.varesenews.it\/wp-content\/uploads\/2020\/12\/francesco_mazzoleni_colori_500-1.jpg","contentUrl":"https:\/\/staging.varesenews.it\/wp-content\/uploads\/2020\/12\/francesco_mazzoleni_colori_500-1.jpg","caption":"Francesco Mazzoleni"},"description":"\"Uomo di campo\" della redazione sportiva. Nutro una vera passione per il calcio, che sia ad alti livelli, sui campi di provincia o in altri continenti. Sono nato a Varese nel 1984, vivo da sempre a Malnate e ho una laurea in Scienze Motorie. Ho mosso i primi passi a VareseNews da stagista nel 2002; nel 2008 ho iniziato a collaborare con maggiore continuit\u00e0 e dal 2018 sono giornalista professionista. Orgoglioso pap\u00e0 di Federico e Adelaide.","sameAs":["fmazzof","it.linkedin.com\/in\/francescomazzolenif","https:\/\/twitter.com\/fmazzof"],"url":"https:\/\/staging.varesenews.it\/persona\/francesco_mazzoleniferracini\/"}]}},"post_meta":{"_edit_lock":"1579357588:37","_edit_last":"37","_category_permalink":"a:1:{s:8:\"category\";s:2:\"14\";}","foto":"756492","firma-personalizzata":"Francesco Castiglioni","argomento":"Calcio","_yoast_wpseo_content_score":"30","_jd_tweet_this":"yes","ratings_users":"0","ratings_score":"0","ratings_average":"0","_wpt_short_url":"https:\/\/www.varesenews.it\/2020\/01\/pro-patria-crema-cerca-punti-riscatto\/891446\/","_wp_jd_target":"https:\/\/www.varesenews.it\/2020\/01\/pro-patria-crema-cerca-punti-riscatto\/891446\/","_jd_wp_twitter":"a:1:{i:0;s:160:\"Pro Patria a Crema in cerca di punti e riscatto https:\/\/www.varesenews.it\/2020\/01\/pro-patria-crema-cerca-punti-riscatto\/891446\/ #calcio #pergolettese #ProPatria\";}","_wpt_status_message":"Tweet inviato con successo."},"photos":[{"original":"https:\/\/staging.varesenews.it\/photogallery_new\/images\/2019\/09\/pro-patria-pergolettese-settembre-2019-756492.jpg","full":"https:\/\/staging.varesenews.it\/photogallery_new\/images\/2019\/09\/pro-patria-pergolettese-settembre-2019-756492.1024x768.jpg","large":"https:\/\/staging.varesenews.it\/photogallery_new\/images\/2019\/09\/pro-patria-pergolettese-settembre-2019-756492.610x431.jpg"}],"_links":{"self":[{"href":"https:\/\/staging.varesenews.it\/swgapi\/v1\/wp\/v2\/posts\/891446"}],"collection":[{"href":"https:\/\/staging.varesenews.it\/swgapi\/v1\/wp\/v2\/posts"}],"about":[{"href":"https:\/\/staging.varesenews.it\/swgapi\/v1\/wp\/v2\/types\/post"}],"author":[{"embeddable":true,"href":"https:\/\/staging.varesenews.it\/swgapi\/v1\/wp\/v2\/users\/37"}],"replies":[{"embeddable":true,"href":"https:\/\/staging.varesenews.it\/swgapi\/v1\/wp\/v2\/comments?post=891446"}],"version-history":[{"count":0,"href":"https:\/\/staging.varesenews.it\/swgapi\/v1\/wp\/v2\/posts\/891446\/revisions"}],"wp:attachment":[{"href":"https:\/\/staging.varesenews.it\/swgapi\/v1\/wp\/v2\/media?parent=891446"}],"wp:term":[{"taxonomy":"category","embeddable":true,"href":"https:\/\/staging.varesenews.it\/swgapi\/v1\/wp\/v2\/categories?post=891446"},{"taxonomy":"post_tag","embeddable":true,"href":"https:\/\/staging.varesenews.it\/swgapi\/v1\/wp\/v2\/tags?post=891446"}],"curies":[{"name":"wp","href":"https:\/\/api.w.org\/{rel}","templated":true}]}}