{"id":891480,"date":"2020-01-18T17:41:22","date_gmt":"2020-01-18T16:41:22","guid":{"rendered":"https:\/\/www.varesenews.it\/?p=891480"},"modified":"2020-01-18T17:47:44","modified_gmt":"2020-01-18T16:47:44","slug":"solaro-pomeriggio-cinque-accusa-comune-risponde","status":"publish","type":"post","link":"https:\/\/staging.varesenews.it\/2020\/01\/solaro-pomeriggio-cinque-accusa-comune-risponde\/891480\/","title":{"rendered":"Pomeriggio Cinque accusa, il Comune risponde"},"content":{"rendered":"<p>Una puntata di Pomeriggio Cinque, la trasmissione condotta da Barbara D\u2019Urso, ha parlato della <strong>situazione di difficolt\u00e0 di due fratelli<\/strong> <strong>che abitano a Solaro in un appartamento dove regna il degrado<\/strong>.<\/p>\n<p><em><strong><a href=\"https:\/\/www.mediasetplay.mediaset.it\/video\/pomeriggiocinque\/due-fratelli-vivono-in-tugurio-tra-sporcizia-e-umidita_F309938901084C03\">La puntata di Pomeriggio Cinque di venerd\u00ec 17 gennaio<\/a><\/strong><\/em><\/p>\n<p>Nella trasmissione <strong>l\u2019inviata ha intervistato i condomini<\/strong>, che si battono da tempo per far avere un aiuto a fratello e sorella, Franca e Martino. Ne \u00e8 emersa una <strong>situazione complicata<\/strong>, di disagio, tra sporcizia e completa assenza di igiene.<\/p>\n<p><strong>Alcuni condomini hanno anche lanciato accuse nei confronti del Comune<\/strong>, colpevole a detta delle persone intervistate di non aver mai ascoltato le loro istanze.<\/p>\n<p><strong>L&#8217;amministrazione comunale di Solaro replica<\/strong> inviando una risposta articolata in merito alla condizione di queste persone:<\/p>\n<p>\u00abAl contrario di quello che si vuole far credere nel servizio, ovvero il presunto disinteresse da parte del Comune di Solaro, <strong>la situazione \u00e8 ben nota e seguita dall&#8217;ufficio Servizi sociali<\/strong>. Innanzitutto, una serie di chiarimenti.<\/p>\n<blockquote><p>&#8211; il nucleo famigliare \u00e8 composto originariamente da tre persone (G.M, M.M. e F.M.), le cui situazioni personali sono tutte conosciute all&#8217;ufficio Servizi sociali.<br \/>\n&#8211; la casa \u00e8 di propriet\u00e0 della famiglia e non comunale e quindi l&#8217;ingresso degli operatori deve essere autorizzato dai proprietari.<\/p><\/blockquote>\n<p><strong>Negli anni il Comune ha sostenuto spese per aiuto ed assistenza<\/strong> alla famiglia, in modo documentato e disponibile per una verifica presso gli uffici.<\/p>\n<p>In particolare il Comune:<\/p>\n<blockquote><p>&#8211; contribuisce alla retta per il mantenimento della sorella maggiore, G.M., in una struttura di accoglienza sociosanitaria.<br \/>\n&#8211; contribuisce per ridurre il debito contratto dalla famiglia con l&#8217;amministratore condominiale.<br \/>\n&#8211; contribuisce al pagamento delle utenze dell\u2019abitazione.<\/p><\/blockquote>\n<p>In questi anni con il signor M.M. \u00e8 stato <strong>avviato un lungo percorso professionale<\/strong> di avvicinamento dei Servizi sociali grazie al quale \u00e8 stato possibile costruire un rapporto di fiducia.<\/p>\n<p>I Servizi Sociali:<\/p>\n<blockquote><p>&#8211; hanno assistito il signor M.M. nel percorso di richiesta dell&#8217;invalidit\u00e0 civile, mentre la sorella F.M. si \u00e8 sempre rifiutata di iniziare il percorso.<br \/>\n&#8211; hanno assistito il signor M.M. nella richiesta del reddito di cittadinanza, che attualmente percepisce.<br \/>\n&#8211; hanno fornito un pasto al giorno al signor M.M. ed alla sorella F.M. fino al momento in cui il primo ha trovato una piccola occupazione. In seguito, \u00e8 stato fornito un pasto al giorno alla signora F.M. Lasciata per problemi fisici l&#8217;occupazione, il signor M.M. \u00e8 entrato nel programma del reddito di cittadinanza ed ha espressamente chiarito al comune di non avere la necessit\u00e0 della fornitura del pasto.<\/p><\/blockquote>\n<p>Per quanto riguarda le condizioni dell&#8217;appartamento, in passato il Comune:<\/p>\n<blockquote><p>&#8211; \u00e8 intervenuto sostenendo lavori di manutenzione<br \/>\n&#8211; sta da tempo parlando con il signor M.M. per convincerlo a farsi aiutare per sistemare l&#8217;appartamento, fino ad oggi senza successo.<\/p><\/blockquote>\n<p><strong>Per quanto \u00e8 stato possibile, il Comune di Solaro, attraverso il proprio ufficio ai Servizi sociali, assiste da anni la famiglia<\/strong> nelle necessit\u00e0 primarie e nelle questioni burocratiche.<\/p>\n<p>Si tratta in ogni caso di una situazione di particolare criticit\u00e0 alla quale \u00e8 sempre stata riservata puntuale attenzione. Lodevole l&#8217;iniziativa di Pomeriggio 5, che si \u00e8 offerto di contribuire alle spese di ristrutturazione dell&#8217;appartamento, rimane per\u00f2 <strong>inaccettabile la mancata richiesta di informazioni agli uffici preposti<\/strong> per meglio comprendere la situazione e dare una completezza di informazione al pubblico.<\/p>\n<p>Nella mattina di oggi, sabato 18 gennaio, gli operatori dei Servizi sociali hanno incontrato nuovamente il signor M.M. ribadendo la <strong>disponibilit\u00e0 del Comune ad assistere la famiglia<\/strong>, continuando cos\u00ec nel percorso gi\u00e0 intrapreso da tempo\u00bb.<\/p>\n","protected":false},"excerpt":{"rendered":"<p>Al centro dell&#8217;attenzione la situazione di degrado nella quale vivono due fratelli. Alcuni condomini intervistati hanno accusato i Servizi Sociali, che replicano<\/p>\n","protected":false},"author":16412,"featured_media":0,"comment_status":"open","ping_status":"open","sticky":false,"template":"","format":"standard","meta":{"footnotes":""},"categories":[26,24,5],"tags":[1706,2035],"acf":[],"yoast_head":"<!-- This site is optimized with the Yoast SEO plugin v20.1 - https:\/\/yoast.com\/wordpress\/plugins\/seo\/ -->\n<title>Pomeriggio Cinque accusa, il Comune risponde<\/title>\n<meta name=\"description\" content=\"Al centro dell&#039;attenzione la situazione di degrado nella quale vivono due fratelli. Alcuni condomini intervistati hanno accusato i Servizi Sociali, che replicano\" \/>\n<meta name=\"robots\" content=\"noindex, follow, max-snippet:-1, max-image-preview:large, max-video-preview:-1\" \/>\n<meta property=\"og:locale\" content=\"it_IT\" \/>\n<meta property=\"og:type\" content=\"article\" \/>\n<meta property=\"og:title\" content=\"Pomeriggio Cinque accusa, il Comune risponde\" \/>\n<meta property=\"og:description\" content=\"Al centro dell&#039;attenzione la situazione di degrado nella quale vivono due fratelli. Alcuni condomini intervistati hanno accusato i Servizi Sociali, che replicano\" \/>\n<meta property=\"og:url\" content=\"https:\/\/staging.varesenews.it\/2020\/01\/solaro-pomeriggio-cinque-accusa-comune-risponde\/891480\/\" \/>\n<meta property=\"og:site_name\" content=\"VareseNews\" \/>\n<meta property=\"article:publisher\" content=\"https:\/\/www.facebook.com\/varesenews\" \/>\n<meta property=\"article:published_time\" content=\"2020-01-18T16:41:22+00:00\" \/>\n<meta property=\"article:modified_time\" content=\"2020-01-18T16:47:44+00:00\" \/>\n<meta name=\"author\" content=\"Redazione SaronnoNews\" \/>\n<meta name=\"twitter:card\" content=\"summary_large_image\" \/>\n<meta name=\"twitter:creator\" content=\"@varesenews\" \/>\n<meta name=\"twitter:site\" content=\"@varesenews\" \/>\n<meta name=\"twitter:label1\" content=\"Scritto da\" \/>\n\t<meta name=\"twitter:data1\" content=\"Redazione SaronnoNews\" \/>\n\t<meta name=\"twitter:label2\" content=\"Tempo di lettura stimato\" \/>\n\t<meta name=\"twitter:data2\" content=\"3 minuti\" \/>\n<script type=\"application\/ld+json\" class=\"yoast-schema-graph\">{\"@context\":\"https:\/\/schema.org\",\"@graph\":[{\"@type\":\"WebPage\",\"@id\":\"https:\/\/staging.varesenews.it\/2020\/01\/solaro-pomeriggio-cinque-accusa-comune-risponde\/891480\/\",\"url\":\"https:\/\/staging.varesenews.it\/2020\/01\/solaro-pomeriggio-cinque-accusa-comune-risponde\/891480\/\",\"name\":\"Pomeriggio Cinque accusa, il Comune risponde\",\"isPartOf\":{\"@id\":\"https:\/\/staging.varesenews.it\/#website\"},\"datePublished\":\"2020-01-18T16:41:22+00:00\",\"dateModified\":\"2020-01-18T16:47:44+00:00\",\"author\":{\"@id\":\"https:\/\/staging.varesenews.it\/#\/schema\/person\/85db5c80fefa3e1b0298773ea0b6bac1\"},\"description\":\"Al centro dell'attenzione la situazione di degrado nella quale vivono due fratelli. Alcuni condomini intervistati hanno accusato i Servizi Sociali, che replicano\",\"breadcrumb\":{\"@id\":\"https:\/\/staging.varesenews.it\/2020\/01\/solaro-pomeriggio-cinque-accusa-comune-risponde\/891480\/#breadcrumb\"},\"inLanguage\":\"it-IT\",\"potentialAction\":[{\"@type\":\"ReadAction\",\"target\":[\"https:\/\/staging.varesenews.it\/2020\/01\/solaro-pomeriggio-cinque-accusa-comune-risponde\/891480\/\"]}]},{\"@type\":\"BreadcrumbList\",\"@id\":\"https:\/\/staging.varesenews.it\/2020\/01\/solaro-pomeriggio-cinque-accusa-comune-risponde\/891480\/#breadcrumb\",\"itemListElement\":[{\"@type\":\"ListItem\",\"position\":1,\"name\":\"Home\",\"item\":\"https:\/\/www.varesenews.it\/\"},{\"@type\":\"ListItem\",\"position\":2,\"name\":\"Pomeriggio Cinque accusa, il Comune risponde\"}]},{\"@type\":\"WebSite\",\"@id\":\"https:\/\/staging.varesenews.it\/#website\",\"url\":\"https:\/\/staging.varesenews.it\/\",\"name\":\"VareseNews\",\"description\":\"\",\"potentialAction\":[{\"@type\":\"SearchAction\",\"target\":{\"@type\":\"EntryPoint\",\"urlTemplate\":\"https:\/\/staging.varesenews.it\/?s={search_term_string}\"},\"query-input\":\"required name=search_term_string\"}],\"inLanguage\":\"it-IT\"},{\"@type\":\"Person\",\"@id\":\"https:\/\/staging.varesenews.it\/#\/schema\/person\/85db5c80fefa3e1b0298773ea0b6bac1\",\"name\":\"Redazione SaronnoNews\",\"image\":{\"@type\":\"ImageObject\",\"inLanguage\":\"it-IT\",\"@id\":\"https:\/\/staging.varesenews.it\/#\/schema\/person\/image\/\",\"url\":\"https:\/\/staging.varesenews.it\/wp-content\/uploads\/2021\/10\/logo-saronnonews-mini-1.png\",\"contentUrl\":\"https:\/\/staging.varesenews.it\/wp-content\/uploads\/2021\/10\/logo-saronnonews-mini-1.png\",\"caption\":\"Redazione SaronnoNews\"},\"url\":\"https:\/\/staging.varesenews.it\/persona\/redazione-saronnonews\/\"}]}<\/script>\n<!-- \/ Yoast SEO plugin. -->","yoast_head_json":{"title":"Pomeriggio Cinque accusa, il Comune risponde","description":"Al centro dell'attenzione la situazione di degrado nella quale vivono due fratelli. Alcuni condomini intervistati hanno accusato i Servizi Sociali, che replicano","robots":{"index":"noindex","follow":"follow","max-snippet":"max-snippet:-1","max-image-preview":"max-image-preview:large","max-video-preview":"max-video-preview:-1"},"og_locale":"it_IT","og_type":"article","og_title":"Pomeriggio Cinque accusa, il Comune risponde","og_description":"Al centro dell'attenzione la situazione di degrado nella quale vivono due fratelli. Alcuni condomini intervistati hanno accusato i Servizi Sociali, che replicano","og_url":"https:\/\/staging.varesenews.it\/2020\/01\/solaro-pomeriggio-cinque-accusa-comune-risponde\/891480\/","og_site_name":"VareseNews","article_publisher":"https:\/\/www.facebook.com\/varesenews","article_published_time":"2020-01-18T16:41:22+00:00","article_modified_time":"2020-01-18T16:47:44+00:00","author":"Redazione SaronnoNews","twitter_card":"summary_large_image","twitter_creator":"@varesenews","twitter_site":"@varesenews","twitter_misc":{"Scritto da":"Redazione SaronnoNews","Tempo di lettura stimato":"3 minuti"},"schema":{"@context":"https:\/\/schema.org","@graph":[{"@type":"WebPage","@id":"https:\/\/staging.varesenews.it\/2020\/01\/solaro-pomeriggio-cinque-accusa-comune-risponde\/891480\/","url":"https:\/\/staging.varesenews.it\/2020\/01\/solaro-pomeriggio-cinque-accusa-comune-risponde\/891480\/","name":"Pomeriggio Cinque accusa, il Comune risponde","isPartOf":{"@id":"https:\/\/staging.varesenews.it\/#website"},"datePublished":"2020-01-18T16:41:22+00:00","dateModified":"2020-01-18T16:47:44+00:00","author":{"@id":"https:\/\/staging.varesenews.it\/#\/schema\/person\/85db5c80fefa3e1b0298773ea0b6bac1"},"description":"Al centro dell'attenzione la situazione di degrado nella quale vivono due fratelli. Alcuni condomini intervistati hanno accusato i Servizi Sociali, che replicano","breadcrumb":{"@id":"https:\/\/staging.varesenews.it\/2020\/01\/solaro-pomeriggio-cinque-accusa-comune-risponde\/891480\/#breadcrumb"},"inLanguage":"it-IT","potentialAction":[{"@type":"ReadAction","target":["https:\/\/staging.varesenews.it\/2020\/01\/solaro-pomeriggio-cinque-accusa-comune-risponde\/891480\/"]}]},{"@type":"BreadcrumbList","@id":"https:\/\/staging.varesenews.it\/2020\/01\/solaro-pomeriggio-cinque-accusa-comune-risponde\/891480\/#breadcrumb","itemListElement":[{"@type":"ListItem","position":1,"name":"Home","item":"https:\/\/www.varesenews.it\/"},{"@type":"ListItem","position":2,"name":"Pomeriggio Cinque accusa, il Comune risponde"}]},{"@type":"WebSite","@id":"https:\/\/staging.varesenews.it\/#website","url":"https:\/\/staging.varesenews.it\/","name":"VareseNews","description":"","potentialAction":[{"@type":"SearchAction","target":{"@type":"EntryPoint","urlTemplate":"https:\/\/staging.varesenews.it\/?s={search_term_string}"},"query-input":"required name=search_term_string"}],"inLanguage":"it-IT"},{"@type":"Person","@id":"https:\/\/staging.varesenews.it\/#\/schema\/person\/85db5c80fefa3e1b0298773ea0b6bac1","name":"Redazione SaronnoNews","image":{"@type":"ImageObject","inLanguage":"it-IT","@id":"https:\/\/staging.varesenews.it\/#\/schema\/person\/image\/","url":"https:\/\/staging.varesenews.it\/wp-content\/uploads\/2021\/10\/logo-saronnonews-mini-1.png","contentUrl":"https:\/\/staging.varesenews.it\/wp-content\/uploads\/2021\/10\/logo-saronnonews-mini-1.png","caption":"Redazione SaronnoNews"},"url":"https:\/\/staging.varesenews.it\/persona\/redazione-saronnonews\/"}]}},"post_meta":{"_edit_lock":"1579368875:39","_edit_last":"39","_category_permalink":"a:1:{s:8:\"category\";s:0:\"\";}","ratings_users":"0","ratings_score":"0","ratings_average":"0","foto":"781532","firma_come_redazione":"1","argomento":"Solaro","_yoast_wpseo_content_score":"30","_jd_tweet_this":"yes","_wpt_short_url":"https:\/\/www.varesenews.it\/2020\/01\/solaro-pomeriggio-cinque-accusa-comune-risponde\/891480\/","_wp_jd_target":"https:\/\/www.varesenews.it\/2020\/01\/solaro-pomeriggio-cinque-accusa-comune-risponde\/891480\/","_jd_wp_twitter":"a:1:{i:0;s:167:\"Solaro: Pomeriggio Cinque accusa, il Comune risponde https:\/\/www.varesenews.it\/2020\/01\/solaro-pomeriggio-cinque-accusa-comune-risponde\/891480\/ #degrado #servizisociali\";}","_wpt_status_message":"Tweet inviato con successo."},"photos":[{"original":"https:\/\/staging.varesenews.it\/photogallery_new\/images\/2020\/01\/generico-2018-781532.jpg","full":"https:\/\/staging.varesenews.it\/photogallery_new\/images\/2020\/01\/generico-2018-781532.1024x768.jpg","large":"https:\/\/staging.varesenews.it\/photogallery_new\/images\/2020\/01\/generico-2018-781532.610x431.jpg"}],"_links":{"self":[{"href":"https:\/\/staging.varesenews.it\/swgapi\/v1\/wp\/v2\/posts\/891480"}],"collection":[{"href":"https:\/\/staging.varesenews.it\/swgapi\/v1\/wp\/v2\/posts"}],"about":[{"href":"https:\/\/staging.varesenews.it\/swgapi\/v1\/wp\/v2\/types\/post"}],"author":[{"embeddable":true,"href":"https:\/\/staging.varesenews.it\/swgapi\/v1\/wp\/v2\/users\/16412"}],"replies":[{"embeddable":true,"href":"https:\/\/staging.varesenews.it\/swgapi\/v1\/wp\/v2\/comments?post=891480"}],"version-history":[{"count":0,"href":"https:\/\/staging.varesenews.it\/swgapi\/v1\/wp\/v2\/posts\/891480\/revisions"}],"wp:attachment":[{"href":"https:\/\/staging.varesenews.it\/swgapi\/v1\/wp\/v2\/media?parent=891480"}],"wp:term":[{"taxonomy":"category","embeddable":true,"href":"https:\/\/staging.varesenews.it\/swgapi\/v1\/wp\/v2\/categories?post=891480"},{"taxonomy":"post_tag","embeddable":true,"href":"https:\/\/staging.varesenews.it\/swgapi\/v1\/wp\/v2\/tags?post=891480"}],"curies":[{"name":"wp","href":"https:\/\/api.w.org\/{rel}","templated":true}]}}