{"id":892050,"date":"2020-01-20T19:48:42","date_gmt":"2020-01-20T18:48:42","guid":{"rendered":"http:\/\/www.varesenews.it\/?p=892050"},"modified":"2020-01-21T11:09:50","modified_gmt":"2020-01-21T10:09:50","slug":"pm10-finalmente-limite-ambiente-saronno-onlus-sta-allerta","status":"publish","type":"post","link":"https:\/\/staging.varesenews.it\/2020\/01\/pm10-finalmente-limite-ambiente-saronno-onlus-sta-allerta\/892050\/","title":{"rendered":"Pm10 finalmente sotto il limite, ma Ambiente Saronno Onlus sta allerta"},"content":{"rendered":"<p>Dopo sei giorni di fila di superamento del limite di 50 microgrammi per metro cubo di Pm10 nell&#8217;aria consecutivi, finalmente <strong>un po&#8217; di vento nella giornata di domenica 19 gennaio ha consentito all&#8217;aria di migliorare un po&#8217;.<\/strong><\/p>\n<p><strong>La centralina Arpa di Saronno ha infatti fatto registrare quota 38 nella giornata di domenica.<\/strong><\/p>\n<p>C&#8217;\u00e8 poco da festeggiare, per\u00f2. <strong>A rilanciare l&#8217;allarme sullo stato dell&#8217;aria saronnese \u00e8 il circolo locale di Legambiente, Ambiente Saronno Onlus, che commenta<\/strong>: \u00abI primi 12 giorni sui 35\/anno, limite indicato per mantenere una situazione accettabile per la nostra salute e per non incorrere nelle sanzioni UE, ce li siamo giocati &#8211; commentano gli ambientalisti -. La cosa preoccupante \u00e8 soprattutto la continuit\u00e0 dei giorni di sforamento. Negli anni sono stati presi provvedimenti, ma \u00e8 necessario fare ancora di pi\u00f9\u00bb.<\/p>\n","protected":false},"excerpt":{"rendered":"<p>A rilanciare l&#8217;allarme sullo stato dell&#8217;aria saronnese \u00e8 il circolo locale di Legambiente, Ambiente Saronno Onlus, che commenta<\/p>\n","protected":false},"author":32,"featured_media":0,"comment_status":"open","ping_status":"open","sticky":false,"template":"","format":"standard","meta":{"footnotes":""},"categories":[24,5],"tags":[613,8897,103192,4125],"acf":[],"yoast_head":"<!-- This site is optimized with the Yoast SEO plugin v20.1 - https:\/\/yoast.com\/wordpress\/plugins\/seo\/ -->\n<title>Pm10 finalmente sotto il limite, ma Ambiente Saronno Onlus sta allerta<\/title>\n<meta name=\"description\" content=\"A rilanciare l&#039;allarme sullo stato dell&#039;aria saronnese \u00e8 il circolo locale di Legambiente, Ambiente Saronno Onlus, che commenta\" \/>\n<meta name=\"robots\" content=\"noindex, follow, max-snippet:-1, max-image-preview:large, max-video-preview:-1\" \/>\n<meta property=\"og:locale\" content=\"it_IT\" \/>\n<meta property=\"og:type\" content=\"article\" \/>\n<meta property=\"og:title\" content=\"Pm10 finalmente sotto il limite, ma Ambiente Saronno Onlus sta allerta\" \/>\n<meta property=\"og:description\" content=\"A rilanciare l&#039;allarme sullo stato dell&#039;aria saronnese \u00e8 il circolo locale di Legambiente, Ambiente Saronno Onlus, che commenta\" \/>\n<meta property=\"og:url\" content=\"https:\/\/staging.varesenews.it\/2020\/01\/pm10-finalmente-limite-ambiente-saronno-onlus-sta-allerta\/892050\/\" \/>\n<meta property=\"og:site_name\" content=\"VareseNews\" \/>\n<meta property=\"article:publisher\" content=\"https:\/\/www.facebook.com\/varesenews\" \/>\n<meta property=\"article:published_time\" content=\"2020-01-20T18:48:42+00:00\" \/>\n<meta property=\"article:modified_time\" content=\"2020-01-21T10:09:50+00:00\" \/>\n<meta name=\"author\" content=\"Adelia Brigo\" \/>\n<meta name=\"twitter:card\" content=\"summary_large_image\" \/>\n<meta name=\"twitter:creator\" content=\"@AdeliaBrigo\" \/>\n<meta name=\"twitter:site\" content=\"@varesenews\" \/>\n<meta name=\"twitter:label1\" content=\"Scritto da\" \/>\n\t<meta name=\"twitter:data1\" content=\"Adelia Brigo\" \/>\n\t<meta name=\"twitter:label2\" content=\"Tempo di lettura stimato\" \/>\n\t<meta name=\"twitter:data2\" content=\"1 minuto\" \/>\n<script type=\"application\/ld+json\" class=\"yoast-schema-graph\">{\"@context\":\"https:\/\/schema.org\",\"@graph\":[{\"@type\":\"WebPage\",\"@id\":\"https:\/\/staging.varesenews.it\/2020\/01\/pm10-finalmente-limite-ambiente-saronno-onlus-sta-allerta\/892050\/\",\"url\":\"https:\/\/staging.varesenews.it\/2020\/01\/pm10-finalmente-limite-ambiente-saronno-onlus-sta-allerta\/892050\/\",\"name\":\"Pm10 finalmente sotto il limite, ma Ambiente Saronno Onlus sta allerta\",\"isPartOf\":{\"@id\":\"https:\/\/staging.varesenews.it\/#website\"},\"datePublished\":\"2020-01-20T18:48:42+00:00\",\"dateModified\":\"2020-01-21T10:09:50+00:00\",\"author\":{\"@id\":\"https:\/\/staging.varesenews.it\/#\/schema\/person\/272ac0f5b2dbfd572218c2d86e013f1a\"},\"description\":\"A rilanciare l'allarme sullo stato dell'aria saronnese \u00e8 il circolo locale di Legambiente, Ambiente Saronno Onlus, che commenta\",\"breadcrumb\":{\"@id\":\"https:\/\/staging.varesenews.it\/2020\/01\/pm10-finalmente-limite-ambiente-saronno-onlus-sta-allerta\/892050\/#breadcrumb\"},\"inLanguage\":\"it-IT\",\"potentialAction\":[{\"@type\":\"ReadAction\",\"target\":[\"https:\/\/staging.varesenews.it\/2020\/01\/pm10-finalmente-limite-ambiente-saronno-onlus-sta-allerta\/892050\/\"]}]},{\"@type\":\"BreadcrumbList\",\"@id\":\"https:\/\/staging.varesenews.it\/2020\/01\/pm10-finalmente-limite-ambiente-saronno-onlus-sta-allerta\/892050\/#breadcrumb\",\"itemListElement\":[{\"@type\":\"ListItem\",\"position\":1,\"name\":\"Home\",\"item\":\"https:\/\/www.varesenews.it\/\"},{\"@type\":\"ListItem\",\"position\":2,\"name\":\"Pm10 finalmente sotto il limite, ma Ambiente Saronno Onlus sta allerta\"}]},{\"@type\":\"WebSite\",\"@id\":\"https:\/\/staging.varesenews.it\/#website\",\"url\":\"https:\/\/staging.varesenews.it\/\",\"name\":\"VareseNews\",\"description\":\"\",\"potentialAction\":[{\"@type\":\"SearchAction\",\"target\":{\"@type\":\"EntryPoint\",\"urlTemplate\":\"https:\/\/staging.varesenews.it\/?s={search_term_string}\"},\"query-input\":\"required name=search_term_string\"}],\"inLanguage\":\"it-IT\"},{\"@type\":\"Person\",\"@id\":\"https:\/\/staging.varesenews.it\/#\/schema\/person\/272ac0f5b2dbfd572218c2d86e013f1a\",\"name\":\"Adelia Brigo\",\"image\":{\"@type\":\"ImageObject\",\"inLanguage\":\"it-IT\",\"@id\":\"https:\/\/staging.varesenews.it\/#\/schema\/person\/image\/\",\"url\":\"https:\/\/staging.varesenews.it\/wp-content\/uploads\/2020\/12\/adelia_brigo_colori_500.jpg\",\"contentUrl\":\"https:\/\/staging.varesenews.it\/wp-content\/uploads\/2020\/12\/adelia_brigo_colori_500.jpg\",\"caption\":\"Adelia Brigo\"},\"description\":\"Giornalista pubblicista, lavoro a VareseNews dal 2007 e mi occupo di cronaca locale e del settore dedicato alla cultura. In questi anni ho seguito diversi progetti di comunicazione, amo sperimentare strategie per i Social Network e raccontare storie. Varesina, classe 1984, sono laureata in Scienze della Comunicazione.&nbsp;\",\"sameAs\":[\"AdeliaBrigo\",\"https:\/\/twitter.com\/AdeliaBrigo\"],\"url\":\"https:\/\/staging.varesenews.it\/persona\/adelia_brigo\/\"}]}<\/script>\n<!-- \/ Yoast SEO plugin. -->","yoast_head_json":{"title":"Pm10 finalmente sotto il limite, ma Ambiente Saronno Onlus sta allerta","description":"A rilanciare l'allarme sullo stato dell'aria saronnese \u00e8 il circolo locale di Legambiente, Ambiente Saronno Onlus, che commenta","robots":{"index":"noindex","follow":"follow","max-snippet":"max-snippet:-1","max-image-preview":"max-image-preview:large","max-video-preview":"max-video-preview:-1"},"og_locale":"it_IT","og_type":"article","og_title":"Pm10 finalmente sotto il limite, ma Ambiente Saronno Onlus sta allerta","og_description":"A rilanciare l'allarme sullo stato dell'aria saronnese \u00e8 il circolo locale di Legambiente, Ambiente Saronno Onlus, che commenta","og_url":"https:\/\/staging.varesenews.it\/2020\/01\/pm10-finalmente-limite-ambiente-saronno-onlus-sta-allerta\/892050\/","og_site_name":"VareseNews","article_publisher":"https:\/\/www.facebook.com\/varesenews","article_published_time":"2020-01-20T18:48:42+00:00","article_modified_time":"2020-01-21T10:09:50+00:00","author":"Adelia Brigo","twitter_card":"summary_large_image","twitter_creator":"@AdeliaBrigo","twitter_site":"@varesenews","twitter_misc":{"Scritto da":"Adelia Brigo","Tempo di lettura stimato":"1 minuto"},"schema":{"@context":"https:\/\/schema.org","@graph":[{"@type":"WebPage","@id":"https:\/\/staging.varesenews.it\/2020\/01\/pm10-finalmente-limite-ambiente-saronno-onlus-sta-allerta\/892050\/","url":"https:\/\/staging.varesenews.it\/2020\/01\/pm10-finalmente-limite-ambiente-saronno-onlus-sta-allerta\/892050\/","name":"Pm10 finalmente sotto il limite, ma Ambiente Saronno Onlus sta allerta","isPartOf":{"@id":"https:\/\/staging.varesenews.it\/#website"},"datePublished":"2020-01-20T18:48:42+00:00","dateModified":"2020-01-21T10:09:50+00:00","author":{"@id":"https:\/\/staging.varesenews.it\/#\/schema\/person\/272ac0f5b2dbfd572218c2d86e013f1a"},"description":"A rilanciare l'allarme sullo stato dell'aria saronnese \u00e8 il circolo locale di Legambiente, Ambiente Saronno Onlus, che commenta","breadcrumb":{"@id":"https:\/\/staging.varesenews.it\/2020\/01\/pm10-finalmente-limite-ambiente-saronno-onlus-sta-allerta\/892050\/#breadcrumb"},"inLanguage":"it-IT","potentialAction":[{"@type":"ReadAction","target":["https:\/\/staging.varesenews.it\/2020\/01\/pm10-finalmente-limite-ambiente-saronno-onlus-sta-allerta\/892050\/"]}]},{"@type":"BreadcrumbList","@id":"https:\/\/staging.varesenews.it\/2020\/01\/pm10-finalmente-limite-ambiente-saronno-onlus-sta-allerta\/892050\/#breadcrumb","itemListElement":[{"@type":"ListItem","position":1,"name":"Home","item":"https:\/\/www.varesenews.it\/"},{"@type":"ListItem","position":2,"name":"Pm10 finalmente sotto il limite, ma Ambiente Saronno Onlus sta allerta"}]},{"@type":"WebSite","@id":"https:\/\/staging.varesenews.it\/#website","url":"https:\/\/staging.varesenews.it\/","name":"VareseNews","description":"","potentialAction":[{"@type":"SearchAction","target":{"@type":"EntryPoint","urlTemplate":"https:\/\/staging.varesenews.it\/?s={search_term_string}"},"query-input":"required name=search_term_string"}],"inLanguage":"it-IT"},{"@type":"Person","@id":"https:\/\/staging.varesenews.it\/#\/schema\/person\/272ac0f5b2dbfd572218c2d86e013f1a","name":"Adelia Brigo","image":{"@type":"ImageObject","inLanguage":"it-IT","@id":"https:\/\/staging.varesenews.it\/#\/schema\/person\/image\/","url":"https:\/\/staging.varesenews.it\/wp-content\/uploads\/2020\/12\/adelia_brigo_colori_500.jpg","contentUrl":"https:\/\/staging.varesenews.it\/wp-content\/uploads\/2020\/12\/adelia_brigo_colori_500.jpg","caption":"Adelia Brigo"},"description":"Giornalista pubblicista, lavoro a VareseNews dal 2007 e mi occupo di cronaca locale e del settore dedicato alla cultura. In questi anni ho seguito diversi progetti di comunicazione, amo sperimentare strategie per i Social Network e raccontare storie. Varesina, classe 1984, sono laureata in Scienze della Comunicazione.&nbsp;","sameAs":["AdeliaBrigo","https:\/\/twitter.com\/AdeliaBrigo"],"url":"https:\/\/staging.varesenews.it\/persona\/adelia_brigo\/"}]}},"post_meta":{"foto":"782124","firma_come_redazione":"1","argomento":"Saronno","_yoast_wpseo_primary_category":"102254","_yoast_wpseo_primary_testate":"102258","edinet_newssharer_oguid":"https:\/\/www.saronnonews.it\/?p=883099","_edit_last":"39","ratings_users":"0","ratings_score":"0","ratings_average":"0","_edit_lock":"1579601396:39"},"photos":[{"original":"https:\/\/staging.varesenews.it\/photogallery_new\/images\/2020\/01\/generico-2018-782124.jpg","full":"https:\/\/staging.varesenews.it\/photogallery_new\/images\/2020\/01\/generico-2018-782124.1024x768.jpg","large":"https:\/\/staging.varesenews.it\/photogallery_new\/images\/2020\/01\/generico-2018-782124.610x431.jpg"}],"_links":{"self":[{"href":"https:\/\/staging.varesenews.it\/swgapi\/v1\/wp\/v2\/posts\/892050"}],"collection":[{"href":"https:\/\/staging.varesenews.it\/swgapi\/v1\/wp\/v2\/posts"}],"about":[{"href":"https:\/\/staging.varesenews.it\/swgapi\/v1\/wp\/v2\/types\/post"}],"author":[{"embeddable":true,"href":"https:\/\/staging.varesenews.it\/swgapi\/v1\/wp\/v2\/users\/32"}],"replies":[{"embeddable":true,"href":"https:\/\/staging.varesenews.it\/swgapi\/v1\/wp\/v2\/comments?post=892050"}],"version-history":[{"count":0,"href":"https:\/\/staging.varesenews.it\/swgapi\/v1\/wp\/v2\/posts\/892050\/revisions"}],"wp:attachment":[{"href":"https:\/\/staging.varesenews.it\/swgapi\/v1\/wp\/v2\/media?parent=892050"}],"wp:term":[{"taxonomy":"category","embeddable":true,"href":"https:\/\/staging.varesenews.it\/swgapi\/v1\/wp\/v2\/categories?post=892050"},{"taxonomy":"post_tag","embeddable":true,"href":"https:\/\/staging.varesenews.it\/swgapi\/v1\/wp\/v2\/tags?post=892050"}],"curies":[{"name":"wp","href":"https:\/\/api.w.org\/{rel}","templated":true}]}}