{"id":892665,"date":"2020-01-22T13:33:11","date_gmt":"2020-01-22T12:33:11","guid":{"rendered":"https:\/\/www.varesenews.it\/?p=892665"},"modified":"2020-01-22T13:33:38","modified_gmt":"2020-01-22T12:33:38","slug":"cento-anni-rodari-maestro-non-si-dimentica","status":"publish","type":"post","link":"https:\/\/staging.varesenews.it\/2020\/01\/cento-anni-rodari-maestro-non-si-dimentica\/892665\/","title":{"rendered":"Cento anni di Rodari, il &#8220;maestro che non si dimentica&#8221;"},"content":{"rendered":"<p>Per molti il pi\u00f9 grande scrittore per ragazzi del Novecento, <strong>Gianni Rodari<\/strong> con le sue opere \u00e8 riuscito a toccare il cuore dei lettori di tutte le et\u00e0.<\/p>\n<p>Nel 2020 si celebreranno i cent\u2019anni dalla nascita dell\u2019autore, nato a Omegna nel 1920, che ha trascorso la giovinezza e i suoi anni da insegnante in provincia di Varese, tra Gavirate e il Lago Maggiore.<\/p>\n<p>Gianni Rodari \u2013 all\u2019anagrafe Giovanni Rodari \u2013 ha infatti lavorato <strong>come insegnante alla scuola elementare di Ranco<\/strong> nel corso dell\u2019anno scolastico 1940-1941. Un giovane maestro riservato e sensibile \u2013 cos\u00ec chi c\u2019era ricorda ancora Gianni Rodari \u2013 segnato dalle sofferenze per la scomparsa del padre e per la morte in guerra e nei campi di concentramento dei suoi amici, ma sempre circondato dall\u2019amore dei familiari e dei conoscenti.<\/p>\n<blockquote class=\"wp-embedded-content\" data-secret=\"8kU29wkPnE\"><p><a href=\"https:\/\/www.varesenews.it\/2007\/10\/a-lezione-da-rodari-un-maestro-che-non-si-dimentica\/227712\/\">A lezione da Rodari: &#8220;Un maestro che non si dimentica&#8221;<\/a><\/p><\/blockquote>\n<p><iframe class=\"wp-embedded-content\" sandbox=\"allow-scripts\" security=\"restricted\" style=\"position: absolute; clip: rect(1px, 1px, 1px, 1px);\" src=\"https:\/\/www.varesenews.it\/2007\/10\/a-lezione-da-rodari-un-maestro-che-non-si-dimentica\/227712\/embed\/#?secret=8kU29wkPnE\" data-secret=\"8kU29wkPnE\" width=\"500\" height=\"282\" title=\"&#8220;A lezione da Rodari: &#8220;Un maestro che non si dimentica&#8221;&#8221; &#8212; VareseNews\" frameborder=\"0\" marginwidth=\"0\" marginheight=\"0\" scrolling=\"no\"><\/iframe><\/p>\n<p><strong>Dalla Valcuvia, i genitori di Gianni Rodari si erano trasferiti a<\/strong> <strong>Omegna<\/strong> per lavoro. Qui Rodari ha vissuto per dieci anni, fino alla morte di suo padre, il <strong>fornaio Giuseppe<\/strong>. Anche se lo ha ospitato per poco, Omegna non ha dimenticato il suo Gianni, e sono molte le iniziative in suo ricordo. Tra queste c\u2019\u00e8 il \u201c<strong>Festival Rodari\u201d: dieci giorni all\u2019insegna della letteratura per ragazzi<\/strong> con ospiti, eventi, e la premiazione del concorso letterario collegato al festival il giorno del compleanno dell\u2019autore.<\/p>\n<p>Nel febbraio 2019, la citt\u00e0 ha inoltre partecipato a un bando di Fondazione Cariplo per la realizzazione di un museo e di un monumento dedicati a Rodari. Insieme alla madre, <strong>Gianni Rodari \u00e8 arrivato nel 1930 Gavirate<\/strong>. Qui ha trascorso la giovinezza nella sua casa affacciata su Via Bernacchi, ma soprattutto tra le vie e i campi della cittadina in compagnia dei suoi amici. Proprio a Gavirate Gianni Rodari ha stretto amicizia con <strong>Enrico Baj<\/strong>, il pittore e scultore che come Rodari per realizzare le sue opere ha tratto molta ispirazione dal mondo dell\u2019infanzia.<\/p>\n<p>Prima di diventare scrittore e poeta di fama internazionale, Gianni Rodari \u00e8 stato per alcuni anni insegnante di scuola elementare. Ed \u00e8 proprio cos\u00ec che lo ricordano ancora a Ranco, dove Rodari ha insegnato alle classi terza e quarta elementare nell\u2019anno scolastico 1940-1941. Per i suoi alunni, Gianni Rodari <strong>era un maestro speciale<\/strong>. Arrivato in classe quando l\u2019anno era gi\u00e0 iniziato, Rodari non aveva bisogno di farsi rispettare a suon di bacchettate e tirate di orecchie. Amava anzi scherzare assieme ai suoi studenti con dolcezza e affetto, e \u2013 quando il tempo era bello \u2013 accompagnarli nei campi intorno a Ranco, dove spiegava loro i segreti della natura. Sempre con un libro sotto il braccio, non tanto per soddisfare le sue curiosit\u00e0, quanto per farne nascere nuove, <strong>Rodari non ha mai dimenticato gli anni passati a Ranco<\/strong>. Il panorama del lago, la sua tranquillit\u00e0 e le abitudini dei suoi abitanti hanno lasciato un segno profondo nella vita dello scrittore anche dopo il suo trasferimento a Milano e a Roma, il successo come scrittore e la vittoria nel 1980 del Premio Andersen. Un segno di cui si possono ancora trovare le tracce in alcune delle sue opere.<\/p>\n<p>&nbsp;<\/p>\n","protected":false},"excerpt":{"rendered":"<p>Nato a Omegna nel 1920 Rodari ha trascorso la giovinezza e i suoi anni da insegnante in provincia di Varese, tra Gavirate e il Lago Maggiore<\/p>\n","protected":false},"author":43,"featured_media":0,"comment_status":"open","ping_status":"open","sticky":false,"template":"","format":"standard","meta":{"footnotes":""},"categories":[18,2],"tags":[11288,103246],"acf":[],"yoast_head":"<!-- This site is optimized with the Yoast SEO plugin v20.1 - https:\/\/yoast.com\/wordpress\/plugins\/seo\/ -->\n<title>Cento anni di Rodari, il &quot;maestro che non si dimentica&quot;<\/title>\n<meta name=\"description\" content=\"Nato a Omegna nel 1920 Rodari ha trascorso la giovinezza e i suoi anni da insegnante in provincia di Varese, tra Gavirate e il Lago Maggiore\" \/>\n<meta name=\"robots\" content=\"noindex, follow, max-snippet:-1, max-image-preview:large, max-video-preview:-1\" \/>\n<meta property=\"og:locale\" content=\"it_IT\" \/>\n<meta property=\"og:type\" content=\"article\" \/>\n<meta property=\"og:title\" content=\"Cento anni di Rodari, il &quot;maestro che non si dimentica&quot;\" \/>\n<meta property=\"og:description\" content=\"Nato a Omegna nel 1920 Rodari ha trascorso la giovinezza e i suoi anni da insegnante in provincia di Varese, tra Gavirate e il Lago Maggiore\" \/>\n<meta property=\"og:url\" content=\"https:\/\/www.varesenews.it\/2020\/01\/cento-anni-rodari-maestro-non-si-dimentica\/892665\/\" \/>\n<meta property=\"og:site_name\" content=\"VareseNews\" \/>\n<meta property=\"article:publisher\" content=\"https:\/\/www.facebook.com\/varesenews\" \/>\n<meta property=\"article:author\" content=\"https:\/\/www.facebook.com\/mariacarla.cebrelli\" \/>\n<meta property=\"article:published_time\" content=\"2020-01-22T12:33:11+00:00\" \/>\n<meta property=\"article:modified_time\" content=\"2020-01-22T12:33:38+00:00\" \/>\n<meta name=\"author\" content=\"Maria Carla Cebrelli\" \/>\n<meta name=\"twitter:card\" content=\"summary_large_image\" \/>\n<meta name=\"twitter:creator\" content=\"@pikapiketti\" \/>\n<meta name=\"twitter:site\" content=\"@varesenews\" \/>\n<meta name=\"twitter:label1\" content=\"Scritto da\" \/>\n\t<meta name=\"twitter:data1\" content=\"Maria Carla Cebrelli\" \/>\n\t<meta name=\"twitter:label2\" content=\"Tempo di lettura stimato\" \/>\n\t<meta name=\"twitter:data2\" content=\"3 minuti\" \/>\n<script type=\"application\/ld+json\" class=\"yoast-schema-graph\">{\"@context\":\"https:\/\/schema.org\",\"@graph\":[{\"@type\":\"WebPage\",\"@id\":\"https:\/\/www.varesenews.it\/2020\/01\/cento-anni-rodari-maestro-non-si-dimentica\/892665\/\",\"url\":\"https:\/\/www.varesenews.it\/2020\/01\/cento-anni-rodari-maestro-non-si-dimentica\/892665\/\",\"name\":\"Cento anni di Rodari, il \\\"maestro che non si dimentica\\\"\",\"isPartOf\":{\"@id\":\"https:\/\/staging.varesenews.it\/#website\"},\"datePublished\":\"2020-01-22T12:33:11+00:00\",\"dateModified\":\"2020-01-22T12:33:38+00:00\",\"author\":{\"@id\":\"https:\/\/staging.varesenews.it\/#\/schema\/person\/5bf790e99d7ec50061119cc825c454de\"},\"description\":\"Nato a Omegna nel 1920 Rodari ha trascorso la giovinezza e i suoi anni da insegnante in provincia di Varese, tra Gavirate e il Lago Maggiore\",\"breadcrumb\":{\"@id\":\"https:\/\/www.varesenews.it\/2020\/01\/cento-anni-rodari-maestro-non-si-dimentica\/892665\/#breadcrumb\"},\"inLanguage\":\"it-IT\",\"potentialAction\":[{\"@type\":\"ReadAction\",\"target\":[\"https:\/\/www.varesenews.it\/2020\/01\/cento-anni-rodari-maestro-non-si-dimentica\/892665\/\"]}]},{\"@type\":\"BreadcrumbList\",\"@id\":\"https:\/\/www.varesenews.it\/2020\/01\/cento-anni-rodari-maestro-non-si-dimentica\/892665\/#breadcrumb\",\"itemListElement\":[{\"@type\":\"ListItem\",\"position\":1,\"name\":\"Home\",\"item\":\"https:\/\/www.varesenews.it\/\"},{\"@type\":\"ListItem\",\"position\":2,\"name\":\"Cento anni di Rodari, il &#8220;maestro che non si dimentica&#8221;\"}]},{\"@type\":\"WebSite\",\"@id\":\"https:\/\/staging.varesenews.it\/#website\",\"url\":\"https:\/\/staging.varesenews.it\/\",\"name\":\"VareseNews\",\"description\":\"\",\"potentialAction\":[{\"@type\":\"SearchAction\",\"target\":{\"@type\":\"EntryPoint\",\"urlTemplate\":\"https:\/\/staging.varesenews.it\/?s={search_term_string}\"},\"query-input\":\"required name=search_term_string\"}],\"inLanguage\":\"it-IT\"},{\"@type\":\"Person\",\"@id\":\"https:\/\/staging.varesenews.it\/#\/schema\/person\/5bf790e99d7ec50061119cc825c454de\",\"name\":\"Maria Carla Cebrelli\",\"image\":{\"@type\":\"ImageObject\",\"inLanguage\":\"it-IT\",\"@id\":\"https:\/\/staging.varesenews.it\/#\/schema\/person\/image\/\",\"url\":\"https:\/\/staging.varesenews.it\/wp-content\/uploads\/2020\/12\/mariacarla_cebrelli_colori_500-1.jpg\",\"contentUrl\":\"https:\/\/staging.varesenews.it\/wp-content\/uploads\/2020\/12\/mariacarla_cebrelli_colori_500-1.jpg\",\"caption\":\"Maria Carla Cebrelli\"},\"description\":\"Economista di formazione, giornalista per passione. A VareseNews dal 2005, mi sono occupata negli anni di universit&agrave;, tematiche di confine, news locali e comunicazione nel settore sociale. Attualmente sono responsabile di VerbanoNews, del canale di VareseNews dedicato al Turismo e seguo i social dell'area business.\",\"sameAs\":[\"https:\/\/www.facebook.com\/mariacarla.cebrelli\",\"pikapiketti\",\"https:\/\/twitter.com\/pikapiketti\"],\"url\":\"https:\/\/staging.varesenews.it\/persona\/mariacarla-cebrelli1\/\"}]}<\/script>\n<!-- \/ Yoast SEO plugin. -->","yoast_head_json":{"title":"Cento anni di Rodari, il \"maestro che non si dimentica\"","description":"Nato a Omegna nel 1920 Rodari ha trascorso la giovinezza e i suoi anni da insegnante in provincia di Varese, tra Gavirate e il Lago Maggiore","robots":{"index":"noindex","follow":"follow","max-snippet":"max-snippet:-1","max-image-preview":"max-image-preview:large","max-video-preview":"max-video-preview:-1"},"og_locale":"it_IT","og_type":"article","og_title":"Cento anni di Rodari, il \"maestro che non si dimentica\"","og_description":"Nato a Omegna nel 1920 Rodari ha trascorso la giovinezza e i suoi anni da insegnante in provincia di Varese, tra Gavirate e il Lago Maggiore","og_url":"https:\/\/www.varesenews.it\/2020\/01\/cento-anni-rodari-maestro-non-si-dimentica\/892665\/","og_site_name":"VareseNews","article_publisher":"https:\/\/www.facebook.com\/varesenews","article_author":"https:\/\/www.facebook.com\/mariacarla.cebrelli","article_published_time":"2020-01-22T12:33:11+00:00","article_modified_time":"2020-01-22T12:33:38+00:00","author":"Maria Carla Cebrelli","twitter_card":"summary_large_image","twitter_creator":"@pikapiketti","twitter_site":"@varesenews","twitter_misc":{"Scritto da":"Maria Carla Cebrelli","Tempo di lettura stimato":"3 minuti"},"schema":{"@context":"https:\/\/schema.org","@graph":[{"@type":"WebPage","@id":"https:\/\/www.varesenews.it\/2020\/01\/cento-anni-rodari-maestro-non-si-dimentica\/892665\/","url":"https:\/\/www.varesenews.it\/2020\/01\/cento-anni-rodari-maestro-non-si-dimentica\/892665\/","name":"Cento anni di Rodari, il \"maestro che non si dimentica\"","isPartOf":{"@id":"https:\/\/staging.varesenews.it\/#website"},"datePublished":"2020-01-22T12:33:11+00:00","dateModified":"2020-01-22T12:33:38+00:00","author":{"@id":"https:\/\/staging.varesenews.it\/#\/schema\/person\/5bf790e99d7ec50061119cc825c454de"},"description":"Nato a Omegna nel 1920 Rodari ha trascorso la giovinezza e i suoi anni da insegnante in provincia di Varese, tra Gavirate e il Lago Maggiore","breadcrumb":{"@id":"https:\/\/www.varesenews.it\/2020\/01\/cento-anni-rodari-maestro-non-si-dimentica\/892665\/#breadcrumb"},"inLanguage":"it-IT","potentialAction":[{"@type":"ReadAction","target":["https:\/\/www.varesenews.it\/2020\/01\/cento-anni-rodari-maestro-non-si-dimentica\/892665\/"]}]},{"@type":"BreadcrumbList","@id":"https:\/\/www.varesenews.it\/2020\/01\/cento-anni-rodari-maestro-non-si-dimentica\/892665\/#breadcrumb","itemListElement":[{"@type":"ListItem","position":1,"name":"Home","item":"https:\/\/www.varesenews.it\/"},{"@type":"ListItem","position":2,"name":"Cento anni di Rodari, il &#8220;maestro che non si dimentica&#8221;"}]},{"@type":"WebSite","@id":"https:\/\/staging.varesenews.it\/#website","url":"https:\/\/staging.varesenews.it\/","name":"VareseNews","description":"","potentialAction":[{"@type":"SearchAction","target":{"@type":"EntryPoint","urlTemplate":"https:\/\/staging.varesenews.it\/?s={search_term_string}"},"query-input":"required name=search_term_string"}],"inLanguage":"it-IT"},{"@type":"Person","@id":"https:\/\/staging.varesenews.it\/#\/schema\/person\/5bf790e99d7ec50061119cc825c454de","name":"Maria Carla Cebrelli","image":{"@type":"ImageObject","inLanguage":"it-IT","@id":"https:\/\/staging.varesenews.it\/#\/schema\/person\/image\/","url":"https:\/\/staging.varesenews.it\/wp-content\/uploads\/2020\/12\/mariacarla_cebrelli_colori_500-1.jpg","contentUrl":"https:\/\/staging.varesenews.it\/wp-content\/uploads\/2020\/12\/mariacarla_cebrelli_colori_500-1.jpg","caption":"Maria Carla Cebrelli"},"description":"Economista di formazione, giornalista per passione. A VareseNews dal 2005, mi sono occupata negli anni di universit&agrave;, tematiche di confine, news locali e comunicazione nel settore sociale. Attualmente sono responsabile di VerbanoNews, del canale di VareseNews dedicato al Turismo e seguo i social dell'area business.","sameAs":["https:\/\/www.facebook.com\/mariacarla.cebrelli","pikapiketti","https:\/\/twitter.com\/pikapiketti"],"url":"https:\/\/staging.varesenews.it\/persona\/mariacarla-cebrelli1\/"}]}},"post_meta":{"_edit_lock":"1579696447:43","_edit_last":"43","_oembed_519e5620fb155442807632b1c6dbc5b8":"<blockquote class=\"wp-embedded-content\" data-secret=\"8kU29wkPnE\"><a href=\"https:\/\/www.varesenews.it\/2007\/10\/a-lezione-da-rodari-un-maestro-che-non-si-dimentica\/227712\/\">A lezione da Rodari: &#8220;Un maestro che non si dimentica&#8221;<\/a><\/blockquote><iframe class=\"wp-embedded-content\" sandbox=\"allow-scripts\" security=\"restricted\" style=\"position: absolute; clip: rect(1px, 1px, 1px, 1px);\" src=\"https:\/\/www.varesenews.it\/2007\/10\/a-lezione-da-rodari-un-maestro-che-non-si-dimentica\/227712\/embed\/#?secret=8kU29wkPnE\" data-secret=\"8kU29wkPnE\" width=\"500\" height=\"282\" title=\"&#8220;A lezione da Rodari: &#8220;Un maestro che non si dimentica&#8221;&#8221; &#8212; VareseNews\" frameborder=\"0\" marginwidth=\"0\" marginheight=\"0\" scrolling=\"no\"><\/iframe>","_oembed_time_519e5620fb155442807632b1c6dbc5b8":"1579694785","_category_permalink":"a:1:{s:8:\"category\";s:0:\"\";}","foto":"247051","_yoast_wpseo_content_score":"30","_jd_tweet_this":"yes","firma-personalizzata":"Alessandro Guglielmi","argomento":"Cultura","_wpt_short_url":"https:\/\/www.varesenews.it\/2020\/01\/cento-anni-rodari-maestro-non-si-dimentica\/892665\/","_wp_jd_target":"https:\/\/www.varesenews.it\/2020\/01\/cento-anni-rodari-maestro-non-si-dimentica\/892665\/","_jd_wp_twitter":"a:1:{i:0;s:169:\"Cento anni di Rodari, il \u201cmaestro che non si dimentica\u201d https:\/\/www.varesenews.it\/2020\/01\/cento-anni-rodari-maestro-non-si-dimentica\/892665\/ #giannirodari #Rodari100\";}","_wpt_status_message":"Tweet inviato con successo.","ratings_users":"0","ratings_score":"0","ratings_average":"0","id_leggi_anche":"892653,895019,919823"},"photos":[{"original":"https:\/\/staging.varesenews.it\/photogallery_new\/images\/2010\/05\/apertura-gianni-rodari-247051.jpg","full":"https:\/\/staging.varesenews.it\/photogallery_new\/images\/2010\/05\/apertura-gianni-rodari-247051.1024x768.jpg","large":"https:\/\/staging.varesenews.it\/photogallery_new\/images\/2010\/05\/apertura-gianni-rodari-247051.610x431.jpg"}],"_links":{"self":[{"href":"https:\/\/staging.varesenews.it\/swgapi\/v1\/wp\/v2\/posts\/892665"}],"collection":[{"href":"https:\/\/staging.varesenews.it\/swgapi\/v1\/wp\/v2\/posts"}],"about":[{"href":"https:\/\/staging.varesenews.it\/swgapi\/v1\/wp\/v2\/types\/post"}],"author":[{"embeddable":true,"href":"https:\/\/staging.varesenews.it\/swgapi\/v1\/wp\/v2\/users\/43"}],"replies":[{"embeddable":true,"href":"https:\/\/staging.varesenews.it\/swgapi\/v1\/wp\/v2\/comments?post=892665"}],"version-history":[{"count":0,"href":"https:\/\/staging.varesenews.it\/swgapi\/v1\/wp\/v2\/posts\/892665\/revisions"}],"wp:attachment":[{"href":"https:\/\/staging.varesenews.it\/swgapi\/v1\/wp\/v2\/media?parent=892665"}],"wp:term":[{"taxonomy":"category","embeddable":true,"href":"https:\/\/staging.varesenews.it\/swgapi\/v1\/wp\/v2\/categories?post=892665"},{"taxonomy":"post_tag","embeddable":true,"href":"https:\/\/staging.varesenews.it\/swgapi\/v1\/wp\/v2\/tags?post=892665"}],"curies":[{"name":"wp","href":"https:\/\/api.w.org\/{rel}","templated":true}]}}