{"id":895969,"date":"2020-01-31T13:02:36","date_gmt":"2020-01-31T12:02:36","guid":{"rendered":"https:\/\/www.varesenews.it\/?p=895969"},"modified":"2020-01-31T14:25:16","modified_gmt":"2020-01-31T13:25:16","slug":"foresta-citta-migliorare-lambiente-gallarate","status":"publish","type":"post","link":"https:\/\/staging.varesenews.it\/2020\/01\/foresta-citta-migliorare-lambiente-gallarate\/895969\/","title":{"rendered":"Una &#8220;foresta in citt\u00e0&#8221; per migliorare l&#8217;ambiente a Gallarate"},"content":{"rendered":"<p>Un <strong>&#8216;piano per la forestazione urbana&#8217;<\/strong> che da qui al 2030 &#8220;veda incrementare in maniera notevole la presenza di alberature nel territorio del Comune&#8221;. Un modo per migliorare le condizioni ambientali.<\/p>\n<p>La <strong>proposta<\/strong>, messa nero su bianco con una mozione, \u00e8 del <strong>Partito Democratico di Gallarate<\/strong>.<\/p>\n<p>&#8220;La crescita degli alberi, oltre ad <strong>assorbire anidride carbonica dall&#8217;atmosfera<\/strong>, consente di <strong>mitigare le temperature estreme e di annullare l&#8217;effetto noto come &#8216;isola di calore&#8217;,<\/strong> un aumento di temperatura che si determina negli spazi eccessivamente urbanizzati come quello gallaratese, riducendo il fabbisogno di energia per il condizionamento; consente inoltre di trattenere l&#8217;umidit\u00e0 dei suoli e di controllare gli effetti degli eventi meteorologici estremi.\u00a0<strong>Gli alberi in citt\u00e0 rendono poi gli spazi urbani pi\u00f9 belli, piacevoli e vivibili<\/strong>: le attivit\u00e0 di forestazione possono costituire un momento di ripensamento e riqualificazione per spazi pubblici e vie residenziali&#8221;.<\/p>\n<p>Concretamente, il Pd dice che &#8220;\u00e8 necessario che <strong>il Comune si impegni a individuare le aree dove sia possibile piantare nuovi alberi,<\/strong> coinvolgendo sponsor privati anche per quanto riguarda il finanziamento del piano&#8221;. L&#8217;obbiettivo di massima indicato \u00e8 la posa di 10mila alberi in dieci anni, appunto entro il 2030.<\/p>\n<p>Passo successivo: <strong>coinvolgere le scuole di ogni grado<\/strong> in attivit\u00e0 di sensibilizzazione sull&#8217;importanza della conservazione degli ecosistemi boschivi e sul ruolo delle piante nella protezione della biodiversit\u00e0: &#8220;a tale proposito ricordiamo che la legge n\u00b010 del 14\/01\/13 prevede che il 21 novembre di ogni anno si celebri la &#8216;Giornata nazionale degli alberi&#8217;, durante la quale crediamo si possano svolgere attivit\u00e0 di alto valore simbolico come la messa a dimora degli &#8216;alberi dei nuovi nati&#8221;&#8216;.<\/p>\n<p>Una seconda proposta del Pd, sempre mediante mozione (cio\u00e8 una presa di posizione del consiglio comunale che d\u00e0 indirizzo alla giunta che governa la citt\u00e0) riguarda &#8220;l&#8217;introduzione di meccanismi che consentano di realizzare, senza oneri per la Citt\u00e0, <strong>impianti fotovoltaici sulle coperture degli edifici comunali&#8221;<\/strong>.<\/p>\n<p>&#8220;Ricordiamo che nei mesi passati il PD ha presentato la mozione &#8216;p<a href=\"https:\/\/www.varesenews.it\/2019\/10\/anche-gallarate-dichiara-la-emergenza-climatica\/858621\/\" target=\"_blank\" rel=\"noopener\">er aderire alla dichiarazione di emergenza climatica<\/a>&#8216;, approvata dal Consiglio Comunale il 26 settembre scorso (come indirizzo ma senza le parole &#8220;emergenza climatica&#8221;, ndr), e che fra le altre cose impegnava il Sindaco a &#8216;incentivare in tutte le forme possibili le iniziative per la riduzione delle emissioni e per l&#8217;introduzione di energie rinnovabili&#8217;, e la <strong>mozione &#8216;per l&#8217;incentivazione del consumo sostenibile di acqua potabile<\/strong> e per la riduzione della plastica in comune e nelle scuole&#8217;. Quest&#8217;ultima era stata presentata dalla consigliera <strong>Anna Zambon<\/strong> e &#8211; riconosce il Pd &#8211; ne \u00e8 seguito &#8220;un effettivo impegno del Comune in questo senso&#8221;, con la <strong>distribuzione di borracce alle scuole<\/strong>.<\/p>\n<p>&#8220;Ricordiamo infine che le<strong> mozioni per una &#8216;Gallarate citt\u00e0 amica delle biciclette&#8217;<\/strong> (protocollata il 12 febbraio 2017) e per <strong>&#8216;L&#8217;incentivazione della mobilit\u00e0 sostenibile&#8217;<\/strong> (che doveva essere discussa in Consiglio Comunale il 7 Novembre scorso) attendono ancora di essere esaminate: a tale proposito, per evitare ulteriori rinvii, abbiamo fatto formale richiesta di convocazione delle commissioni competenti affinch\u00e9 si possa discutere anche di questi argomenti&#8221;.<\/p>\n","protected":false},"excerpt":{"rendered":"<p>Meno anidride carbonica, meno caldo in estate e una citt\u00e0 pi\u00f9 bella. La proposta \u00e8 del Pd, che prosegue sulla linea gi\u00e0 tracciata con le mozioni, alcune gi\u00e0 approvate, sulla emergenza ambientale, per le borracce riutilizzabili e per una citt\u00e0 ciclabile<\/p>\n","protected":false},"author":46,"featured_media":0,"comment_status":"open","ping_status":"open","sticky":false,"template":"","format":"standard","meta":{"footnotes":""},"categories":[3],"tags":[196,1990],"acf":[],"yoast_head":"<!-- This site is optimized with the Yoast SEO plugin v20.1 - https:\/\/yoast.com\/wordpress\/plugins\/seo\/ -->\n<title>Una &quot;foresta in citt\u00e0&quot; per migliorare l&#039;ambiente a Gallarate<\/title>\n<meta name=\"description\" content=\"Meno anidride carbonica, meno caldo in estate e una citt\u00e0 pi\u00f9 bella. La proposta \u00e8 del Pd, che prosegue sulla linea gi\u00e0 tracciata con le mozioni, alcune gi\u00e0 approvate, sulla emergenza ambientale, per le borracce riutilizzabili e per una citt\u00e0 ciclabile\" \/>\n<meta name=\"robots\" content=\"noindex, follow, max-snippet:-1, max-image-preview:large, max-video-preview:-1\" \/>\n<meta property=\"og:locale\" content=\"it_IT\" \/>\n<meta property=\"og:type\" content=\"article\" \/>\n<meta property=\"og:title\" content=\"Una &quot;foresta in citt\u00e0&quot; per migliorare l&#039;ambiente a Gallarate\" \/>\n<meta property=\"og:description\" content=\"Meno anidride carbonica, meno caldo in estate e una citt\u00e0 pi\u00f9 bella. La proposta \u00e8 del Pd, che prosegue sulla linea gi\u00e0 tracciata con le mozioni, alcune gi\u00e0 approvate, sulla emergenza ambientale, per le borracce riutilizzabili e per una citt\u00e0 ciclabile\" \/>\n<meta property=\"og:url\" content=\"https:\/\/staging.varesenews.it\/2020\/01\/foresta-citta-migliorare-lambiente-gallarate\/895969\/\" \/>\n<meta property=\"og:site_name\" content=\"VareseNews\" \/>\n<meta property=\"article:publisher\" content=\"https:\/\/www.facebook.com\/varesenews\" \/>\n<meta property=\"article:published_time\" content=\"2020-01-31T12:02:36+00:00\" \/>\n<meta property=\"article:modified_time\" content=\"2020-01-31T13:25:16+00:00\" \/>\n<meta name=\"author\" content=\"Roberto Morandi\" \/>\n<meta name=\"twitter:card\" content=\"summary_large_image\" \/>\n<meta name=\"twitter:creator\" content=\"@ilmorands\" \/>\n<meta name=\"twitter:site\" content=\"@varesenews\" \/>\n<meta name=\"twitter:label1\" content=\"Scritto da\" \/>\n\t<meta name=\"twitter:data1\" content=\"Roberto Morandi\" \/>\n\t<meta name=\"twitter:label2\" content=\"Tempo di lettura stimato\" \/>\n\t<meta name=\"twitter:data2\" content=\"2 minuti\" \/>\n<script type=\"application\/ld+json\" class=\"yoast-schema-graph\">{\"@context\":\"https:\/\/schema.org\",\"@graph\":[{\"@type\":\"WebPage\",\"@id\":\"https:\/\/staging.varesenews.it\/2020\/01\/foresta-citta-migliorare-lambiente-gallarate\/895969\/\",\"url\":\"https:\/\/staging.varesenews.it\/2020\/01\/foresta-citta-migliorare-lambiente-gallarate\/895969\/\",\"name\":\"Una \\\"foresta in citt\u00e0\\\" per migliorare l'ambiente a Gallarate\",\"isPartOf\":{\"@id\":\"https:\/\/staging.varesenews.it\/#website\"},\"datePublished\":\"2020-01-31T12:02:36+00:00\",\"dateModified\":\"2020-01-31T13:25:16+00:00\",\"author\":{\"@id\":\"https:\/\/staging.varesenews.it\/#\/schema\/person\/efe592ae4c76536b551f89d8b6674bc3\"},\"description\":\"Meno anidride carbonica, meno caldo in estate e una citt\u00e0 pi\u00f9 bella. La proposta \u00e8 del Pd, che prosegue sulla linea gi\u00e0 tracciata con le mozioni, alcune gi\u00e0 approvate, sulla emergenza ambientale, per le borracce riutilizzabili e per una citt\u00e0 ciclabile\",\"breadcrumb\":{\"@id\":\"https:\/\/staging.varesenews.it\/2020\/01\/foresta-citta-migliorare-lambiente-gallarate\/895969\/#breadcrumb\"},\"inLanguage\":\"it-IT\",\"potentialAction\":[{\"@type\":\"ReadAction\",\"target\":[\"https:\/\/staging.varesenews.it\/2020\/01\/foresta-citta-migliorare-lambiente-gallarate\/895969\/\"]}]},{\"@type\":\"BreadcrumbList\",\"@id\":\"https:\/\/staging.varesenews.it\/2020\/01\/foresta-citta-migliorare-lambiente-gallarate\/895969\/#breadcrumb\",\"itemListElement\":[{\"@type\":\"ListItem\",\"position\":1,\"name\":\"Home\",\"item\":\"https:\/\/www.varesenews.it\/\"},{\"@type\":\"ListItem\",\"position\":2,\"name\":\"Una &#8220;foresta in citt\u00e0&#8221; per migliorare l&#8217;ambiente a Gallarate\"}]},{\"@type\":\"WebSite\",\"@id\":\"https:\/\/staging.varesenews.it\/#website\",\"url\":\"https:\/\/staging.varesenews.it\/\",\"name\":\"VareseNews\",\"description\":\"\",\"potentialAction\":[{\"@type\":\"SearchAction\",\"target\":{\"@type\":\"EntryPoint\",\"urlTemplate\":\"https:\/\/staging.varesenews.it\/?s={search_term_string}\"},\"query-input\":\"required name=search_term_string\"}],\"inLanguage\":\"it-IT\"},{\"@type\":\"Person\",\"@id\":\"https:\/\/staging.varesenews.it\/#\/schema\/person\/efe592ae4c76536b551f89d8b6674bc3\",\"name\":\"Roberto Morandi\",\"image\":{\"@type\":\"ImageObject\",\"inLanguage\":\"it-IT\",\"@id\":\"https:\/\/staging.varesenews.it\/#\/schema\/person\/image\/\",\"url\":\"https:\/\/staging.varesenews.it\/wp-content\/uploads\/2020\/12\/roberto_morandi_colori_500.jpg\",\"contentUrl\":\"https:\/\/staging.varesenews.it\/wp-content\/uploads\/2020\/12\/roberto_morandi_colori_500.jpg\",\"caption\":\"Roberto Morandi\"},\"description\":\"Classe 1980, laureato in storia, mi occupo dell&rsquo;area di Gallarate e di Malpensa, di trasporti e mobilit&agrave;. Amo molto la dimensione della citt&agrave;, come luogo d&rsquo;incontro di persone diverse e come organismo che si trasforma costantemente. Mi piace anche raccontare le piccole e grandi vicende, anche locali, che compongono la Storia con la S maiuscola. Appassionato di bicicletta: la macchina perfetta per muoversi in citt&agrave; e per viaggiare.\",\"sameAs\":[\"https:\/\/twitter.com\/ilmorands\"],\"url\":\"https:\/\/staging.varesenews.it\/persona\/roberto-morandi1\/\"}]}<\/script>\n<!-- \/ Yoast SEO plugin. -->","yoast_head_json":{"title":"Una \"foresta in citt\u00e0\" per migliorare l'ambiente a Gallarate","description":"Meno anidride carbonica, meno caldo in estate e una citt\u00e0 pi\u00f9 bella. La proposta \u00e8 del Pd, che prosegue sulla linea gi\u00e0 tracciata con le mozioni, alcune gi\u00e0 approvate, sulla emergenza ambientale, per le borracce riutilizzabili e per una citt\u00e0 ciclabile","robots":{"index":"noindex","follow":"follow","max-snippet":"max-snippet:-1","max-image-preview":"max-image-preview:large","max-video-preview":"max-video-preview:-1"},"og_locale":"it_IT","og_type":"article","og_title":"Una \"foresta in citt\u00e0\" per migliorare l'ambiente a Gallarate","og_description":"Meno anidride carbonica, meno caldo in estate e una citt\u00e0 pi\u00f9 bella. La proposta \u00e8 del Pd, che prosegue sulla linea gi\u00e0 tracciata con le mozioni, alcune gi\u00e0 approvate, sulla emergenza ambientale, per le borracce riutilizzabili e per una citt\u00e0 ciclabile","og_url":"https:\/\/staging.varesenews.it\/2020\/01\/foresta-citta-migliorare-lambiente-gallarate\/895969\/","og_site_name":"VareseNews","article_publisher":"https:\/\/www.facebook.com\/varesenews","article_published_time":"2020-01-31T12:02:36+00:00","article_modified_time":"2020-01-31T13:25:16+00:00","author":"Roberto Morandi","twitter_card":"summary_large_image","twitter_creator":"@ilmorands","twitter_site":"@varesenews","twitter_misc":{"Scritto da":"Roberto Morandi","Tempo di lettura stimato":"2 minuti"},"schema":{"@context":"https:\/\/schema.org","@graph":[{"@type":"WebPage","@id":"https:\/\/staging.varesenews.it\/2020\/01\/foresta-citta-migliorare-lambiente-gallarate\/895969\/","url":"https:\/\/staging.varesenews.it\/2020\/01\/foresta-citta-migliorare-lambiente-gallarate\/895969\/","name":"Una \"foresta in citt\u00e0\" per migliorare l'ambiente a Gallarate","isPartOf":{"@id":"https:\/\/staging.varesenews.it\/#website"},"datePublished":"2020-01-31T12:02:36+00:00","dateModified":"2020-01-31T13:25:16+00:00","author":{"@id":"https:\/\/staging.varesenews.it\/#\/schema\/person\/efe592ae4c76536b551f89d8b6674bc3"},"description":"Meno anidride carbonica, meno caldo in estate e una citt\u00e0 pi\u00f9 bella. La proposta \u00e8 del Pd, che prosegue sulla linea gi\u00e0 tracciata con le mozioni, alcune gi\u00e0 approvate, sulla emergenza ambientale, per le borracce riutilizzabili e per una citt\u00e0 ciclabile","breadcrumb":{"@id":"https:\/\/staging.varesenews.it\/2020\/01\/foresta-citta-migliorare-lambiente-gallarate\/895969\/#breadcrumb"},"inLanguage":"it-IT","potentialAction":[{"@type":"ReadAction","target":["https:\/\/staging.varesenews.it\/2020\/01\/foresta-citta-migliorare-lambiente-gallarate\/895969\/"]}]},{"@type":"BreadcrumbList","@id":"https:\/\/staging.varesenews.it\/2020\/01\/foresta-citta-migliorare-lambiente-gallarate\/895969\/#breadcrumb","itemListElement":[{"@type":"ListItem","position":1,"name":"Home","item":"https:\/\/www.varesenews.it\/"},{"@type":"ListItem","position":2,"name":"Una &#8220;foresta in citt\u00e0&#8221; per migliorare l&#8217;ambiente a Gallarate"}]},{"@type":"WebSite","@id":"https:\/\/staging.varesenews.it\/#website","url":"https:\/\/staging.varesenews.it\/","name":"VareseNews","description":"","potentialAction":[{"@type":"SearchAction","target":{"@type":"EntryPoint","urlTemplate":"https:\/\/staging.varesenews.it\/?s={search_term_string}"},"query-input":"required name=search_term_string"}],"inLanguage":"it-IT"},{"@type":"Person","@id":"https:\/\/staging.varesenews.it\/#\/schema\/person\/efe592ae4c76536b551f89d8b6674bc3","name":"Roberto Morandi","image":{"@type":"ImageObject","inLanguage":"it-IT","@id":"https:\/\/staging.varesenews.it\/#\/schema\/person\/image\/","url":"https:\/\/staging.varesenews.it\/wp-content\/uploads\/2020\/12\/roberto_morandi_colori_500.jpg","contentUrl":"https:\/\/staging.varesenews.it\/wp-content\/uploads\/2020\/12\/roberto_morandi_colori_500.jpg","caption":"Roberto Morandi"},"description":"Classe 1980, laureato in storia, mi occupo dell&rsquo;area di Gallarate e di Malpensa, di trasporti e mobilit&agrave;. Amo molto la dimensione della citt&agrave;, come luogo d&rsquo;incontro di persone diverse e come organismo che si trasforma costantemente. Mi piace anche raccontare le piccole e grandi vicende, anche locali, che compongono la Storia con la S maiuscola. Appassionato di bicicletta: la macchina perfetta per muoversi in citt&agrave; e per viaggiare.","sameAs":["https:\/\/twitter.com\/ilmorands"],"url":"https:\/\/staging.varesenews.it\/persona\/roberto-morandi1\/"}]}},"post_meta":{"_edit_lock":"1580477060:46","_edit_last":"46","_category_permalink":"a:1:{s:8:\"category\";s:1:\"3\";}","ratings_users":"0","ratings_score":"0","ratings_average":"0","foto":"597410","argomento":"Gallarate","_yoast_wpseo_content_score":"30","_jd_tweet_this":"yes","_wpt_short_url":"https:\/\/www.varesenews.it\/2020\/01\/foresta-citta-migliorare-lambiente-gallarate\/895969\/","_wp_jd_target":"https:\/\/www.varesenews.it\/2020\/01\/foresta-citta-migliorare-lambiente-gallarate\/895969\/","_jd_wp_twitter":"a:1:{i:0;s:179:\"Una \u201cforesta in citt\u00e0\u201d per migliorare l\u2019ambiente a Gallarate https:\/\/www.varesenews.it\/2020\/01\/foresta-citta-migliorare-lambiente-gallarate\/895969\/ #ambiente #verdepubblico\";}","_wpt_status_message":"Tweet inviato con successo."},"photos":[{"original":"https:\/\/staging.varesenews.it\/photogallery_new\/images\/2017\/03\/viale-alberato-597410.jpg","full":"https:\/\/staging.varesenews.it\/photogallery_new\/images\/2017\/03\/viale-alberato-597410.1024x768.jpg","large":"https:\/\/staging.varesenews.it\/photogallery_new\/images\/2017\/03\/viale-alberato-597410.610x431.jpg"}],"_links":{"self":[{"href":"https:\/\/staging.varesenews.it\/swgapi\/v1\/wp\/v2\/posts\/895969"}],"collection":[{"href":"https:\/\/staging.varesenews.it\/swgapi\/v1\/wp\/v2\/posts"}],"about":[{"href":"https:\/\/staging.varesenews.it\/swgapi\/v1\/wp\/v2\/types\/post"}],"author":[{"embeddable":true,"href":"https:\/\/staging.varesenews.it\/swgapi\/v1\/wp\/v2\/users\/46"}],"replies":[{"embeddable":true,"href":"https:\/\/staging.varesenews.it\/swgapi\/v1\/wp\/v2\/comments?post=895969"}],"version-history":[{"count":0,"href":"https:\/\/staging.varesenews.it\/swgapi\/v1\/wp\/v2\/posts\/895969\/revisions"}],"wp:attachment":[{"href":"https:\/\/staging.varesenews.it\/swgapi\/v1\/wp\/v2\/media?parent=895969"}],"wp:term":[{"taxonomy":"category","embeddable":true,"href":"https:\/\/staging.varesenews.it\/swgapi\/v1\/wp\/v2\/categories?post=895969"},{"taxonomy":"post_tag","embeddable":true,"href":"https:\/\/staging.varesenews.it\/swgapi\/v1\/wp\/v2\/tags?post=895969"}],"curies":[{"name":"wp","href":"https:\/\/api.w.org\/{rel}","templated":true}]}}