{"id":898056,"date":"2020-02-07T10:57:34","date_gmt":"2020-02-07T09:57:34","guid":{"rendered":"https:\/\/www.varesenews.it\/?p=898056"},"modified":"2020-02-07T10:59:38","modified_gmt":"2020-02-07T09:59:38","slug":"senso-civico-presenta-suo-candidato","status":"publish","type":"post","link":"https:\/\/staging.varesenews.it\/2020\/02\/senso-civico-presenta-suo-candidato\/898056\/","title":{"rendered":"&#8220;Senso civico&#8221; presenta il suo candidato"},"content":{"rendered":"<p>\u00c8 stato presentato marted\u00ec 4 febbraio, <strong>all\u2019hotel Atlantic di Arona<\/strong>, il programma del <strong>candidato sindaco<\/strong> del gruppo <strong>Senso civico<\/strong>, <strong>Giovanni La Croce<\/strong>. &#8220;Citt\u00e0 vivibile, sicura, in movimento, aperta al mondo, verde e a misura di tutti&#8221;, queste le parole chiave della proposta del gruppo in vista delle amministrative.<\/p>\n<p>Dimezzare il traffico con piste ciclabili, aree pedonali, mobilit\u00e0 <em>green,\u00a0<\/em>attenzione all&#8217;ambiente, riqualificazione della stazione, un nuovo piano della sosta con la creazione di nuovi posti auto, il miglioramento dell\u2019offerta dei trasporti pubblici e trasporti alternativi: questi alcuni degli obiettivi alla base del programma elettorale.<\/p>\n<p>Classe 1969, sposato con due figli e quattro nipoti <strong>La Croce<\/strong> si \u00e8 laureato alla Bocconi e dal 1975 guida uno studio di dottori commercialisti, occupandosi di crisi d\u2019impresa e procedure concorsuali. Lo Studio La Croce oggi conta 80 collaboratori e due sedi, a Milano e Bologna. \u00c8 uno sportivo, pratica ciclismo, ed \u00e8 un grande appassionato di arte e di musica. Ha un profondo legame con <strong>Arona, dove ha vissuto per molti anni e dove torna ogni fine settimana nella casa di famiglia.<\/strong> Sensibile e attento alle problematiche sociali e ambientali, ama Arona e la sua gente.<\/p>\n<p>\u00c8 l\u2019amore per la citt\u00e0 e il desiderio di impegnarsi per migliorarla ad averlo convinto ad accettare l\u2019invito a candidarsi a sindaco, dando vita al progetto Senso civico. \u00abAbbiamo posto le basi per un progetto di lungo respiro che possa favorire l\u2019apertura di una nuova fase amministrativa &#8211; spiega La Croce -. Su molte scelte strategiche l\u2019amministrazione Gusmeroli non ha fatto il bene della citt\u00e0. <strong>Occorre invertire al pi\u00f9 presto la rotta e dare vita a una nuova fase, pi\u00f9 partecipata e senza un uomo solo al comando<\/strong>. Un approccio nuovo, dove dal dialogo e dal confronto con gli aronesi possano scaturire idee che diventeranno azioni amministrative\u00bb. Presenti all\u2019evento numerosi cittadini che hanno avuto la possibilit\u00e0 di confrontarsi direttamente con il candidato.<\/p>\n","protected":false},"excerpt":{"rendered":"<p>&#8220;Citt\u00e0 vivibile, sicura, in movimento, aperta al mondo, verde e a misura di tutti&#8221;, le parole chiave del gruppo che sostiene la candidatura di Giovanni La Croce<\/p>\n","protected":false},"author":43,"featured_media":0,"comment_status":"open","ping_status":"open","sticky":false,"template":"","format":"standard","meta":{"footnotes":""},"categories":[16,2],"tags":[97471,103059],"acf":[],"yoast_head":"<!-- This site is optimized with the Yoast SEO plugin v20.1 - https:\/\/yoast.com\/wordpress\/plugins\/seo\/ -->\n<title>&quot;Senso civico&quot; presenta il suo candidato<\/title>\n<meta name=\"description\" content=\"&quot;Citt\u00e0 vivibile, sicura, in movimento, aperta al mondo, verde e a misura di tutti&quot;, le parole chiave del gruppo che sostiene la candidatura di Giovanni La Croce\" \/>\n<meta name=\"robots\" content=\"noindex, follow, max-snippet:-1, max-image-preview:large, max-video-preview:-1\" \/>\n<meta property=\"og:locale\" content=\"it_IT\" \/>\n<meta property=\"og:type\" content=\"article\" \/>\n<meta property=\"og:title\" content=\"&quot;Senso civico&quot; presenta il suo candidato\" \/>\n<meta property=\"og:description\" content=\"&quot;Citt\u00e0 vivibile, sicura, in movimento, aperta al mondo, verde e a misura di tutti&quot;, le parole chiave del gruppo che sostiene la candidatura di Giovanni La Croce\" \/>\n<meta property=\"og:url\" content=\"https:\/\/staging.varesenews.it\/2020\/02\/senso-civico-presenta-suo-candidato\/898056\/\" \/>\n<meta property=\"og:site_name\" content=\"VareseNews\" \/>\n<meta property=\"article:publisher\" content=\"https:\/\/www.facebook.com\/varesenews\" \/>\n<meta property=\"article:author\" content=\"https:\/\/www.facebook.com\/mariacarla.cebrelli\" \/>\n<meta property=\"article:published_time\" content=\"2020-02-07T09:57:34+00:00\" \/>\n<meta property=\"article:modified_time\" content=\"2020-02-07T09:59:38+00:00\" \/>\n<meta name=\"author\" content=\"Maria Carla Cebrelli\" \/>\n<meta name=\"twitter:card\" content=\"summary_large_image\" \/>\n<meta name=\"twitter:creator\" content=\"@pikapiketti\" \/>\n<meta name=\"twitter:site\" content=\"@varesenews\" \/>\n<meta name=\"twitter:label1\" content=\"Scritto da\" \/>\n\t<meta name=\"twitter:data1\" content=\"Maria Carla Cebrelli\" \/>\n\t<meta name=\"twitter:label2\" content=\"Tempo di lettura stimato\" \/>\n\t<meta name=\"twitter:data2\" content=\"2 minuti\" \/>\n<script type=\"application\/ld+json\" class=\"yoast-schema-graph\">{\"@context\":\"https:\/\/schema.org\",\"@graph\":[{\"@type\":\"WebPage\",\"@id\":\"https:\/\/staging.varesenews.it\/2020\/02\/senso-civico-presenta-suo-candidato\/898056\/\",\"url\":\"https:\/\/staging.varesenews.it\/2020\/02\/senso-civico-presenta-suo-candidato\/898056\/\",\"name\":\"\\\"Senso civico\\\" presenta il suo candidato\",\"isPartOf\":{\"@id\":\"https:\/\/staging.varesenews.it\/#website\"},\"datePublished\":\"2020-02-07T09:57:34+00:00\",\"dateModified\":\"2020-02-07T09:59:38+00:00\",\"author\":{\"@id\":\"https:\/\/staging.varesenews.it\/#\/schema\/person\/5bf790e99d7ec50061119cc825c454de\"},\"description\":\"\\\"Citt\u00e0 vivibile, sicura, in movimento, aperta al mondo, verde e a misura di tutti\\\", le parole chiave del gruppo che sostiene la candidatura di Giovanni La Croce\",\"breadcrumb\":{\"@id\":\"https:\/\/staging.varesenews.it\/2020\/02\/senso-civico-presenta-suo-candidato\/898056\/#breadcrumb\"},\"inLanguage\":\"it-IT\",\"potentialAction\":[{\"@type\":\"ReadAction\",\"target\":[\"https:\/\/staging.varesenews.it\/2020\/02\/senso-civico-presenta-suo-candidato\/898056\/\"]}]},{\"@type\":\"BreadcrumbList\",\"@id\":\"https:\/\/staging.varesenews.it\/2020\/02\/senso-civico-presenta-suo-candidato\/898056\/#breadcrumb\",\"itemListElement\":[{\"@type\":\"ListItem\",\"position\":1,\"name\":\"Home\",\"item\":\"https:\/\/www.varesenews.it\/\"},{\"@type\":\"ListItem\",\"position\":2,\"name\":\"&#8220;Senso civico&#8221; presenta il suo candidato\"}]},{\"@type\":\"WebSite\",\"@id\":\"https:\/\/staging.varesenews.it\/#website\",\"url\":\"https:\/\/staging.varesenews.it\/\",\"name\":\"VareseNews\",\"description\":\"\",\"potentialAction\":[{\"@type\":\"SearchAction\",\"target\":{\"@type\":\"EntryPoint\",\"urlTemplate\":\"https:\/\/staging.varesenews.it\/?s={search_term_string}\"},\"query-input\":\"required name=search_term_string\"}],\"inLanguage\":\"it-IT\"},{\"@type\":\"Person\",\"@id\":\"https:\/\/staging.varesenews.it\/#\/schema\/person\/5bf790e99d7ec50061119cc825c454de\",\"name\":\"Maria Carla Cebrelli\",\"image\":{\"@type\":\"ImageObject\",\"inLanguage\":\"it-IT\",\"@id\":\"https:\/\/staging.varesenews.it\/#\/schema\/person\/image\/\",\"url\":\"https:\/\/staging.varesenews.it\/wp-content\/uploads\/2020\/12\/mariacarla_cebrelli_colori_500-1.jpg\",\"contentUrl\":\"https:\/\/staging.varesenews.it\/wp-content\/uploads\/2020\/12\/mariacarla_cebrelli_colori_500-1.jpg\",\"caption\":\"Maria Carla Cebrelli\"},\"description\":\"Economista di formazione, giornalista per passione. A VareseNews dal 2005, mi sono occupata negli anni di universit&agrave;, tematiche di confine, news locali e comunicazione nel settore sociale. Attualmente sono responsabile di VerbanoNews, del canale di VareseNews dedicato al Turismo e seguo i social dell'area business.\",\"sameAs\":[\"https:\/\/www.facebook.com\/mariacarla.cebrelli\",\"pikapiketti\",\"https:\/\/twitter.com\/pikapiketti\"],\"url\":\"https:\/\/staging.varesenews.it\/persona\/mariacarla-cebrelli1\/\"}]}<\/script>\n<!-- \/ Yoast SEO plugin. -->","yoast_head_json":{"title":"\"Senso civico\" presenta il suo candidato","description":"\"Citt\u00e0 vivibile, sicura, in movimento, aperta al mondo, verde e a misura di tutti\", le parole chiave del gruppo che sostiene la candidatura di Giovanni La Croce","robots":{"index":"noindex","follow":"follow","max-snippet":"max-snippet:-1","max-image-preview":"max-image-preview:large","max-video-preview":"max-video-preview:-1"},"og_locale":"it_IT","og_type":"article","og_title":"\"Senso civico\" presenta il suo candidato","og_description":"\"Citt\u00e0 vivibile, sicura, in movimento, aperta al mondo, verde e a misura di tutti\", le parole chiave del gruppo che sostiene la candidatura di Giovanni La Croce","og_url":"https:\/\/staging.varesenews.it\/2020\/02\/senso-civico-presenta-suo-candidato\/898056\/","og_site_name":"VareseNews","article_publisher":"https:\/\/www.facebook.com\/varesenews","article_author":"https:\/\/www.facebook.com\/mariacarla.cebrelli","article_published_time":"2020-02-07T09:57:34+00:00","article_modified_time":"2020-02-07T09:59:38+00:00","author":"Maria Carla Cebrelli","twitter_card":"summary_large_image","twitter_creator":"@pikapiketti","twitter_site":"@varesenews","twitter_misc":{"Scritto da":"Maria Carla Cebrelli","Tempo di lettura stimato":"2 minuti"},"schema":{"@context":"https:\/\/schema.org","@graph":[{"@type":"WebPage","@id":"https:\/\/staging.varesenews.it\/2020\/02\/senso-civico-presenta-suo-candidato\/898056\/","url":"https:\/\/staging.varesenews.it\/2020\/02\/senso-civico-presenta-suo-candidato\/898056\/","name":"\"Senso civico\" presenta il suo candidato","isPartOf":{"@id":"https:\/\/staging.varesenews.it\/#website"},"datePublished":"2020-02-07T09:57:34+00:00","dateModified":"2020-02-07T09:59:38+00:00","author":{"@id":"https:\/\/staging.varesenews.it\/#\/schema\/person\/5bf790e99d7ec50061119cc825c454de"},"description":"\"Citt\u00e0 vivibile, sicura, in movimento, aperta al mondo, verde e a misura di tutti\", le parole chiave del gruppo che sostiene la candidatura di Giovanni La Croce","breadcrumb":{"@id":"https:\/\/staging.varesenews.it\/2020\/02\/senso-civico-presenta-suo-candidato\/898056\/#breadcrumb"},"inLanguage":"it-IT","potentialAction":[{"@type":"ReadAction","target":["https:\/\/staging.varesenews.it\/2020\/02\/senso-civico-presenta-suo-candidato\/898056\/"]}]},{"@type":"BreadcrumbList","@id":"https:\/\/staging.varesenews.it\/2020\/02\/senso-civico-presenta-suo-candidato\/898056\/#breadcrumb","itemListElement":[{"@type":"ListItem","position":1,"name":"Home","item":"https:\/\/www.varesenews.it\/"},{"@type":"ListItem","position":2,"name":"&#8220;Senso civico&#8221; presenta il suo candidato"}]},{"@type":"WebSite","@id":"https:\/\/staging.varesenews.it\/#website","url":"https:\/\/staging.varesenews.it\/","name":"VareseNews","description":"","potentialAction":[{"@type":"SearchAction","target":{"@type":"EntryPoint","urlTemplate":"https:\/\/staging.varesenews.it\/?s={search_term_string}"},"query-input":"required name=search_term_string"}],"inLanguage":"it-IT"},{"@type":"Person","@id":"https:\/\/staging.varesenews.it\/#\/schema\/person\/5bf790e99d7ec50061119cc825c454de","name":"Maria Carla Cebrelli","image":{"@type":"ImageObject","inLanguage":"it-IT","@id":"https:\/\/staging.varesenews.it\/#\/schema\/person\/image\/","url":"https:\/\/staging.varesenews.it\/wp-content\/uploads\/2020\/12\/mariacarla_cebrelli_colori_500-1.jpg","contentUrl":"https:\/\/staging.varesenews.it\/wp-content\/uploads\/2020\/12\/mariacarla_cebrelli_colori_500-1.jpg","caption":"Maria Carla Cebrelli"},"description":"Economista di formazione, giornalista per passione. A VareseNews dal 2005, mi sono occupata negli anni di universit&agrave;, tematiche di confine, news locali e comunicazione nel settore sociale. Attualmente sono responsabile di VerbanoNews, del canale di VareseNews dedicato al Turismo e seguo i social dell'area business.","sameAs":["https:\/\/www.facebook.com\/mariacarla.cebrelli","pikapiketti","https:\/\/twitter.com\/pikapiketti"],"url":"https:\/\/staging.varesenews.it\/persona\/mariacarla-cebrelli1\/"}]}},"post_meta":{"_edit_lock":"1581069650:43","_edit_last":"43","_category_permalink":"a:1:{s:8:\"category\";s:2:\"16\";}","ratings_users":"0","ratings_score":"0","ratings_average":"0","foto":"785526","firma-personalizzata":"Letizia Nardi","argomento":"Arona","_yoast_wpseo_content_score":"30","_jd_tweet_this":"yes","_wpt_short_url":"https:\/\/www.varesenews.it\/2020\/02\/senso-civico-presenta-suo-candidato\/898056\/","_wp_jd_target":"https:\/\/www.varesenews.it\/2020\/02\/senso-civico-presenta-suo-candidato\/898056\/","_jd_wp_twitter":"a:1:{i:0;s:117:\"Senso civico presenta il suo candidato https:\/\/www.varesenews.it\/2020\/02\/senso-civico-presenta-suo-candidato\/898056\/ \";}","_wpt_status_message":"Tweet inviato con successo."},"photos":[{"original":"https:\/\/staging.varesenews.it\/photogallery_new\/images\/2020\/02\/giovanni-la-croce-arona-785526.jpg","full":"https:\/\/staging.varesenews.it\/photogallery_new\/images\/2020\/02\/giovanni-la-croce-arona-785526.1024x768.jpg","large":"https:\/\/staging.varesenews.it\/photogallery_new\/images\/2020\/02\/giovanni-la-croce-arona-785526.610x431.jpg"}],"_links":{"self":[{"href":"https:\/\/staging.varesenews.it\/swgapi\/v1\/wp\/v2\/posts\/898056"}],"collection":[{"href":"https:\/\/staging.varesenews.it\/swgapi\/v1\/wp\/v2\/posts"}],"about":[{"href":"https:\/\/staging.varesenews.it\/swgapi\/v1\/wp\/v2\/types\/post"}],"author":[{"embeddable":true,"href":"https:\/\/staging.varesenews.it\/swgapi\/v1\/wp\/v2\/users\/43"}],"replies":[{"embeddable":true,"href":"https:\/\/staging.varesenews.it\/swgapi\/v1\/wp\/v2\/comments?post=898056"}],"version-history":[{"count":0,"href":"https:\/\/staging.varesenews.it\/swgapi\/v1\/wp\/v2\/posts\/898056\/revisions"}],"wp:attachment":[{"href":"https:\/\/staging.varesenews.it\/swgapi\/v1\/wp\/v2\/media?parent=898056"}],"wp:term":[{"taxonomy":"category","embeddable":true,"href":"https:\/\/staging.varesenews.it\/swgapi\/v1\/wp\/v2\/categories?post=898056"},{"taxonomy":"post_tag","embeddable":true,"href":"https:\/\/staging.varesenews.it\/swgapi\/v1\/wp\/v2\/tags?post=898056"}],"curies":[{"name":"wp","href":"https:\/\/api.w.org\/{rel}","templated":true}]}}