{"id":900631,"date":"2020-02-14T16:43:06","date_gmt":"2020-02-14T15:43:06","guid":{"rendered":"https:\/\/www.varesenews.it\/?p=900631"},"modified":"2020-02-14T16:45:20","modified_gmt":"2020-02-14T15:45:20","slug":"le-imprese-varese-diventano-podcast","status":"publish","type":"post","link":"https:\/\/staging.varesenews.it\/2020\/02\/le-imprese-varese-diventano-podcast\/900631\/","title":{"rendered":"Le imprese di Varese diventano podcast"},"content":{"rendered":"<p>\u00abL\u2019impresa di raccontare le imprese varesine da oggi \u00e8 anche podcast\u00bb. Ad annunciarlo <strong>Roberto Grassi<\/strong>, presidente<strong> dell\u2019Unione degli Industriali della Provincia di Varese<\/strong>. La novit\u00e0 \u00e8 l\u2019ultima delle iniziative editoriali della redazione del magazine di Univa, <strong>Varesefocus<\/strong>, e inaugura una serie di audio pensati per raccontare le pi\u00f9 belle storie aziendali del territorio.<\/p>\n<p>\u00abIl tessuto industriale della nostra provincia \u00e8 ricco di aneddoti avvincenti: storie di persone e di imprese che hanno portato nel <strong>mondo il made in Varese<\/strong> &#8211; spiega il presidente <strong>Grassi<\/strong> -. A spingere uno dei territori pi\u00f9 industrializzati ed economicamente progrediti d\u2019Europa, ai primi posti tra le province italiane per peso dell\u2019industria nella creazione di valore aggiunto, ci sono stati e ci sono uomini e donne dal talento creativo, acuto ingegno, dotati di quel saper fare tipico che ci rende unici e persino inimitabili. Questa premessa rende sicuramente pi\u00f9 semplice l\u2019obiettivo dell\u2019Unione Industriali varesina di raccontare l\u2019industria e l\u2019economia: la materia prima \u00e8 tanta e di ottima qualit\u00e0. Da sempre ci spinge l\u2019ambizione di portare il racconto giornalistico della nostra impresa a pi\u00f9 persone possibili, stimolando approfondimento, consapevolezza e riflessione: \u00e8 cos\u00ec che nasce Varesefocus, il nostro magazine che ha appena compiuto 20 anni, \u00e8 cos\u00ec che si \u00e8 sviluppata la nostra comunicazione sul web e sui social network. L\u2019obiettivo \u00e8 quello di fare <strong>cultura<\/strong>, andare al cuore delle notizie e rendere consapevole l\u2019opinione pubblica del valore delle nostre imprese, anche attraverso la narrazione, o per dirla in chiave moderna, lo <strong>storytelling<\/strong>. Da qui la naturale e costante evoluzione di questo nostro racconto e delle nostre attivit\u00e0 di comunicazione con l\u2019ultima novit\u00e0: il podcast, uno strumento che per immediatezza e calore, si presta ottimamente a questo obiettivo\u00bb.<br \/>\n<a class=\"spreaker-player\" href=\"https:\/\/www.spreaker.com\/user\/12019275\/la-scalata-di-vibram\" data-resource=\"episode_id=22724909\" data-theme=\"light\" data-autoplay=\"false\" data-playlist=\"false\" data-cover=\"https:\/\/d3wo5wojvuv7l.cloudfront.net\/images.spreaker.com\/original\/04f33b5cb92cb1817751a5ea0d09f9fc.jpg\" data-width=\"100%\" data-height=\"400px\"><strong>Ascolta &#8220;La scalata di Vibram&#8221; su Spreaker.<\/strong><\/a><script async src=\"https:\/\/widget.spreaker.com\/widgets.js\"><\/script><\/p>\n<p>Dalle pagine di <strong>Varesefocus<\/strong>, per arrivare al web fino ai social, l\u2019Unione degli Industriali della Provincia di Varese \u00e8 da sempre alla ricerca di nuovi strumenti per raccontare le #ImpresediVarese, le loro storie di passione e innovazione. Da oggi, quelle storie saranno anche i podcast \u201cBuongiorno Impresa\u201d: narrazioni audio per un inedito viaggio alla scoperta dell\u2019industria e del territorio.<\/p>\n<p>I podcast saranno disponibili sulle principali piattaforme di distribuzione (tra cui <strong>Spotify e Spreaker<\/strong>), su <strong><a href=\"http:\/\/www.varesefocus.it\">www.varesefocus.it <\/a><\/strong>e su <a href=\"http:\/\/www.univa.va.it\">www.univa.va.it<\/a>. Si parte con una storia che per le sue caratteristiche \u00e8 esemplare. La trovate su tutti i vari canali con il titolo: \u201c<strong>La scalata di<\/strong> <strong>Vibram<\/strong>\u201d.<\/p>\n","protected":false},"excerpt":{"rendered":"<p>La nuova iniziativa editoriale del magazine di Univa, Varesefocus, parte da Vibram. Il presidente Roberto Grassi: \u201cContinuiamo a innovare la nostra comunicazione per rendere consapevole l\u2019opinione pubblica del valore delle nostre aziende\u201d<\/p>\n","protected":false},"author":45,"featured_media":0,"comment_status":"open","ping_status":"open","sticky":false,"template":"","format":"standard","meta":{"footnotes":""},"categories":[15,2],"tags":[22780,588],"acf":[],"yoast_head":"<!-- This site is optimized with the Yoast SEO plugin v20.1 - https:\/\/yoast.com\/wordpress\/plugins\/seo\/ -->\n<title>Le imprese di Varese diventano podcast<\/title>\n<meta name=\"description\" content=\"La nuova iniziativa editoriale del magazine di Univa, Varesefocus, parte da Vibram. Il presidente Roberto Grassi: \u201cContinuiamo a innovare la nostra comunicazione per rendere consapevole l\u2019opinione pubblica del valore delle nostre aziende\u201d\" \/>\n<meta name=\"robots\" content=\"noindex, follow, max-snippet:-1, max-image-preview:large, max-video-preview:-1\" \/>\n<meta property=\"og:locale\" content=\"it_IT\" \/>\n<meta property=\"og:type\" content=\"article\" \/>\n<meta property=\"og:title\" content=\"Le imprese di Varese diventano podcast\" \/>\n<meta property=\"og:description\" content=\"La nuova iniziativa editoriale del magazine di Univa, Varesefocus, parte da Vibram. Il presidente Roberto Grassi: \u201cContinuiamo a innovare la nostra comunicazione per rendere consapevole l\u2019opinione pubblica del valore delle nostre aziende\u201d\" \/>\n<meta property=\"og:url\" content=\"https:\/\/staging.varesenews.it\/2020\/02\/le-imprese-varese-diventano-podcast\/900631\/\" \/>\n<meta property=\"og:site_name\" content=\"VareseNews\" \/>\n<meta property=\"article:publisher\" content=\"https:\/\/www.facebook.com\/varesenews\" \/>\n<meta property=\"article:author\" content=\"https:\/\/www.facebook.com\/michele.mancino.5\" \/>\n<meta property=\"article:published_time\" content=\"2020-02-14T15:43:06+00:00\" \/>\n<meta property=\"article:modified_time\" content=\"2020-02-14T15:45:20+00:00\" \/>\n<meta name=\"author\" content=\"Michele Mancino\" \/>\n<meta name=\"twitter:card\" content=\"summary_large_image\" \/>\n<meta name=\"twitter:creator\" content=\"@micmancio\" \/>\n<meta name=\"twitter:site\" content=\"@varesenews\" \/>\n<meta name=\"twitter:label1\" content=\"Scritto da\" \/>\n\t<meta name=\"twitter:data1\" content=\"Michele Mancino\" \/>\n\t<meta name=\"twitter:label2\" content=\"Tempo di lettura stimato\" \/>\n\t<meta name=\"twitter:data2\" content=\"2 minuti\" \/>\n<script type=\"application\/ld+json\" class=\"yoast-schema-graph\">{\"@context\":\"https:\/\/schema.org\",\"@graph\":[{\"@type\":\"WebPage\",\"@id\":\"https:\/\/staging.varesenews.it\/2020\/02\/le-imprese-varese-diventano-podcast\/900631\/\",\"url\":\"https:\/\/staging.varesenews.it\/2020\/02\/le-imprese-varese-diventano-podcast\/900631\/\",\"name\":\"Le imprese di Varese diventano podcast\",\"isPartOf\":{\"@id\":\"https:\/\/staging.varesenews.it\/#website\"},\"datePublished\":\"2020-02-14T15:43:06+00:00\",\"dateModified\":\"2020-02-14T15:45:20+00:00\",\"author\":{\"@id\":\"https:\/\/staging.varesenews.it\/#\/schema\/person\/308b491d3cb680ead199e5ff6c6ce540\"},\"description\":\"La nuova iniziativa editoriale del magazine di Univa, Varesefocus, parte da Vibram. Il presidente Roberto Grassi: \u201cContinuiamo a innovare la nostra comunicazione per rendere consapevole l\u2019opinione pubblica del valore delle nostre aziende\u201d\",\"breadcrumb\":{\"@id\":\"https:\/\/staging.varesenews.it\/2020\/02\/le-imprese-varese-diventano-podcast\/900631\/#breadcrumb\"},\"inLanguage\":\"it-IT\",\"potentialAction\":[{\"@type\":\"ReadAction\",\"target\":[\"https:\/\/staging.varesenews.it\/2020\/02\/le-imprese-varese-diventano-podcast\/900631\/\"]}]},{\"@type\":\"BreadcrumbList\",\"@id\":\"https:\/\/staging.varesenews.it\/2020\/02\/le-imprese-varese-diventano-podcast\/900631\/#breadcrumb\",\"itemListElement\":[{\"@type\":\"ListItem\",\"position\":1,\"name\":\"Home\",\"item\":\"https:\/\/www.varesenews.it\/\"},{\"@type\":\"ListItem\",\"position\":2,\"name\":\"Le imprese di Varese diventano podcast\"}]},{\"@type\":\"WebSite\",\"@id\":\"https:\/\/staging.varesenews.it\/#website\",\"url\":\"https:\/\/staging.varesenews.it\/\",\"name\":\"VareseNews\",\"description\":\"\",\"potentialAction\":[{\"@type\":\"SearchAction\",\"target\":{\"@type\":\"EntryPoint\",\"urlTemplate\":\"https:\/\/staging.varesenews.it\/?s={search_term_string}\"},\"query-input\":\"required name=search_term_string\"}],\"inLanguage\":\"it-IT\"},{\"@type\":\"Person\",\"@id\":\"https:\/\/staging.varesenews.it\/#\/schema\/person\/308b491d3cb680ead199e5ff6c6ce540\",\"name\":\"Michele Mancino\",\"image\":{\"@type\":\"ImageObject\",\"inLanguage\":\"it-IT\",\"@id\":\"https:\/\/staging.varesenews.it\/#\/schema\/person\/image\/\",\"url\":\"https:\/\/staging.varesenews.it\/wp-content\/uploads\/2020\/12\/michele_mancino_colori_500.jpg\",\"contentUrl\":\"https:\/\/staging.varesenews.it\/wp-content\/uploads\/2020\/12\/michele_mancino_colori_500.jpg\",\"caption\":\"Michele Mancino\"},\"description\":\"Sono a VareseNews da prima che nascesse. Ho inserito le prime notizie in una stringa di codice html, la lingua di internet. Aprivo i computer, cambiavo schede di rete e portavo i server dal provider. A met&agrave; degli anni &rsquo;90 il giornalista online doveva saper fare anche questo. Ho vissuto gli anni drammatici della bolla speculativa di Internet e quelli entusiastici della crescita, anni in cui VareseNews era un Davide in mezzo a tanti Golia. Poi sono arrivati i social, le nuove piattaforme e soprattutto gli smartphone, una postazione di lavoro racchiusa in una mano. Una nuova rivoluzione. Insomma, &egrave; stata, ed &egrave; ancora, un&rsquo;avventura entusiasmante perch&eacute; mi insegna giorno dopo giorno che il cambiamento &egrave; l&rsquo;unica certezza di questa fragile esistenza.\",\"sameAs\":[\"https:\/\/www.facebook.com\/michele.mancino.5\",\"micmancio\",\"Aggiorna le impostazioni del tuo profilo pubblicoit.linkedin.com\/pub\/michele-mancino\/28\/b71\/890\/it\",\"https:\/\/twitter.com\/micmancio\"],\"url\":\"https:\/\/staging.varesenews.it\/persona\/michele_mancino\/\"}]}<\/script>\n<!-- \/ Yoast SEO plugin. -->","yoast_head_json":{"title":"Le imprese di Varese diventano podcast","description":"La nuova iniziativa editoriale del magazine di Univa, Varesefocus, parte da Vibram. Il presidente Roberto Grassi: \u201cContinuiamo a innovare la nostra comunicazione per rendere consapevole l\u2019opinione pubblica del valore delle nostre aziende\u201d","robots":{"index":"noindex","follow":"follow","max-snippet":"max-snippet:-1","max-image-preview":"max-image-preview:large","max-video-preview":"max-video-preview:-1"},"og_locale":"it_IT","og_type":"article","og_title":"Le imprese di Varese diventano podcast","og_description":"La nuova iniziativa editoriale del magazine di Univa, Varesefocus, parte da Vibram. Il presidente Roberto Grassi: \u201cContinuiamo a innovare la nostra comunicazione per rendere consapevole l\u2019opinione pubblica del valore delle nostre aziende\u201d","og_url":"https:\/\/staging.varesenews.it\/2020\/02\/le-imprese-varese-diventano-podcast\/900631\/","og_site_name":"VareseNews","article_publisher":"https:\/\/www.facebook.com\/varesenews","article_author":"https:\/\/www.facebook.com\/michele.mancino.5","article_published_time":"2020-02-14T15:43:06+00:00","article_modified_time":"2020-02-14T15:45:20+00:00","author":"Michele Mancino","twitter_card":"summary_large_image","twitter_creator":"@micmancio","twitter_site":"@varesenews","twitter_misc":{"Scritto da":"Michele Mancino","Tempo di lettura stimato":"2 minuti"},"schema":{"@context":"https:\/\/schema.org","@graph":[{"@type":"WebPage","@id":"https:\/\/staging.varesenews.it\/2020\/02\/le-imprese-varese-diventano-podcast\/900631\/","url":"https:\/\/staging.varesenews.it\/2020\/02\/le-imprese-varese-diventano-podcast\/900631\/","name":"Le imprese di Varese diventano podcast","isPartOf":{"@id":"https:\/\/staging.varesenews.it\/#website"},"datePublished":"2020-02-14T15:43:06+00:00","dateModified":"2020-02-14T15:45:20+00:00","author":{"@id":"https:\/\/staging.varesenews.it\/#\/schema\/person\/308b491d3cb680ead199e5ff6c6ce540"},"description":"La nuova iniziativa editoriale del magazine di Univa, Varesefocus, parte da Vibram. Il presidente Roberto Grassi: \u201cContinuiamo a innovare la nostra comunicazione per rendere consapevole l\u2019opinione pubblica del valore delle nostre aziende\u201d","breadcrumb":{"@id":"https:\/\/staging.varesenews.it\/2020\/02\/le-imprese-varese-diventano-podcast\/900631\/#breadcrumb"},"inLanguage":"it-IT","potentialAction":[{"@type":"ReadAction","target":["https:\/\/staging.varesenews.it\/2020\/02\/le-imprese-varese-diventano-podcast\/900631\/"]}]},{"@type":"BreadcrumbList","@id":"https:\/\/staging.varesenews.it\/2020\/02\/le-imprese-varese-diventano-podcast\/900631\/#breadcrumb","itemListElement":[{"@type":"ListItem","position":1,"name":"Home","item":"https:\/\/www.varesenews.it\/"},{"@type":"ListItem","position":2,"name":"Le imprese di Varese diventano podcast"}]},{"@type":"WebSite","@id":"https:\/\/staging.varesenews.it\/#website","url":"https:\/\/staging.varesenews.it\/","name":"VareseNews","description":"","potentialAction":[{"@type":"SearchAction","target":{"@type":"EntryPoint","urlTemplate":"https:\/\/staging.varesenews.it\/?s={search_term_string}"},"query-input":"required name=search_term_string"}],"inLanguage":"it-IT"},{"@type":"Person","@id":"https:\/\/staging.varesenews.it\/#\/schema\/person\/308b491d3cb680ead199e5ff6c6ce540","name":"Michele Mancino","image":{"@type":"ImageObject","inLanguage":"it-IT","@id":"https:\/\/staging.varesenews.it\/#\/schema\/person\/image\/","url":"https:\/\/staging.varesenews.it\/wp-content\/uploads\/2020\/12\/michele_mancino_colori_500.jpg","contentUrl":"https:\/\/staging.varesenews.it\/wp-content\/uploads\/2020\/12\/michele_mancino_colori_500.jpg","caption":"Michele Mancino"},"description":"Sono a VareseNews da prima che nascesse. Ho inserito le prime notizie in una stringa di codice html, la lingua di internet. Aprivo i computer, cambiavo schede di rete e portavo i server dal provider. A met&agrave; degli anni &rsquo;90 il giornalista online doveva saper fare anche questo. Ho vissuto gli anni drammatici della bolla speculativa di Internet e quelli entusiastici della crescita, anni in cui VareseNews era un Davide in mezzo a tanti Golia. Poi sono arrivati i social, le nuove piattaforme e soprattutto gli smartphone, una postazione di lavoro racchiusa in una mano. Una nuova rivoluzione. Insomma, &egrave; stata, ed &egrave; ancora, un&rsquo;avventura entusiasmante perch&eacute; mi insegna giorno dopo giorno che il cambiamento &egrave; l&rsquo;unica certezza di questa fragile esistenza.","sameAs":["https:\/\/www.facebook.com\/michele.mancino.5","micmancio","Aggiorna le impostazioni del tuo profilo pubblicoit.linkedin.com\/pub\/michele-mancino\/28\/b71\/890\/it","https:\/\/twitter.com\/micmancio"],"url":"https:\/\/staging.varesenews.it\/persona\/michele_mancino\/"}]}},"post_meta":{"_edit_lock":"1581695087:45","_edit_last":"45","_category_permalink":"a:1:{s:8:\"category\";s:2:\"15\";}","ratings_users":"0","ratings_score":"0","ratings_average":"0","foto":"787328","firma_come_redazione":"1","argomento":"Economia","_yoast_wpseo_content_score":"30","_jd_tweet_this":"yes","_wpt_short_url":"https:\/\/www.varesenews.it\/2020\/02\/le-imprese-varese-diventano-podcast\/900631\/","_wp_jd_target":"https:\/\/www.varesenews.it\/2020\/02\/le-imprese-varese-diventano-podcast\/900631\/","_jd_wp_twitter":"a:1:{i:0;s:123:\"Le imprese di Varese diventano podcast https:\/\/www.varesenews.it\/2020\/02\/le-imprese-varese-diventano-podcast\/900631\/ #univa\";}","_wpt_status_message":"Tweet inviato con successo."},"photos":[{"original":"https:\/\/staging.varesenews.it\/photogallery_new\/images\/2020\/02\/generico-2018-787328.jpg","full":"https:\/\/staging.varesenews.it\/photogallery_new\/images\/2020\/02\/generico-2018-787328.1024x768.jpg","large":"https:\/\/staging.varesenews.it\/photogallery_new\/images\/2020\/02\/generico-2018-787328.610x431.jpg"}],"_links":{"self":[{"href":"https:\/\/staging.varesenews.it\/swgapi\/v1\/wp\/v2\/posts\/900631"}],"collection":[{"href":"https:\/\/staging.varesenews.it\/swgapi\/v1\/wp\/v2\/posts"}],"about":[{"href":"https:\/\/staging.varesenews.it\/swgapi\/v1\/wp\/v2\/types\/post"}],"author":[{"embeddable":true,"href":"https:\/\/staging.varesenews.it\/swgapi\/v1\/wp\/v2\/users\/45"}],"replies":[{"embeddable":true,"href":"https:\/\/staging.varesenews.it\/swgapi\/v1\/wp\/v2\/comments?post=900631"}],"version-history":[{"count":0,"href":"https:\/\/staging.varesenews.it\/swgapi\/v1\/wp\/v2\/posts\/900631\/revisions"}],"wp:attachment":[{"href":"https:\/\/staging.varesenews.it\/swgapi\/v1\/wp\/v2\/media?parent=900631"}],"wp:term":[{"taxonomy":"category","embeddable":true,"href":"https:\/\/staging.varesenews.it\/swgapi\/v1\/wp\/v2\/categories?post=900631"},{"taxonomy":"post_tag","embeddable":true,"href":"https:\/\/staging.varesenews.it\/swgapi\/v1\/wp\/v2\/tags?post=900631"}],"curies":[{"name":"wp","href":"https:\/\/api.w.org\/{rel}","templated":true}]}}