{"id":900667,"date":"2020-02-14T18:04:35","date_gmt":"2020-02-14T17:04:35","guid":{"rendered":"https:\/\/www.varesenews.it\/?p=900667"},"modified":"2020-02-14T18:04:35","modified_gmt":"2020-02-14T17:04:35","slug":"si-arriva-dallaereoporto-allaereo","status":"publish","type":"post","link":"https:\/\/staging.varesenews.it\/2020\/02\/si-arriva-dallaereoporto-allaereo\/900667\/","title":{"rendered":"Come si arriva dall&#8217;aereoporto all&#8217;aereo?"},"content":{"rendered":"<p><em>Push-back<\/em>, <em>ambulift<\/em>, o <em>cobus<\/em>. Sono i mezzi utilizzati negli aeroporti per trasportare i passeggeri all&#8217;interno dei velivoli. Si tratta di un sistema complesso gestito dai Trasporti integrati, l&#8217;insieme di persone e mezzi che operano nel piazzale e che assistono i viaggiatori durante tutto il percorso fino ad arrivare all&#8217;interno dell&#8217;aereo.<\/p>\n<p>Gli scenari per entrare in un aeromobile sono due: si pu\u00f2 entrare direttamente dall&#8217;aeroporto, attraversando il corridoio &#8211; chiamato in gergo tecnico <em><strong>finger<\/strong> <\/em>&#8211;\u00a0oppure prendere un mezzo, nel caso in cui l&#8217;aereo sia distante dal gate.<\/p>\n<p>Nel secondo caso, il mezzo su cui si sale \u00e8 il cosiddetto <strong><em>cobus<\/em><\/strong>: un veicolo simile agli autobus che girano in citt\u00e0, ma pi\u00f9 basso e pi\u00f9 largo. In genere possono trasportare circa 100 persone alla volta. A Malpensa ci sono 22 cobus, mentre a Linate 15. Sea, il gestore aeroportuale dei due aeroporti, ha annunciato che a breve rinnover\u00e0 le proprie flotte: i nuovi mezzi avranno migliori sistemi di condizionamento e riscaldamento e saranno diesel di ultima generazione, mentre \u00e8 allo studio lo sviluppo di soluzioni elettriche abbastanza performanti.<\/p>\n<p><div class=\"photo-inside-post\"><img decoding=\"async\" loading=\"lazy\" fetchpriority=\"low\" width=\"610\" height=\"431\" src=\"https:\/\/staging.varesenews.it\/photogallery_new\/images\/2020\/02\/generico-2018-787370.610x431.jpg\" alt=\"Cobus Malpensa\"><\/div> Un cobus di Malpensa (foto di Sea)<\/p>\n<p>Sea ha dedicato un lungo post su Medium sul complesso sistema dei Trasporti integrati, che si pu\u00f2 trovare <a href=\"https:\/\/medium.com\/sea-where-travel-begins\/non-chiamateli-autobus-975d425d350b\">qui<\/a>.<\/p>\n","protected":false},"excerpt":{"rendered":"<p>Il trasporto dei passeggeri dall&#8217;interno della stazione all&#8217;aeromobile \u00e8 un sistema complesso, gestito dai Trasporti integrati<\/p>\n","protected":false},"author":15865,"featured_media":0,"comment_status":"open","ping_status":"open","sticky":false,"template":"","format":"standard","meta":{"footnotes":""},"categories":[3,17],"tags":[66134,56337,104016,1095,104015],"acf":[],"yoast_head":"<!-- This site is optimized with the Yoast SEO plugin v20.1 - https:\/\/yoast.com\/wordpress\/plugins\/seo\/ -->\n<title>Come si arriva dall&#039;aereoporto all&#039;aereo?<\/title>\n<meta name=\"description\" content=\"Il trasporto dei passeggeri dall&#039;interno della stazione all&#039;aeromobile \u00e8 un sistema complesso, gestito dai Trasporti integrati\" \/>\n<meta name=\"robots\" content=\"noindex, follow, max-snippet:-1, max-image-preview:large, max-video-preview:-1\" \/>\n<meta property=\"og:locale\" content=\"it_IT\" \/>\n<meta property=\"og:type\" content=\"article\" \/>\n<meta property=\"og:title\" content=\"Come si arriva dall&#039;aereoporto all&#039;aereo?\" \/>\n<meta property=\"og:description\" content=\"Il trasporto dei passeggeri dall&#039;interno della stazione all&#039;aeromobile \u00e8 un sistema complesso, gestito dai Trasporti integrati\" \/>\n<meta property=\"og:url\" content=\"https:\/\/staging.varesenews.it\/2020\/02\/si-arriva-dallaereoporto-allaereo\/900667\/\" \/>\n<meta property=\"og:site_name\" content=\"VareseNews\" \/>\n<meta property=\"article:publisher\" content=\"https:\/\/www.facebook.com\/varesenews\" \/>\n<meta property=\"article:published_time\" content=\"2020-02-14T17:04:35+00:00\" \/>\n<meta name=\"author\" content=\"Marco Caccianiga\" \/>\n<meta name=\"twitter:card\" content=\"summary_large_image\" \/>\n<meta name=\"twitter:creator\" content=\"@varesenews\" \/>\n<meta name=\"twitter:site\" content=\"@varesenews\" \/>\n<meta name=\"twitter:label1\" content=\"Scritto da\" \/>\n\t<meta name=\"twitter:data1\" content=\"Marco Caccianiga\" \/>\n\t<meta name=\"twitter:label2\" content=\"Tempo di lettura stimato\" \/>\n\t<meta name=\"twitter:data2\" content=\"1 minuto\" \/>\n<script type=\"application\/ld+json\" class=\"yoast-schema-graph\">{\"@context\":\"https:\/\/schema.org\",\"@graph\":[{\"@type\":\"WebPage\",\"@id\":\"https:\/\/staging.varesenews.it\/2020\/02\/si-arriva-dallaereoporto-allaereo\/900667\/\",\"url\":\"https:\/\/staging.varesenews.it\/2020\/02\/si-arriva-dallaereoporto-allaereo\/900667\/\",\"name\":\"Come si arriva dall'aereoporto all'aereo?\",\"isPartOf\":{\"@id\":\"https:\/\/staging.varesenews.it\/#website\"},\"datePublished\":\"2020-02-14T17:04:35+00:00\",\"dateModified\":\"2020-02-14T17:04:35+00:00\",\"author\":{\"@id\":\"https:\/\/staging.varesenews.it\/#\/schema\/person\/84ad54bc2b078fdd9aba0587b87dfaef\"},\"description\":\"Il trasporto dei passeggeri dall'interno della stazione all'aeromobile \u00e8 un sistema complesso, gestito dai Trasporti integrati\",\"breadcrumb\":{\"@id\":\"https:\/\/staging.varesenews.it\/2020\/02\/si-arriva-dallaereoporto-allaereo\/900667\/#breadcrumb\"},\"inLanguage\":\"it-IT\",\"potentialAction\":[{\"@type\":\"ReadAction\",\"target\":[\"https:\/\/staging.varesenews.it\/2020\/02\/si-arriva-dallaereoporto-allaereo\/900667\/\"]}]},{\"@type\":\"BreadcrumbList\",\"@id\":\"https:\/\/staging.varesenews.it\/2020\/02\/si-arriva-dallaereoporto-allaereo\/900667\/#breadcrumb\",\"itemListElement\":[{\"@type\":\"ListItem\",\"position\":1,\"name\":\"Home\",\"item\":\"https:\/\/www.varesenews.it\/\"},{\"@type\":\"ListItem\",\"position\":2,\"name\":\"Come si arriva dall&#8217;aereoporto all&#8217;aereo?\"}]},{\"@type\":\"WebSite\",\"@id\":\"https:\/\/staging.varesenews.it\/#website\",\"url\":\"https:\/\/staging.varesenews.it\/\",\"name\":\"VareseNews\",\"description\":\"\",\"potentialAction\":[{\"@type\":\"SearchAction\",\"target\":{\"@type\":\"EntryPoint\",\"urlTemplate\":\"https:\/\/staging.varesenews.it\/?s={search_term_string}\"},\"query-input\":\"required name=search_term_string\"}],\"inLanguage\":\"it-IT\"},{\"@type\":\"Person\",\"@id\":\"https:\/\/staging.varesenews.it\/#\/schema\/person\/84ad54bc2b078fdd9aba0587b87dfaef\",\"name\":\"Marco Caccianiga\",\"image\":{\"@type\":\"ImageObject\",\"inLanguage\":\"it-IT\",\"@id\":\"https:\/\/staging.varesenews.it\/#\/schema\/person\/image\/\",\"url\":\"https:\/\/staging.varesenews.it\/wp-content\/uploads\/2015\/03\/mistery.jpg\",\"contentUrl\":\"https:\/\/staging.varesenews.it\/wp-content\/uploads\/2015\/03\/mistery.jpg\",\"caption\":\"Marco Caccianiga\"},\"url\":\"https:\/\/staging.varesenews.it\/persona\/marco-caccianiga\/\"}]}<\/script>\n<!-- \/ Yoast SEO plugin. -->","yoast_head_json":{"title":"Come si arriva dall'aereoporto all'aereo?","description":"Il trasporto dei passeggeri dall'interno della stazione all'aeromobile \u00e8 un sistema complesso, gestito dai Trasporti integrati","robots":{"index":"noindex","follow":"follow","max-snippet":"max-snippet:-1","max-image-preview":"max-image-preview:large","max-video-preview":"max-video-preview:-1"},"og_locale":"it_IT","og_type":"article","og_title":"Come si arriva dall'aereoporto all'aereo?","og_description":"Il trasporto dei passeggeri dall'interno della stazione all'aeromobile \u00e8 un sistema complesso, gestito dai Trasporti integrati","og_url":"https:\/\/staging.varesenews.it\/2020\/02\/si-arriva-dallaereoporto-allaereo\/900667\/","og_site_name":"VareseNews","article_publisher":"https:\/\/www.facebook.com\/varesenews","article_published_time":"2020-02-14T17:04:35+00:00","author":"Marco Caccianiga","twitter_card":"summary_large_image","twitter_creator":"@varesenews","twitter_site":"@varesenews","twitter_misc":{"Scritto da":"Marco Caccianiga","Tempo di lettura stimato":"1 minuto"},"schema":{"@context":"https:\/\/schema.org","@graph":[{"@type":"WebPage","@id":"https:\/\/staging.varesenews.it\/2020\/02\/si-arriva-dallaereoporto-allaereo\/900667\/","url":"https:\/\/staging.varesenews.it\/2020\/02\/si-arriva-dallaereoporto-allaereo\/900667\/","name":"Come si arriva dall'aereoporto all'aereo?","isPartOf":{"@id":"https:\/\/staging.varesenews.it\/#website"},"datePublished":"2020-02-14T17:04:35+00:00","dateModified":"2020-02-14T17:04:35+00:00","author":{"@id":"https:\/\/staging.varesenews.it\/#\/schema\/person\/84ad54bc2b078fdd9aba0587b87dfaef"},"description":"Il trasporto dei passeggeri dall'interno della stazione all'aeromobile \u00e8 un sistema complesso, gestito dai Trasporti integrati","breadcrumb":{"@id":"https:\/\/staging.varesenews.it\/2020\/02\/si-arriva-dallaereoporto-allaereo\/900667\/#breadcrumb"},"inLanguage":"it-IT","potentialAction":[{"@type":"ReadAction","target":["https:\/\/staging.varesenews.it\/2020\/02\/si-arriva-dallaereoporto-allaereo\/900667\/"]}]},{"@type":"BreadcrumbList","@id":"https:\/\/staging.varesenews.it\/2020\/02\/si-arriva-dallaereoporto-allaereo\/900667\/#breadcrumb","itemListElement":[{"@type":"ListItem","position":1,"name":"Home","item":"https:\/\/www.varesenews.it\/"},{"@type":"ListItem","position":2,"name":"Come si arriva dall&#8217;aereoporto all&#8217;aereo?"}]},{"@type":"WebSite","@id":"https:\/\/staging.varesenews.it\/#website","url":"https:\/\/staging.varesenews.it\/","name":"VareseNews","description":"","potentialAction":[{"@type":"SearchAction","target":{"@type":"EntryPoint","urlTemplate":"https:\/\/staging.varesenews.it\/?s={search_term_string}"},"query-input":"required name=search_term_string"}],"inLanguage":"it-IT"},{"@type":"Person","@id":"https:\/\/staging.varesenews.it\/#\/schema\/person\/84ad54bc2b078fdd9aba0587b87dfaef","name":"Marco Caccianiga","image":{"@type":"ImageObject","inLanguage":"it-IT","@id":"https:\/\/staging.varesenews.it\/#\/schema\/person\/image\/","url":"https:\/\/staging.varesenews.it\/wp-content\/uploads\/2015\/03\/mistery.jpg","contentUrl":"https:\/\/staging.varesenews.it\/wp-content\/uploads\/2015\/03\/mistery.jpg","caption":"Marco Caccianiga"},"url":"https:\/\/staging.varesenews.it\/persona\/marco-caccianiga\/"}]}},"post_meta":{"_edit_lock":"1581699796:15865","_edit_last":"15865","_category_permalink":"a:1:{s:8:\"category\";s:0:\"\";}","foto":"782234","firma_come_redazione":"1","argomento":"Aeroporto","_yoast_wpseo_content_score":"30","_jd_tweet_this":"yes","ratings_users":"0","ratings_score":"0","ratings_average":"0","_wpt_short_url":"https:\/\/www.varesenews.it\/2020\/02\/si-arriva-dallaereoporto-allaereo\/900667\/","_wp_jd_target":"https:\/\/www.varesenews.it\/2020\/02\/si-arriva-dallaereoporto-allaereo\/900667\/","_jd_wp_twitter":"a:1:{i:0;s:150:\"Come si arriva dall\u2019aereoporto all\u2019aereo? https:\/\/www.varesenews.it\/2020\/02\/si-arriva-dallaereoporto-allaereo\/900667\/ #aeroportolinate #cobus #Sea\";}","_wpt_status_message":"Tweet inviato con successo."},"photos":[{"original":"https:\/\/staging.varesenews.it\/photogallery_new\/images\/2020\/01\/il-nuovo-airbus-a321-neo-di-easyjet-782234.jpg","full":"https:\/\/staging.varesenews.it\/photogallery_new\/images\/2020\/01\/il-nuovo-airbus-a321-neo-di-easyjet-782234.1024x768.jpg","large":"https:\/\/staging.varesenews.it\/photogallery_new\/images\/2020\/01\/il-nuovo-airbus-a321-neo-di-easyjet-782234.610x431.jpg"}],"_links":{"self":[{"href":"https:\/\/staging.varesenews.it\/swgapi\/v1\/wp\/v2\/posts\/900667"}],"collection":[{"href":"https:\/\/staging.varesenews.it\/swgapi\/v1\/wp\/v2\/posts"}],"about":[{"href":"https:\/\/staging.varesenews.it\/swgapi\/v1\/wp\/v2\/types\/post"}],"author":[{"embeddable":true,"href":"https:\/\/staging.varesenews.it\/swgapi\/v1\/wp\/v2\/users\/15865"}],"replies":[{"embeddable":true,"href":"https:\/\/staging.varesenews.it\/swgapi\/v1\/wp\/v2\/comments?post=900667"}],"version-history":[{"count":0,"href":"https:\/\/staging.varesenews.it\/swgapi\/v1\/wp\/v2\/posts\/900667\/revisions"}],"wp:attachment":[{"href":"https:\/\/staging.varesenews.it\/swgapi\/v1\/wp\/v2\/media?parent=900667"}],"wp:term":[{"taxonomy":"category","embeddable":true,"href":"https:\/\/staging.varesenews.it\/swgapi\/v1\/wp\/v2\/categories?post=900667"},{"taxonomy":"post_tag","embeddable":true,"href":"https:\/\/staging.varesenews.it\/swgapi\/v1\/wp\/v2\/tags?post=900667"}],"curies":[{"name":"wp","href":"https:\/\/api.w.org\/{rel}","templated":true}]}}