{"id":901925,"date":"2020-02-19T12:17:09","date_gmt":"2020-02-19T11:17:09","guid":{"rendered":"https:\/\/www.varesenews.it\/?p=901925"},"modified":"2020-02-19T13:07:53","modified_gmt":"2020-02-19T12:07:53","slug":"parco-del-ticino-infestato-dalla-processionaria","status":"publish","type":"post","link":"https:\/\/staging.varesenews.it\/2020\/02\/parco-del-ticino-infestato-dalla-processionaria\/901925\/","title":{"rendered":"Il Parco del Ticino \u00e8 infestato dalla processionaria"},"content":{"rendered":"<p><strong>Nel Parco del Ticino \u00e8 allarme processionaria.<\/strong> Sono decine i <strong>pini marittimi infestati<\/strong> e il caldo di questo mite inverno rischia di accelerare il processo di nascita dei pericolosi insetti che cadranno a terra. ( <a href=\"https:\/\/it.wikipedia.org\/wiki\/Thaumetopoea_pityocampa\" target=\"_blank\" rel=\"noopener\">Cos&#8217;\u00e8 e cosa fa la processionaria)<\/a><\/p>\n<p><strong>L\u2019allarme viene sollevato da Ats Insubria<\/strong>: \u00ab La situazione \u00e8 decisamente preoccupante &#8211; spiega la<strong> biologa Elena Tettamanzi<\/strong>\u00a0dirigente dell\u2019Uoc Igiene e Sanit\u00e0 pubblica dell\u2019Agenzia &#8211; Stiamo invitando i sindaci a prestare attenzione al fenomeno e ci mettiamo a disposizione per definire gli interventi urgenti da attuare\u00bb.<\/p>\n<p>In questi giorni sono molte le segnalazioni che arrivano un po\u2019 da tutto il territorio: \u00ab Il nostro compito &#8211; spiega la dirigente di Ats Insubria &#8211;\u00a0 \u00e8 quello di coinvolgere i comuni perch\u00e9 emettano ordinanze e intervengano negli spazi di loro competenza. In questo momento \u00e8 ancora possibile coinvolgere<strong> aziende che si occupano del taglio delle piante<\/strong> perch\u00e8 cos\u00ec si elimina il problema prima che si schiudano le uova. Una volta a terra, si pu\u00f2 solo effettuare <strong>interventi di disinfestazione per via aerea<\/strong> con costi decisamente superiori\u00bb.<\/p>\n<p>Il problema dell&#8217;eliminazione della processionaria \u00e8 soprattutto una questione economica: spesso per incuria ma a volte per mancanza di fondi non si contrasta adeguatamente il fenomeno.<br \/>\n\u00ab In questi giorni, anche solo percorrendo la<strong> Statale 336 della Malpensa, si pu\u00f2 vedere la gravit\u00e0 della situazione<\/strong>. In questi casi occorre agire con tempestivit\u00e0 e su larga scala\u00bb.<\/p>\n<div class=\"photo-inside-post\"><img decoding=\"async\" loading=\"lazy\" fetchpriority=\"low\" width=\"610\" height=\"431\" src=\"https:\/\/staging.varesenews.it\/photogallery_new\/images\/2016\/03\/la-processionaria-523428.610x431.jpg\" alt=\"La processionaria\"><\/div>\n<p>Al momento, l\u2019Ufficio di Ats Insubria non ha segnalazioni di altri gravi casi di infestazione: \u00ab Ci sono nidi sugli alberi un po\u2019 dappertutto &#8211; commenta la dottoressa Tettamanzi &#8211; ma sono situazioni contenute e gestibili. Per il Parco del Ticino \u00e8 un po\u2019 pi\u00f9 preoccupante\u00bb.<\/p>\n<p>I comuni sono invitati a emettere<strong> ordinanze la cui inosservanza presuppone la sanzione pecuniaria<\/strong>: \u00ab Noi non abbiamo compiti sanzionatori &#8211; spiega la biologa &#8211; possiamo solo informare, formare e, nel caso, insistere perch\u00e9 si adottino misure\u00bb.<\/p>\n<p><strong>I tempi di intervento, dato il clima mite, sono ridotti<\/strong>: \u00ab C\u2019\u00e8 il rischio che la caduta dai nidi arrivi gi\u00e0 il mese prossimo. Quindi fate attenzione a passeggiare con i vostri cani nel Parco del Ticino. Siate prudenti e guadatevi bene attorno\u00bb<\/p>\n","protected":false},"excerpt":{"rendered":"<p>L&#8217;Ufficio di Igiene e salute pubblica di Ats Insubria chiede un intervento urgente: &#8220;Con il clima mite favorisce la schiusa delle uova&#8221;<\/p>\n","protected":false},"author":33,"featured_media":0,"comment_status":"open","ping_status":"open","sticky":false,"template":"","format":"standard","meta":{"footnotes":""},"categories":[3,7,24],"tags":[56136,1607,56420],"acf":[],"yoast_head":"<!-- This site is optimized with the Yoast SEO plugin v20.1 - https:\/\/yoast.com\/wordpress\/plugins\/seo\/ -->\n<title>Il Parco del Ticino \u00e8 infestato dalla processionaria<\/title>\n<meta name=\"description\" content=\"L&#039;Ufficio di Igiene e salute pubblica di Ats Insubria chiede un intervento urgente: &quot;Con il clima mite favorisce la schiusa delle uova&quot;\" \/>\n<meta name=\"robots\" content=\"noindex, follow, max-snippet:-1, max-image-preview:large, max-video-preview:-1\" \/>\n<meta property=\"og:locale\" content=\"it_IT\" \/>\n<meta property=\"og:type\" content=\"article\" \/>\n<meta property=\"og:title\" content=\"Il Parco del Ticino \u00e8 infestato dalla processionaria\" \/>\n<meta property=\"og:description\" content=\"L&#039;Ufficio di Igiene e salute pubblica di Ats Insubria chiede un intervento urgente: &quot;Con il clima mite favorisce la schiusa delle uova&quot;\" \/>\n<meta property=\"og:url\" content=\"https:\/\/staging.varesenews.it\/2020\/02\/parco-del-ticino-infestato-dalla-processionaria\/901925\/\" \/>\n<meta property=\"og:site_name\" content=\"VareseNews\" \/>\n<meta property=\"article:publisher\" content=\"https:\/\/www.facebook.com\/varesenews\" \/>\n<meta property=\"article:author\" content=\"alessandra.toni7\" \/>\n<meta property=\"article:published_time\" content=\"2020-02-19T11:17:09+00:00\" \/>\n<meta property=\"article:modified_time\" content=\"2020-02-19T12:07:53+00:00\" \/>\n<meta name=\"author\" content=\"Alessandra Toni\" \/>\n<meta name=\"twitter:card\" content=\"summary_large_image\" \/>\n<meta name=\"twitter:creator\" content=\"@alessandra_toni\" \/>\n<meta name=\"twitter:site\" content=\"@varesenews\" \/>\n<meta name=\"twitter:label1\" content=\"Scritto da\" \/>\n\t<meta name=\"twitter:data1\" content=\"Alessandra Toni\" \/>\n\t<meta name=\"twitter:label2\" content=\"Tempo di lettura stimato\" \/>\n\t<meta name=\"twitter:data2\" content=\"2 minuti\" \/>\n<script type=\"application\/ld+json\" class=\"yoast-schema-graph\">{\"@context\":\"https:\/\/schema.org\",\"@graph\":[{\"@type\":\"WebPage\",\"@id\":\"https:\/\/staging.varesenews.it\/2020\/02\/parco-del-ticino-infestato-dalla-processionaria\/901925\/\",\"url\":\"https:\/\/staging.varesenews.it\/2020\/02\/parco-del-ticino-infestato-dalla-processionaria\/901925\/\",\"name\":\"Il Parco del Ticino \u00e8 infestato dalla processionaria\",\"isPartOf\":{\"@id\":\"https:\/\/staging.varesenews.it\/#website\"},\"datePublished\":\"2020-02-19T11:17:09+00:00\",\"dateModified\":\"2020-02-19T12:07:53+00:00\",\"author\":{\"@id\":\"https:\/\/staging.varesenews.it\/#\/schema\/person\/2643ce123d4a3c9511e015dc548779b8\"},\"description\":\"L'Ufficio di Igiene e salute pubblica di Ats Insubria chiede un intervento urgente: \\\"Con il clima mite favorisce la schiusa delle uova\\\"\",\"breadcrumb\":{\"@id\":\"https:\/\/staging.varesenews.it\/2020\/02\/parco-del-ticino-infestato-dalla-processionaria\/901925\/#breadcrumb\"},\"inLanguage\":\"it-IT\",\"potentialAction\":[{\"@type\":\"ReadAction\",\"target\":[\"https:\/\/staging.varesenews.it\/2020\/02\/parco-del-ticino-infestato-dalla-processionaria\/901925\/\"]}]},{\"@type\":\"BreadcrumbList\",\"@id\":\"https:\/\/staging.varesenews.it\/2020\/02\/parco-del-ticino-infestato-dalla-processionaria\/901925\/#breadcrumb\",\"itemListElement\":[{\"@type\":\"ListItem\",\"position\":1,\"name\":\"Home\",\"item\":\"https:\/\/www.varesenews.it\/\"},{\"@type\":\"ListItem\",\"position\":2,\"name\":\"Il Parco del Ticino \u00e8 infestato dalla processionaria\"}]},{\"@type\":\"WebSite\",\"@id\":\"https:\/\/staging.varesenews.it\/#website\",\"url\":\"https:\/\/staging.varesenews.it\/\",\"name\":\"VareseNews\",\"description\":\"\",\"potentialAction\":[{\"@type\":\"SearchAction\",\"target\":{\"@type\":\"EntryPoint\",\"urlTemplate\":\"https:\/\/staging.varesenews.it\/?s={search_term_string}\"},\"query-input\":\"required name=search_term_string\"}],\"inLanguage\":\"it-IT\"},{\"@type\":\"Person\",\"@id\":\"https:\/\/staging.varesenews.it\/#\/schema\/person\/2643ce123d4a3c9511e015dc548779b8\",\"name\":\"Alessandra Toni\",\"image\":{\"@type\":\"ImageObject\",\"inLanguage\":\"it-IT\",\"@id\":\"https:\/\/staging.varesenews.it\/#\/schema\/person\/image\/\",\"url\":\"https:\/\/staging.varesenews.it\/wp-content\/uploads\/2020\/12\/alessandra_toni_colori_500.jpg\",\"contentUrl\":\"https:\/\/staging.varesenews.it\/wp-content\/uploads\/2020\/12\/alessandra_toni_colori_500.jpg\",\"caption\":\"Alessandra Toni\"},\"description\":\"Sono entrata nella redazione di VareseNews nel lontano anno 2000. Ero reduce da una bellissima esperienza nella redazione giornalistica della TV Nuova Antennatre, sotto la direzione dell'indimenticabile direttore Adolfo Caldarini. Sono arrivata quando era ancora una piccola realt\u00e0 editoriale e insieme abbiamo fatto un lungo ed entusiasmante lavoro. Mi occupo prevalentemente di scuola e di sanit\u00e0, settori impegnativi di grande valore sociale.\u00a0\",\"sameAs\":[\"alessandra.toni7\",\"alessandra.toni\",\"https:\/\/twitter.com\/alessandra_toni\"],\"url\":\"https:\/\/staging.varesenews.it\/persona\/alessandra_toni1\/\"}]}<\/script>\n<!-- \/ Yoast SEO plugin. -->","yoast_head_json":{"title":"Il Parco del Ticino \u00e8 infestato dalla processionaria","description":"L'Ufficio di Igiene e salute pubblica di Ats Insubria chiede un intervento urgente: \"Con il clima mite favorisce la schiusa delle uova\"","robots":{"index":"noindex","follow":"follow","max-snippet":"max-snippet:-1","max-image-preview":"max-image-preview:large","max-video-preview":"max-video-preview:-1"},"og_locale":"it_IT","og_type":"article","og_title":"Il Parco del Ticino \u00e8 infestato dalla processionaria","og_description":"L'Ufficio di Igiene e salute pubblica di Ats Insubria chiede un intervento urgente: \"Con il clima mite favorisce la schiusa delle uova\"","og_url":"https:\/\/staging.varesenews.it\/2020\/02\/parco-del-ticino-infestato-dalla-processionaria\/901925\/","og_site_name":"VareseNews","article_publisher":"https:\/\/www.facebook.com\/varesenews","article_author":"alessandra.toni7","article_published_time":"2020-02-19T11:17:09+00:00","article_modified_time":"2020-02-19T12:07:53+00:00","author":"Alessandra Toni","twitter_card":"summary_large_image","twitter_creator":"@alessandra_toni","twitter_site":"@varesenews","twitter_misc":{"Scritto da":"Alessandra Toni","Tempo di lettura stimato":"2 minuti"},"schema":{"@context":"https:\/\/schema.org","@graph":[{"@type":"WebPage","@id":"https:\/\/staging.varesenews.it\/2020\/02\/parco-del-ticino-infestato-dalla-processionaria\/901925\/","url":"https:\/\/staging.varesenews.it\/2020\/02\/parco-del-ticino-infestato-dalla-processionaria\/901925\/","name":"Il Parco del Ticino \u00e8 infestato dalla processionaria","isPartOf":{"@id":"https:\/\/staging.varesenews.it\/#website"},"datePublished":"2020-02-19T11:17:09+00:00","dateModified":"2020-02-19T12:07:53+00:00","author":{"@id":"https:\/\/staging.varesenews.it\/#\/schema\/person\/2643ce123d4a3c9511e015dc548779b8"},"description":"L'Ufficio di Igiene e salute pubblica di Ats Insubria chiede un intervento urgente: \"Con il clima mite favorisce la schiusa delle uova\"","breadcrumb":{"@id":"https:\/\/staging.varesenews.it\/2020\/02\/parco-del-ticino-infestato-dalla-processionaria\/901925\/#breadcrumb"},"inLanguage":"it-IT","potentialAction":[{"@type":"ReadAction","target":["https:\/\/staging.varesenews.it\/2020\/02\/parco-del-ticino-infestato-dalla-processionaria\/901925\/"]}]},{"@type":"BreadcrumbList","@id":"https:\/\/staging.varesenews.it\/2020\/02\/parco-del-ticino-infestato-dalla-processionaria\/901925\/#breadcrumb","itemListElement":[{"@type":"ListItem","position":1,"name":"Home","item":"https:\/\/www.varesenews.it\/"},{"@type":"ListItem","position":2,"name":"Il Parco del Ticino \u00e8 infestato dalla processionaria"}]},{"@type":"WebSite","@id":"https:\/\/staging.varesenews.it\/#website","url":"https:\/\/staging.varesenews.it\/","name":"VareseNews","description":"","potentialAction":[{"@type":"SearchAction","target":{"@type":"EntryPoint","urlTemplate":"https:\/\/staging.varesenews.it\/?s={search_term_string}"},"query-input":"required name=search_term_string"}],"inLanguage":"it-IT"},{"@type":"Person","@id":"https:\/\/staging.varesenews.it\/#\/schema\/person\/2643ce123d4a3c9511e015dc548779b8","name":"Alessandra Toni","image":{"@type":"ImageObject","inLanguage":"it-IT","@id":"https:\/\/staging.varesenews.it\/#\/schema\/person\/image\/","url":"https:\/\/staging.varesenews.it\/wp-content\/uploads\/2020\/12\/alessandra_toni_colori_500.jpg","contentUrl":"https:\/\/staging.varesenews.it\/wp-content\/uploads\/2020\/12\/alessandra_toni_colori_500.jpg","caption":"Alessandra Toni"},"description":"Sono entrata nella redazione di VareseNews nel lontano anno 2000. Ero reduce da una bellissima esperienza nella redazione giornalistica della TV Nuova Antennatre, sotto la direzione dell'indimenticabile direttore Adolfo Caldarini. Sono arrivata quando era ancora una piccola realt\u00e0 editoriale e insieme abbiamo fatto un lungo ed entusiasmante lavoro. Mi occupo prevalentemente di scuola e di sanit\u00e0, settori impegnativi di grande valore sociale.\u00a0","sameAs":["alessandra.toni7","alessandra.toni","https:\/\/twitter.com\/alessandra_toni"],"url":"https:\/\/staging.varesenews.it\/persona\/alessandra_toni1\/"}]}},"post_meta":{"_edit_lock":"1582119386:33","_edit_last":"33","_category_permalink":"a:1:{s:8:\"category\";s:2:\"24\";}","foto":"526602","firma-personalizzata":"A.T.","_yoast_wpseo_content_score":"30","_jd_tweet_this":"yes","ratings_users":"0","ratings_score":"0","ratings_average":"0","_wpt_short_url":"https:\/\/www.varesenews.it\/2020\/02\/parco-del-ticino-infestato-dalla-processionaria\/901925\/","_wp_jd_target":"https:\/\/www.varesenews.it\/2020\/02\/parco-del-ticino-infestato-dalla-processionaria\/901925\/","_jd_wp_twitter":"a:1:{i:0;s:188:\"Il Parco del Ticino \u00e8 infestato dalla processionaria https:\/\/www.varesenews.it\/2020\/02\/parco-del-ticino-infestato-dalla-processionaria\/901925\/ #atsinsubria #parcodelTicino #processionaria\";}","_wpt_status_message":"Tweet inviato con successo.","_yoast_wpseo_focuskw_text_input":"processionaria","_yoast_wpseo_focuskw":"processionaria","_yoast_wpseo_linkdex":"71"},"photos":[{"original":"https:\/\/staging.varesenews.it\/photogallery_new\/images\/2016\/03\/la-processionaria-526602.jpg","full":"https:\/\/staging.varesenews.it\/photogallery_new\/images\/2016\/03\/la-processionaria-526602.1024x768.jpg","large":"https:\/\/staging.varesenews.it\/photogallery_new\/images\/2016\/03\/la-processionaria-526602.610x431.jpg"}],"_links":{"self":[{"href":"https:\/\/staging.varesenews.it\/swgapi\/v1\/wp\/v2\/posts\/901925"}],"collection":[{"href":"https:\/\/staging.varesenews.it\/swgapi\/v1\/wp\/v2\/posts"}],"about":[{"href":"https:\/\/staging.varesenews.it\/swgapi\/v1\/wp\/v2\/types\/post"}],"author":[{"embeddable":true,"href":"https:\/\/staging.varesenews.it\/swgapi\/v1\/wp\/v2\/users\/33"}],"replies":[{"embeddable":true,"href":"https:\/\/staging.varesenews.it\/swgapi\/v1\/wp\/v2\/comments?post=901925"}],"version-history":[{"count":0,"href":"https:\/\/staging.varesenews.it\/swgapi\/v1\/wp\/v2\/posts\/901925\/revisions"}],"wp:attachment":[{"href":"https:\/\/staging.varesenews.it\/swgapi\/v1\/wp\/v2\/media?parent=901925"}],"wp:term":[{"taxonomy":"category","embeddable":true,"href":"https:\/\/staging.varesenews.it\/swgapi\/v1\/wp\/v2\/categories?post=901925"},{"taxonomy":"post_tag","embeddable":true,"href":"https:\/\/staging.varesenews.it\/swgapi\/v1\/wp\/v2\/tags?post=901925"}],"curies":[{"name":"wp","href":"https:\/\/api.w.org\/{rel}","templated":true}]}}