{"id":902138,"date":"2020-02-20T09:00:00","date_gmt":"2020-02-20T08:00:00","guid":{"rendered":"https:\/\/www.varesenews.it\/?p=902138"},"modified":"2020-02-20T12:24:43","modified_gmt":"2020-02-20T11:24:43","slug":"futuro-incerto-la-catena-moreno","status":"publish","type":"post","link":"https:\/\/staging.varesenews.it\/2020\/02\/futuro-incerto-la-catena-moreno\/902138\/","title":{"rendered":"Futuro incerto per la catena &#8220;Da Moreno&#8221;"},"content":{"rendered":"<p>&#8220;<strong>Da Moreno dove tutto costa meno<\/strong>&#8221; \u00e8 forse lo slogan pi\u00f9 conosciuto tra quelli dei negozi della provincia di Varese e non solo. Il simbolo dello\u00a0<b>shopping low<\/b><strong>-cost<\/strong>, dov&#8217;\u00e8 possibile comprare di tutto, dai prodotti casalinghi alle piante, dall&#8217;arredo ai vestiti di carnevale, sta vivendo un momento di <strong>crisi profonda.<\/strong><\/p>\n<p>Nato quasi vent&#8217;anni fa a <strong>Rancio Valcuvia<\/strong>, in poco tempo \u00e8 diventato un gruppo commerciale con una rete di dodici punti vendita dislocati in\u00a0<strong>Lombardia e<\/strong>\u00a0\u00a0<strong>Piemonte. <\/strong>Mentre i\u00a0negozi con l&#8217;insegna &#8220;<strong>Da Moreno&#8221; <\/strong>presenti\u00a0nel <strong>Canton Ticino<\/strong> non sono toccati da questa crisi perch\u00e9 <a href=\"https:\/\/www.varesenews.it\/2020\/02\/i-negozi-svizzeri-da-moreno-non-centrano-con-la-crisi\/902331\/\"><strong>appartengono a una societ\u00e0 diversa<\/strong>.<\/a><\/p>\n<p>I lavoratori, che <strong>hanno ricevuto tredicesima e quattordicesima<\/strong>, ma non ancora lo stipendio di gennaio, sono preoccupati perch\u00e9 non vedono una prospettiva chiara. \u00abLa propriet\u00e0 non si esprime sul futuro e questo crea inquietudine tra i dipendenti che hanno alcune mensilit\u00e0 arretrate &#8211; spiega <strong>Matteo Tibaldo<\/strong>, della <strong>Filcams Cgil<\/strong> -. All&#8217;inizio di questa crisi c&#8217;era un problema di liquidit\u00e0 evidente, la societ\u00e0 aveva fatto degli investimenti ma i risultati non si vedevano. Aveva promesso che avrebbe sanato le posizioni dei lavoratori che avevano aperto la vertenza, e cos\u00ec \u00e8 stato. Con il tempo per\u00f2 la situazione non \u00e8 per niente migliorata, anzi, \u00e8 peggiorata ulteriormente, tanto che il <strong>negozio di Gallarate aperto a novembre ha gi\u00e0 chiuso<\/strong> i battenti ed \u00e8 aumentato il numero dei lavoratori che si sono rivolti al nostro ufficio vertenze\u00bb.<\/p>\n<p>Le ipotesi sul destino della catena di negozi &#8220;Da Moreno&#8221; sono diverse: le pi\u00f9 accreditate oscillano tra una <strong>vendita in blocco a un consorzio italocinese,<\/strong> ipotesi avallata da alcune visite in avanscoperta fatte da personaggi orientali ai negozi del <strong>Varesotto<\/strong>, <strong>alla consegna dei libri in tribunale<\/strong>, l&#8217;ipotesi pi\u00f9 temuta e scongiurata dagli <strong>oltre cento\u00a0dipendenti<\/strong> del gruppo. \u00abNon confermo e non smentisco nessuna delle due ipotesi &#8211; ha detto <strong>Alessio Ariotto<\/strong> uno dei due soci fondatori -. Ho incontrato stamani il sindacato e gli sviluppi sono tutti possibili, ma non li voglio commentare\u00bb.<\/p>\n<p>Nei negozi iniziano a scarseggiare i rifornimenti, i magazzini sono in sofferenza e alcuni fornitori hanno ritirato dagli scaffali i loro prodotti. \u00abStiamo seguendo alcuni lavoratori che hanno mensilit\u00e0 arretrate &#8211; conclude <strong>Giuseppe D&#8217;Aquaro<\/strong> della <strong>Fisascat Cisl dei Laghi<\/strong> -. \u00c8 una situazione oggettivamente difficile ma \u00e8 chiaro che il nostro auspicio \u00e8 che l&#8217;azienda si salvi e con essa tutti i posti di lavoro\u00bb.<\/p>\n","protected":false},"excerpt":{"rendered":"<p>\u00c8 crisi per i negozi dello shopping low cost. Tra le possibilit\u00e0 la vendita in blocco a un consorzio italocinese <\/p>\n","protected":false},"author":45,"featured_media":0,"comment_status":"open","ping_status":"open","sticky":false,"template":"","format":"standard","meta":{"footnotes":""},"categories":[15,3,17,2],"tags":[6305],"acf":[],"yoast_head":"<!-- This site is optimized with the Yoast SEO plugin v20.1 - https:\/\/yoast.com\/wordpress\/plugins\/seo\/ -->\n<title>Futuro incerto per la catena &quot;Da Moreno&quot;<\/title>\n<meta name=\"description\" content=\"\u00c8 crisi per i negozi dello shopping low cost. Tra le possibilit\u00e0 la vendita in blocco a un consorzio italocinese\" \/>\n<meta name=\"robots\" content=\"noindex, follow, max-snippet:-1, max-image-preview:large, max-video-preview:-1\" \/>\n<meta property=\"og:locale\" content=\"it_IT\" \/>\n<meta property=\"og:type\" content=\"article\" \/>\n<meta property=\"og:title\" content=\"Futuro incerto per la catena &quot;Da Moreno&quot;\" \/>\n<meta property=\"og:description\" content=\"\u00c8 crisi per i negozi dello shopping low cost. Tra le possibilit\u00e0 la vendita in blocco a un consorzio italocinese\" \/>\n<meta property=\"og:url\" content=\"https:\/\/www.varesenews.it\/2020\/02\/futuro-incerto-la-catena-moreno\/902138\/\" \/>\n<meta property=\"og:site_name\" content=\"VareseNews\" \/>\n<meta property=\"article:publisher\" content=\"https:\/\/www.facebook.com\/varesenews\" \/>\n<meta property=\"article:author\" content=\"https:\/\/www.facebook.com\/michele.mancino.5\" \/>\n<meta property=\"article:published_time\" content=\"2020-02-20T08:00:00+00:00\" \/>\n<meta property=\"article:modified_time\" content=\"2020-02-20T11:24:43+00:00\" \/>\n<meta name=\"author\" content=\"Michele Mancino\" \/>\n<meta name=\"twitter:card\" content=\"summary_large_image\" \/>\n<meta name=\"twitter:creator\" content=\"@micmancio\" \/>\n<meta name=\"twitter:site\" content=\"@varesenews\" \/>\n<meta name=\"twitter:label1\" content=\"Scritto da\" \/>\n\t<meta name=\"twitter:data1\" content=\"Michele Mancino\" \/>\n\t<meta name=\"twitter:label2\" content=\"Tempo di lettura stimato\" \/>\n\t<meta name=\"twitter:data2\" content=\"2 minuti\" \/>\n<script type=\"application\/ld+json\" class=\"yoast-schema-graph\">{\"@context\":\"https:\/\/schema.org\",\"@graph\":[{\"@type\":\"WebPage\",\"@id\":\"https:\/\/www.varesenews.it\/2020\/02\/futuro-incerto-la-catena-moreno\/902138\/\",\"url\":\"https:\/\/www.varesenews.it\/2020\/02\/futuro-incerto-la-catena-moreno\/902138\/\",\"name\":\"Futuro incerto per la catena \\\"Da Moreno\\\"\",\"isPartOf\":{\"@id\":\"https:\/\/staging.varesenews.it\/#website\"},\"datePublished\":\"2020-02-20T08:00:00+00:00\",\"dateModified\":\"2020-02-20T11:24:43+00:00\",\"author\":{\"@id\":\"https:\/\/staging.varesenews.it\/#\/schema\/person\/308b491d3cb680ead199e5ff6c6ce540\"},\"description\":\"\u00c8 crisi per i negozi dello shopping low cost. Tra le possibilit\u00e0 la vendita in blocco a un consorzio italocinese\",\"breadcrumb\":{\"@id\":\"https:\/\/www.varesenews.it\/2020\/02\/futuro-incerto-la-catena-moreno\/902138\/#breadcrumb\"},\"inLanguage\":\"it-IT\",\"potentialAction\":[{\"@type\":\"ReadAction\",\"target\":[\"https:\/\/www.varesenews.it\/2020\/02\/futuro-incerto-la-catena-moreno\/902138\/\"]}]},{\"@type\":\"BreadcrumbList\",\"@id\":\"https:\/\/www.varesenews.it\/2020\/02\/futuro-incerto-la-catena-moreno\/902138\/#breadcrumb\",\"itemListElement\":[{\"@type\":\"ListItem\",\"position\":1,\"name\":\"Home\",\"item\":\"https:\/\/www.varesenews.it\/\"},{\"@type\":\"ListItem\",\"position\":2,\"name\":\"Futuro incerto per la catena &#8220;Da Moreno&#8221;\"}]},{\"@type\":\"WebSite\",\"@id\":\"https:\/\/staging.varesenews.it\/#website\",\"url\":\"https:\/\/staging.varesenews.it\/\",\"name\":\"VareseNews\",\"description\":\"\",\"potentialAction\":[{\"@type\":\"SearchAction\",\"target\":{\"@type\":\"EntryPoint\",\"urlTemplate\":\"https:\/\/staging.varesenews.it\/?s={search_term_string}\"},\"query-input\":\"required name=search_term_string\"}],\"inLanguage\":\"it-IT\"},{\"@type\":\"Person\",\"@id\":\"https:\/\/staging.varesenews.it\/#\/schema\/person\/308b491d3cb680ead199e5ff6c6ce540\",\"name\":\"Michele Mancino\",\"image\":{\"@type\":\"ImageObject\",\"inLanguage\":\"it-IT\",\"@id\":\"https:\/\/staging.varesenews.it\/#\/schema\/person\/image\/\",\"url\":\"https:\/\/staging.varesenews.it\/wp-content\/uploads\/2020\/12\/michele_mancino_colori_500.jpg\",\"contentUrl\":\"https:\/\/staging.varesenews.it\/wp-content\/uploads\/2020\/12\/michele_mancino_colori_500.jpg\",\"caption\":\"Michele Mancino\"},\"description\":\"Sono a VareseNews da prima che nascesse. Ho inserito le prime notizie in una stringa di codice html, la lingua di internet. Aprivo i computer, cambiavo schede di rete e portavo i server dal provider. A met&agrave; degli anni &rsquo;90 il giornalista online doveva saper fare anche questo. Ho vissuto gli anni drammatici della bolla speculativa di Internet e quelli entusiastici della crescita, anni in cui VareseNews era un Davide in mezzo a tanti Golia. Poi sono arrivati i social, le nuove piattaforme e soprattutto gli smartphone, una postazione di lavoro racchiusa in una mano. Una nuova rivoluzione. Insomma, &egrave; stata, ed &egrave; ancora, un&rsquo;avventura entusiasmante perch&eacute; mi insegna giorno dopo giorno che il cambiamento &egrave; l&rsquo;unica certezza di questa fragile esistenza.\",\"sameAs\":[\"https:\/\/www.facebook.com\/michele.mancino.5\",\"micmancio\",\"Aggiorna le impostazioni del tuo profilo pubblicoit.linkedin.com\/pub\/michele-mancino\/28\/b71\/890\/it\",\"https:\/\/twitter.com\/micmancio\"],\"url\":\"https:\/\/staging.varesenews.it\/persona\/michele_mancino\/\"}]}<\/script>\n<!-- \/ Yoast SEO plugin. -->","yoast_head_json":{"title":"Futuro incerto per la catena \"Da Moreno\"","description":"\u00c8 crisi per i negozi dello shopping low cost. Tra le possibilit\u00e0 la vendita in blocco a un consorzio italocinese","robots":{"index":"noindex","follow":"follow","max-snippet":"max-snippet:-1","max-image-preview":"max-image-preview:large","max-video-preview":"max-video-preview:-1"},"og_locale":"it_IT","og_type":"article","og_title":"Futuro incerto per la catena \"Da Moreno\"","og_description":"\u00c8 crisi per i negozi dello shopping low cost. Tra le possibilit\u00e0 la vendita in blocco a un consorzio italocinese","og_url":"https:\/\/www.varesenews.it\/2020\/02\/futuro-incerto-la-catena-moreno\/902138\/","og_site_name":"VareseNews","article_publisher":"https:\/\/www.facebook.com\/varesenews","article_author":"https:\/\/www.facebook.com\/michele.mancino.5","article_published_time":"2020-02-20T08:00:00+00:00","article_modified_time":"2020-02-20T11:24:43+00:00","author":"Michele Mancino","twitter_card":"summary_large_image","twitter_creator":"@micmancio","twitter_site":"@varesenews","twitter_misc":{"Scritto da":"Michele Mancino","Tempo di lettura stimato":"2 minuti"},"schema":{"@context":"https:\/\/schema.org","@graph":[{"@type":"WebPage","@id":"https:\/\/www.varesenews.it\/2020\/02\/futuro-incerto-la-catena-moreno\/902138\/","url":"https:\/\/www.varesenews.it\/2020\/02\/futuro-incerto-la-catena-moreno\/902138\/","name":"Futuro incerto per la catena \"Da Moreno\"","isPartOf":{"@id":"https:\/\/staging.varesenews.it\/#website"},"datePublished":"2020-02-20T08:00:00+00:00","dateModified":"2020-02-20T11:24:43+00:00","author":{"@id":"https:\/\/staging.varesenews.it\/#\/schema\/person\/308b491d3cb680ead199e5ff6c6ce540"},"description":"\u00c8 crisi per i negozi dello shopping low cost. Tra le possibilit\u00e0 la vendita in blocco a un consorzio italocinese","breadcrumb":{"@id":"https:\/\/www.varesenews.it\/2020\/02\/futuro-incerto-la-catena-moreno\/902138\/#breadcrumb"},"inLanguage":"it-IT","potentialAction":[{"@type":"ReadAction","target":["https:\/\/www.varesenews.it\/2020\/02\/futuro-incerto-la-catena-moreno\/902138\/"]}]},{"@type":"BreadcrumbList","@id":"https:\/\/www.varesenews.it\/2020\/02\/futuro-incerto-la-catena-moreno\/902138\/#breadcrumb","itemListElement":[{"@type":"ListItem","position":1,"name":"Home","item":"https:\/\/www.varesenews.it\/"},{"@type":"ListItem","position":2,"name":"Futuro incerto per la catena &#8220;Da Moreno&#8221;"}]},{"@type":"WebSite","@id":"https:\/\/staging.varesenews.it\/#website","url":"https:\/\/staging.varesenews.it\/","name":"VareseNews","description":"","potentialAction":[{"@type":"SearchAction","target":{"@type":"EntryPoint","urlTemplate":"https:\/\/staging.varesenews.it\/?s={search_term_string}"},"query-input":"required name=search_term_string"}],"inLanguage":"it-IT"},{"@type":"Person","@id":"https:\/\/staging.varesenews.it\/#\/schema\/person\/308b491d3cb680ead199e5ff6c6ce540","name":"Michele Mancino","image":{"@type":"ImageObject","inLanguage":"it-IT","@id":"https:\/\/staging.varesenews.it\/#\/schema\/person\/image\/","url":"https:\/\/staging.varesenews.it\/wp-content\/uploads\/2020\/12\/michele_mancino_colori_500.jpg","contentUrl":"https:\/\/staging.varesenews.it\/wp-content\/uploads\/2020\/12\/michele_mancino_colori_500.jpg","caption":"Michele Mancino"},"description":"Sono a VareseNews da prima che nascesse. Ho inserito le prime notizie in una stringa di codice html, la lingua di internet. Aprivo i computer, cambiavo schede di rete e portavo i server dal provider. A met&agrave; degli anni &rsquo;90 il giornalista online doveva saper fare anche questo. Ho vissuto gli anni drammatici della bolla speculativa di Internet e quelli entusiastici della crescita, anni in cui VareseNews era un Davide in mezzo a tanti Golia. Poi sono arrivati i social, le nuove piattaforme e soprattutto gli smartphone, una postazione di lavoro racchiusa in una mano. Una nuova rivoluzione. Insomma, &egrave; stata, ed &egrave; ancora, un&rsquo;avventura entusiasmante perch&eacute; mi insegna giorno dopo giorno che il cambiamento &egrave; l&rsquo;unica certezza di questa fragile esistenza.","sameAs":["https:\/\/www.facebook.com\/michele.mancino.5","micmancio","Aggiorna le impostazioni del tuo profilo pubblicoit.linkedin.com\/pub\/michele-mancino\/28\/b71\/890\/it","https:\/\/twitter.com\/micmancio"],"url":"https:\/\/staging.varesenews.it\/persona\/michele_mancino\/"}]}},"post_meta":{"_edit_lock":"1582201005:43","_edit_last":"45","_category_permalink":"a:1:{s:8:\"category\";s:2:\"17\";}","_yoast_wpseo_content_score":"30","_jd_tweet_this":"yes","foto":"788361","_wpt_short_url":"http:\/\/www.varesenews.it\/2020\/02\/futuro-incerto-la-catena-moreno\/902138\/","_wp_jd_target":"http:\/\/www.varesenews.it\/2020\/02\/futuro-incerto-la-catena-moreno\/902138\/","_jd_wp_twitter":"a:1:{i:0;s:118:\"Futuro incerto per la catena \u201cDa Moreno\u201d http:\/\/www.varesenews.it\/2020\/02\/futuro-incerto-la-catena-moreno\/902138\/ \";}","_wpt_status_message":"Tweet inviato con successo.","ratings_users":"0","ratings_score":"0","ratings_average":"0","argomento":"Economia"},"photos":[{"original":"https:\/\/staging.varesenews.it\/photogallery_new\/images\/2020\/02\/da-moreno-788361.jpg","full":"https:\/\/staging.varesenews.it\/photogallery_new\/images\/2020\/02\/da-moreno-788361.1024x768.jpg","large":"https:\/\/staging.varesenews.it\/photogallery_new\/images\/2020\/02\/da-moreno-788361.610x431.jpg"}],"_links":{"self":[{"href":"https:\/\/staging.varesenews.it\/swgapi\/v1\/wp\/v2\/posts\/902138"}],"collection":[{"href":"https:\/\/staging.varesenews.it\/swgapi\/v1\/wp\/v2\/posts"}],"about":[{"href":"https:\/\/staging.varesenews.it\/swgapi\/v1\/wp\/v2\/types\/post"}],"author":[{"embeddable":true,"href":"https:\/\/staging.varesenews.it\/swgapi\/v1\/wp\/v2\/users\/45"}],"replies":[{"embeddable":true,"href":"https:\/\/staging.varesenews.it\/swgapi\/v1\/wp\/v2\/comments?post=902138"}],"version-history":[{"count":0,"href":"https:\/\/staging.varesenews.it\/swgapi\/v1\/wp\/v2\/posts\/902138\/revisions"}],"wp:attachment":[{"href":"https:\/\/staging.varesenews.it\/swgapi\/v1\/wp\/v2\/media?parent=902138"}],"wp:term":[{"taxonomy":"category","embeddable":true,"href":"https:\/\/staging.varesenews.it\/swgapi\/v1\/wp\/v2\/categories?post=902138"},{"taxonomy":"post_tag","embeddable":true,"href":"https:\/\/staging.varesenews.it\/swgapi\/v1\/wp\/v2\/tags?post=902138"}],"curies":[{"name":"wp","href":"https:\/\/api.w.org\/{rel}","templated":true}]}}