{"id":902311,"date":"2020-02-20T10:37:02","date_gmt":"2020-02-20T09:37:02","guid":{"rendered":"https:\/\/www.varesenews.it\/?p=902311"},"modified":"2020-02-20T10:37:02","modified_gmt":"2020-02-20T09:37:02","slug":"gruppi-cammino-prevenire-guarire","status":"publish","type":"post","link":"https:\/\/staging.varesenews.it\/2020\/02\/gruppi-cammino-prevenire-guarire\/902311\/","title":{"rendered":"Gruppi di cammino, per prevenire e per guarire"},"content":{"rendered":"<p><strong>Venerd\u00ec 21 febbraio 2020<\/strong> secondo appuntamento con le <strong>serate di Prevenzione<\/strong> organizzate dal <strong>Comune di Ispra.<\/strong><\/p>\n<p>\u201c<strong>L\u2019attivit\u00e0 fisica \u00e8 prevenzione ma anche terapia<\/strong>\u201d \u00e8 il titolo della seconda serata che si terr\u00e0 alle ore 20.45 in Sala Serra a <strong>Ispra<\/strong>.<\/p>\n<p><em>(foto: gruppo di cammino a Besozzo)<\/em><\/p>\n<p>Relatore della serata, organizzata in collaborazione con <strong>ATS Insubria<\/strong>, sar\u00e0 il dottor <strong>Raffaele Pacchetti<\/strong> (responsabile UO promozione Salute) che ha promosso con grande carisma e competenza la nascita dei gruppi di cammino a <strong>Ispra<\/strong> cinque anni fa e illustrer\u00e0 alla comunit\u00e0 i vantaggi del movimento sul benessere psicofisico e l\u2019esperienza dei <strong>Gruppi di Cammino Ispra<\/strong>.<\/p>\n<p>La prevenzione infatti \u00e8 uno <strong>stile di vita<\/strong>: in particolare l&#8217;attivit\u00e0 motoria e il cammino praticati con regolarit\u00e0 migliorano la qualit\u00e0 della salute, prevengono molte malattie croniche di tipo cardiovascolare e respiratorio e il diabete.<\/p>\n<p>&nbsp;<\/p>\n","protected":false},"excerpt":{"rendered":"<p>Secondo appuntamento con le serate di Prevenzione organizzate dal Comune di Ispra<\/p>\n","protected":false},"author":46,"featured_media":0,"comment_status":"open","ping_status":"open","sticky":false,"template":"","format":"standard","meta":{"footnotes":""},"categories":[2],"tags":[887],"acf":[],"yoast_head":"<!-- This site is optimized with the Yoast SEO plugin v20.1 - https:\/\/yoast.com\/wordpress\/plugins\/seo\/ -->\n<title>Gruppi di cammino, per prevenire e per guarire<\/title>\n<meta name=\"description\" content=\"Secondo appuntamento con le serate di Prevenzione organizzate dal Comune di Ispra\" \/>\n<meta name=\"robots\" content=\"noindex, follow, max-snippet:-1, max-image-preview:large, max-video-preview:-1\" \/>\n<meta property=\"og:locale\" content=\"it_IT\" \/>\n<meta property=\"og:type\" content=\"article\" \/>\n<meta property=\"og:title\" content=\"Gruppi di cammino, per prevenire e per guarire\" \/>\n<meta property=\"og:description\" content=\"Secondo appuntamento con le serate di Prevenzione organizzate dal Comune di Ispra\" \/>\n<meta property=\"og:url\" content=\"https:\/\/staging.varesenews.it\/2020\/02\/gruppi-cammino-prevenire-guarire\/902311\/\" \/>\n<meta property=\"og:site_name\" content=\"VareseNews\" \/>\n<meta property=\"article:publisher\" content=\"https:\/\/www.facebook.com\/varesenews\" \/>\n<meta property=\"article:published_time\" content=\"2020-02-20T09:37:02+00:00\" \/>\n<meta name=\"author\" content=\"Roberto Morandi\" \/>\n<meta name=\"twitter:card\" content=\"summary_large_image\" \/>\n<meta name=\"twitter:creator\" content=\"@ilmorands\" \/>\n<meta name=\"twitter:site\" content=\"@varesenews\" \/>\n<meta name=\"twitter:label1\" content=\"Scritto da\" \/>\n\t<meta name=\"twitter:data1\" content=\"Roberto Morandi\" \/>\n\t<meta name=\"twitter:label2\" content=\"Tempo di lettura stimato\" \/>\n\t<meta name=\"twitter:data2\" content=\"1 minuto\" \/>\n<script type=\"application\/ld+json\" class=\"yoast-schema-graph\">{\"@context\":\"https:\/\/schema.org\",\"@graph\":[{\"@type\":\"WebPage\",\"@id\":\"https:\/\/staging.varesenews.it\/2020\/02\/gruppi-cammino-prevenire-guarire\/902311\/\",\"url\":\"https:\/\/staging.varesenews.it\/2020\/02\/gruppi-cammino-prevenire-guarire\/902311\/\",\"name\":\"Gruppi di cammino, per prevenire e per guarire\",\"isPartOf\":{\"@id\":\"https:\/\/staging.varesenews.it\/#website\"},\"datePublished\":\"2020-02-20T09:37:02+00:00\",\"dateModified\":\"2020-02-20T09:37:02+00:00\",\"author\":{\"@id\":\"https:\/\/staging.varesenews.it\/#\/schema\/person\/efe592ae4c76536b551f89d8b6674bc3\"},\"description\":\"Secondo appuntamento con le serate di Prevenzione organizzate dal Comune di Ispra\",\"breadcrumb\":{\"@id\":\"https:\/\/staging.varesenews.it\/2020\/02\/gruppi-cammino-prevenire-guarire\/902311\/#breadcrumb\"},\"inLanguage\":\"it-IT\",\"potentialAction\":[{\"@type\":\"ReadAction\",\"target\":[\"https:\/\/staging.varesenews.it\/2020\/02\/gruppi-cammino-prevenire-guarire\/902311\/\"]}]},{\"@type\":\"BreadcrumbList\",\"@id\":\"https:\/\/staging.varesenews.it\/2020\/02\/gruppi-cammino-prevenire-guarire\/902311\/#breadcrumb\",\"itemListElement\":[{\"@type\":\"ListItem\",\"position\":1,\"name\":\"Home\",\"item\":\"https:\/\/www.varesenews.it\/\"},{\"@type\":\"ListItem\",\"position\":2,\"name\":\"Gruppi di cammino, per prevenire e per guarire\"}]},{\"@type\":\"WebSite\",\"@id\":\"https:\/\/staging.varesenews.it\/#website\",\"url\":\"https:\/\/staging.varesenews.it\/\",\"name\":\"VareseNews\",\"description\":\"\",\"potentialAction\":[{\"@type\":\"SearchAction\",\"target\":{\"@type\":\"EntryPoint\",\"urlTemplate\":\"https:\/\/staging.varesenews.it\/?s={search_term_string}\"},\"query-input\":\"required name=search_term_string\"}],\"inLanguage\":\"it-IT\"},{\"@type\":\"Person\",\"@id\":\"https:\/\/staging.varesenews.it\/#\/schema\/person\/efe592ae4c76536b551f89d8b6674bc3\",\"name\":\"Roberto Morandi\",\"image\":{\"@type\":\"ImageObject\",\"inLanguage\":\"it-IT\",\"@id\":\"https:\/\/staging.varesenews.it\/#\/schema\/person\/image\/\",\"url\":\"https:\/\/staging.varesenews.it\/wp-content\/uploads\/2020\/12\/roberto_morandi_colori_500.jpg\",\"contentUrl\":\"https:\/\/staging.varesenews.it\/wp-content\/uploads\/2020\/12\/roberto_morandi_colori_500.jpg\",\"caption\":\"Roberto Morandi\"},\"description\":\"Classe 1980, laureato in storia, mi occupo dell&rsquo;area di Gallarate e di Malpensa, di trasporti e mobilit&agrave;. Amo molto la dimensione della citt&agrave;, come luogo d&rsquo;incontro di persone diverse e come organismo che si trasforma costantemente. Mi piace anche raccontare le piccole e grandi vicende, anche locali, che compongono la Storia con la S maiuscola. Appassionato di bicicletta: la macchina perfetta per muoversi in citt&agrave; e per viaggiare.\",\"sameAs\":[\"https:\/\/twitter.com\/ilmorands\"],\"url\":\"https:\/\/staging.varesenews.it\/persona\/roberto-morandi1\/\"}]}<\/script>\n<!-- \/ Yoast SEO plugin. -->","yoast_head_json":{"title":"Gruppi di cammino, per prevenire e per guarire","description":"Secondo appuntamento con le serate di Prevenzione organizzate dal Comune di Ispra","robots":{"index":"noindex","follow":"follow","max-snippet":"max-snippet:-1","max-image-preview":"max-image-preview:large","max-video-preview":"max-video-preview:-1"},"og_locale":"it_IT","og_type":"article","og_title":"Gruppi di cammino, per prevenire e per guarire","og_description":"Secondo appuntamento con le serate di Prevenzione organizzate dal Comune di Ispra","og_url":"https:\/\/staging.varesenews.it\/2020\/02\/gruppi-cammino-prevenire-guarire\/902311\/","og_site_name":"VareseNews","article_publisher":"https:\/\/www.facebook.com\/varesenews","article_published_time":"2020-02-20T09:37:02+00:00","author":"Roberto Morandi","twitter_card":"summary_large_image","twitter_creator":"@ilmorands","twitter_site":"@varesenews","twitter_misc":{"Scritto da":"Roberto Morandi","Tempo di lettura stimato":"1 minuto"},"schema":{"@context":"https:\/\/schema.org","@graph":[{"@type":"WebPage","@id":"https:\/\/staging.varesenews.it\/2020\/02\/gruppi-cammino-prevenire-guarire\/902311\/","url":"https:\/\/staging.varesenews.it\/2020\/02\/gruppi-cammino-prevenire-guarire\/902311\/","name":"Gruppi di cammino, per prevenire e per guarire","isPartOf":{"@id":"https:\/\/staging.varesenews.it\/#website"},"datePublished":"2020-02-20T09:37:02+00:00","dateModified":"2020-02-20T09:37:02+00:00","author":{"@id":"https:\/\/staging.varesenews.it\/#\/schema\/person\/efe592ae4c76536b551f89d8b6674bc3"},"description":"Secondo appuntamento con le serate di Prevenzione organizzate dal Comune di Ispra","breadcrumb":{"@id":"https:\/\/staging.varesenews.it\/2020\/02\/gruppi-cammino-prevenire-guarire\/902311\/#breadcrumb"},"inLanguage":"it-IT","potentialAction":[{"@type":"ReadAction","target":["https:\/\/staging.varesenews.it\/2020\/02\/gruppi-cammino-prevenire-guarire\/902311\/"]}]},{"@type":"BreadcrumbList","@id":"https:\/\/staging.varesenews.it\/2020\/02\/gruppi-cammino-prevenire-guarire\/902311\/#breadcrumb","itemListElement":[{"@type":"ListItem","position":1,"name":"Home","item":"https:\/\/www.varesenews.it\/"},{"@type":"ListItem","position":2,"name":"Gruppi di cammino, per prevenire e per guarire"}]},{"@type":"WebSite","@id":"https:\/\/staging.varesenews.it\/#website","url":"https:\/\/staging.varesenews.it\/","name":"VareseNews","description":"","potentialAction":[{"@type":"SearchAction","target":{"@type":"EntryPoint","urlTemplate":"https:\/\/staging.varesenews.it\/?s={search_term_string}"},"query-input":"required name=search_term_string"}],"inLanguage":"it-IT"},{"@type":"Person","@id":"https:\/\/staging.varesenews.it\/#\/schema\/person\/efe592ae4c76536b551f89d8b6674bc3","name":"Roberto Morandi","image":{"@type":"ImageObject","inLanguage":"it-IT","@id":"https:\/\/staging.varesenews.it\/#\/schema\/person\/image\/","url":"https:\/\/staging.varesenews.it\/wp-content\/uploads\/2020\/12\/roberto_morandi_colori_500.jpg","contentUrl":"https:\/\/staging.varesenews.it\/wp-content\/uploads\/2020\/12\/roberto_morandi_colori_500.jpg","caption":"Roberto Morandi"},"description":"Classe 1980, laureato in storia, mi occupo dell&rsquo;area di Gallarate e di Malpensa, di trasporti e mobilit&agrave;. Amo molto la dimensione della citt&agrave;, come luogo d&rsquo;incontro di persone diverse e come organismo che si trasforma costantemente. Mi piace anche raccontare le piccole e grandi vicende, anche locali, che compongono la Storia con la S maiuscola. Appassionato di bicicletta: la macchina perfetta per muoversi in citt&agrave; e per viaggiare.","sameAs":["https:\/\/twitter.com\/ilmorands"],"url":"https:\/\/staging.varesenews.it\/persona\/roberto-morandi1\/"}]}},"post_meta":{"_edit_lock":"1582191460:46","_edit_last":"46","_category_permalink":"a:1:{s:8:\"category\";s:1:\"2\";}","ratings_users":"0","ratings_score":"0","ratings_average":"0","foto":"623817","firma_come_redazione":"1","argomento":"Ispra","_yoast_wpseo_content_score":"30","_jd_tweet_this":"yes","_wpt_short_url":"https:\/\/www.varesenews.it\/2020\/02\/gruppi-cammino-prevenire-guarire\/902311\/","_wp_jd_target":"https:\/\/www.varesenews.it\/2020\/02\/gruppi-cammino-prevenire-guarire\/902311\/","_jd_wp_twitter":"a:1:{i:0;s:129:\"Gruppi di cammino, per prevenire e per guarire https:\/\/www.varesenews.it\/2020\/02\/gruppi-cammino-prevenire-guarire\/902311\/ #salute\";}","_wpt_status_message":"Tweet inviato con successo."},"photos":[{"original":"https:\/\/staging.varesenews.it\/photogallery_new\/images\/2017\/07\/gruppi-di-cammino-a-besozzo-623817.jpg","full":"https:\/\/staging.varesenews.it\/photogallery_new\/images\/2017\/07\/gruppi-di-cammino-a-besozzo-623817.1024x768.jpg","large":"https:\/\/staging.varesenews.it\/photogallery_new\/images\/2017\/07\/gruppi-di-cammino-a-besozzo-623817.610x431.jpg"}],"_links":{"self":[{"href":"https:\/\/staging.varesenews.it\/swgapi\/v1\/wp\/v2\/posts\/902311"}],"collection":[{"href":"https:\/\/staging.varesenews.it\/swgapi\/v1\/wp\/v2\/posts"}],"about":[{"href":"https:\/\/staging.varesenews.it\/swgapi\/v1\/wp\/v2\/types\/post"}],"author":[{"embeddable":true,"href":"https:\/\/staging.varesenews.it\/swgapi\/v1\/wp\/v2\/users\/46"}],"replies":[{"embeddable":true,"href":"https:\/\/staging.varesenews.it\/swgapi\/v1\/wp\/v2\/comments?post=902311"}],"version-history":[{"count":0,"href":"https:\/\/staging.varesenews.it\/swgapi\/v1\/wp\/v2\/posts\/902311\/revisions"}],"wp:attachment":[{"href":"https:\/\/staging.varesenews.it\/swgapi\/v1\/wp\/v2\/media?parent=902311"}],"wp:term":[{"taxonomy":"category","embeddable":true,"href":"https:\/\/staging.varesenews.it\/swgapi\/v1\/wp\/v2\/categories?post=902311"},{"taxonomy":"post_tag","embeddable":true,"href":"https:\/\/staging.varesenews.it\/swgapi\/v1\/wp\/v2\/tags?post=902311"}],"curies":[{"name":"wp","href":"https:\/\/api.w.org\/{rel}","templated":true}]}}