{"id":902715,"date":"2020-02-21T17:22:45","date_gmt":"2020-02-21T16:22:45","guid":{"rendered":"https:\/\/www.varesenews.it\/?p=902715"},"modified":"2020-02-21T17:27:46","modified_gmt":"2020-02-21T16:27:46","slug":"primo-weekend-carnevale-tutti-strada-festeggiare","status":"publish","type":"post","link":"https:\/\/staging.varesenews.it\/2020\/02\/primo-weekend-carnevale-tutti-strada-festeggiare\/902715\/","title":{"rendered":"Primo weekend di Carnevale, tutti in strada a festeggiare"},"content":{"rendered":"<p>\u00c8 il primo fine settimana della grande festa di Carnevale e i primi appuntamenti non mancano. Nel fine settimana il tempo sar\u00e0 bello e soleggiato, se non per qualche passaggio nuvoloso <a href=\"https:\/\/www.astrogeo.va.it\/meteo\/\" target=\"_blank\" rel=\"noopener\">&#8211; Il Meteo\u00a0<\/a><\/p>\n<p><strong>CARNEVALE<\/strong><\/p>\n<p>Sono tantissimi i paesi del Varesotto dove Pro Loco, scuole, associazioni e amministrazioni comunali sono alle prese con i preparativi di eventi e sfilate dei carri allegorici che, soprattutto questo fine settimana (con la sola eccezione di Varese e dei comuni che seguono il rito ambrosiano), celebreranno come vuole la tradizione il Carnevale, la festa che mette in discussione l\u2019ordine costituito e dove grandi e piccini possono scegliere di vestire panni di personaggi o animali ispirati a fil, favole, cartoon, giochi, passioni o fantasie.<\/p>\n<p>&gt; <a href=\"https:\/\/www.varesenews.it\/2020\/02\/carnevale-2020-tutti-gli-eventi-in-provincia-di-varese\/795449\/\" target=\"_blank\" rel=\"noopener\">Tutti gli eventi comune per comune<\/a><br \/>\n&gt; <a href=\"https:\/\/www.varesenews.it\/2020\/02\/musica-carri-gruppi-carnevale-bosino-colora-varese\/901583\/\" target=\"_blank\" rel=\"noopener\">Il Carnevale bosino a Varese<\/a><br \/>\n&gt; <a href=\"https:\/\/www.varesenews.it\/2020\/02\/carnevale-2020-busto-arsizio-tutti-gli-appuntamenti-alla-grande-sfilata\/901245\/\" target=\"_blank\" rel=\"noopener\">Il Carnevale a Busto Arsizio<\/a><br \/>\n&gt; <a href=\"https:\/\/www.varesenews.it\/2020\/02\/carnevale-2020-gallarate\/902193\/\" target=\"_blank\" rel=\"noopener\">Il Carnevale a Gallarate<\/a><br \/>\n&gt; <a href=\"https:\/\/www.varesenews.it\/2020\/02\/ai-6-anni-ce-bisogno-del-carnevale-tutti-giorni\/899366\/\" target=\"_blank\" rel=\"noopener\">Il gioco del travestimento<\/a><\/p>\n<p><strong>BAMBINI\u00a0<\/strong><\/p>\n<p>Sar\u00e0 un carnevale baciato dal sole quello che si celebra nel fine settimana dal 21 al 23 febbraio, monopolizzando gran parte degli eventi del weekend dedicati a bambini e famiglie con travestimenti, carri e tante sfilate (scoprile qui tutte, comune per comune), manifestazioni di piazza ma anche letture e laboratori a tema. Al riparo da coriandoli e mascherine solo teatri, cinema e boschi, dove godere di spettacoli differenti tra boschi, musical e burattini. &#8211; <a href=\"https:\/\/www.varesenews.it\/2020\/02\/weekend-coriandoli-sfilate-mascherine\/902432\/\" target=\"_blank\" rel=\"noopener\">TUTTI GLI APPUNTAMENTI PER BAMBINI\u00a0<\/a><\/p>\n<div class=\"photo-inside-post\"><img decoding=\"async\" loading=\"lazy\" fetchpriority=\"low\" width=\"610\" height=\"431\" src=\"https:\/\/staging.varesenews.it\/photogallery_new\/images\/2020\/02\/minigolf-varese-788195.610x431.jpg\" alt=\"minigolf varese\"><\/div>\n<p><strong>INCONTRI\u00a0<\/strong><\/p>\n<p><strong>Varese &#8211; <\/strong>Sabato Villa e Collezione Panza invita tutti i cittadini ad una speciale &#8220;Notte Bianca&#8221; dove sar\u00e0 possibile visitare la collezione permanente dalle 18 alle 23. Un appuntamento organizza in occasione dell&#8217;inaugurazione di &#8220;Un&#8217;idea assoluta. Giuseppe Panza di Biumo. La ricerca, la collezione&#8221; che propone il riallestimento della villa cos\u00ec come l&#8217;aveva voluta il Conte &#8211; <a href=\"https:\/\/www.varesenews.it\/2020\/02\/la-villa-cosi-la-volle-conte-panza\/902496\/\" target=\"_blank\" rel=\"noopener\">Tutto il programma\u00a0<\/a><\/p>\n<p><strong>Varese &#8211;<\/strong>\u00a0Anticipa la bella stagione il Minigolf di Varese che, a partire da questo fine settimana riapre le buche ad appassionati di ogni et\u00e0. In attesa della primavera (quando rester\u00e0 aperto tutti i giorni) a partire dal 22 febbraio grandi e piccini potranno mettersi alla prova nelle 18 buche dell\u2019impianto sportivo situato all\u2019interno dei Giardini Estensi ogni sabato e domenica, a partire dalle 14.30 fino alla sera. Grazie ad una accurata illuminazione \u00e8 infatti possibile provare l\u2019esperienza del Minigolf anche in serata. &#8211; <a href=\"https:\/\/www.varesenews.it\/2020\/02\/minigolf-varese-riapre-nel-weekend\/901889\/\" target=\"_blank\" rel=\"noopener\">Tutto il programma\u00a0<\/a><\/p>\n<p><strong>Varese &#8211;<\/strong>\u00a0Venerd\u00ec 21 febbraio, a partire dalle 20.45, la Basilica di San Vittore di Varese ospiter\u00e0 la Veglia degli Innamorati, una iniziativa curata dalla Commissione famiglia del Decanato di Varese insieme ad associazioni e movimenti ecclesiali attive in citt\u00e0. La serata \u00e8 rivolta a \u201ctutte le coppie innamorate\u201d, a prescindere dall\u2019et\u00e0, e si articoler\u00e0 sul tema \u201cScintille d\u2019amore\u201d, che l\u2019arcivescovo della diocesi di Milano, monsignor Delpini, ha suggerito ai giovani nel corso dell\u2019appuntamento a loro rivolto. &#8211; <a href=\"https:\/\/www.varesenews.it\/2020\/02\/san-vittore-la-veglia-degli-innamorati\/901619\/\" target=\"_blank\" rel=\"noopener\">Tutto il programma\u00a0<\/a><\/p>\n<p><strong>Varese &#8211;<\/strong> Appuntamento sabato 22 febbraio alle 17 alla Galleria Ghiggini di Varese per la presentazione del volume \u201cLombardia. I siti Unesco: Patrimonio dell\u2019Umanit\u00e0\u201d con le fotografie di Fotografie di Carlo Meazza. Conduce l\u2019incontro Cesare Chiericati. &#8211; <a href=\"https:\/\/www.varesenews.it\/2020\/02\/siti-unesco-raccontati-carlo-meazza-incontro-alla-ghiggini\/902291\/\" target=\"_blank\" rel=\"noopener\">Tutto il programma\u00a0<\/a><\/p>\n<p><strong>Varese &#8211;<\/strong>\u00a0Il Caf\u00e8 degli Alpini presenta l&#8217;incontro Patrizia Broggi, &#8220;Viaggiatrice in mondi lontani&#8221;,\u00a0ore 17.30 con sede Gruppo Alpini, Via degli Alpini, 1. Patrizia Broggi sar\u00e0 la relatrice della terza serata del ciclo &#8220;Il Caff\u00e8 degli Alpini&#8221; dedicato alla Montagna. Viaggiatrice in mondi lontani ci accompagner\u00e0 tra le grandi montagne condividendo le sue esperienze di trekking: in Per\u00f9 il circuito dell&#8217;Ausangate, in Kirghizistan il &#8220;Giro dei cinque Passi&#8221;, in Pakistan il trekking del Baltoro, in Nepal il trekking al campo base del Makalu, il Giro dell&#8217;Annapurna e molte altre terre lontane. Alla fine dell&#8217;incontro il Gruppo Alpini di Varese sar\u00e0 lieto di offrire un rinfresco. Ingresso libero. info@gruppoalpinivarese.com e www.gruppoalpinivarese.com.<\/p>\n<p><strong>Varese &#8211;<\/strong> &#8220;La Corea del Nord tra cambiamenti politici e test nucleari&#8221;, appuntamento alle 21\u00a0 alla Sala Montanari del Comune di Varese ( Via dei Bersaglieri, 1) con\u00a0Piergiorgio Pescali, giornalista conosciuto per il suoi reportage soprattutto nel Myanmar, in Cambogia e Corea del Nord e per le interviste con personaggi quali Aung San Suu Kyi, Pol Pot, Nuon Chea, Khieu Samphan, Ieng Sary e Ahmad Shah Massud, ci racconta un paese difficile e complesso da spiegare: la Corea del Nord.<\/p>\n<p><strong>Varese &#8211;<\/strong> &#8220;Un personaggio per Varese, una strada per la Storia&#8221;,\u00a0Titolazione di Via Nelson Cenci (1919 &#8211; 2012), alle ore\u00a0ore 9.00, Ritrovo Via San Michele del Carso, 31. Il Gruppo Alpini di Varese riabbraccer\u00e0 spiritualmente Nelson Cenci con l&#8217;intitolazione di una Via nei pressi dell&#8217;Ospedale di Circolo. Alla significativa cerimonia parteciper\u00e0 il Presidente Nazionale dell&#8217;ANA Sebastiano Favero con gli Alpini di diverse Sezioni insieme alle autorit\u00e0 cittadine e ai famigliari del tenente e medico.<\/p>\n<p><strong>Varese &#8211;<\/strong> Domenica appuntamento con le &#8220;Uscite Narranti&#8221;, alle ore\u00a014.30 (ritrovo al\u00a0Parcheggio via XXV Aprile Vegonno) con &#8220;La piana di Vegonno fino a Santa Maria di Brunello&#8221;. Una distesa di prati e un intreccio fitto di percorsi che ci portano fino alla chiesa di Santa Maria Annunciata a Brunello con bellissimi e colorati affreschi del &#8216;400. L&#8217;Uscita Narrante avr\u00e0 luogo anche in caso di pioggia. Abbigliamento sportivo, scarpe da ginnastica o trekking. Obbligatoria iscrizione all&#8217;associazione OfficinAmbiente da effettuare in loco, info Tiziana 347.7885147 e Paola 329.1809202. info@officinambiente.org.<\/p>\n<p><strong>Azzate &#8211;<\/strong>\u00a0Alla scoperta dei luoghi \u201cdietro casa\u201d. Sabato 22 Febbraio \u201cUngiringiro\u201d organizza una camminata con guida locale. Partenza ore 9 a Vegonno dalla Chiesetta di San Giorgio. Alla scoperta di Vegonno Luogo del Cuore del FAI, Caidate e Brunello: scarpe comode e chi vuole bastoncini da trekking o nordic. &#8211; <a href=\"https:\/\/www.varesenews.it\/2020\/02\/passeggiata-dietro-casa\/901872\/\" target=\"_blank\" rel=\"noopener\">Tutto il programma\u00a0<\/a><\/p>\n<p><strong>Luino &#8211;\u00a0<\/strong>Domenica 23 febbraio il CAI Luino propone una escursione ad anello in val Bognanco con meta il lago e il passo di Monscera. Escursione in ambiente prettamente alpino adatto a tutti con panorami che regalano scorci spettacolari sul massiccio del Fletschorn, del Lagginhorn e della Weissmeis. Visibile anche il Monte Leone. &#8211; <a href=\"https:\/\/www.varesenews.it\/2020\/02\/escursione-le-ciaspole-al-passo-lago-monscera\/901128\/\" target=\"_blank\" rel=\"noopener\">Tutto il programma<\/a><\/p>\n<p><strong>Tradate &#8211;\u00a0<\/strong>Dopo il successo della scorsa edizione, anche quest\u2019anno il Museo Fisogni di Tradate organizza una \u201cDomenica verde\u201d dedicata alla pulizia della zona del Fontanile. L\u2019appuntamento \u00e8 per domenica 23 febbraio alle 9.00\/9.30 al Museo per una colazione offerta; alle ore 9.45 ci si sposta per iniziare l\u2019attivit\u00e0 di pulizia, fino alle 13. &#8211; <a href=\"https:\/\/www.varesenews.it\/2020\/02\/pulizie-primavera-al-fontanile-museo-fisogni\/901701\/\" target=\"_blank\" rel=\"noopener\">Tutto il programma\u00a0<\/a><\/p>\n<div class=\"photo-inside-post\"><img decoding=\"async\" loading=\"lazy\" fetchpriority=\"low\" width=\"610\" height=\"431\" src=\"https:\/\/staging.varesenews.it\/photogallery_new\/images\/2019\/12\/il-triangolo-band-775227.610x431.jpg\" alt=\"Il triangolo band \"><\/div>\n<p><strong>MUSICA E SERATE<\/strong><\/p>\n<p><strong>Varese &#8211;<\/strong>\u00a0Sabato sera la band \u201cIl Triangolo\u201d sar\u00e0 alle Cantine Coopuf per la prima data del tour \u201cFaccio un cinema\u201d, il disco disco uscito lo scorso 17 gennaio per Ghost Records. Sul palco Marco Ulcigrai e Thomas Paganini saranno accompagnati da Elton Novara alla chitarra e alle tastiere e da Giacomo Fiocchi alla batteria. A chiudere la serata ci penser\u00e0 il classico aftershow \u201cTwiggy sound\u201d, ad ingresso libero. &#8211; <a href=\"https:\/\/www.varesenews.it\/2020\/02\/tour-de-triangolo-parte-dalle-cantine\/902675\/\" target=\"_blank\" rel=\"noopener\">Tutto il programma\u00a0<\/a><\/p>\n<p><strong>Varese<\/strong> &#8211;\u00a0La Giovanile Rappresentativa ANBIMA Lombardia, formata da una novantina di ragazzi provenienti da tutta la regione, suoneranno anche a Varese nella bellissima Basilica di San Vittore domenica 23 febbraio alle 21:00. &#8211; <a href=\"https:\/\/www.varesenews.it\/2020\/02\/la-banda-giovanile-anbima-lombardia-san-vittore\/901825\/\" target=\"_blank\" rel=\"noopener\">Tutto il programma\u00a0<\/a><\/p>\n<p><strong>Besozzo &#8211;<\/strong>\u00a0Sabato 22 febbraio, alle ore 16.30, il chitarrista e cantante Tiziano Galli sar\u00e0 ospite del Musical Box di Besozzo per presentare l\u2019album prodotto da Antonio Avalle. &#8211; <a href=\"https:\/\/www.varesenews.it\/2020\/02\/un-vinile-miglior-blues-appuntamento-musical-box\/902697\/\" target=\"_blank\" rel=\"noopener\">Tutto il programma\u00a0<\/a><\/p>\n<p><strong>Busto Arsizio &#8211;\u00a0<\/strong>Venerd\u00ec al Circolo Gagarin \u00e8 tra relax tra birrette artigianali, drink e i panini fatti con materie prime a km 0. Sabato 22 febbraio nuovo appuntamento di Materia Oscura, il contenitore per le sonorit\u00e0 pi\u00f9 estreme. Sul palco del Gagarin saliranno gli OvO di Bruno Dorella (Ronin) Morso e Fatty Fatty Bombo: live a partire dalle 21.30 circa, ingresso a sottoscrizione 10 euro. La settimana si concluder\u00e0 domenica 23 febbraio con l\u2019Aperitivo vegano in collaborazione con GustoArsizio dalle 19.00, a seguire Poetry Slam nello spazio &#8211; <a href=\"https:\/\/www.varesenews.it\/2020\/02\/dalle-lingue-straniere-allaperitivo-vegano-la-settimana-del-circolo-gagarin\/901708\/\" target=\"_blank\" rel=\"noopener\">Tutto il programma\u00a0<\/a><\/p>\n<p><strong>TEATRO\u00a0<\/strong><\/p>\n<p><strong>Varese &#8211;<\/strong>\u00a0Gli Oblivion sabato sera, in &#8220;La Bibbia riveduta e scorretta&#8221;, ore 21, al Teatro di Varese di\u00a0Piazza della Repubblica.<\/p>\n<p><strong>Gallarate &#8211;<\/strong>\u00a0Katia Follesa e Angelo Pisani al Condominio con \u201cFinch\u00e9 social non ci separi\u201d. Sabato 22 febbraio Angelo e Katia, coppia sul palco ma soprattutto nella vita, si dicono tutto, anche le cose meno belle, sul palco del teatro gallaratese &#8211; <a href=\"https:\/\/www.varesenews.it\/2020\/02\/katia-follesa-angelo-pisani-al-condominio-finche-social-non-ci-separi\/902514\/\" target=\"_blank\" rel=\"noopener\">Tutto il programma\u00a0<\/a><\/p>\n<p><strong>Buguggiate &#8211;<\/strong>\u00a0Sabato 22 febbraio alle ore 21 presso l\u2019Auditorium delle Scuole Medie di Gavirate (in via Fermi 14), andr\u00e0 in scena la rappresentazione teatrale benefica \u201cLe bugie hanno le gambe corte\u201d, regia di Brigitte Bosson, messa in scena dalla Compagnia teatrale Attori Per Caso a favore dell\u2019associazione Del Sorriso. &#8211; <a href=\"https:\/\/www.varesenews.it\/2020\/02\/le-bugie-le-gambe-corte\/902694\/\" target=\"_blank\" rel=\"noopener\">Tutto il programma\u00a0<\/a><\/p>\n<p><strong>Saronno &#8211;<\/strong>\u00a0Una nuova versione dei Tre Porcellini \u00e8 pronta per essere raccontata, cantata e suonata sul palco del Teatro Giuditta Pasta nel pomeriggio di domenica 23 febbraio alle ore 16. Nuovo l\u2019espediente narrativo (il ricordo) e originali le canzoni orecchiabili e con rime intelligenti nate dalla fantasia di George Stiles e Anthony Drewe (autori anche dei temi di altri musical di successi di Broadway come \u201cHonk! \u201ce \u201cMary Poppins\u201d) e portate in scena dagli attori e cantanti della Compagnia dell\u2019arancia diretti da Gioacchino Inzirillo. &#8211; <a href=\"https:\/\/www.varesenews.it\/2020\/02\/tre-porcellini-musical-broadway\/901548\/\" target=\"_blank\" rel=\"noopener\">Tutto il programma\u00a0<\/a><\/p>\n<p><strong>ARTE<\/strong><\/p>\n<p><strong>Gallarate &#8211;<\/strong>\u00a0Nell\u2019ambito di Filosofarti 2020 l\u2019associazione Vivere Crenna e Pixel FotoClub, di Cardano al Campo presentano la mostra fotografica \u201cOLTRE\u201d, che espone trenta opere, di sette fotografi associati al club, in linea con il tema del festival di quest\u2019anno, Doxa\/Episteme-Opinione\/Verit\u00e0. La mostra verr\u00e0 inaugurata domenica 23 febbraio alle ore 11.00 in Villa Delfina &#8211;<a href=\"https:\/\/www.varesenews.it\/2020\/02\/villa-delfina-oltre-la-mostra-fotografica-pixel-fotoclub\/901894\/\" target=\"_blank\" rel=\"noopener\"> Tutto il programma\u00a0<\/a><\/p>\n<p><strong>Busto Arsizio &#8211;<\/strong> Prosegue la programmazione espositiva allo Spazio Arte Carlo Farioli con la personale dell\u2019artista Gaetano D\u2019Auria intitolata \u201cRicordi dal futuro\u201c. La mostra, a cura di Sara Rizzo, si aprir\u00e0 al pubblico sabato 22 febbraio con inaugurazione alle 18 e rimarr\u00e0 in calendario sino all\u20198 marzo. &#8211;<a href=\"https:\/\/www.varesenews.it\/2020\/02\/ricordi-gaetano-dauria-arrivano-dal-futuro\/902652\/\" target=\"_blank\" rel=\"noopener\"> Tutto il programma\u00a0<\/a><\/p>\n","protected":false},"excerpt":{"rendered":"<p>\u00c8 il primo fine settimana della grande festa di Carnevale e i primi appuntamenti non mancano. Nel fine settimana il tempo sar\u00e0 bello e soleggiato, se non per qualche passaggio nuvoloso<\/p>\n","protected":false},"author":32,"featured_media":0,"comment_status":"open","ping_status":"open","sticky":false,"template":"","format":"standard","meta":{"footnotes":""},"categories":[4,3,5,21,2],"tags":[73358,691],"acf":[],"yoast_head":"<!-- This site is optimized with the Yoast SEO plugin v20.1 - https:\/\/yoast.com\/wordpress\/plugins\/seo\/ -->\n<title>Primo weekend di Carnevale, tutti in strada a festeggiare<\/title>\n<meta name=\"description\" content=\"\u00c8 il primo fine settimana della grande festa di Carnevale e i primi appuntamenti non mancano. Nel fine settimana il tempo sar\u00e0 bello e soleggiato, se non per qualche passaggio nuvoloso\" \/>\n<meta name=\"robots\" content=\"noindex, follow, max-snippet:-1, max-image-preview:large, max-video-preview:-1\" \/>\n<meta property=\"og:locale\" content=\"it_IT\" \/>\n<meta property=\"og:type\" content=\"article\" \/>\n<meta property=\"og:title\" content=\"Primo weekend di Carnevale, tutti in strada a festeggiare\" \/>\n<meta property=\"og:description\" content=\"\u00c8 il primo fine settimana della grande festa di Carnevale e i primi appuntamenti non mancano. Nel fine settimana il tempo sar\u00e0 bello e soleggiato, se non per qualche passaggio nuvoloso\" \/>\n<meta property=\"og:url\" content=\"https:\/\/staging.varesenews.it\/2020\/02\/primo-weekend-carnevale-tutti-strada-festeggiare\/902715\/\" \/>\n<meta property=\"og:site_name\" content=\"VareseNews\" \/>\n<meta property=\"article:publisher\" content=\"https:\/\/www.facebook.com\/varesenews\" \/>\n<meta property=\"article:published_time\" content=\"2020-02-21T16:22:45+00:00\" \/>\n<meta property=\"article:modified_time\" content=\"2020-02-21T16:27:46+00:00\" \/>\n<meta name=\"author\" content=\"Adelia Brigo\" \/>\n<meta name=\"twitter:card\" content=\"summary_large_image\" \/>\n<meta name=\"twitter:creator\" content=\"@AdeliaBrigo\" \/>\n<meta name=\"twitter:site\" content=\"@varesenews\" \/>\n<meta name=\"twitter:label1\" content=\"Scritto da\" \/>\n\t<meta name=\"twitter:data1\" content=\"Adelia Brigo\" \/>\n\t<meta name=\"twitter:label2\" content=\"Tempo di lettura stimato\" \/>\n\t<meta name=\"twitter:data2\" content=\"8 minuti\" \/>\n<script type=\"application\/ld+json\" class=\"yoast-schema-graph\">{\"@context\":\"https:\/\/schema.org\",\"@graph\":[{\"@type\":\"WebPage\",\"@id\":\"https:\/\/staging.varesenews.it\/2020\/02\/primo-weekend-carnevale-tutti-strada-festeggiare\/902715\/\",\"url\":\"https:\/\/staging.varesenews.it\/2020\/02\/primo-weekend-carnevale-tutti-strada-festeggiare\/902715\/\",\"name\":\"Primo weekend di Carnevale, tutti in strada a festeggiare\",\"isPartOf\":{\"@id\":\"https:\/\/staging.varesenews.it\/#website\"},\"datePublished\":\"2020-02-21T16:22:45+00:00\",\"dateModified\":\"2020-02-21T16:27:46+00:00\",\"author\":{\"@id\":\"https:\/\/staging.varesenews.it\/#\/schema\/person\/272ac0f5b2dbfd572218c2d86e013f1a\"},\"description\":\"\u00c8 il primo fine settimana della grande festa di Carnevale e i primi appuntamenti non mancano. Nel fine settimana il tempo sar\u00e0 bello e soleggiato, se non per qualche passaggio nuvoloso\",\"breadcrumb\":{\"@id\":\"https:\/\/staging.varesenews.it\/2020\/02\/primo-weekend-carnevale-tutti-strada-festeggiare\/902715\/#breadcrumb\"},\"inLanguage\":\"it-IT\",\"potentialAction\":[{\"@type\":\"ReadAction\",\"target\":[\"https:\/\/staging.varesenews.it\/2020\/02\/primo-weekend-carnevale-tutti-strada-festeggiare\/902715\/\"]}]},{\"@type\":\"BreadcrumbList\",\"@id\":\"https:\/\/staging.varesenews.it\/2020\/02\/primo-weekend-carnevale-tutti-strada-festeggiare\/902715\/#breadcrumb\",\"itemListElement\":[{\"@type\":\"ListItem\",\"position\":1,\"name\":\"Home\",\"item\":\"https:\/\/www.varesenews.it\/\"},{\"@type\":\"ListItem\",\"position\":2,\"name\":\"Primo weekend di Carnevale, tutti in strada a festeggiare\"}]},{\"@type\":\"WebSite\",\"@id\":\"https:\/\/staging.varesenews.it\/#website\",\"url\":\"https:\/\/staging.varesenews.it\/\",\"name\":\"VareseNews\",\"description\":\"\",\"potentialAction\":[{\"@type\":\"SearchAction\",\"target\":{\"@type\":\"EntryPoint\",\"urlTemplate\":\"https:\/\/staging.varesenews.it\/?s={search_term_string}\"},\"query-input\":\"required name=search_term_string\"}],\"inLanguage\":\"it-IT\"},{\"@type\":\"Person\",\"@id\":\"https:\/\/staging.varesenews.it\/#\/schema\/person\/272ac0f5b2dbfd572218c2d86e013f1a\",\"name\":\"Adelia Brigo\",\"image\":{\"@type\":\"ImageObject\",\"inLanguage\":\"it-IT\",\"@id\":\"https:\/\/staging.varesenews.it\/#\/schema\/person\/image\/\",\"url\":\"https:\/\/staging.varesenews.it\/wp-content\/uploads\/2020\/12\/adelia_brigo_colori_500.jpg\",\"contentUrl\":\"https:\/\/staging.varesenews.it\/wp-content\/uploads\/2020\/12\/adelia_brigo_colori_500.jpg\",\"caption\":\"Adelia Brigo\"},\"description\":\"Giornalista pubblicista, lavoro a VareseNews dal 2007 e mi occupo di cronaca locale e del settore dedicato alla cultura. In questi anni ho seguito diversi progetti di comunicazione, amo sperimentare strategie per i Social Network e raccontare storie. Varesina, classe 1984, sono laureata in Scienze della Comunicazione.&nbsp;\",\"sameAs\":[\"AdeliaBrigo\",\"https:\/\/twitter.com\/AdeliaBrigo\"],\"url\":\"https:\/\/staging.varesenews.it\/persona\/adelia_brigo\/\"}]}<\/script>\n<!-- \/ Yoast SEO plugin. -->","yoast_head_json":{"title":"Primo weekend di Carnevale, tutti in strada a festeggiare","description":"\u00c8 il primo fine settimana della grande festa di Carnevale e i primi appuntamenti non mancano. Nel fine settimana il tempo sar\u00e0 bello e soleggiato, se non per qualche passaggio nuvoloso","robots":{"index":"noindex","follow":"follow","max-snippet":"max-snippet:-1","max-image-preview":"max-image-preview:large","max-video-preview":"max-video-preview:-1"},"og_locale":"it_IT","og_type":"article","og_title":"Primo weekend di Carnevale, tutti in strada a festeggiare","og_description":"\u00c8 il primo fine settimana della grande festa di Carnevale e i primi appuntamenti non mancano. Nel fine settimana il tempo sar\u00e0 bello e soleggiato, se non per qualche passaggio nuvoloso","og_url":"https:\/\/staging.varesenews.it\/2020\/02\/primo-weekend-carnevale-tutti-strada-festeggiare\/902715\/","og_site_name":"VareseNews","article_publisher":"https:\/\/www.facebook.com\/varesenews","article_published_time":"2020-02-21T16:22:45+00:00","article_modified_time":"2020-02-21T16:27:46+00:00","author":"Adelia Brigo","twitter_card":"summary_large_image","twitter_creator":"@AdeliaBrigo","twitter_site":"@varesenews","twitter_misc":{"Scritto da":"Adelia Brigo","Tempo di lettura stimato":"8 minuti"},"schema":{"@context":"https:\/\/schema.org","@graph":[{"@type":"WebPage","@id":"https:\/\/staging.varesenews.it\/2020\/02\/primo-weekend-carnevale-tutti-strada-festeggiare\/902715\/","url":"https:\/\/staging.varesenews.it\/2020\/02\/primo-weekend-carnevale-tutti-strada-festeggiare\/902715\/","name":"Primo weekend di Carnevale, tutti in strada a festeggiare","isPartOf":{"@id":"https:\/\/staging.varesenews.it\/#website"},"datePublished":"2020-02-21T16:22:45+00:00","dateModified":"2020-02-21T16:27:46+00:00","author":{"@id":"https:\/\/staging.varesenews.it\/#\/schema\/person\/272ac0f5b2dbfd572218c2d86e013f1a"},"description":"\u00c8 il primo fine settimana della grande festa di Carnevale e i primi appuntamenti non mancano. Nel fine settimana il tempo sar\u00e0 bello e soleggiato, se non per qualche passaggio nuvoloso","breadcrumb":{"@id":"https:\/\/staging.varesenews.it\/2020\/02\/primo-weekend-carnevale-tutti-strada-festeggiare\/902715\/#breadcrumb"},"inLanguage":"it-IT","potentialAction":[{"@type":"ReadAction","target":["https:\/\/staging.varesenews.it\/2020\/02\/primo-weekend-carnevale-tutti-strada-festeggiare\/902715\/"]}]},{"@type":"BreadcrumbList","@id":"https:\/\/staging.varesenews.it\/2020\/02\/primo-weekend-carnevale-tutti-strada-festeggiare\/902715\/#breadcrumb","itemListElement":[{"@type":"ListItem","position":1,"name":"Home","item":"https:\/\/www.varesenews.it\/"},{"@type":"ListItem","position":2,"name":"Primo weekend di Carnevale, tutti in strada a festeggiare"}]},{"@type":"WebSite","@id":"https:\/\/staging.varesenews.it\/#website","url":"https:\/\/staging.varesenews.it\/","name":"VareseNews","description":"","potentialAction":[{"@type":"SearchAction","target":{"@type":"EntryPoint","urlTemplate":"https:\/\/staging.varesenews.it\/?s={search_term_string}"},"query-input":"required name=search_term_string"}],"inLanguage":"it-IT"},{"@type":"Person","@id":"https:\/\/staging.varesenews.it\/#\/schema\/person\/272ac0f5b2dbfd572218c2d86e013f1a","name":"Adelia Brigo","image":{"@type":"ImageObject","inLanguage":"it-IT","@id":"https:\/\/staging.varesenews.it\/#\/schema\/person\/image\/","url":"https:\/\/staging.varesenews.it\/wp-content\/uploads\/2020\/12\/adelia_brigo_colori_500.jpg","contentUrl":"https:\/\/staging.varesenews.it\/wp-content\/uploads\/2020\/12\/adelia_brigo_colori_500.jpg","caption":"Adelia Brigo"},"description":"Giornalista pubblicista, lavoro a VareseNews dal 2007 e mi occupo di cronaca locale e del settore dedicato alla cultura. In questi anni ho seguito diversi progetti di comunicazione, amo sperimentare strategie per i Social Network e raccontare storie. Varesina, classe 1984, sono laureata in Scienze della Comunicazione.&nbsp;","sameAs":["AdeliaBrigo","https:\/\/twitter.com\/AdeliaBrigo"],"url":"https:\/\/staging.varesenews.it\/persona\/adelia_brigo\/"}]}},"post_meta":{"_edit_lock":"1582302344:32","_edit_last":"32","_category_permalink":"a:1:{s:8:\"category\";s:2:\"21\";}","ratings_users":"0","ratings_score":"0","ratings_average":"0","_yoast_wpseo_content_score":"30","_jd_tweet_this":"yes","_wpt_short_url":"https:\/\/www.varesenews.it\/2020\/02\/primo-weekend-carnevale-tutti-strada-festeggiare\/902715\/","_wp_jd_target":"https:\/\/www.varesenews.it\/2020\/02\/primo-weekend-carnevale-tutti-strada-festeggiare\/902715\/","_jd_wp_twitter":"a:1:{i:0;s:175:\"Primo weekend di Carnevale, tutti in strada a festeggiare https:\/\/www.varesenews.it\/2020\/02\/primo-weekend-carnevale-tutti-strada-festeggiare\/902715\/ #FAIVillaPanza #villapanza\";}","_wpt_status_message":"Tweet inviato con successo.","foto":"786623"},"photos":[{"original":"https:\/\/staging.varesenews.it\/photogallery_new\/images\/2020\/02\/carnevale-786623.jpg","full":"https:\/\/staging.varesenews.it\/photogallery_new\/images\/2020\/02\/carnevale-786623.1024x768.jpg","large":"https:\/\/staging.varesenews.it\/photogallery_new\/images\/2020\/02\/carnevale-786623.610x431.jpg"}],"_links":{"self":[{"href":"https:\/\/staging.varesenews.it\/swgapi\/v1\/wp\/v2\/posts\/902715"}],"collection":[{"href":"https:\/\/staging.varesenews.it\/swgapi\/v1\/wp\/v2\/posts"}],"about":[{"href":"https:\/\/staging.varesenews.it\/swgapi\/v1\/wp\/v2\/types\/post"}],"author":[{"embeddable":true,"href":"https:\/\/staging.varesenews.it\/swgapi\/v1\/wp\/v2\/users\/32"}],"replies":[{"embeddable":true,"href":"https:\/\/staging.varesenews.it\/swgapi\/v1\/wp\/v2\/comments?post=902715"}],"version-history":[{"count":0,"href":"https:\/\/staging.varesenews.it\/swgapi\/v1\/wp\/v2\/posts\/902715\/revisions"}],"wp:attachment":[{"href":"https:\/\/staging.varesenews.it\/swgapi\/v1\/wp\/v2\/media?parent=902715"}],"wp:term":[{"taxonomy":"category","embeddable":true,"href":"https:\/\/staging.varesenews.it\/swgapi\/v1\/wp\/v2\/categories?post=902715"},{"taxonomy":"post_tag","embeddable":true,"href":"https:\/\/staging.varesenews.it\/swgapi\/v1\/wp\/v2\/tags?post=902715"}],"curies":[{"name":"wp","href":"https:\/\/api.w.org\/{rel}","templated":true}]}}