{"id":902748,"date":"2020-02-21T13:08:42","date_gmt":"2020-02-21T12:08:42","guid":{"rendered":"https:\/\/www.varesenews.it\/?p=902748"},"modified":"2020-02-21T15:23:42","modified_gmt":"2020-02-21T14:23:42","slug":"coronavirus-lombardia-tamponi-positivi","status":"publish","type":"post","link":"https:\/\/staging.varesenews.it\/2020\/02\/coronavirus-lombardia-tamponi-positivi\/902748\/","title":{"rendered":"Coronavirus in Lombardia: &#8220;Sei i tamponi positivi&#8221;"},"content":{"rendered":"<p>Alle 12.30 di venerd\u00ec mattina 21 febbraio, in <strong>Regione Lombardia<\/strong> si \u00e8 fatto il punto <strong>sul caso di coronavirus<\/strong> individuato a Codogno. Presenti Giulio Gallera, assessore al Welfare, Attilio Fontana presidente della Regione Lombardia, Maria Gramegna dirigente welfare, Pietro Foroni assessore alla Protezione civile.<\/p>\n<p>I casi accertati <strong>sono tre, quelli sospetti sei<\/strong>, come ha spiegato Gallera che ha ricostruito le ore che hanno preceduto la scoperta del primo episodio in Lombardia: \u00abIeri alle 21 abbiamo avuto la conferma di un primo caso di coronavirus, e da quel momento \u00e8 stata predisposta una cabina di regia che ha lavorato dalle 22 sino alle 2 e poi abbiamo ripreso a operare questa mattina. Abbiamo cercato di individuare i contatti di questa persona che si era presentata con i sintomi di una polmonite il 15 febbraio al pronto soccorso di Codogno; il 18 \u00e8 stato rimandato a casa ma poi \u00e8 peggiorato ed \u00e8 tornato in ospedale. A questo punto le sue condizioni erano critiche e i medici si sono insospettiti: di fronte alle insistenti domande, la moglie del paziente ha spiegato che ai primi di febbraio <strong>l&#8217;uomo aveva avuto\u00a0 pi\u00f9 incontri con un amico che era stato\u00a0 in Cina\u00bb.<\/strong><\/p>\n<p>\u00abAbbiamo cercato subito di recuperato il &#8220;caso indice&#8221;, ovvero l&#8217;uomo da cui era partito il contagio e abbiamo scoperto che era rientrata dalla Cina il 21 gennaio: <strong>ora \u00e8 al Sacco e sta facendo i controlli, ma sta bene<\/strong>. Nel corso delle ricerche <strong>abbiamo individuato e schedato 150 tra operatori sanitari, medici e parenti stretti di questa persona<\/strong>\u00a0che erano entrati in contatto con lui, tra cui <strong>la moglie che \u00e8 risultata positiva anche se in questo momento sta bene\u00bb.<\/strong><\/p>\n<p><strong>\u00abIeri sera \u00e8 emerso un terzo caso<\/strong>: una persona portata all&#8217;ospedale di Codogno che \u00e8 risultata positiva <strong>e che aveva contatti con l&#8217;uomo perch\u00e9 facevano sport insieme.<\/strong>\u00a0Il tampone fino ad ora ha individuato sei casi. <strong>A questo punto abbiamo ritenuto di invitare i cittadini di Codogno Castiglione d&#8217;Adda e Casalpustrelengo a restare nelle proprie case\u00bb.<\/strong><\/p>\n<p>\u00abIl ministro ha appena firmato un&#8217;ordinanza. I contatti diretti saranno messi in quarantena o al proprio domicilio oppure, se non volesse adottare questo sistema, cio\u00e8 restare nelle proprie case, stiamo approntando, d&#8217;intesa con il prefetto, un luogo che possa avere stanze e bagni singoli\u00bb.<\/p>\n<p><strong>Il pronto soccorso \u00e8 stato chiuso e sospeso le attivit\u00e0 chirurgiche<\/strong>, il resto del presidio continua a svolgere le proprie attivit\u00e0. Chi manifestasse sintomi sospetti &#8211; ha concluso Gallera, che ha invitato alla calma &#8211; \u00e8 invitato a chiamare il 112: <strong>una squadra si attiver\u00e0 e arriver\u00e0 a casa per fare un tampone.<\/strong><\/p>\n<p>L&#8217;Assessore Foroni ha aggiunto: \u00abLa sala operativa della Protezione Civile Regionale si \u00e8 attivata subito. Siamo in contatto con la Protezione civile nazionale. Si <strong>stanno verificando strutture, anche militari o ex militari, idonee ad ospitare eventuali quarantene<\/strong>. Siamo pronti per ogni evenienza\u00bb.<\/p>\n<p>Il <strong>presidente Attilio Fontana<\/strong> ha concluso: \u00abQueste che abbiamo spiegato non devono essere viste come misure drammatiche, ma sono misure indispensabili per fermare il contagio. Non dobbiamo diffondere il panico ma dobbiamo far capire che queste precauzioni sono fondamentali per il bene delle comunit\u00e0\u00bb.<\/p>\n<p>&nbsp;<\/p>\n<p><iframe loading=\"lazy\" style=\"border: none; overflow: hidden;\" src=\"https:\/\/www.facebook.com\/plugins\/video.php?href=https%3A%2F%2Fwww.facebook.com%2FLombardiaNotizieOnline%2Fvideos%2F191854918583890%2F&amp;show_text=0&amp;width=560\" width=\"560\" height=\"315\" frameborder=\"0\" scrolling=\"no\" allowfullscreen=\"allowfullscreen\"><\/iframe><\/p>\n","protected":false},"excerpt":{"rendered":"<p>Nella conferenza stampa in Regione Lombardia l&#8217;assessore Gallera ha ricostruito le ore che hanno preceduto la scoperta del primo caso. Gi\u00e0 contagiata la moglie e un amico. Altri tre sono positivi<\/p>\n","protected":false},"author":49,"featured_media":0,"comment_status":"open","ping_status":"open","sticky":false,"template":"","format":"standard","meta":{"footnotes":""},"categories":[7],"tags":[103242,532],"acf":[],"yoast_head":"<!-- This site is optimized with the Yoast SEO plugin v20.1 - https:\/\/yoast.com\/wordpress\/plugins\/seo\/ -->\n<title>Coronavirus in Lombardia: &quot;Sei i tamponi positivi&quot;<\/title>\n<meta name=\"description\" content=\"Nella conferenza stampa in Regione Lombardia l&#039;assessore Gallera ha ricostruito le ore che hanno preceduto la scoperta del primo caso. Gi\u00e0 contagiata la moglie e un amico. Altri tre sono positivi\" \/>\n<meta name=\"robots\" content=\"noindex, follow, max-snippet:-1, max-image-preview:large, max-video-preview:-1\" \/>\n<meta property=\"og:locale\" content=\"it_IT\" \/>\n<meta property=\"og:type\" content=\"article\" \/>\n<meta property=\"og:title\" content=\"Coronavirus in Lombardia: &quot;Sei i tamponi positivi&quot;\" \/>\n<meta property=\"og:description\" content=\"Nella conferenza stampa in Regione Lombardia l&#039;assessore Gallera ha ricostruito le ore che hanno preceduto la scoperta del primo caso. Gi\u00e0 contagiata la moglie e un amico. Altri tre sono positivi\" \/>\n<meta property=\"og:url\" content=\"https:\/\/www.varesenews.it\/2020\/02\/coronavirus-lombardia-tamponi-positivi\/902748\/\" \/>\n<meta property=\"og:site_name\" content=\"VareseNews\" \/>\n<meta property=\"article:publisher\" content=\"https:\/\/www.facebook.com\/varesenews\" \/>\n<meta property=\"article:author\" content=\"https:\/\/www.facebook.com\/roberta.bertolini.9\" \/>\n<meta property=\"article:published_time\" content=\"2020-02-21T12:08:42+00:00\" \/>\n<meta property=\"article:modified_time\" content=\"2020-02-21T14:23:42+00:00\" \/>\n<meta name=\"author\" content=\"Roberta Bertolini\" \/>\n<meta name=\"twitter:card\" content=\"summary_large_image\" \/>\n<meta name=\"twitter:creator\" content=\"@robybertolini\" \/>\n<meta name=\"twitter:site\" content=\"@varesenews\" \/>\n<meta name=\"twitter:label1\" content=\"Scritto da\" \/>\n\t<meta name=\"twitter:data1\" content=\"Roberta Bertolini\" \/>\n\t<meta name=\"twitter:label2\" content=\"Tempo di lettura stimato\" \/>\n\t<meta name=\"twitter:data2\" content=\"2 minuti\" \/>\n<script type=\"application\/ld+json\" class=\"yoast-schema-graph\">{\"@context\":\"https:\/\/schema.org\",\"@graph\":[{\"@type\":\"WebPage\",\"@id\":\"https:\/\/www.varesenews.it\/2020\/02\/coronavirus-lombardia-tamponi-positivi\/902748\/\",\"url\":\"https:\/\/www.varesenews.it\/2020\/02\/coronavirus-lombardia-tamponi-positivi\/902748\/\",\"name\":\"Coronavirus in Lombardia: \\\"Sei i tamponi positivi\\\"\",\"isPartOf\":{\"@id\":\"https:\/\/staging.varesenews.it\/#website\"},\"datePublished\":\"2020-02-21T12:08:42+00:00\",\"dateModified\":\"2020-02-21T14:23:42+00:00\",\"author\":{\"@id\":\"https:\/\/staging.varesenews.it\/#\/schema\/person\/58fbd3e567d5c00f0a64d5137fef3e68\"},\"description\":\"Nella conferenza stampa in Regione Lombardia l'assessore Gallera ha ricostruito le ore che hanno preceduto la scoperta del primo caso. Gi\u00e0 contagiata la moglie e un amico. Altri tre sono positivi\",\"breadcrumb\":{\"@id\":\"https:\/\/www.varesenews.it\/2020\/02\/coronavirus-lombardia-tamponi-positivi\/902748\/#breadcrumb\"},\"inLanguage\":\"it-IT\",\"potentialAction\":[{\"@type\":\"ReadAction\",\"target\":[\"https:\/\/www.varesenews.it\/2020\/02\/coronavirus-lombardia-tamponi-positivi\/902748\/\"]}]},{\"@type\":\"BreadcrumbList\",\"@id\":\"https:\/\/www.varesenews.it\/2020\/02\/coronavirus-lombardia-tamponi-positivi\/902748\/#breadcrumb\",\"itemListElement\":[{\"@type\":\"ListItem\",\"position\":1,\"name\":\"Home\",\"item\":\"https:\/\/www.varesenews.it\/\"},{\"@type\":\"ListItem\",\"position\":2,\"name\":\"Coronavirus in Lombardia: &#8220;Sei i tamponi positivi&#8221;\"}]},{\"@type\":\"WebSite\",\"@id\":\"https:\/\/staging.varesenews.it\/#website\",\"url\":\"https:\/\/staging.varesenews.it\/\",\"name\":\"VareseNews\",\"description\":\"\",\"potentialAction\":[{\"@type\":\"SearchAction\",\"target\":{\"@type\":\"EntryPoint\",\"urlTemplate\":\"https:\/\/staging.varesenews.it\/?s={search_term_string}\"},\"query-input\":\"required name=search_term_string\"}],\"inLanguage\":\"it-IT\"},{\"@type\":\"Person\",\"@id\":\"https:\/\/staging.varesenews.it\/#\/schema\/person\/58fbd3e567d5c00f0a64d5137fef3e68\",\"name\":\"Roberta Bertolini\",\"image\":{\"@type\":\"ImageObject\",\"inLanguage\":\"it-IT\",\"@id\":\"https:\/\/staging.varesenews.it\/#\/schema\/person\/image\/\",\"url\":\"https:\/\/staging.varesenews.it\/wp-content\/uploads\/2020\/12\/roberta_bertolini_colori_500.jpg\",\"contentUrl\":\"https:\/\/staging.varesenews.it\/wp-content\/uploads\/2020\/12\/roberta_bertolini_colori_500.jpg\",\"caption\":\"Roberta Bertolini\"},\"description\":\"Giornalista professionista dal 1991, sono passata, ormai molti anni fa, dalla carta al web. Oggi mi occupo di cronaca locale e guardo con curiosit&agrave; ed attenzione il mondo dei social. Parlo poco, ascolto molto.\",\"sameAs\":[\"https:\/\/www.facebook.com\/roberta.bertolini.9\",\"bettabertolini\",\"https:\/\/www.linkedin.com\/hp\/?dnr=v9e-Gp7a6_oxqTuQyZA0Lf4aEi4t91g6wMH\",\"https:\/\/twitter.com\/robybertolini\"],\"url\":\"https:\/\/staging.varesenews.it\/persona\/roberta-bertolini1\/\"}]}<\/script>\n<!-- \/ Yoast SEO plugin. -->","yoast_head_json":{"title":"Coronavirus in Lombardia: \"Sei i tamponi positivi\"","description":"Nella conferenza stampa in Regione Lombardia l'assessore Gallera ha ricostruito le ore che hanno preceduto la scoperta del primo caso. Gi\u00e0 contagiata la moglie e un amico. Altri tre sono positivi","robots":{"index":"noindex","follow":"follow","max-snippet":"max-snippet:-1","max-image-preview":"max-image-preview:large","max-video-preview":"max-video-preview:-1"},"og_locale":"it_IT","og_type":"article","og_title":"Coronavirus in Lombardia: \"Sei i tamponi positivi\"","og_description":"Nella conferenza stampa in Regione Lombardia l'assessore Gallera ha ricostruito le ore che hanno preceduto la scoperta del primo caso. Gi\u00e0 contagiata la moglie e un amico. Altri tre sono positivi","og_url":"https:\/\/www.varesenews.it\/2020\/02\/coronavirus-lombardia-tamponi-positivi\/902748\/","og_site_name":"VareseNews","article_publisher":"https:\/\/www.facebook.com\/varesenews","article_author":"https:\/\/www.facebook.com\/roberta.bertolini.9","article_published_time":"2020-02-21T12:08:42+00:00","article_modified_time":"2020-02-21T14:23:42+00:00","author":"Roberta Bertolini","twitter_card":"summary_large_image","twitter_creator":"@robybertolini","twitter_site":"@varesenews","twitter_misc":{"Scritto da":"Roberta Bertolini","Tempo di lettura stimato":"2 minuti"},"schema":{"@context":"https:\/\/schema.org","@graph":[{"@type":"WebPage","@id":"https:\/\/www.varesenews.it\/2020\/02\/coronavirus-lombardia-tamponi-positivi\/902748\/","url":"https:\/\/www.varesenews.it\/2020\/02\/coronavirus-lombardia-tamponi-positivi\/902748\/","name":"Coronavirus in Lombardia: \"Sei i tamponi positivi\"","isPartOf":{"@id":"https:\/\/staging.varesenews.it\/#website"},"datePublished":"2020-02-21T12:08:42+00:00","dateModified":"2020-02-21T14:23:42+00:00","author":{"@id":"https:\/\/staging.varesenews.it\/#\/schema\/person\/58fbd3e567d5c00f0a64d5137fef3e68"},"description":"Nella conferenza stampa in Regione Lombardia l'assessore Gallera ha ricostruito le ore che hanno preceduto la scoperta del primo caso. Gi\u00e0 contagiata la moglie e un amico. Altri tre sono positivi","breadcrumb":{"@id":"https:\/\/www.varesenews.it\/2020\/02\/coronavirus-lombardia-tamponi-positivi\/902748\/#breadcrumb"},"inLanguage":"it-IT","potentialAction":[{"@type":"ReadAction","target":["https:\/\/www.varesenews.it\/2020\/02\/coronavirus-lombardia-tamponi-positivi\/902748\/"]}]},{"@type":"BreadcrumbList","@id":"https:\/\/www.varesenews.it\/2020\/02\/coronavirus-lombardia-tamponi-positivi\/902748\/#breadcrumb","itemListElement":[{"@type":"ListItem","position":1,"name":"Home","item":"https:\/\/www.varesenews.it\/"},{"@type":"ListItem","position":2,"name":"Coronavirus in Lombardia: &#8220;Sei i tamponi positivi&#8221;"}]},{"@type":"WebSite","@id":"https:\/\/staging.varesenews.it\/#website","url":"https:\/\/staging.varesenews.it\/","name":"VareseNews","description":"","potentialAction":[{"@type":"SearchAction","target":{"@type":"EntryPoint","urlTemplate":"https:\/\/staging.varesenews.it\/?s={search_term_string}"},"query-input":"required name=search_term_string"}],"inLanguage":"it-IT"},{"@type":"Person","@id":"https:\/\/staging.varesenews.it\/#\/schema\/person\/58fbd3e567d5c00f0a64d5137fef3e68","name":"Roberta Bertolini","image":{"@type":"ImageObject","inLanguage":"it-IT","@id":"https:\/\/staging.varesenews.it\/#\/schema\/person\/image\/","url":"https:\/\/staging.varesenews.it\/wp-content\/uploads\/2020\/12\/roberta_bertolini_colori_500.jpg","contentUrl":"https:\/\/staging.varesenews.it\/wp-content\/uploads\/2020\/12\/roberta_bertolini_colori_500.jpg","caption":"Roberta Bertolini"},"description":"Giornalista professionista dal 1991, sono passata, ormai molti anni fa, dalla carta al web. Oggi mi occupo di cronaca locale e guardo con curiosit&agrave; ed attenzione il mondo dei social. Parlo poco, ascolto molto.","sameAs":["https:\/\/www.facebook.com\/roberta.bertolini.9","bettabertolini","https:\/\/www.linkedin.com\/hp\/?dnr=v9e-Gp7a6_oxqTuQyZA0Lf4aEi4t91g6wMH","https:\/\/twitter.com\/robybertolini"],"url":"https:\/\/staging.varesenews.it\/persona\/roberta-bertolini1\/"}]}},"post_meta":{"_edit_lock":"1582365682:39","_edit_last":"39","_category_permalink":"a:1:{s:8:\"category\";s:0:\"\";}","ratings_users":"0","ratings_score":"0","ratings_average":"0","foto":"788660","firma_come_redazione":"1","argomento":"Milano","_yoast_wpseo_content_score":"30","_jd_tweet_this":"yes","_wpt_short_url":"https:\/\/www.varesenews.it\/2020\/02\/coronavirus-lombardia-tamponi-positivi\/902748\/","_wp_jd_target":"https:\/\/www.varesenews.it\/2020\/02\/coronavirus-lombardia-tamponi-positivi\/902748\/","_jd_wp_twitter":"a:1:{i:0;s:148:\"Coronavirus in Lombardia: \u201cSei i tamponi positivi\u201d https:\/\/www.varesenews.it\/2020\/02\/coronavirus-lombardia-tamponi-positivi\/902748\/ #coronavirus\";}","_wpt_status_message":"Tweet inviato con successo.","id_leggi_anche":"902608,902933"},"photos":[{"original":"https:\/\/staging.varesenews.it\/photogallery_new\/images\/2020\/02\/coronavirus-conferenza-stampa-788660.jpg","full":"https:\/\/staging.varesenews.it\/photogallery_new\/images\/2020\/02\/coronavirus-conferenza-stampa-788660.1024x768.jpg","large":"https:\/\/staging.varesenews.it\/photogallery_new\/images\/2020\/02\/coronavirus-conferenza-stampa-788660.610x431.jpg"}],"_links":{"self":[{"href":"https:\/\/staging.varesenews.it\/swgapi\/v1\/wp\/v2\/posts\/902748"}],"collection":[{"href":"https:\/\/staging.varesenews.it\/swgapi\/v1\/wp\/v2\/posts"}],"about":[{"href":"https:\/\/staging.varesenews.it\/swgapi\/v1\/wp\/v2\/types\/post"}],"author":[{"embeddable":true,"href":"https:\/\/staging.varesenews.it\/swgapi\/v1\/wp\/v2\/users\/49"}],"replies":[{"embeddable":true,"href":"https:\/\/staging.varesenews.it\/swgapi\/v1\/wp\/v2\/comments?post=902748"}],"version-history":[{"count":0,"href":"https:\/\/staging.varesenews.it\/swgapi\/v1\/wp\/v2\/posts\/902748\/revisions"}],"wp:attachment":[{"href":"https:\/\/staging.varesenews.it\/swgapi\/v1\/wp\/v2\/media?parent=902748"}],"wp:term":[{"taxonomy":"category","embeddable":true,"href":"https:\/\/staging.varesenews.it\/swgapi\/v1\/wp\/v2\/categories?post=902748"},{"taxonomy":"post_tag","embeddable":true,"href":"https:\/\/staging.varesenews.it\/swgapi\/v1\/wp\/v2\/tags?post=902748"}],"curies":[{"name":"wp","href":"https:\/\/api.w.org\/{rel}","templated":true}]}}