{"id":903403,"date":"2020-02-23T16:19:55","date_gmt":"2020-02-23T15:19:55","guid":{"rendered":"https:\/\/www.varesenews.it\/?p=903403"},"modified":"2020-02-23T16:19:55","modified_gmt":"2020-02-23T15:19:55","slug":"centro-beccaria-lavorera-anche-la-domenica","status":"publish","type":"post","link":"https:\/\/staging.varesenews.it\/2020\/02\/centro-beccaria-lavorera-anche-la-domenica\/903403\/","title":{"rendered":"Il Centro Beccaria lavorer\u00e0 anche la domenica"},"content":{"rendered":"<p>&#8220;Il tempo per noi \u00e8 sempre stato un bene prezioso\u201d &#8211;\u00a0spiega\u00a0 <strong>Claudio Pucci, Ad del <a href=\"https:\/\/www.centrobeccaria.it\/\" target=\"_blank\" rel=\"noopener\">Centro Polispecialistico Beccaria<\/a><\/strong>\u00a0&#8211; per questo abbiamo scelto di dare la possibilit\u00e0 alle persone di accedere ai nostri servizi sanitari 7 giorni su 7. L\u2019apertura anche la domenica \u00e8 un segnale forte del fatto che noi ci siamo e che vogliamo andare incontro alle esigenze dei cittadini, obiettivo che da 44 anni \u00e8 la nostra missione&#8221;.<\/p>\n<p>Una mattina di lavoro per tante persone al Beccaria che da oggi apre anche la domenica. Oltre cento persone hanno gi\u00e0 risposto positivamente al nuovo servizio.<\/p>\n<p>A sottolineare l&#8217;importanza e l&#8217;innovativit\u00e0 della scelta, la presenza di <strong>Emanuele Monti,<\/strong> Presidente III Commissione permanente &#8211; Sanit\u00e0 e Politiche Sociali di Regione Lombardia.<\/p>\n<p>L&#8217;esponente politico varesino ha sottolineato la positivit\u00e0 della scelta del centro.\u00a0 \u201cDa parte di Regione \u00e8 un grande piacere poter contare su operatori quali il Beccaria, un modello accreditato che da tanti anni \u00e8 simbolo di complementariet\u00e0 tra pubblico e privato utile per garantire maggiori servizi alle persone. Anche in queste ore, di fronte ad una emergenza che ha messo il sistema sotto stress, siamo comunque pronti, grazie ad un sistema che mette al centro in maniera pragmatica il cittadino.\u00a0 Avere dei partner sul territorio capaci di erogare servizi, quali ad esempio l\u2019apertura domenicale ci permette di andare incontro alle esigenze di un mondo che cambia. L&#8217;attenzione al cittadino passa attraverso questo rapporto tra pubblico e privato, che devono essere uno insieme all&#8217;altro concorrenziali nell&#8217;offrire un servizio migliore.\u201d<\/p>\n<p>La novit\u00e0 ha riscosso immediato consenso fra l&#8217;utenza: nella sola giornata di domenica il Centro ha eseguito pi\u00f9 di 100 prelievi. L&#8217;apertura domenicale \u00e8 solo l&#8217;ultimo dei tanti servizi proposti dal Centro Beccaria che da sempre \u00e8 attento al tempo delle persone, anche grazie ai punti prelievo sparsi in tutta la provincia e ai servizi on line, attraverso cui \u00e8 possibile prenotare visite, visionare gli esiti e acquistare pacchetti check up comodamente da casa.<\/p>\n<p>&nbsp;<\/p>\n","protected":false},"excerpt":{"rendered":"<p>La struttura specialistica sanitaria allarga la propria offerta di servizi aumentando gli orari di lavoro e aprendo anche la domenica<\/p>\n","protected":false},"author":54,"featured_media":0,"comment_status":"open","ping_status":"open","sticky":false,"template":"","format":"standard","meta":{"footnotes":""},"categories":[24,2],"tags":[87787],"acf":[],"yoast_head":"<!-- This site is optimized with the Yoast SEO plugin v20.1 - https:\/\/yoast.com\/wordpress\/plugins\/seo\/ -->\n<title>Il Centro Beccaria lavorer\u00e0 anche la domenica<\/title>\n<meta name=\"description\" content=\"La struttura specialistica sanitaria allarga la propria offerta di servizi aumentando gli orari di lavoro e aprendo anche la domenica\" \/>\n<meta name=\"robots\" content=\"noindex, follow, max-snippet:-1, max-image-preview:large, max-video-preview:-1\" \/>\n<meta property=\"og:locale\" content=\"it_IT\" \/>\n<meta property=\"og:type\" content=\"article\" \/>\n<meta property=\"og:title\" content=\"Il Centro Beccaria lavorer\u00e0 anche la domenica\" \/>\n<meta property=\"og:description\" content=\"La struttura specialistica sanitaria allarga la propria offerta di servizi aumentando gli orari di lavoro e aprendo anche la domenica\" \/>\n<meta property=\"og:url\" content=\"https:\/\/staging.varesenews.it\/2020\/02\/centro-beccaria-lavorera-anche-la-domenica\/903403\/\" \/>\n<meta property=\"og:site_name\" content=\"VareseNews\" \/>\n<meta property=\"article:publisher\" content=\"https:\/\/www.facebook.com\/varesenews\" \/>\n<meta property=\"article:author\" content=\"https:\/\/www.facebook.com\/giovannelli.marco?fref=ts\" \/>\n<meta property=\"article:published_time\" content=\"2020-02-23T15:19:55+00:00\" \/>\n<meta name=\"author\" content=\"Marco Giovannelli\" \/>\n<meta name=\"twitter:card\" content=\"summary_large_image\" \/>\n<meta name=\"twitter:creator\" content=\"@marcogio59\" \/>\n<meta name=\"twitter:site\" content=\"@varesenews\" \/>\n<meta name=\"twitter:label1\" content=\"Scritto da\" \/>\n\t<meta name=\"twitter:data1\" content=\"Marco Giovannelli\" \/>\n\t<meta name=\"twitter:label2\" content=\"Tempo di lettura stimato\" \/>\n\t<meta name=\"twitter:data2\" content=\"2 minuti\" \/>\n<script type=\"application\/ld+json\" class=\"yoast-schema-graph\">{\"@context\":\"https:\/\/schema.org\",\"@graph\":[{\"@type\":\"WebPage\",\"@id\":\"https:\/\/staging.varesenews.it\/2020\/02\/centro-beccaria-lavorera-anche-la-domenica\/903403\/\",\"url\":\"https:\/\/staging.varesenews.it\/2020\/02\/centro-beccaria-lavorera-anche-la-domenica\/903403\/\",\"name\":\"Il Centro Beccaria lavorer\u00e0 anche la domenica\",\"isPartOf\":{\"@id\":\"https:\/\/staging.varesenews.it\/#website\"},\"datePublished\":\"2020-02-23T15:19:55+00:00\",\"dateModified\":\"2020-02-23T15:19:55+00:00\",\"author\":{\"@id\":\"https:\/\/staging.varesenews.it\/#\/schema\/person\/b32b6f44664f8274f79469e452856024\"},\"description\":\"La struttura specialistica sanitaria allarga la propria offerta di servizi aumentando gli orari di lavoro e aprendo anche la domenica\",\"breadcrumb\":{\"@id\":\"https:\/\/staging.varesenews.it\/2020\/02\/centro-beccaria-lavorera-anche-la-domenica\/903403\/#breadcrumb\"},\"inLanguage\":\"it-IT\",\"potentialAction\":[{\"@type\":\"ReadAction\",\"target\":[\"https:\/\/staging.varesenews.it\/2020\/02\/centro-beccaria-lavorera-anche-la-domenica\/903403\/\"]}]},{\"@type\":\"BreadcrumbList\",\"@id\":\"https:\/\/staging.varesenews.it\/2020\/02\/centro-beccaria-lavorera-anche-la-domenica\/903403\/#breadcrumb\",\"itemListElement\":[{\"@type\":\"ListItem\",\"position\":1,\"name\":\"Home\",\"item\":\"https:\/\/www.varesenews.it\/\"},{\"@type\":\"ListItem\",\"position\":2,\"name\":\"Il Centro Beccaria lavorer\u00e0 anche la domenica\"}]},{\"@type\":\"WebSite\",\"@id\":\"https:\/\/staging.varesenews.it\/#website\",\"url\":\"https:\/\/staging.varesenews.it\/\",\"name\":\"VareseNews\",\"description\":\"\",\"potentialAction\":[{\"@type\":\"SearchAction\",\"target\":{\"@type\":\"EntryPoint\",\"urlTemplate\":\"https:\/\/staging.varesenews.it\/?s={search_term_string}\"},\"query-input\":\"required name=search_term_string\"}],\"inLanguage\":\"it-IT\"},{\"@type\":\"Person\",\"@id\":\"https:\/\/staging.varesenews.it\/#\/schema\/person\/b32b6f44664f8274f79469e452856024\",\"name\":\"Marco Giovannelli\",\"image\":{\"@type\":\"ImageObject\",\"inLanguage\":\"it-IT\",\"@id\":\"https:\/\/staging.varesenews.it\/#\/schema\/person\/image\/\",\"url\":\"https:\/\/staging.varesenews.it\/wp-content\/uploads\/2020\/12\/marco_giovannelli_colori_500.jpg\",\"contentUrl\":\"https:\/\/staging.varesenews.it\/wp-content\/uploads\/2020\/12\/marco_giovannelli_colori_500.jpg\",\"caption\":\"Marco Giovannelli\"},\"description\":\"Viterbese di origine vivo a Varese dal 1978. Due figli grandi, due lauree in scienze &ldquo;inutili&rdquo; quanto affascinanti che mi portano a mettere lo studio ancora al primo posto. Dopo aver lavorato per il sindacato, fondato e lavorato al centro Gulliver, in una cooperativa che gestiva il Circolino a Varese, con un altro viterbese e un lucano ho fondato VareseNews quando nessuno o quasi sapeva cosa fosse Internet. Ho alcune grandi passioni, la prima &egrave; il cammino che cerco di vivere quotidianamente. Averne percorsi alcuni storici con Santiago e la Francigena mi ha poi portato a far diventare anche lavoro la loro valorizzazione e in particolare la Via Francisca del Lucomagno. Amo leggere, andare al cinema, viaggiare. Mi piace conoscere. La mia migliore attitudine &egrave; connettere mondi e per questo mi affascina la contemporaneit&agrave; e il digitale. Ho insegnato diritto ed economia per un decennio nelle scuole superiori. Ho tenuto diverse lezioni e laboratori allo Iulm e ora all&rsquo;Universit&agrave; dell&rsquo;Insubria con un corso di Giornalismo digitale alla specialistica. Ho fondato diversi progetti editoriali.&nbsp;\",\"sameAs\":[\"https:\/\/www.facebook.com\/giovannelli.marco?fref=ts\",\"marcogio59\",\"https:\/\/it.linkedin.com\/in\/giovannellimarco\",\"https:\/\/twitter.com\/marcogio59\"],\"url\":\"https:\/\/staging.varesenews.it\/persona\/marco_giovannelli-2\/\"}]}<\/script>\n<!-- \/ Yoast SEO plugin. -->","yoast_head_json":{"title":"Il Centro Beccaria lavorer\u00e0 anche la domenica","description":"La struttura specialistica sanitaria allarga la propria offerta di servizi aumentando gli orari di lavoro e aprendo anche la domenica","robots":{"index":"noindex","follow":"follow","max-snippet":"max-snippet:-1","max-image-preview":"max-image-preview:large","max-video-preview":"max-video-preview:-1"},"og_locale":"it_IT","og_type":"article","og_title":"Il Centro Beccaria lavorer\u00e0 anche la domenica","og_description":"La struttura specialistica sanitaria allarga la propria offerta di servizi aumentando gli orari di lavoro e aprendo anche la domenica","og_url":"https:\/\/staging.varesenews.it\/2020\/02\/centro-beccaria-lavorera-anche-la-domenica\/903403\/","og_site_name":"VareseNews","article_publisher":"https:\/\/www.facebook.com\/varesenews","article_author":"https:\/\/www.facebook.com\/giovannelli.marco?fref=ts","article_published_time":"2020-02-23T15:19:55+00:00","author":"Marco Giovannelli","twitter_card":"summary_large_image","twitter_creator":"@marcogio59","twitter_site":"@varesenews","twitter_misc":{"Scritto da":"Marco Giovannelli","Tempo di lettura stimato":"2 minuti"},"schema":{"@context":"https:\/\/schema.org","@graph":[{"@type":"WebPage","@id":"https:\/\/staging.varesenews.it\/2020\/02\/centro-beccaria-lavorera-anche-la-domenica\/903403\/","url":"https:\/\/staging.varesenews.it\/2020\/02\/centro-beccaria-lavorera-anche-la-domenica\/903403\/","name":"Il Centro Beccaria lavorer\u00e0 anche la domenica","isPartOf":{"@id":"https:\/\/staging.varesenews.it\/#website"},"datePublished":"2020-02-23T15:19:55+00:00","dateModified":"2020-02-23T15:19:55+00:00","author":{"@id":"https:\/\/staging.varesenews.it\/#\/schema\/person\/b32b6f44664f8274f79469e452856024"},"description":"La struttura specialistica sanitaria allarga la propria offerta di servizi aumentando gli orari di lavoro e aprendo anche la domenica","breadcrumb":{"@id":"https:\/\/staging.varesenews.it\/2020\/02\/centro-beccaria-lavorera-anche-la-domenica\/903403\/#breadcrumb"},"inLanguage":"it-IT","potentialAction":[{"@type":"ReadAction","target":["https:\/\/staging.varesenews.it\/2020\/02\/centro-beccaria-lavorera-anche-la-domenica\/903403\/"]}]},{"@type":"BreadcrumbList","@id":"https:\/\/staging.varesenews.it\/2020\/02\/centro-beccaria-lavorera-anche-la-domenica\/903403\/#breadcrumb","itemListElement":[{"@type":"ListItem","position":1,"name":"Home","item":"https:\/\/www.varesenews.it\/"},{"@type":"ListItem","position":2,"name":"Il Centro Beccaria lavorer\u00e0 anche la domenica"}]},{"@type":"WebSite","@id":"https:\/\/staging.varesenews.it\/#website","url":"https:\/\/staging.varesenews.it\/","name":"VareseNews","description":"","potentialAction":[{"@type":"SearchAction","target":{"@type":"EntryPoint","urlTemplate":"https:\/\/staging.varesenews.it\/?s={search_term_string}"},"query-input":"required name=search_term_string"}],"inLanguage":"it-IT"},{"@type":"Person","@id":"https:\/\/staging.varesenews.it\/#\/schema\/person\/b32b6f44664f8274f79469e452856024","name":"Marco Giovannelli","image":{"@type":"ImageObject","inLanguage":"it-IT","@id":"https:\/\/staging.varesenews.it\/#\/schema\/person\/image\/","url":"https:\/\/staging.varesenews.it\/wp-content\/uploads\/2020\/12\/marco_giovannelli_colori_500.jpg","contentUrl":"https:\/\/staging.varesenews.it\/wp-content\/uploads\/2020\/12\/marco_giovannelli_colori_500.jpg","caption":"Marco Giovannelli"},"description":"Viterbese di origine vivo a Varese dal 1978. Due figli grandi, due lauree in scienze &ldquo;inutili&rdquo; quanto affascinanti che mi portano a mettere lo studio ancora al primo posto. Dopo aver lavorato per il sindacato, fondato e lavorato al centro Gulliver, in una cooperativa che gestiva il Circolino a Varese, con un altro viterbese e un lucano ho fondato VareseNews quando nessuno o quasi sapeva cosa fosse Internet. Ho alcune grandi passioni, la prima &egrave; il cammino che cerco di vivere quotidianamente. Averne percorsi alcuni storici con Santiago e la Francigena mi ha poi portato a far diventare anche lavoro la loro valorizzazione e in particolare la Via Francisca del Lucomagno. Amo leggere, andare al cinema, viaggiare. Mi piace conoscere. La mia migliore attitudine &egrave; connettere mondi e per questo mi affascina la contemporaneit&agrave; e il digitale. Ho insegnato diritto ed economia per un decennio nelle scuole superiori. Ho tenuto diverse lezioni e laboratori allo Iulm e ora all&rsquo;Universit&agrave; dell&rsquo;Insubria con un corso di Giornalismo digitale alla specialistica. Ho fondato diversi progetti editoriali.&nbsp;","sameAs":["https:\/\/www.facebook.com\/giovannelli.marco?fref=ts","marcogio59","https:\/\/it.linkedin.com\/in\/giovannellimarco","https:\/\/twitter.com\/marcogio59"],"url":"https:\/\/staging.varesenews.it\/persona\/marco_giovannelli-2\/"}]}},"post_meta":{"_edit_lock":"1582471212:54","_edit_last":"54","_category_permalink":"a:1:{s:8:\"category\";s:2:\"24\";}","_encloseme":"1","ratings_users":"0","ratings_score":"0","ratings_average":"0","foto":"789011","youtube_id":"yXY3SB9oG8Y","firma_come_redazione":"1","argomento":"Varese","_yoast_wpseo_content_score":"30","_jd_tweet_this":"yes","_wpt_short_url":"https:\/\/www.varesenews.it\/2020\/02\/centro-beccaria-lavorera-anche-la-domenica\/903403\/","_wp_jd_target":"https:\/\/www.varesenews.it\/2020\/02\/centro-beccaria-lavorera-anche-la-domenica\/903403\/","_jd_wp_twitter":"a:1:{i:0;s:132:\"Il Centro Beccaria lavorer\u00e0 anche la domenica https:\/\/www.varesenews.it\/2020\/02\/centro-beccaria-lavorera-anche-la-domenica\/903403\/ \";}","_wpt_status_message":"Tweet inviato con successo."},"photos":[{"original":"https:\/\/staging.varesenews.it\/photogallery_new\/images\/2020\/02\/generico-2018-789011.jpg","full":"https:\/\/staging.varesenews.it\/photogallery_new\/images\/2020\/02\/generico-2018-789011.1024x768.jpg","large":"https:\/\/staging.varesenews.it\/photogallery_new\/images\/2020\/02\/generico-2018-789011.610x431.jpg"}],"_links":{"self":[{"href":"https:\/\/staging.varesenews.it\/swgapi\/v1\/wp\/v2\/posts\/903403"}],"collection":[{"href":"https:\/\/staging.varesenews.it\/swgapi\/v1\/wp\/v2\/posts"}],"about":[{"href":"https:\/\/staging.varesenews.it\/swgapi\/v1\/wp\/v2\/types\/post"}],"author":[{"embeddable":true,"href":"https:\/\/staging.varesenews.it\/swgapi\/v1\/wp\/v2\/users\/54"}],"replies":[{"embeddable":true,"href":"https:\/\/staging.varesenews.it\/swgapi\/v1\/wp\/v2\/comments?post=903403"}],"version-history":[{"count":0,"href":"https:\/\/staging.varesenews.it\/swgapi\/v1\/wp\/v2\/posts\/903403\/revisions"}],"wp:attachment":[{"href":"https:\/\/staging.varesenews.it\/swgapi\/v1\/wp\/v2\/media?parent=903403"}],"wp:term":[{"taxonomy":"category","embeddable":true,"href":"https:\/\/staging.varesenews.it\/swgapi\/v1\/wp\/v2\/categories?post=903403"},{"taxonomy":"post_tag","embeddable":true,"href":"https:\/\/staging.varesenews.it\/swgapi\/v1\/wp\/v2\/tags?post=903403"}],"curies":[{"name":"wp","href":"https:\/\/api.w.org\/{rel}","templated":true}]}}