{"id":903732,"date":"2020-02-24T15:43:51","date_gmt":"2020-02-24T14:43:51","guid":{"rendered":"https:\/\/www.varesenews.it\/?p=903732"},"modified":"2020-02-24T15:43:51","modified_gmt":"2020-02-24T14:43:51","slug":"sindaco-scrive-ai-cittadini-servizi-comunali-chiusi-coronavirus","status":"publish","type":"post","link":"https:\/\/staging.varesenews.it\/2020\/02\/sindaco-scrive-ai-cittadini-servizi-comunali-chiusi-coronavirus\/903732\/","title":{"rendered":"Il sindaco scrive ai cittadini: servizi comunali chiusi per il coronavirus"},"content":{"rendered":"<p>Chiusura al pubblico servizi comunali, con la garanzia della piena <strong>funzionalit\u00e0 degli uffici per i servizi essenziali,<\/strong> in attesa delle ulteriori note operative annunciate da Regione Lombardia per gli uffici pubblici; invito alla cittadinanza di iscrizione al canale whatsapp per garantire una informazione a tappeto; comunicazione a tutte le associazioni e realt\u00e0 educative e sportive ed economiche delle disposizioni regionali.<\/p>\n<p>Cos\u00ec ha provveduto questa mattina il <strong>Sindaco di Luvinate che ha inviato una nota alla cittadinanza <\/strong>: \u201cCertamente<strong> ci troviamo di fronte ad una sfida nuova e complessa<\/strong> che dovr\u00e0 vedere -come d\u2019abitudine- ancora pi\u00f9 impegno, pi\u00f9 seriet\u00e0, pi\u00f9 responsabilit\u00e0 da parte di tutti\u00bb, scrive il Sindaco.<\/p>\n<p><strong>CHIUSURA AL PUBBLICO UFFICI COMUNALI, GARANTITI SERVIZI ESSENZIALI<\/strong><\/p>\n<p>Vista l\u2019ordinanza del Ministero della Salute di concerto con Regione Lombardia pubblicata in data 23.2.2020 in relazione all\u2019emergenza epidemiologica da CODIV-19 e nella more dell\u2019emanazione di ulteriori disposizioni speciali con successivo apposito provvedimento regionale per i servizi di front office e per la regolamentazione di riunioni \/ assembramenti come da ordinanza regionale; valutata, in relazione al continuo evolversi dei casi di trasmissione di Coronavirus COVID 19, la necessit\u00e0 di incrementare e rafforzare ove possibile le misure di prevenzione anche nell&#8217;ambito lavorativo, tenuto conto degli obblighi previsti anche dal decreto 81\/2008; ritenuto di poter disporre la chiusura al pubblico degli uffici comunali per i prossimi giorni e fino a nuova disposizione, fatti salvi i servizi essenziali di cui all\u2019ordinanza regionale del 23.2.2020, il Sindaco ha decretato di disporre dalla giornata odierna e fino a nuova disposizione la chiusura al pubblico degli uffici comunali, confermando comunque la piena funzionalit\u00e0 degli uffici, soprattutto in relazione ai <strong>servizi essenziali da garantirsi nei confronti della cittadinanza, ampliando le modalit\u00e0 di accesso telefonico e telematico<\/strong>.<\/p>\n<p><strong>ISCRIZIONE CANALE WHATSAPP E NUMERO H24 PROTEZIONE CIVILE<\/strong><\/p>\n<p>Nella nota si raccomanda a tutti di aderire al gruppo whatsapp comunale (329.6953734) in modo da consolidare una veloce e rapida catena informativa, anche seguendo la pagina facebook comunale che verr\u00e0 costantemente aggiornata. Si ricorda altres\u00ec la presenza sul territorio comunale del gruppo di protezione civile intercomunale con un numero h24 sempre disponibile per ogni segnalazione 335.6908424<\/p>\n<p><strong>NORME DI PREVENZIONE IGIENICO-SANITARIE<\/strong><\/p>\n<p>Sono state infine rammentate a tutti i cittadini le misure igieniche di prevenzione per le malattie a diffusione respiratoria quali:<\/p>\n<p>lavarsi spesso le mani con soluzioni idroalcoliche<br \/>\nevitare i contatti ravvicinati con le persone che soffrono di infezioni respiratorie<br \/>\nnon toccarsi occhi, naso e bocca con le mani<br \/>\ncoprirsi naso e bocca se si starnutisce o tossisce,<br \/>\nnon prendere antivirali o antibiotici se non prescritti<br \/>\ncontattare il numero verde regionale 800.89.45.45 per ogn evenienza, dubbio, segnalazione.<\/p>\n","protected":false},"excerpt":{"rendered":"<p>Il sindaco Boriani scrive ai luvinatesi spiegando le conseguenze dell&#8217;ordinanza regionale<\/p>\n","protected":false},"author":33,"featured_media":0,"comment_status":"open","ping_status":"open","sticky":false,"template":"","format":"standard","meta":{"footnotes":""},"categories":[2],"tags":[56217,103242],"acf":[],"yoast_head":"<!-- This site is optimized with the Yoast SEO plugin v20.1 - https:\/\/yoast.com\/wordpress\/plugins\/seo\/ -->\n<title>Il sindaco scrive ai cittadini: servizi comunali chiusi per il coronavirus<\/title>\n<meta name=\"description\" content=\"Il sindaco Boriani scrive ai luvinatesi spiegando le conseguenze dell&#039;ordinanza regionale\" \/>\n<meta name=\"robots\" content=\"noindex, follow, max-snippet:-1, max-image-preview:large, max-video-preview:-1\" \/>\n<meta property=\"og:locale\" content=\"it_IT\" \/>\n<meta property=\"og:type\" content=\"article\" \/>\n<meta property=\"og:title\" content=\"Il sindaco scrive ai cittadini: servizi comunali chiusi per il coronavirus\" \/>\n<meta property=\"og:description\" content=\"Il sindaco Boriani scrive ai luvinatesi spiegando le conseguenze dell&#039;ordinanza regionale\" \/>\n<meta property=\"og:url\" content=\"https:\/\/staging.varesenews.it\/2020\/02\/sindaco-scrive-ai-cittadini-servizi-comunali-chiusi-coronavirus\/903732\/\" \/>\n<meta property=\"og:site_name\" content=\"VareseNews\" \/>\n<meta property=\"article:publisher\" content=\"https:\/\/www.facebook.com\/varesenews\" \/>\n<meta property=\"article:author\" content=\"alessandra.toni7\" \/>\n<meta property=\"article:published_time\" content=\"2020-02-24T14:43:51+00:00\" \/>\n<meta name=\"author\" content=\"Alessandra Toni\" \/>\n<meta name=\"twitter:card\" content=\"summary_large_image\" \/>\n<meta name=\"twitter:creator\" content=\"@alessandra_toni\" \/>\n<meta name=\"twitter:site\" content=\"@varesenews\" \/>\n<meta name=\"twitter:label1\" content=\"Scritto da\" \/>\n\t<meta name=\"twitter:data1\" content=\"Alessandra Toni\" \/>\n\t<meta name=\"twitter:label2\" content=\"Tempo di lettura stimato\" \/>\n\t<meta name=\"twitter:data2\" content=\"2 minuti\" \/>\n<script type=\"application\/ld+json\" class=\"yoast-schema-graph\">{\"@context\":\"https:\/\/schema.org\",\"@graph\":[{\"@type\":\"WebPage\",\"@id\":\"https:\/\/staging.varesenews.it\/2020\/02\/sindaco-scrive-ai-cittadini-servizi-comunali-chiusi-coronavirus\/903732\/\",\"url\":\"https:\/\/staging.varesenews.it\/2020\/02\/sindaco-scrive-ai-cittadini-servizi-comunali-chiusi-coronavirus\/903732\/\",\"name\":\"Il sindaco scrive ai cittadini: servizi comunali chiusi per il coronavirus\",\"isPartOf\":{\"@id\":\"https:\/\/staging.varesenews.it\/#website\"},\"datePublished\":\"2020-02-24T14:43:51+00:00\",\"dateModified\":\"2020-02-24T14:43:51+00:00\",\"author\":{\"@id\":\"https:\/\/staging.varesenews.it\/#\/schema\/person\/2643ce123d4a3c9511e015dc548779b8\"},\"description\":\"Il sindaco Boriani scrive ai luvinatesi spiegando le conseguenze dell'ordinanza regionale\",\"breadcrumb\":{\"@id\":\"https:\/\/staging.varesenews.it\/2020\/02\/sindaco-scrive-ai-cittadini-servizi-comunali-chiusi-coronavirus\/903732\/#breadcrumb\"},\"inLanguage\":\"it-IT\",\"potentialAction\":[{\"@type\":\"ReadAction\",\"target\":[\"https:\/\/staging.varesenews.it\/2020\/02\/sindaco-scrive-ai-cittadini-servizi-comunali-chiusi-coronavirus\/903732\/\"]}]},{\"@type\":\"BreadcrumbList\",\"@id\":\"https:\/\/staging.varesenews.it\/2020\/02\/sindaco-scrive-ai-cittadini-servizi-comunali-chiusi-coronavirus\/903732\/#breadcrumb\",\"itemListElement\":[{\"@type\":\"ListItem\",\"position\":1,\"name\":\"Home\",\"item\":\"https:\/\/www.varesenews.it\/\"},{\"@type\":\"ListItem\",\"position\":2,\"name\":\"Il sindaco scrive ai cittadini: servizi comunali chiusi per il coronavirus\"}]},{\"@type\":\"WebSite\",\"@id\":\"https:\/\/staging.varesenews.it\/#website\",\"url\":\"https:\/\/staging.varesenews.it\/\",\"name\":\"VareseNews\",\"description\":\"\",\"potentialAction\":[{\"@type\":\"SearchAction\",\"target\":{\"@type\":\"EntryPoint\",\"urlTemplate\":\"https:\/\/staging.varesenews.it\/?s={search_term_string}\"},\"query-input\":\"required name=search_term_string\"}],\"inLanguage\":\"it-IT\"},{\"@type\":\"Person\",\"@id\":\"https:\/\/staging.varesenews.it\/#\/schema\/person\/2643ce123d4a3c9511e015dc548779b8\",\"name\":\"Alessandra Toni\",\"image\":{\"@type\":\"ImageObject\",\"inLanguage\":\"it-IT\",\"@id\":\"https:\/\/staging.varesenews.it\/#\/schema\/person\/image\/\",\"url\":\"https:\/\/staging.varesenews.it\/wp-content\/uploads\/2020\/12\/alessandra_toni_colori_500.jpg\",\"contentUrl\":\"https:\/\/staging.varesenews.it\/wp-content\/uploads\/2020\/12\/alessandra_toni_colori_500.jpg\",\"caption\":\"Alessandra Toni\"},\"description\":\"Sono entrata nella redazione di VareseNews nel lontano anno 2000. Ero reduce da una bellissima esperienza nella redazione giornalistica della TV Nuova Antennatre, sotto la direzione dell'indimenticabile direttore Adolfo Caldarini. Sono arrivata quando era ancora una piccola realt\u00e0 editoriale e insieme abbiamo fatto un lungo ed entusiasmante lavoro. Mi occupo prevalentemente di scuola e di sanit\u00e0, settori impegnativi di grande valore sociale.\u00a0\",\"sameAs\":[\"alessandra.toni7\",\"alessandra.toni\",\"https:\/\/twitter.com\/alessandra_toni\"],\"url\":\"https:\/\/staging.varesenews.it\/persona\/alessandra_toni1\/\"}]}<\/script>\n<!-- \/ Yoast SEO plugin. -->","yoast_head_json":{"title":"Il sindaco scrive ai cittadini: servizi comunali chiusi per il coronavirus","description":"Il sindaco Boriani scrive ai luvinatesi spiegando le conseguenze dell'ordinanza regionale","robots":{"index":"noindex","follow":"follow","max-snippet":"max-snippet:-1","max-image-preview":"max-image-preview:large","max-video-preview":"max-video-preview:-1"},"og_locale":"it_IT","og_type":"article","og_title":"Il sindaco scrive ai cittadini: servizi comunali chiusi per il coronavirus","og_description":"Il sindaco Boriani scrive ai luvinatesi spiegando le conseguenze dell'ordinanza regionale","og_url":"https:\/\/staging.varesenews.it\/2020\/02\/sindaco-scrive-ai-cittadini-servizi-comunali-chiusi-coronavirus\/903732\/","og_site_name":"VareseNews","article_publisher":"https:\/\/www.facebook.com\/varesenews","article_author":"alessandra.toni7","article_published_time":"2020-02-24T14:43:51+00:00","author":"Alessandra Toni","twitter_card":"summary_large_image","twitter_creator":"@alessandra_toni","twitter_site":"@varesenews","twitter_misc":{"Scritto da":"Alessandra Toni","Tempo di lettura stimato":"2 minuti"},"schema":{"@context":"https:\/\/schema.org","@graph":[{"@type":"WebPage","@id":"https:\/\/staging.varesenews.it\/2020\/02\/sindaco-scrive-ai-cittadini-servizi-comunali-chiusi-coronavirus\/903732\/","url":"https:\/\/staging.varesenews.it\/2020\/02\/sindaco-scrive-ai-cittadini-servizi-comunali-chiusi-coronavirus\/903732\/","name":"Il sindaco scrive ai cittadini: servizi comunali chiusi per il coronavirus","isPartOf":{"@id":"https:\/\/staging.varesenews.it\/#website"},"datePublished":"2020-02-24T14:43:51+00:00","dateModified":"2020-02-24T14:43:51+00:00","author":{"@id":"https:\/\/staging.varesenews.it\/#\/schema\/person\/2643ce123d4a3c9511e015dc548779b8"},"description":"Il sindaco Boriani scrive ai luvinatesi spiegando le conseguenze dell'ordinanza regionale","breadcrumb":{"@id":"https:\/\/staging.varesenews.it\/2020\/02\/sindaco-scrive-ai-cittadini-servizi-comunali-chiusi-coronavirus\/903732\/#breadcrumb"},"inLanguage":"it-IT","potentialAction":[{"@type":"ReadAction","target":["https:\/\/staging.varesenews.it\/2020\/02\/sindaco-scrive-ai-cittadini-servizi-comunali-chiusi-coronavirus\/903732\/"]}]},{"@type":"BreadcrumbList","@id":"https:\/\/staging.varesenews.it\/2020\/02\/sindaco-scrive-ai-cittadini-servizi-comunali-chiusi-coronavirus\/903732\/#breadcrumb","itemListElement":[{"@type":"ListItem","position":1,"name":"Home","item":"https:\/\/www.varesenews.it\/"},{"@type":"ListItem","position":2,"name":"Il sindaco scrive ai cittadini: servizi comunali chiusi per il coronavirus"}]},{"@type":"WebSite","@id":"https:\/\/staging.varesenews.it\/#website","url":"https:\/\/staging.varesenews.it\/","name":"VareseNews","description":"","potentialAction":[{"@type":"SearchAction","target":{"@type":"EntryPoint","urlTemplate":"https:\/\/staging.varesenews.it\/?s={search_term_string}"},"query-input":"required name=search_term_string"}],"inLanguage":"it-IT"},{"@type":"Person","@id":"https:\/\/staging.varesenews.it\/#\/schema\/person\/2643ce123d4a3c9511e015dc548779b8","name":"Alessandra Toni","image":{"@type":"ImageObject","inLanguage":"it-IT","@id":"https:\/\/staging.varesenews.it\/#\/schema\/person\/image\/","url":"https:\/\/staging.varesenews.it\/wp-content\/uploads\/2020\/12\/alessandra_toni_colori_500.jpg","contentUrl":"https:\/\/staging.varesenews.it\/wp-content\/uploads\/2020\/12\/alessandra_toni_colori_500.jpg","caption":"Alessandra Toni"},"description":"Sono entrata nella redazione di VareseNews nel lontano anno 2000. Ero reduce da una bellissima esperienza nella redazione giornalistica della TV Nuova Antennatre, sotto la direzione dell'indimenticabile direttore Adolfo Caldarini. Sono arrivata quando era ancora una piccola realt\u00e0 editoriale e insieme abbiamo fatto un lungo ed entusiasmante lavoro. Mi occupo prevalentemente di scuola e di sanit\u00e0, settori impegnativi di grande valore sociale.\u00a0","sameAs":["alessandra.toni7","alessandra.toni","https:\/\/twitter.com\/alessandra_toni"],"url":"https:\/\/staging.varesenews.it\/persona\/alessandra_toni1\/"}]}},"post_meta":{"_edit_lock":"1582555660:44","_edit_last":"33","_category_permalink":"a:1:{s:8:\"category\";s:1:\"2\";}","argomento":"Luvinate","_yoast_wpseo_content_score":"30","_jd_tweet_this":"yes","foto":"669466","_encloseme":"1","ratings_users":"0","ratings_score":"0","ratings_average":"0","_wpt_short_url":"https:\/\/www.varesenews.it\/2020\/02\/sindaco-scrive-ai-cittadini-servizi-comunali-chiusi-coronavirus\/903732\/","_wp_jd_target":"https:\/\/www.varesenews.it\/2020\/02\/sindaco-scrive-ai-cittadini-servizi-comunali-chiusi-coronavirus\/903732\/","_jd_wp_twitter":"a:1:{i:0;s:193:\"Il sindaco scrive ai cittadini: servizi comunali chiusi per il coronavirus https:\/\/www.varesenews.it\/2020\/02\/sindaco-scrive-ai-cittadini-servizi-comunali-chiusi-coronavirus\/903732\/ #coronavirus\";}","_wpt_status_message":"Tweet inviato con successo."},"photos":[{"original":"https:\/\/staging.varesenews.it\/photogallery_new\/images\/2018\/04\/comune-di-luvinate-669466.jpg","full":"https:\/\/staging.varesenews.it\/photogallery_new\/images\/2018\/04\/comune-di-luvinate-669466.1024x768.jpg","large":"https:\/\/staging.varesenews.it\/photogallery_new\/images\/2018\/04\/comune-di-luvinate-669466.610x431.jpg"}],"_links":{"self":[{"href":"https:\/\/staging.varesenews.it\/swgapi\/v1\/wp\/v2\/posts\/903732"}],"collection":[{"href":"https:\/\/staging.varesenews.it\/swgapi\/v1\/wp\/v2\/posts"}],"about":[{"href":"https:\/\/staging.varesenews.it\/swgapi\/v1\/wp\/v2\/types\/post"}],"author":[{"embeddable":true,"href":"https:\/\/staging.varesenews.it\/swgapi\/v1\/wp\/v2\/users\/33"}],"replies":[{"embeddable":true,"href":"https:\/\/staging.varesenews.it\/swgapi\/v1\/wp\/v2\/comments?post=903732"}],"version-history":[{"count":0,"href":"https:\/\/staging.varesenews.it\/swgapi\/v1\/wp\/v2\/posts\/903732\/revisions"}],"wp:attachment":[{"href":"https:\/\/staging.varesenews.it\/swgapi\/v1\/wp\/v2\/media?parent=903732"}],"wp:term":[{"taxonomy":"category","embeddable":true,"href":"https:\/\/staging.varesenews.it\/swgapi\/v1\/wp\/v2\/categories?post=903732"},{"taxonomy":"post_tag","embeddable":true,"href":"https:\/\/staging.varesenews.it\/swgapi\/v1\/wp\/v2\/tags?post=903732"}],"curies":[{"name":"wp","href":"https:\/\/api.w.org\/{rel}","templated":true}]}}