{"id":904134,"date":"2020-02-25T16:16:05","date_gmt":"2020-02-25T15:16:05","guid":{"rendered":"https:\/\/www.varesenews.it\/?p=904134"},"modified":"2020-02-25T17:50:43","modified_gmt":"2020-02-25T16:50:43","slug":"primo-caso-coronavirus-canton-ticino","status":"publish","type":"post","link":"https:\/\/staging.varesenews.it\/2020\/02\/primo-caso-coronavirus-canton-ticino\/904134\/","title":{"rendered":"Primo caso di coronavirus in Canton Ticino: \u00e8 un 70enne ricoverato a Lugano"},"content":{"rendered":"<p>C\u2019\u00e8 un <strong>primo caso di positivit\u00e0 al nuovo Coronavirus<\/strong> (Covid-19) confermato<strong> in Svizzera<\/strong>\u00a0e in particolare in <strong>Canton Ticino<\/strong>. Lo ha indicato a met\u00e0 pomeriggio di oggi &#8211; marted\u00ec 25 febbraio &#8211; l\u2019Ufficio federale della sanit\u00e0 (UFSP), annunciando la conferenza stampa tenutasi a <strong>Berna<\/strong> dalle 17, nel quale sono stati dati alcuni dettagli sulla vicenda. In seguito, si \u00e8 tenuta un&#8217;ulteriore conferenza a <strong>Bellinzona,<\/strong> presenti le autorit\u00e0 sanitarie cantonali.<\/p>\n<p>Secondo le informazioni diffuse nel corso della conferenza, la persona colpita dal coronavirus \u00e8\u00a0<strong>un 70enne residente in Ticino<\/strong>\u00a0<strong>che\u00a0aveva partecipato il 15 febbraio ad un evento a Milano.<\/strong> Nei giorni scorsi l&#8217;uomo aveva avvertito problemi respiratori e, stando anche alle notizie arrivate dall&#8217;Italia, \u00e8 stato ospedalizzato come possibile contagiato: il test si \u00e8 rivelato positivo e quindi ora l&#8217;uomo <strong>\u00e8 in isolamento<\/strong> alla <strong>Clinica Moncucco<\/strong> di Lugano ed \u00e8 trattato come affetto da coronavirus. I suoi familiari, invece, non risultano contagiati. Le condizioni intanto sono stabili e <strong>non gravi;<\/strong> non sono stati diffusi altri dati personali a partire dal luogo di residenza.<\/p>\n<p class=\"p1\"><span class=\"s1\">\u00abAdesso &#8211; ha spiegato a Berna\u00a0<strong>Daniel Koch <\/strong>(Capo della Divisione malattie trasmissibili) &#8211; si determineranno le persone con cui il paziente \u00e8 entrato in contatto: se in salute saranno contattate e messe in quarantena in casa loro, se invece presenteranno i sintomi verranno trattati come casi sospetti e isolati e curati\u00bb. Per &#8220;contatti stretti&#8221; con il paziente si intendono quelle persone che sono state a meno di due metri da lui per pi\u00f9 di 15 minuti: questi soggetti &#8211; \u00e8 stato detto nel corso dell&#8217;incontro di Bellinzona &#8211; andranno in quarantena per due settimane e saranno contattate due volte al giorno per valutare eventuali sintomi della malattia.<\/span><\/p>\n<p>Nel corso dell&#8217;incontro con la stampa nella capitale,<strong>\u00a0Koch <\/strong><strong>e Pascal Strupler<\/strong>\u00a0(Direttore Ufficio federale della sanit\u00e0 pubblica) hanno sottolineato come le <strong>autorit\u00e0 elvetiche siano in continuo contatto con quelle italiane<\/strong> sull&#8217;argomento: tra i due Paesi \u00e8 in atto una stretta collaborazione anche a livello ministeriale. Nel frattempo, comunque, <strong>non sono stati presi particolari provvedimenti<\/strong> come la chiusura delle scuole o la sospensione delle manifestazioni. \u00abSe in una singola scuola dovesse esserci qualche rischio, indagheremo sul caso specifico. Per quanto riguarda le aziende, crediamo che ognuna possa decidere in modo autonomo sull&#8217;attivit\u00e0 del proprio personale\u00bb.<\/p>\n<p>I responsabili sanitari del Canton Ticino hanno invece sottolineato come sia stata<strong> rispettata con attenzione l&#8217;intera filiera di sicurezza.<\/strong> \u00abIl paziente si era\u00a0<span class=\"s1\">recato nella zona di Milano alcuni giorni fa e ha avuto sintomi acuti a livello respiratorio &#8211; ha spiegato il <strong>medico cantonale Giorgio Merlani<\/strong> &#8211; Ha chiamato lui al telefono il medico curante ed \u00e8 arrivato allo studio medico gi\u00e0 come caso sospetto, quindi tutti i presenti hanno indossato la mascherina di ordinanza evitando altri pericoli. Per fortuna non \u00e8 in gravi condizioni ed \u00e8 stato\u00a0<\/span><span class=\"s1\">accolto in ospedale con tutte le cautele del caso: ora si trova in una camera isolata con filtro dell\u2019aria\u00bb. Circostanze lodate anche dai medici della Clinica Moncucco, il direttore sanitario <strong>Christian Garzoni<\/strong> e il dottor <strong>Pietro Antonini<\/strong> che \u00e8 stato il primo a prendere in carico il paziente.<br \/>\n<\/span><\/p>\n<p>Nella giornata di luned\u00ec il Consiglio di Stato ha tenuto una conferenza stampa (<strong><a href=\"https:\/\/www.varesenews.it\/2020\/02\/la-svizzera-si-prepara-al-coronavirus-non-immaginabile-blocco-dei-frontalieri\/903769\/\">LEGGI QUI<\/a><\/strong>) dove era stato spiegato che\u00a0c&#8217;erano alcuni casi sospetti in corso di accertamento e che\u00a0non si prevedono sospensioni di attivit\u00e0 pubbliche o limitazioni ai frontalieri.<\/p>\n<p style=\"text-align: center;\"><strong><a href=\"https:\/\/www.varesenews.it\/2020\/02\/coronavirus-le-notizie-aggiornate-di-lunedi-24-febbraio\/903244\/\">SEGUI TUTTE LE NOTIZIE IN AGGIORNAMENTO SUL CORONAVIRUS<\/a><\/strong><\/p>\n","protected":false},"excerpt":{"rendered":"<p>Lo ha annunciato Ufficio federale della sanit\u00e0 (UFSP): l&#8217;uomo era stato a Milano nei giorni scorsi e non \u00e8 in gravi condizioni. Il medico cantonale: \u00abLa filiera ha funzionato: l&#8217;uomo ha contattato i medici e ridotto al minimo i rischi di contagio\u00bb<\/p>\n","protected":false},"author":52,"featured_media":0,"comment_status":"open","ping_status":"open","sticky":false,"template":"","format":"standard","meta":{"footnotes":""},"categories":[8],"tags":[103242],"acf":[],"yoast_head":"<!-- This site is optimized with the Yoast SEO plugin v20.1 - https:\/\/yoast.com\/wordpress\/plugins\/seo\/ -->\n<title>Primo caso di coronavirus in Canton Ticino: \u00e8 un 70enne ricoverato a Lugano<\/title>\n<meta name=\"description\" content=\"Lo ha annunciato Ufficio federale della sanit\u00e0 (UFSP): l&#039;uomo era stato a Milano nei giorni scorsi e non \u00e8 in gravi condizioni. Il medico cantonale: \u00abLa filiera ha funzionato: l&#039;uomo ha contattato i medici e ridotto al minimo i rischi di contagio\u00bb\" \/>\n<meta name=\"robots\" content=\"noindex, follow, max-snippet:-1, max-image-preview:large, max-video-preview:-1\" \/>\n<meta property=\"og:locale\" content=\"it_IT\" \/>\n<meta property=\"og:type\" content=\"article\" \/>\n<meta property=\"og:title\" content=\"Primo caso di coronavirus in Canton Ticino: \u00e8 un 70enne ricoverato a Lugano\" \/>\n<meta property=\"og:description\" content=\"Lo ha annunciato Ufficio federale della sanit\u00e0 (UFSP): l&#039;uomo era stato a Milano nei giorni scorsi e non \u00e8 in gravi condizioni. Il medico cantonale: \u00abLa filiera ha funzionato: l&#039;uomo ha contattato i medici e ridotto al minimo i rischi di contagio\u00bb\" \/>\n<meta property=\"og:url\" content=\"https:\/\/www.varesenews.it\/2020\/02\/primo-caso-coronavirus-canton-ticino\/904134\/\" \/>\n<meta property=\"og:site_name\" content=\"VareseNews\" \/>\n<meta property=\"article:publisher\" content=\"https:\/\/www.facebook.com\/varesenews\" \/>\n<meta property=\"article:published_time\" content=\"2020-02-25T15:16:05+00:00\" \/>\n<meta property=\"article:modified_time\" content=\"2020-02-25T16:50:43+00:00\" \/>\n<meta name=\"author\" content=\"Tomaso Bassani\" \/>\n<meta name=\"twitter:card\" content=\"summary_large_image\" \/>\n<meta name=\"twitter:creator\" content=\"@varesenews\" \/>\n<meta name=\"twitter:site\" content=\"@varesenews\" \/>\n<meta name=\"twitter:label1\" content=\"Scritto da\" \/>\n\t<meta name=\"twitter:data1\" content=\"Tomaso Bassani\" \/>\n\t<meta name=\"twitter:label2\" content=\"Tempo di lettura stimato\" \/>\n\t<meta name=\"twitter:data2\" content=\"3 minuti\" \/>\n<script type=\"application\/ld+json\" class=\"yoast-schema-graph\">{\"@context\":\"https:\/\/schema.org\",\"@graph\":[{\"@type\":\"WebPage\",\"@id\":\"https:\/\/www.varesenews.it\/2020\/02\/primo-caso-coronavirus-canton-ticino\/904134\/\",\"url\":\"https:\/\/www.varesenews.it\/2020\/02\/primo-caso-coronavirus-canton-ticino\/904134\/\",\"name\":\"Primo caso di coronavirus in Canton Ticino: \u00e8 un 70enne ricoverato a Lugano\",\"isPartOf\":{\"@id\":\"https:\/\/staging.varesenews.it\/#website\"},\"datePublished\":\"2020-02-25T15:16:05+00:00\",\"dateModified\":\"2020-02-25T16:50:43+00:00\",\"author\":{\"@id\":\"https:\/\/staging.varesenews.it\/#\/schema\/person\/f8cc543029c96c954a35c042e01892bb\"},\"description\":\"Lo ha annunciato Ufficio federale della sanit\u00e0 (UFSP): l'uomo era stato a Milano nei giorni scorsi e non \u00e8 in gravi condizioni. Il medico cantonale: \u00abLa filiera ha funzionato: l'uomo ha contattato i medici e ridotto al minimo i rischi di contagio\u00bb\",\"breadcrumb\":{\"@id\":\"https:\/\/www.varesenews.it\/2020\/02\/primo-caso-coronavirus-canton-ticino\/904134\/#breadcrumb\"},\"inLanguage\":\"it-IT\",\"potentialAction\":[{\"@type\":\"ReadAction\",\"target\":[\"https:\/\/www.varesenews.it\/2020\/02\/primo-caso-coronavirus-canton-ticino\/904134\/\"]}]},{\"@type\":\"BreadcrumbList\",\"@id\":\"https:\/\/www.varesenews.it\/2020\/02\/primo-caso-coronavirus-canton-ticino\/904134\/#breadcrumb\",\"itemListElement\":[{\"@type\":\"ListItem\",\"position\":1,\"name\":\"Home\",\"item\":\"https:\/\/www.varesenews.it\/\"},{\"@type\":\"ListItem\",\"position\":2,\"name\":\"Primo caso di coronavirus in Canton Ticino: \u00e8 un 70enne ricoverato a Lugano\"}]},{\"@type\":\"WebSite\",\"@id\":\"https:\/\/staging.varesenews.it\/#website\",\"url\":\"https:\/\/staging.varesenews.it\/\",\"name\":\"VareseNews\",\"description\":\"\",\"potentialAction\":[{\"@type\":\"SearchAction\",\"target\":{\"@type\":\"EntryPoint\",\"urlTemplate\":\"https:\/\/staging.varesenews.it\/?s={search_term_string}\"},\"query-input\":\"required name=search_term_string\"}],\"inLanguage\":\"it-IT\"},{\"@type\":\"Person\",\"@id\":\"https:\/\/staging.varesenews.it\/#\/schema\/person\/f8cc543029c96c954a35c042e01892bb\",\"name\":\"Tomaso Bassani\",\"image\":{\"@type\":\"ImageObject\",\"inLanguage\":\"it-IT\",\"@id\":\"https:\/\/staging.varesenews.it\/#\/schema\/person\/image\/\",\"url\":\"https:\/\/staging.varesenews.it\/wp-content\/uploads\/2020\/12\/tomaso_bassani_colori_500.jpg\",\"contentUrl\":\"https:\/\/staging.varesenews.it\/wp-content\/uploads\/2020\/12\/tomaso_bassani_colori_500.jpg\",\"caption\":\"Tomaso Bassani\"},\"description\":\"Sono nato nel 1988 e questo ha fatto s&igrave; che la mia vita sia coincisa con l'epoca di pi&ugrave; grande e veloce cambiamento della storia. Sono giornalista e caporedattore di Varesenews. Ho un master in data analysis, una laurea in storia e una formazione superiore commerciale. Sono cresciuto tra scout, tavola a rotelle, impegno associativo (in quella grande esperienza giovanile che &egrave; stato l&rsquo;Albizzate Valley Festival) e cooperativo (Circolo The Family di Albizzate). Per passione mi occupo di dati, videomaking, fotografia, scrittura e web. Per lavoro anche.&nbsp;\",\"sameAs\":[\"tomasobassani\",\"https:\/\/www.linkedin.com\/profile\/view?id=102759293&trk=nav_responsive_tab_profile\"],\"url\":\"https:\/\/staging.varesenews.it\/persona\/tomaso-bassani\/\"}]}<\/script>\n<!-- \/ Yoast SEO plugin. -->","yoast_head_json":{"title":"Primo caso di coronavirus in Canton Ticino: \u00e8 un 70enne ricoverato a Lugano","description":"Lo ha annunciato Ufficio federale della sanit\u00e0 (UFSP): l'uomo era stato a Milano nei giorni scorsi e non \u00e8 in gravi condizioni. Il medico cantonale: \u00abLa filiera ha funzionato: l'uomo ha contattato i medici e ridotto al minimo i rischi di contagio\u00bb","robots":{"index":"noindex","follow":"follow","max-snippet":"max-snippet:-1","max-image-preview":"max-image-preview:large","max-video-preview":"max-video-preview:-1"},"og_locale":"it_IT","og_type":"article","og_title":"Primo caso di coronavirus in Canton Ticino: \u00e8 un 70enne ricoverato a Lugano","og_description":"Lo ha annunciato Ufficio federale della sanit\u00e0 (UFSP): l'uomo era stato a Milano nei giorni scorsi e non \u00e8 in gravi condizioni. Il medico cantonale: \u00abLa filiera ha funzionato: l'uomo ha contattato i medici e ridotto al minimo i rischi di contagio\u00bb","og_url":"https:\/\/www.varesenews.it\/2020\/02\/primo-caso-coronavirus-canton-ticino\/904134\/","og_site_name":"VareseNews","article_publisher":"https:\/\/www.facebook.com\/varesenews","article_published_time":"2020-02-25T15:16:05+00:00","article_modified_time":"2020-02-25T16:50:43+00:00","author":"Tomaso Bassani","twitter_card":"summary_large_image","twitter_creator":"@varesenews","twitter_site":"@varesenews","twitter_misc":{"Scritto da":"Tomaso Bassani","Tempo di lettura stimato":"3 minuti"},"schema":{"@context":"https:\/\/schema.org","@graph":[{"@type":"WebPage","@id":"https:\/\/www.varesenews.it\/2020\/02\/primo-caso-coronavirus-canton-ticino\/904134\/","url":"https:\/\/www.varesenews.it\/2020\/02\/primo-caso-coronavirus-canton-ticino\/904134\/","name":"Primo caso di coronavirus in Canton Ticino: \u00e8 un 70enne ricoverato a Lugano","isPartOf":{"@id":"https:\/\/staging.varesenews.it\/#website"},"datePublished":"2020-02-25T15:16:05+00:00","dateModified":"2020-02-25T16:50:43+00:00","author":{"@id":"https:\/\/staging.varesenews.it\/#\/schema\/person\/f8cc543029c96c954a35c042e01892bb"},"description":"Lo ha annunciato Ufficio federale della sanit\u00e0 (UFSP): l'uomo era stato a Milano nei giorni scorsi e non \u00e8 in gravi condizioni. Il medico cantonale: \u00abLa filiera ha funzionato: l'uomo ha contattato i medici e ridotto al minimo i rischi di contagio\u00bb","breadcrumb":{"@id":"https:\/\/www.varesenews.it\/2020\/02\/primo-caso-coronavirus-canton-ticino\/904134\/#breadcrumb"},"inLanguage":"it-IT","potentialAction":[{"@type":"ReadAction","target":["https:\/\/www.varesenews.it\/2020\/02\/primo-caso-coronavirus-canton-ticino\/904134\/"]}]},{"@type":"BreadcrumbList","@id":"https:\/\/www.varesenews.it\/2020\/02\/primo-caso-coronavirus-canton-ticino\/904134\/#breadcrumb","itemListElement":[{"@type":"ListItem","position":1,"name":"Home","item":"https:\/\/www.varesenews.it\/"},{"@type":"ListItem","position":2,"name":"Primo caso di coronavirus in Canton Ticino: \u00e8 un 70enne ricoverato a Lugano"}]},{"@type":"WebSite","@id":"https:\/\/staging.varesenews.it\/#website","url":"https:\/\/staging.varesenews.it\/","name":"VareseNews","description":"","potentialAction":[{"@type":"SearchAction","target":{"@type":"EntryPoint","urlTemplate":"https:\/\/staging.varesenews.it\/?s={search_term_string}"},"query-input":"required name=search_term_string"}],"inLanguage":"it-IT"},{"@type":"Person","@id":"https:\/\/staging.varesenews.it\/#\/schema\/person\/f8cc543029c96c954a35c042e01892bb","name":"Tomaso Bassani","image":{"@type":"ImageObject","inLanguage":"it-IT","@id":"https:\/\/staging.varesenews.it\/#\/schema\/person\/image\/","url":"https:\/\/staging.varesenews.it\/wp-content\/uploads\/2020\/12\/tomaso_bassani_colori_500.jpg","contentUrl":"https:\/\/staging.varesenews.it\/wp-content\/uploads\/2020\/12\/tomaso_bassani_colori_500.jpg","caption":"Tomaso Bassani"},"description":"Sono nato nel 1988 e questo ha fatto s&igrave; che la mia vita sia coincisa con l'epoca di pi&ugrave; grande e veloce cambiamento della storia. Sono giornalista e caporedattore di Varesenews. Ho un master in data analysis, una laurea in storia e una formazione superiore commerciale. Sono cresciuto tra scout, tavola a rotelle, impegno associativo (in quella grande esperienza giovanile che &egrave; stato l&rsquo;Albizzate Valley Festival) e cooperativo (Circolo The Family di Albizzate). Per passione mi occupo di dati, videomaking, fotografia, scrittura e web. Per lavoro anche.&nbsp;","sameAs":["tomasobassani","https:\/\/www.linkedin.com\/profile\/view?id=102759293&trk=nav_responsive_tab_profile"],"url":"https:\/\/staging.varesenews.it\/persona\/tomaso-bassani\/"}]}},"post_meta":{"_edit_lock":"1582650544:38","_edit_last":"38","_category_permalink":"a:1:{s:8:\"category\";s:1:\"8\";}","_encloseme":"1","ratings_users":"0","ratings_score":"0","ratings_average":"0","foto":"789178","firma_come_redazione":"1","argomento":"Canton Ticino","_yoast_wpseo_content_score":"30","_jd_tweet_this":"yes","_wpt_short_url":"https:\/\/www.varesenews.it\/2020\/02\/primo-caso-coronavirus-canton-ticino\/904134\/","_wp_jd_target":"https:\/\/www.varesenews.it\/2020\/02\/primo-caso-coronavirus-canton-ticino\/904134\/","_jd_wp_twitter":"a:1:{i:0;s:134:\"Primo caso di Coronavirus in Canton Ticino https:\/\/www.varesenews.it\/2020\/02\/primo-caso-coronavirus-canton-ticino\/904134\/ #coronavirus\";}","_wpt_status_message":"Tweet inviato con successo.","id_leggi_anche":"904612"},"photos":[{"original":"https:\/\/staging.varesenews.it\/photogallery_new\/images\/2020\/02\/salute-789178.jpg","full":"https:\/\/staging.varesenews.it\/photogallery_new\/images\/2020\/02\/salute-789178.1024x768.jpg","large":"https:\/\/staging.varesenews.it\/photogallery_new\/images\/2020\/02\/salute-789178.610x431.jpg"}],"_links":{"self":[{"href":"https:\/\/staging.varesenews.it\/swgapi\/v1\/wp\/v2\/posts\/904134"}],"collection":[{"href":"https:\/\/staging.varesenews.it\/swgapi\/v1\/wp\/v2\/posts"}],"about":[{"href":"https:\/\/staging.varesenews.it\/swgapi\/v1\/wp\/v2\/types\/post"}],"author":[{"embeddable":true,"href":"https:\/\/staging.varesenews.it\/swgapi\/v1\/wp\/v2\/users\/52"}],"replies":[{"embeddable":true,"href":"https:\/\/staging.varesenews.it\/swgapi\/v1\/wp\/v2\/comments?post=904134"}],"version-history":[{"count":0,"href":"https:\/\/staging.varesenews.it\/swgapi\/v1\/wp\/v2\/posts\/904134\/revisions"}],"wp:attachment":[{"href":"https:\/\/staging.varesenews.it\/swgapi\/v1\/wp\/v2\/media?parent=904134"}],"wp:term":[{"taxonomy":"category","embeddable":true,"href":"https:\/\/staging.varesenews.it\/swgapi\/v1\/wp\/v2\/categories?post=904134"},{"taxonomy":"post_tag","embeddable":true,"href":"https:\/\/staging.varesenews.it\/swgapi\/v1\/wp\/v2\/tags?post=904134"}],"curies":[{"name":"wp","href":"https:\/\/api.w.org\/{rel}","templated":true}]}}