{"id":905306,"date":"2020-02-28T13:55:04","date_gmt":"2020-02-28T12:55:04","guid":{"rendered":"https:\/\/www.varesenews.it\/?p=905306"},"modified":"2020-02-28T13:55:04","modified_gmt":"2020-02-28T12:55:04","slug":"sequestri-droga-lassessore-de-corato-ringrazia-le-forze-dellordine","status":"publish","type":"post","link":"https:\/\/staging.varesenews.it\/2020\/02\/sequestri-droga-lassessore-de-corato-ringrazia-le-forze-dellordine\/905306\/","title":{"rendered":"Sequestri di droga: l&#8217;assessore de Corato ringrazia le forze dell&#8217;ordine"},"content":{"rendered":"<p><strong>L&#8217;assessore regionale alla Sicurezza, Immigrazione e Polizia locale, Riccardo De Corato<\/strong>, ringrazia \u00abgli agenti del Commissariato Lorenteggio di Milano per aver arrestato l&#8217;ennesimo <strong>pusher sorpreso in macchina con 51 kg di hashish.<\/strong> Milano &#8211; aggiunge &#8211; si conferma crocevia dello spaccio\u00bb.<\/p>\n<p><strong>VARI SEQUESTRI DROVA NEGLI ULTIMI DUE MESI<\/strong> &#8211; \u00abSono stati numerosi i sequestri di droga in Lombardia negli ultimi mesi &#8211; ha aggiunto l&#8217;assessore &#8211; ricordo episodi a Gorgonzola (MI) Sesto San Giovanni (MI), Paderno Dugnano (MI), nei quartieri Lorenteggio e Giambellino a Milano e i<strong> 55 chili sequestrati tra le province di Milano e Bergamo.<\/strong> A questi vanno aggiunti i numerosi episodi di minore entit\u00e0\u00bb.<\/p>\n<p>\u00ab \u00c8 sempre pi\u00f9 evidente -rimarca De Corato &#8211; la necessit\u00e0 di aumentare il numero delle\u00a0Forze dell&#8217;ordine in Lombardia, appello che continuo a rivolgere al Ministro dell&#8217;Interno Lamorgese. I dati ci indicano ch<strong>e &#8216;nel 2018 in Lombardia e&#8217; stato registrato il 16,02% delle operazioni antidroga svolte sul territorio nazionale,<\/strong> il 7,21 % delle sostanze sequestrate e il 14,05% delle persone segnalate all&#8217;Autorit\u00e0 Giudiziari\u00e0\u00bb.<\/p>\n","protected":false},"excerpt":{"rendered":"<p>L&#8217;ultimo arresto di un pusher sorpreso in macchina con 51 kg di hashish ha indotto De Corato a trarre un bilancio dell&#8217;attivit\u00e0 di controllo nel Milanese<\/p>\n","protected":false},"author":33,"featured_media":0,"comment_status":"open","ping_status":"open","sticky":false,"template":"","format":"standard","meta":{"footnotes":""},"categories":[7],"tags":[532,16248],"acf":[],"yoast_head":"<!-- This site is optimized with the Yoast SEO plugin v20.1 - https:\/\/yoast.com\/wordpress\/plugins\/seo\/ -->\n<title>Sequestri di droga: l&#039;assessore de Corato ringrazia le forze dell&#039;ordine<\/title>\n<meta name=\"description\" content=\"L&#039;ultimo arresto di un pusher sorpreso in macchina con 51 kg di hashish ha indotto De Corato a trarre un bilancio dell&#039;attivit\u00e0 di controllo nel Milanese\" \/>\n<meta name=\"robots\" content=\"noindex, follow, max-snippet:-1, max-image-preview:large, max-video-preview:-1\" \/>\n<meta property=\"og:locale\" content=\"it_IT\" \/>\n<meta property=\"og:type\" content=\"article\" \/>\n<meta property=\"og:title\" content=\"Sequestri di droga: l&#039;assessore de Corato ringrazia le forze dell&#039;ordine\" \/>\n<meta property=\"og:description\" content=\"L&#039;ultimo arresto di un pusher sorpreso in macchina con 51 kg di hashish ha indotto De Corato a trarre un bilancio dell&#039;attivit\u00e0 di controllo nel Milanese\" \/>\n<meta property=\"og:url\" content=\"https:\/\/staging.varesenews.it\/2020\/02\/sequestri-droga-lassessore-de-corato-ringrazia-le-forze-dellordine\/905306\/\" \/>\n<meta property=\"og:site_name\" content=\"VareseNews\" \/>\n<meta property=\"article:publisher\" content=\"https:\/\/www.facebook.com\/varesenews\" \/>\n<meta property=\"article:author\" content=\"alessandra.toni7\" \/>\n<meta property=\"article:published_time\" content=\"2020-02-28T12:55:04+00:00\" \/>\n<meta name=\"author\" content=\"Alessandra Toni\" \/>\n<meta name=\"twitter:card\" content=\"summary_large_image\" \/>\n<meta name=\"twitter:creator\" content=\"@alessandra_toni\" \/>\n<meta name=\"twitter:site\" content=\"@varesenews\" \/>\n<meta name=\"twitter:label1\" content=\"Scritto da\" \/>\n\t<meta name=\"twitter:data1\" content=\"Alessandra Toni\" \/>\n\t<meta name=\"twitter:label2\" content=\"Tempo di lettura stimato\" \/>\n\t<meta name=\"twitter:data2\" content=\"1 minuto\" \/>\n<script type=\"application\/ld+json\" class=\"yoast-schema-graph\">{\"@context\":\"https:\/\/schema.org\",\"@graph\":[{\"@type\":\"WebPage\",\"@id\":\"https:\/\/staging.varesenews.it\/2020\/02\/sequestri-droga-lassessore-de-corato-ringrazia-le-forze-dellordine\/905306\/\",\"url\":\"https:\/\/staging.varesenews.it\/2020\/02\/sequestri-droga-lassessore-de-corato-ringrazia-le-forze-dellordine\/905306\/\",\"name\":\"Sequestri di droga: l'assessore de Corato ringrazia le forze dell'ordine\",\"isPartOf\":{\"@id\":\"https:\/\/staging.varesenews.it\/#website\"},\"datePublished\":\"2020-02-28T12:55:04+00:00\",\"dateModified\":\"2020-02-28T12:55:04+00:00\",\"author\":{\"@id\":\"https:\/\/staging.varesenews.it\/#\/schema\/person\/2643ce123d4a3c9511e015dc548779b8\"},\"description\":\"L'ultimo arresto di un pusher sorpreso in macchina con 51 kg di hashish ha indotto De Corato a trarre un bilancio dell'attivit\u00e0 di controllo nel Milanese\",\"breadcrumb\":{\"@id\":\"https:\/\/staging.varesenews.it\/2020\/02\/sequestri-droga-lassessore-de-corato-ringrazia-le-forze-dellordine\/905306\/#breadcrumb\"},\"inLanguage\":\"it-IT\",\"potentialAction\":[{\"@type\":\"ReadAction\",\"target\":[\"https:\/\/staging.varesenews.it\/2020\/02\/sequestri-droga-lassessore-de-corato-ringrazia-le-forze-dellordine\/905306\/\"]}]},{\"@type\":\"BreadcrumbList\",\"@id\":\"https:\/\/staging.varesenews.it\/2020\/02\/sequestri-droga-lassessore-de-corato-ringrazia-le-forze-dellordine\/905306\/#breadcrumb\",\"itemListElement\":[{\"@type\":\"ListItem\",\"position\":1,\"name\":\"Home\",\"item\":\"https:\/\/www.varesenews.it\/\"},{\"@type\":\"ListItem\",\"position\":2,\"name\":\"Sequestri di droga: l&#8217;assessore de Corato ringrazia le forze dell&#8217;ordine\"}]},{\"@type\":\"WebSite\",\"@id\":\"https:\/\/staging.varesenews.it\/#website\",\"url\":\"https:\/\/staging.varesenews.it\/\",\"name\":\"VareseNews\",\"description\":\"\",\"potentialAction\":[{\"@type\":\"SearchAction\",\"target\":{\"@type\":\"EntryPoint\",\"urlTemplate\":\"https:\/\/staging.varesenews.it\/?s={search_term_string}\"},\"query-input\":\"required name=search_term_string\"}],\"inLanguage\":\"it-IT\"},{\"@type\":\"Person\",\"@id\":\"https:\/\/staging.varesenews.it\/#\/schema\/person\/2643ce123d4a3c9511e015dc548779b8\",\"name\":\"Alessandra Toni\",\"image\":{\"@type\":\"ImageObject\",\"inLanguage\":\"it-IT\",\"@id\":\"https:\/\/staging.varesenews.it\/#\/schema\/person\/image\/\",\"url\":\"https:\/\/staging.varesenews.it\/wp-content\/uploads\/2020\/12\/alessandra_toni_colori_500.jpg\",\"contentUrl\":\"https:\/\/staging.varesenews.it\/wp-content\/uploads\/2020\/12\/alessandra_toni_colori_500.jpg\",\"caption\":\"Alessandra Toni\"},\"description\":\"Sono entrata nella redazione di VareseNews nel lontano anno 2000. Ero reduce da una bellissima esperienza nella redazione giornalistica della TV Nuova Antennatre, sotto la direzione dell'indimenticabile direttore Adolfo Caldarini. Sono arrivata quando era ancora una piccola realt\u00e0 editoriale e insieme abbiamo fatto un lungo ed entusiasmante lavoro. Mi occupo prevalentemente di scuola e di sanit\u00e0, settori impegnativi di grande valore sociale.\u00a0\",\"sameAs\":[\"alessandra.toni7\",\"alessandra.toni\",\"https:\/\/twitter.com\/alessandra_toni\"],\"url\":\"https:\/\/staging.varesenews.it\/persona\/alessandra_toni1\/\"}]}<\/script>\n<!-- \/ Yoast SEO plugin. -->","yoast_head_json":{"title":"Sequestri di droga: l'assessore de Corato ringrazia le forze dell'ordine","description":"L'ultimo arresto di un pusher sorpreso in macchina con 51 kg di hashish ha indotto De Corato a trarre un bilancio dell'attivit\u00e0 di controllo nel Milanese","robots":{"index":"noindex","follow":"follow","max-snippet":"max-snippet:-1","max-image-preview":"max-image-preview:large","max-video-preview":"max-video-preview:-1"},"og_locale":"it_IT","og_type":"article","og_title":"Sequestri di droga: l'assessore de Corato ringrazia le forze dell'ordine","og_description":"L'ultimo arresto di un pusher sorpreso in macchina con 51 kg di hashish ha indotto De Corato a trarre un bilancio dell'attivit\u00e0 di controllo nel Milanese","og_url":"https:\/\/staging.varesenews.it\/2020\/02\/sequestri-droga-lassessore-de-corato-ringrazia-le-forze-dellordine\/905306\/","og_site_name":"VareseNews","article_publisher":"https:\/\/www.facebook.com\/varesenews","article_author":"alessandra.toni7","article_published_time":"2020-02-28T12:55:04+00:00","author":"Alessandra Toni","twitter_card":"summary_large_image","twitter_creator":"@alessandra_toni","twitter_site":"@varesenews","twitter_misc":{"Scritto da":"Alessandra Toni","Tempo di lettura stimato":"1 minuto"},"schema":{"@context":"https:\/\/schema.org","@graph":[{"@type":"WebPage","@id":"https:\/\/staging.varesenews.it\/2020\/02\/sequestri-droga-lassessore-de-corato-ringrazia-le-forze-dellordine\/905306\/","url":"https:\/\/staging.varesenews.it\/2020\/02\/sequestri-droga-lassessore-de-corato-ringrazia-le-forze-dellordine\/905306\/","name":"Sequestri di droga: l'assessore de Corato ringrazia le forze dell'ordine","isPartOf":{"@id":"https:\/\/staging.varesenews.it\/#website"},"datePublished":"2020-02-28T12:55:04+00:00","dateModified":"2020-02-28T12:55:04+00:00","author":{"@id":"https:\/\/staging.varesenews.it\/#\/schema\/person\/2643ce123d4a3c9511e015dc548779b8"},"description":"L'ultimo arresto di un pusher sorpreso in macchina con 51 kg di hashish ha indotto De Corato a trarre un bilancio dell'attivit\u00e0 di controllo nel Milanese","breadcrumb":{"@id":"https:\/\/staging.varesenews.it\/2020\/02\/sequestri-droga-lassessore-de-corato-ringrazia-le-forze-dellordine\/905306\/#breadcrumb"},"inLanguage":"it-IT","potentialAction":[{"@type":"ReadAction","target":["https:\/\/staging.varesenews.it\/2020\/02\/sequestri-droga-lassessore-de-corato-ringrazia-le-forze-dellordine\/905306\/"]}]},{"@type":"BreadcrumbList","@id":"https:\/\/staging.varesenews.it\/2020\/02\/sequestri-droga-lassessore-de-corato-ringrazia-le-forze-dellordine\/905306\/#breadcrumb","itemListElement":[{"@type":"ListItem","position":1,"name":"Home","item":"https:\/\/www.varesenews.it\/"},{"@type":"ListItem","position":2,"name":"Sequestri di droga: l&#8217;assessore de Corato ringrazia le forze dell&#8217;ordine"}]},{"@type":"WebSite","@id":"https:\/\/staging.varesenews.it\/#website","url":"https:\/\/staging.varesenews.it\/","name":"VareseNews","description":"","potentialAction":[{"@type":"SearchAction","target":{"@type":"EntryPoint","urlTemplate":"https:\/\/staging.varesenews.it\/?s={search_term_string}"},"query-input":"required name=search_term_string"}],"inLanguage":"it-IT"},{"@type":"Person","@id":"https:\/\/staging.varesenews.it\/#\/schema\/person\/2643ce123d4a3c9511e015dc548779b8","name":"Alessandra Toni","image":{"@type":"ImageObject","inLanguage":"it-IT","@id":"https:\/\/staging.varesenews.it\/#\/schema\/person\/image\/","url":"https:\/\/staging.varesenews.it\/wp-content\/uploads\/2020\/12\/alessandra_toni_colori_500.jpg","contentUrl":"https:\/\/staging.varesenews.it\/wp-content\/uploads\/2020\/12\/alessandra_toni_colori_500.jpg","caption":"Alessandra Toni"},"description":"Sono entrata nella redazione di VareseNews nel lontano anno 2000. Ero reduce da una bellissima esperienza nella redazione giornalistica della TV Nuova Antennatre, sotto la direzione dell'indimenticabile direttore Adolfo Caldarini. Sono arrivata quando era ancora una piccola realt\u00e0 editoriale e insieme abbiamo fatto un lungo ed entusiasmante lavoro. Mi occupo prevalentemente di scuola e di sanit\u00e0, settori impegnativi di grande valore sociale.\u00a0","sameAs":["alessandra.toni7","alessandra.toni","https:\/\/twitter.com\/alessandra_toni"],"url":"https:\/\/staging.varesenews.it\/persona\/alessandra_toni1\/"}]}},"post_meta":{"_edit_lock":"1582894414:33","_edit_last":"33","_category_permalink":"a:1:{s:8:\"category\";s:1:\"7\";}","foto":"739642","firma_come_redazione":"1","argomento":"Milano","_yoast_wpseo_content_score":"30","_jd_tweet_this":"yes","_encloseme":"1","ratings_users":"0","ratings_score":"0","ratings_average":"0","_wpt_short_url":"https:\/\/www.varesenews.it\/2020\/02\/sequestri-droga-lassessore-de-corato-ringrazia-le-forze-dellordine\/905306\/","_wp_jd_target":"https:\/\/www.varesenews.it\/2020\/02\/sequestri-droga-lassessore-de-corato-ringrazia-le-forze-dellordine\/905306\/","_jd_wp_twitter":"a:1:{i:0;s:201:\"Sequestri di droga: l\u2019assessore de Corato ringrazia le forze dell\u2019ordine https:\/\/www.varesenews.it\/2020\/02\/sequestri-droga-lassessore-de-corato-ringrazia-le-forze-dellordine\/905306\/ #sequestrodroga\";}","_wpt_status_message":"Tweet inviato con successo."},"photos":[{"original":"https:\/\/staging.varesenews.it\/photogallery_new\/images\/2019\/05\/sequestro-hashish-carabinieri-739642.jpg","full":"https:\/\/staging.varesenews.it\/photogallery_new\/images\/2019\/05\/sequestro-hashish-carabinieri-739642.1024x768.jpg","large":"https:\/\/staging.varesenews.it\/photogallery_new\/images\/2019\/05\/sequestro-hashish-carabinieri-739642.610x431.jpg"}],"_links":{"self":[{"href":"https:\/\/staging.varesenews.it\/swgapi\/v1\/wp\/v2\/posts\/905306"}],"collection":[{"href":"https:\/\/staging.varesenews.it\/swgapi\/v1\/wp\/v2\/posts"}],"about":[{"href":"https:\/\/staging.varesenews.it\/swgapi\/v1\/wp\/v2\/types\/post"}],"author":[{"embeddable":true,"href":"https:\/\/staging.varesenews.it\/swgapi\/v1\/wp\/v2\/users\/33"}],"replies":[{"embeddable":true,"href":"https:\/\/staging.varesenews.it\/swgapi\/v1\/wp\/v2\/comments?post=905306"}],"version-history":[{"count":0,"href":"https:\/\/staging.varesenews.it\/swgapi\/v1\/wp\/v2\/posts\/905306\/revisions"}],"wp:attachment":[{"href":"https:\/\/staging.varesenews.it\/swgapi\/v1\/wp\/v2\/media?parent=905306"}],"wp:term":[{"taxonomy":"category","embeddable":true,"href":"https:\/\/staging.varesenews.it\/swgapi\/v1\/wp\/v2\/categories?post=905306"},{"taxonomy":"post_tag","embeddable":true,"href":"https:\/\/staging.varesenews.it\/swgapi\/v1\/wp\/v2\/tags?post=905306"}],"curies":[{"name":"wp","href":"https:\/\/api.w.org\/{rel}","templated":true}]}}