{"id":906682,"date":"2020-03-04T13:00:34","date_gmt":"2020-03-04T12:00:34","guid":{"rendered":"https:\/\/www.varesenews.it\/?p=906682"},"modified":"2020-03-04T13:00:34","modified_gmt":"2020-03-04T12:00:34","slug":"le-filiali-bcc-aperte-anche-sabato-coronavirus","status":"publish","type":"post","link":"https:\/\/staging.varesenews.it\/2020\/03\/le-filiali-bcc-aperte-anche-sabato-coronavirus\/906682\/","title":{"rendered":"Le filiali Bcc aperte anche sabato per &#8220;coronavirus&#8221;"},"content":{"rendered":"<p><strong>\u00abAscolto, consulenza, soluzione\u00bb<\/strong>. Gi\u00e0 dal nome del servizio si comprende la scelta fatta dalla Bcc di Busto Garolfo e Buguggiate che a partir<strong>e da sabato 7 marzo ha deciso l\u2019apertura straordinaria di alcune delle proprie filiali per mettersi a disposizione di imprese, artigiani, commercianti e famiglie <\/strong>che dovessero avere delle difficolt\u00e0 legate alla situazione congiunturale legata all\u2019emergenza<strong> Coronavirus<\/strong>.<\/p>\n<p>\u00abIn questi momenti di comprensibile preoccupazione per le famiglie e di oggettiva difficolt\u00e0 per il tessuto economico e produttivo del nostro territorio, abbiamo deciso di essere presenti e di metterci a disposizione di soci e clienti, istituendo un apposito servizio per comprendere le esigenze, ragionare assieme degli scenari e strutturare velocemente soluzioni ad hoc -spiega il presidente della <strong>Bcc di Busto Garolfo e Buguggiate, Roberto Scazzosi<\/strong>-. E questa scelta, una volta proposta ai nostri dipendenti, ha incontrato da subito la loro piena disponibilit\u00e0, tanto che tutti si sono messi volontariamente a disposizione per organizzare le aperture straordinarie\u00bb.<\/p>\n<p>Nel dettaglio, il servizio \u00abAscolto, consulenza, soluzione\u00bb \u00e8 stato per ora attivato presso la sede di Busto Garolfo, la sede distaccata di Buguggiate e le filiali di Legnano, Busto Arsizio, Gallarate e Varese, che resteranno aperte il marted\u00ec e il gioved\u00ec, dalle 15,45 (orario canonico di chiusura delle filiali) alle 19 e il sabato (quando normalmente le filiali sono chiuse) dalle 9 alle 12.<\/p>\n<p>\u00abChiaramente negli orari straordinari di apertura non sar\u00e0 operativa alcuna attivit\u00e0 di cassa -spiega Carlo Crugnola, direttore generale della Bcc di Busto Garolfo e Buguggiate-, perch\u00e9 il personale sar\u00e0 a disposizione dei clienti per capire i loro problemi legati all\u2019emergenza di questo periodo e costruire assieme delle possibili soluzioni in un\u2019ottica di sostenibilit\u00e0 e di sostegno nel breve e medio periodo, che saranno poi portate in approvazione con una procedura interna di urgenza\u00bb.<\/p>\n<p>\u00abIn questo momento in cui pu\u00f2 diffondersi un senso di smarrimento perch\u00e9 siamo tutti costretti a vivere chiusure e restrizioni necessarie -chiosa il presidente Scazzosi- abbiamo scelto di allargare i nostri orari di apertura anche per dare un messaggio di speranza e per ribadire la convinzione che il nostro territorio, e il nostro Paese, \u00e8 in grado di ripartire. Credo che nei momenti di difficolt\u00e0 le persone abbiano bisogno di essere ascoltate e consigliate, perch\u00e9 capiscano che le istituzioni del territorio, e la nostra Bcc \u00e8 ovviamente una di esse, non lasciano soli nessuno\u00bb.<\/p>\n<p>Ovviamente, gli accessi alle filiali aperte in orario straordinario (cos\u00ec come gi\u00e0 accade nei consueti orari di sportello) saranno regolati nel pieno rispetto delle norme e delle disposizioni sanitarie in essere.<\/p>\n","protected":false},"excerpt":{"rendered":"<p>Il servizio si chiama &#8220;Ascolto, consulenza, soluzione&#8221; ed \u00e8 mirato a privati e aziende che dovessero avere delle difficolt\u00e0 legate alla situazione congiunturale legata all\u2019emergenza sanitaria<\/p>\n","protected":false},"author":47,"featured_media":0,"comment_status":"open","ping_status":"open","sticky":false,"template":"","format":"standard","meta":{"footnotes":""},"categories":[4,3,5,2],"tags":[13408],"acf":[],"yoast_head":"<!-- This site is optimized with the Yoast SEO plugin v20.1 - https:\/\/yoast.com\/wordpress\/plugins\/seo\/ -->\n<title>Le filiali Bcc aperte anche sabato per &quot;coronavirus&quot;<\/title>\n<meta name=\"description\" content=\"Il servizio si chiama &quot;Ascolto, consulenza, soluzione&quot; ed \u00e8 mirato a privati e aziende che dovessero avere delle difficolt\u00e0 legate alla situazione congiunturale legata all\u2019emergenza sanitaria\" \/>\n<meta name=\"robots\" content=\"noindex, follow, max-snippet:-1, max-image-preview:large, max-video-preview:-1\" \/>\n<meta property=\"og:locale\" content=\"it_IT\" \/>\n<meta property=\"og:type\" content=\"article\" \/>\n<meta property=\"og:title\" content=\"Le filiali Bcc aperte anche sabato per &quot;coronavirus&quot;\" \/>\n<meta property=\"og:description\" content=\"Il servizio si chiama &quot;Ascolto, consulenza, soluzione&quot; ed \u00e8 mirato a privati e aziende che dovessero avere delle difficolt\u00e0 legate alla situazione congiunturale legata all\u2019emergenza sanitaria\" \/>\n<meta property=\"og:url\" content=\"https:\/\/staging.varesenews.it\/2020\/03\/le-filiali-bcc-aperte-anche-sabato-coronavirus\/906682\/\" \/>\n<meta property=\"og:site_name\" content=\"VareseNews\" \/>\n<meta property=\"article:publisher\" content=\"https:\/\/www.facebook.com\/varesenews\" \/>\n<meta property=\"article:published_time\" content=\"2020-03-04T12:00:34+00:00\" \/>\n<meta name=\"author\" content=\"Orlando Mastrillo\" \/>\n<meta name=\"twitter:card\" content=\"summary_large_image\" \/>\n<meta name=\"twitter:creator\" content=\"@nando_mastrillo\" \/>\n<meta name=\"twitter:site\" content=\"@varesenews\" \/>\n<meta name=\"twitter:label1\" content=\"Scritto da\" \/>\n\t<meta name=\"twitter:data1\" content=\"Orlando Mastrillo\" \/>\n\t<meta name=\"twitter:label2\" content=\"Tempo di lettura stimato\" \/>\n\t<meta name=\"twitter:data2\" content=\"2 minuti\" \/>\n<script type=\"application\/ld+json\" class=\"yoast-schema-graph\">{\"@context\":\"https:\/\/schema.org\",\"@graph\":[{\"@type\":\"WebPage\",\"@id\":\"https:\/\/staging.varesenews.it\/2020\/03\/le-filiali-bcc-aperte-anche-sabato-coronavirus\/906682\/\",\"url\":\"https:\/\/staging.varesenews.it\/2020\/03\/le-filiali-bcc-aperte-anche-sabato-coronavirus\/906682\/\",\"name\":\"Le filiali Bcc aperte anche sabato per \\\"coronavirus\\\"\",\"isPartOf\":{\"@id\":\"https:\/\/staging.varesenews.it\/#website\"},\"datePublished\":\"2020-03-04T12:00:34+00:00\",\"dateModified\":\"2020-03-04T12:00:34+00:00\",\"author\":{\"@id\":\"https:\/\/staging.varesenews.it\/#\/schema\/person\/14c47ccce537a9058dddce296f10b296\"},\"description\":\"Il servizio si chiama \\\"Ascolto, consulenza, soluzione\\\" ed \u00e8 mirato a privati e aziende che dovessero avere delle difficolt\u00e0 legate alla situazione congiunturale legata all\u2019emergenza sanitaria\",\"breadcrumb\":{\"@id\":\"https:\/\/staging.varesenews.it\/2020\/03\/le-filiali-bcc-aperte-anche-sabato-coronavirus\/906682\/#breadcrumb\"},\"inLanguage\":\"it-IT\",\"potentialAction\":[{\"@type\":\"ReadAction\",\"target\":[\"https:\/\/staging.varesenews.it\/2020\/03\/le-filiali-bcc-aperte-anche-sabato-coronavirus\/906682\/\"]}]},{\"@type\":\"BreadcrumbList\",\"@id\":\"https:\/\/staging.varesenews.it\/2020\/03\/le-filiali-bcc-aperte-anche-sabato-coronavirus\/906682\/#breadcrumb\",\"itemListElement\":[{\"@type\":\"ListItem\",\"position\":1,\"name\":\"Home\",\"item\":\"https:\/\/www.varesenews.it\/\"},{\"@type\":\"ListItem\",\"position\":2,\"name\":\"Le filiali Bcc aperte anche sabato per &#8220;coronavirus&#8221;\"}]},{\"@type\":\"WebSite\",\"@id\":\"https:\/\/staging.varesenews.it\/#website\",\"url\":\"https:\/\/staging.varesenews.it\/\",\"name\":\"VareseNews\",\"description\":\"\",\"potentialAction\":[{\"@type\":\"SearchAction\",\"target\":{\"@type\":\"EntryPoint\",\"urlTemplate\":\"https:\/\/staging.varesenews.it\/?s={search_term_string}\"},\"query-input\":\"required name=search_term_string\"}],\"inLanguage\":\"it-IT\"},{\"@type\":\"Person\",\"@id\":\"https:\/\/staging.varesenews.it\/#\/schema\/person\/14c47ccce537a9058dddce296f10b296\",\"name\":\"Orlando Mastrillo\",\"image\":{\"@type\":\"ImageObject\",\"inLanguage\":\"it-IT\",\"@id\":\"https:\/\/staging.varesenews.it\/#\/schema\/person\/image\/\",\"url\":\"https:\/\/staging.varesenews.it\/wp-content\/uploads\/2020\/12\/orlando_mastrillo_colori_500.jpg\",\"contentUrl\":\"https:\/\/staging.varesenews.it\/wp-content\/uploads\/2020\/12\/orlando_mastrillo_colori_500.jpg\",\"caption\":\"Orlando Mastrillo\"},\"description\":\"Nasco a Luino nel 1981, ho iniziato questo lavoro nell'estate del 2003 nella redazione de Il Giorno di Varese e dall'anno successivo ho intrapreso la collaborazione con VareseNews. Dopo anni nell'Alto Varesotto mi sono trasferito a Busto Arsizio nel 2007, territorio che ho iniziato a seguire e che seguo tutt'oggi. Nel 2013 sono diventato giornalista professionista. Mi occupo di cronaca politica, giudiziaria e nera in una vasta area che comprende anche parte della Valle Olona e il Legnanese. Sono sposato con Valeria Arini e ho due splendide figlie.\",\"sameAs\":[\"or_ma\",\"https:\/\/twitter.com\/nando_mastrillo\"],\"url\":\"https:\/\/staging.varesenews.it\/persona\/orlando-mastrillo1\/\"}]}<\/script>\n<!-- \/ Yoast SEO plugin. -->","yoast_head_json":{"title":"Le filiali Bcc aperte anche sabato per \"coronavirus\"","description":"Il servizio si chiama \"Ascolto, consulenza, soluzione\" ed \u00e8 mirato a privati e aziende che dovessero avere delle difficolt\u00e0 legate alla situazione congiunturale legata all\u2019emergenza sanitaria","robots":{"index":"noindex","follow":"follow","max-snippet":"max-snippet:-1","max-image-preview":"max-image-preview:large","max-video-preview":"max-video-preview:-1"},"og_locale":"it_IT","og_type":"article","og_title":"Le filiali Bcc aperte anche sabato per \"coronavirus\"","og_description":"Il servizio si chiama \"Ascolto, consulenza, soluzione\" ed \u00e8 mirato a privati e aziende che dovessero avere delle difficolt\u00e0 legate alla situazione congiunturale legata all\u2019emergenza sanitaria","og_url":"https:\/\/staging.varesenews.it\/2020\/03\/le-filiali-bcc-aperte-anche-sabato-coronavirus\/906682\/","og_site_name":"VareseNews","article_publisher":"https:\/\/www.facebook.com\/varesenews","article_published_time":"2020-03-04T12:00:34+00:00","author":"Orlando Mastrillo","twitter_card":"summary_large_image","twitter_creator":"@nando_mastrillo","twitter_site":"@varesenews","twitter_misc":{"Scritto da":"Orlando Mastrillo","Tempo di lettura stimato":"2 minuti"},"schema":{"@context":"https:\/\/schema.org","@graph":[{"@type":"WebPage","@id":"https:\/\/staging.varesenews.it\/2020\/03\/le-filiali-bcc-aperte-anche-sabato-coronavirus\/906682\/","url":"https:\/\/staging.varesenews.it\/2020\/03\/le-filiali-bcc-aperte-anche-sabato-coronavirus\/906682\/","name":"Le filiali Bcc aperte anche sabato per \"coronavirus\"","isPartOf":{"@id":"https:\/\/staging.varesenews.it\/#website"},"datePublished":"2020-03-04T12:00:34+00:00","dateModified":"2020-03-04T12:00:34+00:00","author":{"@id":"https:\/\/staging.varesenews.it\/#\/schema\/person\/14c47ccce537a9058dddce296f10b296"},"description":"Il servizio si chiama \"Ascolto, consulenza, soluzione\" ed \u00e8 mirato a privati e aziende che dovessero avere delle difficolt\u00e0 legate alla situazione congiunturale legata all\u2019emergenza sanitaria","breadcrumb":{"@id":"https:\/\/staging.varesenews.it\/2020\/03\/le-filiali-bcc-aperte-anche-sabato-coronavirus\/906682\/#breadcrumb"},"inLanguage":"it-IT","potentialAction":[{"@type":"ReadAction","target":["https:\/\/staging.varesenews.it\/2020\/03\/le-filiali-bcc-aperte-anche-sabato-coronavirus\/906682\/"]}]},{"@type":"BreadcrumbList","@id":"https:\/\/staging.varesenews.it\/2020\/03\/le-filiali-bcc-aperte-anche-sabato-coronavirus\/906682\/#breadcrumb","itemListElement":[{"@type":"ListItem","position":1,"name":"Home","item":"https:\/\/www.varesenews.it\/"},{"@type":"ListItem","position":2,"name":"Le filiali Bcc aperte anche sabato per &#8220;coronavirus&#8221;"}]},{"@type":"WebSite","@id":"https:\/\/staging.varesenews.it\/#website","url":"https:\/\/staging.varesenews.it\/","name":"VareseNews","description":"","potentialAction":[{"@type":"SearchAction","target":{"@type":"EntryPoint","urlTemplate":"https:\/\/staging.varesenews.it\/?s={search_term_string}"},"query-input":"required name=search_term_string"}],"inLanguage":"it-IT"},{"@type":"Person","@id":"https:\/\/staging.varesenews.it\/#\/schema\/person\/14c47ccce537a9058dddce296f10b296","name":"Orlando Mastrillo","image":{"@type":"ImageObject","inLanguage":"it-IT","@id":"https:\/\/staging.varesenews.it\/#\/schema\/person\/image\/","url":"https:\/\/staging.varesenews.it\/wp-content\/uploads\/2020\/12\/orlando_mastrillo_colori_500.jpg","contentUrl":"https:\/\/staging.varesenews.it\/wp-content\/uploads\/2020\/12\/orlando_mastrillo_colori_500.jpg","caption":"Orlando Mastrillo"},"description":"Nasco a Luino nel 1981, ho iniziato questo lavoro nell'estate del 2003 nella redazione de Il Giorno di Varese e dall'anno successivo ho intrapreso la collaborazione con VareseNews. Dopo anni nell'Alto Varesotto mi sono trasferito a Busto Arsizio nel 2007, territorio che ho iniziato a seguire e che seguo tutt'oggi. Nel 2013 sono diventato giornalista professionista. Mi occupo di cronaca politica, giudiziaria e nera in una vasta area che comprende anche parte della Valle Olona e il Legnanese. Sono sposato con Valeria Arini e ho due splendide figlie.","sameAs":["or_ma","https:\/\/twitter.com\/nando_mastrillo"],"url":"https:\/\/staging.varesenews.it\/persona\/orlando-mastrillo1\/"}]}},"post_meta":{"_edit_lock":"1583323313:47","_edit_last":"47","_category_permalink":"a:1:{s:8:\"category\";s:0:\"\";}","_encloseme":"1","ratings_users":"0","ratings_score":"0","ratings_average":"0","foto":"675360","firma_come_redazione":"1","argomento":"Busto Arsizio","_yoast_wpseo_focuskw_text_input":"bcc","_yoast_wpseo_focuskw":"bcc","_yoast_wpseo_linkdex":"65","_yoast_wpseo_content_score":"30","_jd_tweet_this":"yes","_wpt_short_url":"https:\/\/www.varesenews.it\/2020\/03\/le-filiali-bcc-aperte-anche-sabato-coronavirus\/906682\/","_wp_jd_target":"https:\/\/www.varesenews.it\/2020\/03\/le-filiali-bcc-aperte-anche-sabato-coronavirus\/906682\/","_jd_wp_twitter":"a:1:{i:0;s:146:\"Le filiali Bcc aperte anche sabato per \u201ccoronavirus\u201d https:\/\/www.varesenews.it\/2020\/03\/le-filiali-bcc-aperte-anche-sabato-coronavirus\/906682\/ \";}","_wpt_status_message":"Tweet inviato con successo."},"photos":[{"original":"https:\/\/staging.varesenews.it\/photogallery_new\/images\/2018\/05\/bcc-675360.jpg","full":"https:\/\/staging.varesenews.it\/photogallery_new\/images\/2018\/05\/bcc-675360.1024x768.jpg","large":"https:\/\/staging.varesenews.it\/photogallery_new\/images\/2018\/05\/bcc-675360.610x431.jpg"}],"_links":{"self":[{"href":"https:\/\/staging.varesenews.it\/swgapi\/v1\/wp\/v2\/posts\/906682"}],"collection":[{"href":"https:\/\/staging.varesenews.it\/swgapi\/v1\/wp\/v2\/posts"}],"about":[{"href":"https:\/\/staging.varesenews.it\/swgapi\/v1\/wp\/v2\/types\/post"}],"author":[{"embeddable":true,"href":"https:\/\/staging.varesenews.it\/swgapi\/v1\/wp\/v2\/users\/47"}],"replies":[{"embeddable":true,"href":"https:\/\/staging.varesenews.it\/swgapi\/v1\/wp\/v2\/comments?post=906682"}],"version-history":[{"count":0,"href":"https:\/\/staging.varesenews.it\/swgapi\/v1\/wp\/v2\/posts\/906682\/revisions"}],"wp:attachment":[{"href":"https:\/\/staging.varesenews.it\/swgapi\/v1\/wp\/v2\/media?parent=906682"}],"wp:term":[{"taxonomy":"category","embeddable":true,"href":"https:\/\/staging.varesenews.it\/swgapi\/v1\/wp\/v2\/categories?post=906682"},{"taxonomy":"post_tag","embeddable":true,"href":"https:\/\/staging.varesenews.it\/swgapi\/v1\/wp\/v2\/tags?post=906682"}],"curies":[{"name":"wp","href":"https:\/\/api.w.org\/{rel}","templated":true}]}}