{"id":907268,"date":"2020-03-05T17:40:06","date_gmt":"2020-03-05T16:40:06","guid":{"rendered":"https:\/\/www.varesenews.it\/?p=907268"},"modified":"2020-03-05T17:40:06","modified_gmt":"2020-03-05T16:40:06","slug":"smart-working-comune-via-alla-sperimentazione-figli","status":"publish","type":"post","link":"https:\/\/staging.varesenews.it\/2020\/03\/smart-working-comune-via-alla-sperimentazione-figli\/907268\/","title":{"rendered":"Smart working in Comune, via alla sperimentazione per chi ha figli"},"content":{"rendered":"<p>Nell\u2019ambito degli obiettivi che l\u2019Amministrazione comunale si \u00e8 posta per l\u2019anno in corso vi \u00e8 la<strong> predisposizione di un percorso virtuoso che consenta la diffusione del cosiddetto smart-working<\/strong>, cio\u00e8 del telelavoro e di tutte quelle modalit\u00e0 operative ed organizzative che garantiscano, insieme con l\u2019efficienza ed efficacia dei servizi erogati, la conciliazione con le esigenze personali dei singoli lavoratori e lavoratrici.<\/p>\n<p>\u00abL\u2019emergenza del coronavirus da un lato impone una impellente accelerazione del percorso, dall\u2019altro costituisce una ghiotta opportunit\u00e0 per meglio sperimentarne le modalit\u00e0\u00bb afferma l\u2019assessore all\u2019Educazione<strong> Gigi Farioli<\/strong> che questa mattina ha coordinato, insieme con il Segretario Generale, una<strong> riunione utile a dare il via a una concreta predisposizione dell\u2019iter operativo,<\/strong> anticipando i tempi previsti.<\/p>\n<p>\u00abL\u2019intreccio delle esigenze maturate in queste settimane con il percorso gi\u00e0 avviato ha suggerito di prevedere come criterio assolutamente prioritario la <strong>sperimentazione con lavoratrici e lavoratori che abbiano a carico figli minori in et\u00e0 scolare dell\u2019obbligo<\/strong> \u2013 continua Farioli -. Ci\u00f2 all\u2019evidente fine di poter <strong>sollevare almeno in parte le famiglie dalle gravi difficolt\u00e0 in cui versano<\/strong> a causa della chiusura degli istituti scolastici\u00bb.<\/p>\n<p>Per la settimana prossima, sempre per l\u2019iniziativa dell\u2019Assessore all\u2019Educazione, \u00e8 prevista una serie di incontri con i dirigenti scolastici, distinti per ordine e grado, \u00abal fine di raccogliere e mettere a fattor comune criticit\u00e0, problematiche e, perch\u00e9 no, positivit\u00e0 ed eccellenze indubbiamente presenti sul territorio comunale, che possano consentire all\u2019Amministrazione di porsi come facilitatrice per proficue risposte e possibilmente soluzioni, per ragazzi, studenti e famiglie, oltre che per l\u2019intero mondo degli operatori scolastici con particolare riferimento anche al mondo delle fragilit\u00e0 e disabilit\u00e0\u00bb.<\/p>\n","protected":false},"excerpt":{"rendered":"<p>L&#8217;assessore Gigi Farioli preme sull&#8217;acceleratore e annuncia la predisposizione dell\u2019iter operativo, anticipando i tempi previsti<\/p>\n","protected":false},"author":47,"featured_media":0,"comment_status":"open","ping_status":"open","sticky":false,"template":"","format":"standard","meta":{"footnotes":""},"categories":[4],"tags":[96512,93252],"acf":[],"yoast_head":"<!-- This site is optimized with the Yoast SEO plugin v20.1 - https:\/\/yoast.com\/wordpress\/plugins\/seo\/ -->\n<title>Smart working in Comune, via alla sperimentazione per chi ha figli<\/title>\n<meta name=\"description\" content=\"L&#039;assessore Gigi Farioli preme sull&#039;acceleratore e annuncia la predisposizione dell\u2019iter operativo, anticipando i tempi previsti\" \/>\n<meta name=\"robots\" content=\"noindex, follow, max-snippet:-1, max-image-preview:large, max-video-preview:-1\" \/>\n<meta property=\"og:locale\" content=\"it_IT\" \/>\n<meta property=\"og:type\" content=\"article\" \/>\n<meta property=\"og:title\" content=\"Smart working in Comune, via alla sperimentazione per chi ha figli\" \/>\n<meta property=\"og:description\" content=\"L&#039;assessore Gigi Farioli preme sull&#039;acceleratore e annuncia la predisposizione dell\u2019iter operativo, anticipando i tempi previsti\" \/>\n<meta property=\"og:url\" content=\"https:\/\/staging.varesenews.it\/2020\/03\/smart-working-comune-via-alla-sperimentazione-figli\/907268\/\" \/>\n<meta property=\"og:site_name\" content=\"VareseNews\" \/>\n<meta property=\"article:publisher\" content=\"https:\/\/www.facebook.com\/varesenews\" \/>\n<meta property=\"article:published_time\" content=\"2020-03-05T16:40:06+00:00\" \/>\n<meta name=\"author\" content=\"Orlando Mastrillo\" \/>\n<meta name=\"twitter:card\" content=\"summary_large_image\" \/>\n<meta name=\"twitter:creator\" content=\"@nando_mastrillo\" \/>\n<meta name=\"twitter:site\" content=\"@varesenews\" \/>\n<meta name=\"twitter:label1\" content=\"Scritto da\" \/>\n\t<meta name=\"twitter:data1\" content=\"Orlando Mastrillo\" \/>\n\t<meta name=\"twitter:label2\" content=\"Tempo di lettura stimato\" \/>\n\t<meta name=\"twitter:data2\" content=\"1 minuto\" \/>\n<script type=\"application\/ld+json\" class=\"yoast-schema-graph\">{\"@context\":\"https:\/\/schema.org\",\"@graph\":[{\"@type\":\"WebPage\",\"@id\":\"https:\/\/staging.varesenews.it\/2020\/03\/smart-working-comune-via-alla-sperimentazione-figli\/907268\/\",\"url\":\"https:\/\/staging.varesenews.it\/2020\/03\/smart-working-comune-via-alla-sperimentazione-figli\/907268\/\",\"name\":\"Smart working in Comune, via alla sperimentazione per chi ha figli\",\"isPartOf\":{\"@id\":\"https:\/\/staging.varesenews.it\/#website\"},\"datePublished\":\"2020-03-05T16:40:06+00:00\",\"dateModified\":\"2020-03-05T16:40:06+00:00\",\"author\":{\"@id\":\"https:\/\/staging.varesenews.it\/#\/schema\/person\/14c47ccce537a9058dddce296f10b296\"},\"description\":\"L'assessore Gigi Farioli preme sull'acceleratore e annuncia la predisposizione dell\u2019iter operativo, anticipando i tempi previsti\",\"breadcrumb\":{\"@id\":\"https:\/\/staging.varesenews.it\/2020\/03\/smart-working-comune-via-alla-sperimentazione-figli\/907268\/#breadcrumb\"},\"inLanguage\":\"it-IT\",\"potentialAction\":[{\"@type\":\"ReadAction\",\"target\":[\"https:\/\/staging.varesenews.it\/2020\/03\/smart-working-comune-via-alla-sperimentazione-figli\/907268\/\"]}]},{\"@type\":\"BreadcrumbList\",\"@id\":\"https:\/\/staging.varesenews.it\/2020\/03\/smart-working-comune-via-alla-sperimentazione-figli\/907268\/#breadcrumb\",\"itemListElement\":[{\"@type\":\"ListItem\",\"position\":1,\"name\":\"Home\",\"item\":\"https:\/\/www.varesenews.it\/\"},{\"@type\":\"ListItem\",\"position\":2,\"name\":\"Smart working in Comune, via alla sperimentazione per chi ha figli\"}]},{\"@type\":\"WebSite\",\"@id\":\"https:\/\/staging.varesenews.it\/#website\",\"url\":\"https:\/\/staging.varesenews.it\/\",\"name\":\"VareseNews\",\"description\":\"\",\"potentialAction\":[{\"@type\":\"SearchAction\",\"target\":{\"@type\":\"EntryPoint\",\"urlTemplate\":\"https:\/\/staging.varesenews.it\/?s={search_term_string}\"},\"query-input\":\"required name=search_term_string\"}],\"inLanguage\":\"it-IT\"},{\"@type\":\"Person\",\"@id\":\"https:\/\/staging.varesenews.it\/#\/schema\/person\/14c47ccce537a9058dddce296f10b296\",\"name\":\"Orlando Mastrillo\",\"image\":{\"@type\":\"ImageObject\",\"inLanguage\":\"it-IT\",\"@id\":\"https:\/\/staging.varesenews.it\/#\/schema\/person\/image\/\",\"url\":\"https:\/\/staging.varesenews.it\/wp-content\/uploads\/2020\/12\/orlando_mastrillo_colori_500.jpg\",\"contentUrl\":\"https:\/\/staging.varesenews.it\/wp-content\/uploads\/2020\/12\/orlando_mastrillo_colori_500.jpg\",\"caption\":\"Orlando Mastrillo\"},\"description\":\"Nasco a Luino nel 1981, ho iniziato questo lavoro nell'estate del 2003 nella redazione de Il Giorno di Varese e dall'anno successivo ho intrapreso la collaborazione con VareseNews. Dopo anni nell'Alto Varesotto mi sono trasferito a Busto Arsizio nel 2007, territorio che ho iniziato a seguire e che seguo tutt'oggi. Nel 2013 sono diventato giornalista professionista. Mi occupo di cronaca politica, giudiziaria e nera in una vasta area che comprende anche parte della Valle Olona e il Legnanese. Sono sposato con Valeria Arini e ho due splendide figlie.\",\"sameAs\":[\"or_ma\",\"https:\/\/twitter.com\/nando_mastrillo\"],\"url\":\"https:\/\/staging.varesenews.it\/persona\/orlando-mastrillo1\/\"}]}<\/script>\n<!-- \/ Yoast SEO plugin. -->","yoast_head_json":{"title":"Smart working in Comune, via alla sperimentazione per chi ha figli","description":"L'assessore Gigi Farioli preme sull'acceleratore e annuncia la predisposizione dell\u2019iter operativo, anticipando i tempi previsti","robots":{"index":"noindex","follow":"follow","max-snippet":"max-snippet:-1","max-image-preview":"max-image-preview:large","max-video-preview":"max-video-preview:-1"},"og_locale":"it_IT","og_type":"article","og_title":"Smart working in Comune, via alla sperimentazione per chi ha figli","og_description":"L'assessore Gigi Farioli preme sull'acceleratore e annuncia la predisposizione dell\u2019iter operativo, anticipando i tempi previsti","og_url":"https:\/\/staging.varesenews.it\/2020\/03\/smart-working-comune-via-alla-sperimentazione-figli\/907268\/","og_site_name":"VareseNews","article_publisher":"https:\/\/www.facebook.com\/varesenews","article_published_time":"2020-03-05T16:40:06+00:00","author":"Orlando Mastrillo","twitter_card":"summary_large_image","twitter_creator":"@nando_mastrillo","twitter_site":"@varesenews","twitter_misc":{"Scritto da":"Orlando Mastrillo","Tempo di lettura stimato":"1 minuto"},"schema":{"@context":"https:\/\/schema.org","@graph":[{"@type":"WebPage","@id":"https:\/\/staging.varesenews.it\/2020\/03\/smart-working-comune-via-alla-sperimentazione-figli\/907268\/","url":"https:\/\/staging.varesenews.it\/2020\/03\/smart-working-comune-via-alla-sperimentazione-figli\/907268\/","name":"Smart working in Comune, via alla sperimentazione per chi ha figli","isPartOf":{"@id":"https:\/\/staging.varesenews.it\/#website"},"datePublished":"2020-03-05T16:40:06+00:00","dateModified":"2020-03-05T16:40:06+00:00","author":{"@id":"https:\/\/staging.varesenews.it\/#\/schema\/person\/14c47ccce537a9058dddce296f10b296"},"description":"L'assessore Gigi Farioli preme sull'acceleratore e annuncia la predisposizione dell\u2019iter operativo, anticipando i tempi previsti","breadcrumb":{"@id":"https:\/\/staging.varesenews.it\/2020\/03\/smart-working-comune-via-alla-sperimentazione-figli\/907268\/#breadcrumb"},"inLanguage":"it-IT","potentialAction":[{"@type":"ReadAction","target":["https:\/\/staging.varesenews.it\/2020\/03\/smart-working-comune-via-alla-sperimentazione-figli\/907268\/"]}]},{"@type":"BreadcrumbList","@id":"https:\/\/staging.varesenews.it\/2020\/03\/smart-working-comune-via-alla-sperimentazione-figli\/907268\/#breadcrumb","itemListElement":[{"@type":"ListItem","position":1,"name":"Home","item":"https:\/\/www.varesenews.it\/"},{"@type":"ListItem","position":2,"name":"Smart working in Comune, via alla sperimentazione per chi ha figli"}]},{"@type":"WebSite","@id":"https:\/\/staging.varesenews.it\/#website","url":"https:\/\/staging.varesenews.it\/","name":"VareseNews","description":"","potentialAction":[{"@type":"SearchAction","target":{"@type":"EntryPoint","urlTemplate":"https:\/\/staging.varesenews.it\/?s={search_term_string}"},"query-input":"required name=search_term_string"}],"inLanguage":"it-IT"},{"@type":"Person","@id":"https:\/\/staging.varesenews.it\/#\/schema\/person\/14c47ccce537a9058dddce296f10b296","name":"Orlando Mastrillo","image":{"@type":"ImageObject","inLanguage":"it-IT","@id":"https:\/\/staging.varesenews.it\/#\/schema\/person\/image\/","url":"https:\/\/staging.varesenews.it\/wp-content\/uploads\/2020\/12\/orlando_mastrillo_colori_500.jpg","contentUrl":"https:\/\/staging.varesenews.it\/wp-content\/uploads\/2020\/12\/orlando_mastrillo_colori_500.jpg","caption":"Orlando Mastrillo"},"description":"Nasco a Luino nel 1981, ho iniziato questo lavoro nell'estate del 2003 nella redazione de Il Giorno di Varese e dall'anno successivo ho intrapreso la collaborazione con VareseNews. Dopo anni nell'Alto Varesotto mi sono trasferito a Busto Arsizio nel 2007, territorio che ho iniziato a seguire e che seguo tutt'oggi. Nel 2013 sono diventato giornalista professionista. Mi occupo di cronaca politica, giudiziaria e nera in una vasta area che comprende anche parte della Valle Olona e il Legnanese. Sono sposato con Valeria Arini e ho due splendide figlie.","sameAs":["or_ma","https:\/\/twitter.com\/nando_mastrillo"],"url":"https:\/\/staging.varesenews.it\/persona\/orlando-mastrillo1\/"}]}},"post_meta":{"_edit_lock":"1583426285:47","_edit_last":"47","_category_permalink":"a:1:{s:8:\"category\";s:0:\"\";}","_encloseme":"1","ratings_users":"0","ratings_score":"0","ratings_average":"0","foto":"717997","firma_come_redazione":"1","argomento":"Busto Arsizio","_yoast_wpseo_content_score":"30","_jd_tweet_this":"yes","_wpt_short_url":"https:\/\/www.varesenews.it\/2020\/03\/smart-working-comune-via-alla-sperimentazione-figli\/907268\/","_wp_jd_target":"https:\/\/www.varesenews.it\/2020\/03\/smart-working-comune-via-alla-sperimentazione-figli\/907268\/","_jd_wp_twitter":"a:1:{i:0;s:186:\"Smart working in Comune, via alla sperimentazione per chi ha figli https:\/\/www.varesenews.it\/2020\/03\/smart-working-comune-via-alla-sperimentazione-figli\/907268\/ #smartworking #telelavoro\";}","_wpt_status_message":"Tweet inviato con successo."},"photos":[{"original":"https:\/\/staging.varesenews.it\/photogallery_new\/images\/2019\/01\/generico-2018-717997.jpg","full":"https:\/\/staging.varesenews.it\/photogallery_new\/images\/2019\/01\/generico-2018-717997.1024x768.jpg","large":"https:\/\/staging.varesenews.it\/photogallery_new\/images\/2019\/01\/generico-2018-717997.610x431.jpg"}],"_links":{"self":[{"href":"https:\/\/staging.varesenews.it\/swgapi\/v1\/wp\/v2\/posts\/907268"}],"collection":[{"href":"https:\/\/staging.varesenews.it\/swgapi\/v1\/wp\/v2\/posts"}],"about":[{"href":"https:\/\/staging.varesenews.it\/swgapi\/v1\/wp\/v2\/types\/post"}],"author":[{"embeddable":true,"href":"https:\/\/staging.varesenews.it\/swgapi\/v1\/wp\/v2\/users\/47"}],"replies":[{"embeddable":true,"href":"https:\/\/staging.varesenews.it\/swgapi\/v1\/wp\/v2\/comments?post=907268"}],"version-history":[{"count":0,"href":"https:\/\/staging.varesenews.it\/swgapi\/v1\/wp\/v2\/posts\/907268\/revisions"}],"wp:attachment":[{"href":"https:\/\/staging.varesenews.it\/swgapi\/v1\/wp\/v2\/media?parent=907268"}],"wp:term":[{"taxonomy":"category","embeddable":true,"href":"https:\/\/staging.varesenews.it\/swgapi\/v1\/wp\/v2\/categories?post=907268"},{"taxonomy":"post_tag","embeddable":true,"href":"https:\/\/staging.varesenews.it\/swgapi\/v1\/wp\/v2\/tags?post=907268"}],"curies":[{"name":"wp","href":"https:\/\/api.w.org\/{rel}","templated":true}]}}