{"id":907695,"date":"2020-03-07T06:30:34","date_gmt":"2020-03-07T05:30:34","guid":{"rendered":"https:\/\/www.varesenews.it\/?p=907695"},"modified":"2020-03-07T01:31:46","modified_gmt":"2020-03-07T00:31:46","slug":"davide-tonetti-la-mia-vita-masterchef","status":"publish","type":"post","link":"https:\/\/staging.varesenews.it\/2020\/03\/davide-tonetti-la-mia-vita-masterchef\/907695\/","title":{"rendered":"Davide Tonetti: &#8220;La mia vita dopo Masterchef&#8221;"},"content":{"rendered":"<p>Non \u00e8 riuscito a superare la posizione del miglior varesino mai arrivato a Masterchef,\u00a0<strong><a href=\"https:\/\/www.varesenews.it\/2018\/03\/masterchef-la-intervista-davide-ex-concorrente\/695936\/\">Davide Aviano<\/a><\/strong>.<\/p>\n<p>Ma essersi piazzato alla sua stessa posizione &#8211; il <strong>quarto posto<\/strong>, ad un passo dalla finalissima &#8211; in un&#8217;edizione dove i concorrenti erano mediamente ad altissimo\u00a0 livello, \u00e8 stato motivo di orgoglio per chi si sente varesino e varesotto.<\/p>\n<p><strong>Davide Tonetti<\/strong>, 32 anni, ora residente a <strong>Trieste<\/strong>,\u00a0 ha portato avanti con onore la bandiera delle nostre zone: per laboriosit\u00e0, capacit\u00e0 e voglia di imparare da questa straordinaria esperienza.<\/p>\n<p>E con onore \u00e8 caduto, anche se un passo prima del podio: pi\u00f9 precisamente &#8220;abbattuto dal missile&#8221;\u00a0 (secondo l&#8217;immagine lanciata dal giudice, varesotto anch&#8217;esso, <strong>Giorgio Locatelli<\/strong>) che le ha lanciato Maria Teresa, arrivata tra i primi tre: un impossibile dolce realizzato con sfere di cardamomo, mela verde e yogurt con una sorta di biscotto spugna alla menta: una impossibile ricetta dello chef tristellato <strong>Paolo Casagrande<\/strong>, anzi la ricetta pi\u00f9 difficile di tutte quelle che aveva portato ai concorrenti in gara.<\/p>\n<p>Davide per\u00f2 non sembrava tanto triste di uscire, quanto grato dell&#8217;esperienza: e nella sua prima intervista fuori dalla cucina di Masterchef, proviamo a parlarne, approfittandone per mettere qualche &#8220;puntino sulle i&#8221;. <div class=\"photo-inside-post\"><img decoding=\"async\" loading=\"lazy\" fetchpriority=\"low\" width=\"610\" height=\"431\" src=\"https:\/\/staging.varesenews.it\/photogallery_new\/images\/2020\/03\/davide-tonetti-masterchef-9-790883.610x431.jpg\" alt=\"Davide Tonetti - Masterchef 9\"><\/div><\/p>\n<p><b>Innanzitutto, chiariamo una cosa: ma sei di Gallarate o di Samarate?<br \/>\n<\/b>\u00abSono di <strong>Verghera<\/strong>. Ci tengo molto a questa distinzione. Il dubbio ci sta, per\u00f2, perch\u00e9 mi sono trasferito a <strong>Gallarate<\/strong> quando ho deciso di andare vivere da solo nel 2012. Poco dopo li ho anche convissuto, perch\u00e9 ho conosciuto mia moglie, e poi l\u2019appartamento \u00e8 diventato ben presto stretto perch\u00e9 abbiamo avuto due figlie\u00bb<\/p>\n<p><b>In trasmissione si ricordava pi\u00f9 che altro la residenza attuale, a Trieste. Tu ti senti gallaratese o triestino?<br \/>\n<\/b>\u00abIo mi sono trasferito a Trieste l\u2019anno scorso, perci\u00f2 30 anni della mia vita li ho vissuti qui. Amo le zone dove vivo ora, ma sono molto pi\u00f9 gallaratese che triestino\u2026\u00bb<\/p>\n<p><b>Qualcuno, in effetti, ha riconosciuto gli amici che erano con te al provino\u2026<br \/>\n<\/b>\u00abInfatti: sono venuti con me perch\u00e9 erano proprio miei amici da tanti anni, e anche per una questione logistica: le prove si svolgevano a Milano, ed era pi\u00f9 facile che mi accompagnassero loro piuttosto che trasferire la famiglia da Trieste\u00bb<\/p>\n<p><b>Cosa facevi dalle nostre parti?<br \/>\n<\/b>\u00abLavoravo in una azienda in cui sono entrato come magazziniere mentre studiavo all\u2019universit\u00e0: produceva articoli di pelletteria come borse, cinture. Nel corso degli anni l\u2019azienda \u00e8 cresciuta molto e io con lei: sono diventato infatti un suo commerciale. E\u2019 stato cosi che ho cominciato ad andare spesso in <strong>Giappone<\/strong>, e in generale in estremo oriente: perch\u00e8 era il mercato di riferimento di quella societ\u00e0, che mi ha dato tantissimo, innanzitutto molti amici\u00bb.<\/p>\n<p><b>Ed \u00e8 qui che hai conosciuto e amato il Giappone?<br \/>\n<\/b>\u00abNon proprio: con tutti i viaggi che ho fatto l\u00ec non posso dire di averlo mai visitato davvero. Quando si viaggia per lavoro non \u00e8 mai bello come sembra all\u2019esterno: magari si va spesso in Giappone e non lo si vede mai, oppure si va all&#8217;estero 15 giorni su un mese, e non fai felice chi sta a casa\u2026\u00a0 Per\u00f2 c\u2019\u00e8 da dire una cosa: che una costante della cultura giapponese \u00e8 concludere gli affari al ristorante. E il risultato \u00e8 che ne ho conosciuti tantissimi, dal pi\u00f9 modesto allo stellato, con mille piatti diversi, a seconda ovviamente del cliente con cui andavi. E questo mi ha permesso di assaggiare tanti sapori differenti, che poi cercavo di riprodurre quando tornavo a casa\u2026\u00bb<\/p>\n<p><b>E a Trieste, come ci sei arrivato?<br \/>\n<\/b>\u00abMia moglie \u00e8 triestina. L\u2019ho conosciuta a Milano. A Trieste, poi ci siamo arrivati a conclusione di un anno che \u00e8 stato parecchio pesante, dal punto di vista personale: quello in cui ho perso il lavoro, \u00e8 mancato il pap\u00e0 di mia moglie, sono successe altre cose difficili da affrontare. In realt\u00e0, l\u2019idea di trasferirci l\u2019avevamo gi\u00e0: il 2018 ha solo accelerato i tempi, e magari cambiato le modalit\u00e0. In compenso, quel benedetto anno \u00e8 quello che mi ha portato a decidere di iscrivermi a Masterchef. Con il mio vecchio lavoro non avrei potuto: il capo non avrebbe avuto niente in contrario, ma probabilmente mi avrebbe detto \u201cnon star li a tornare indietro, se ci vai\u201d. Ma, visto che l\u2019azienda non c\u2019era pi\u00f9 e nemmeno il mio lavoro non avevo pi\u00f9 niente da perdere, e cosi ci ho provato\u00bb.<\/p>\n<p><b>Il cibo \u00e8 una passione che hai da sempre o \u00e8 recente?<br \/>\n<\/b>\u00abDa piccolo pi\u00f9 che altro mangiavo: fino ai 14 anni ero bello rotondo\u2026 poi ho iniziato a fare sport, forse chiss\u00e0 \u00e8 cambiato il metabolismo, e la passione del mangiare \u00e8 diventata passione del cucinare. Ora a casa le cose sono ben chiare: la cucina \u00e8 area mia\u00bb.<\/p>\n<p><b>Dalla tiv\u00f9 ti vedevamo come una via di mezzo tra Calimero e il primo della classe. E\u2019 questo, Davide Tonetti? Ti ci ritrovi almeno un po\u2019 o sei diverso?<br \/>\n<\/b>\u00abDunque: nella vita al di fuori del mondo di Masterchef sono un tipo parecchio estroverso, ma parecchio. Magari a volte pure troppo. E se qualcosa non mi interessa non \u00e8 che sia proprio un perfettino, son bello rilassato\u2026Ma quando mi concentro su qualcosa, o ci tengo particolarmente, \u00e8 diverso: entro in quella che chiamo \u201cmodalit\u00e0 lavoro\u201d e sono molto concentrato. Per me Masterchef non \u00e8 mai stato un programma televisivo, ma una prova per vedere se questo poteva diventare davvero un lavoro, come pensavo da un po\u2019 di tempo a questa parte. Masterchef mi dava la misura di quante possibilit\u00e0 avessi nel futuro: per quello ogni volta che entravo in masterclass per me era come andare ad un esame. Il mio terrore era di uscire per un motivo stupido, un errore grossolano: e da questo punto di vista, non ho niente da rimproverarmi <em>(Davide \u00e8 uscito, al quarto posto, su di un dolce complicatissimo creato dallo chef tre stelle Paolo Casagrande, ndr).\u00a0<\/em>Per di pi\u00f9, i tempi sono molto piu serrati di quel che sembra in tv, e ognuna di quelle prove portava con s\u00e8 un carico di emozione forte, ogni volta diverso. Insomma, quello che vedevate era il Davide concentrato: quando cucino, o mi impegno in generale, io ci penso tantissimo prima di mettermi a realizzare concretamente le cose. Per dire: se mi sveglio con la voglia di cucinare qualcosa, durante la giornata ci rifletto continuamente. Poi la sera cucino, ma dopo averci pensato per ore\u2026 Avere 40 minuti per mettere insieme i pensieri e realizzare qualcosa, per come sono fatto io, \u00e8 stata una vera sfida\u00bb.<\/p>\n<p><b>E\u2019 scoppiato solo nelle ultime due puntate lo scontro con Maria Teresa, ed \u00e8 stato devastante. Com\u2019\u00e8 successo?<br \/>\n<\/b>\u00abNoi siamo tanto diversi. E quando hai davanti una persona cos\u00ec diversa da te, conviverci per tanto tempo non \u00e8 facile. Sinceramente, mi \u00e8 spiaciuto rivedere le mie reazioni, mi sento molto pi\u00f9 gentleman di solito. Ma l\u00ec l\u2019emotivit\u00e0 era a livelli che non riuscivo a governare. Mi dispiace, \u00e8 stata una mia mancanza\u00bb.<\/p>\n<p><b>Adesso come lo vedi il futuro?<br \/>\n<\/b>\u00abDirei che il mio primo step, fuori di qui, \u00e8 lavorare: fare esperienza, sudare un po\u2019 nel mondo della cucina e diventare quello che non sono ancora pienamente. Voglio crescere e portare avanti questa passione, che voglio diventi la mia professione\u00bb.<\/p>\n","protected":false},"excerpt":{"rendered":"<p>Quattro chiacchiere, a poche ore dalla conclusione di Masterchef 9, con il varesotto Davide Tonetti: che vive a Trieste ma non dimentica la sua Verghera<\/p>\n","protected":false},"author":48,"featured_media":0,"comment_status":"open","ping_status":"open","sticky":false,"template":"","format":"standard","meta":{"footnotes":""},"categories":[3,26],"tags":[3945,57558,6735],"acf":[],"yoast_head":"<!-- This site is optimized with the Yoast SEO plugin v20.1 - https:\/\/yoast.com\/wordpress\/plugins\/seo\/ -->\n<title>Davide Tonetti: &quot;La mia vita dopo Masterchef&quot;<\/title>\n<meta name=\"description\" content=\"Quattro chiacchiere, a poche ore dalla conclusione di Masterchef 9, con il varesotto Davide Tonetti: che vive a Trieste ma non dimentica la sua Verghera\" \/>\n<meta name=\"robots\" content=\"noindex, follow, max-snippet:-1, max-image-preview:large, max-video-preview:-1\" \/>\n<meta property=\"og:locale\" content=\"it_IT\" \/>\n<meta property=\"og:type\" content=\"article\" \/>\n<meta property=\"og:title\" content=\"Davide Tonetti: &quot;La mia vita dopo Masterchef&quot;\" \/>\n<meta property=\"og:description\" content=\"Quattro chiacchiere, a poche ore dalla conclusione di Masterchef 9, con il varesotto Davide Tonetti: che vive a Trieste ma non dimentica la sua Verghera\" \/>\n<meta property=\"og:url\" content=\"https:\/\/www.varesenews.it\/2020\/03\/davide-tonetti-la-mia-vita-masterchef\/907695\/\" \/>\n<meta property=\"og:site_name\" content=\"VareseNews\" \/>\n<meta property=\"article:publisher\" content=\"https:\/\/www.facebook.com\/varesenews\" \/>\n<meta property=\"article:author\" content=\"https:\/\/www.facebook.com\/stefaniaradman\" \/>\n<meta property=\"article:published_time\" content=\"2020-03-07T05:30:34+00:00\" \/>\n<meta property=\"article:modified_time\" content=\"2020-03-07T00:31:46+00:00\" \/>\n<meta name=\"author\" content=\"Stefania Radman\" \/>\n<meta name=\"twitter:card\" content=\"summary_large_image\" \/>\n<meta name=\"twitter:creator\" content=\"@LaRadman\" \/>\n<meta name=\"twitter:site\" content=\"@varesenews\" \/>\n<meta name=\"twitter:label1\" content=\"Scritto da\" \/>\n\t<meta name=\"twitter:data1\" content=\"Stefania Radman\" \/>\n\t<meta name=\"twitter:label2\" content=\"Tempo di lettura stimato\" \/>\n\t<meta name=\"twitter:data2\" content=\"6 minuti\" \/>\n<script type=\"application\/ld+json\" class=\"yoast-schema-graph\">{\"@context\":\"https:\/\/schema.org\",\"@graph\":[{\"@type\":\"WebPage\",\"@id\":\"https:\/\/www.varesenews.it\/2020\/03\/davide-tonetti-la-mia-vita-masterchef\/907695\/\",\"url\":\"https:\/\/www.varesenews.it\/2020\/03\/davide-tonetti-la-mia-vita-masterchef\/907695\/\",\"name\":\"Davide Tonetti: \\\"La mia vita dopo Masterchef\\\"\",\"isPartOf\":{\"@id\":\"https:\/\/staging.varesenews.it\/#website\"},\"datePublished\":\"2020-03-07T05:30:34+00:00\",\"dateModified\":\"2020-03-07T00:31:46+00:00\",\"author\":{\"@id\":\"https:\/\/staging.varesenews.it\/#\/schema\/person\/995d2e6a31c67237a9a1bc1f0079f3aa\"},\"description\":\"Quattro chiacchiere, a poche ore dalla conclusione di Masterchef 9, con il varesotto Davide Tonetti: che vive a Trieste ma non dimentica la sua Verghera\",\"breadcrumb\":{\"@id\":\"https:\/\/www.varesenews.it\/2020\/03\/davide-tonetti-la-mia-vita-masterchef\/907695\/#breadcrumb\"},\"inLanguage\":\"it-IT\",\"potentialAction\":[{\"@type\":\"ReadAction\",\"target\":[\"https:\/\/www.varesenews.it\/2020\/03\/davide-tonetti-la-mia-vita-masterchef\/907695\/\"]}]},{\"@type\":\"BreadcrumbList\",\"@id\":\"https:\/\/www.varesenews.it\/2020\/03\/davide-tonetti-la-mia-vita-masterchef\/907695\/#breadcrumb\",\"itemListElement\":[{\"@type\":\"ListItem\",\"position\":1,\"name\":\"Home\",\"item\":\"https:\/\/www.varesenews.it\/\"},{\"@type\":\"ListItem\",\"position\":2,\"name\":\"Davide Tonetti: &#8220;La mia vita dopo Masterchef&#8221;\"}]},{\"@type\":\"WebSite\",\"@id\":\"https:\/\/staging.varesenews.it\/#website\",\"url\":\"https:\/\/staging.varesenews.it\/\",\"name\":\"VareseNews\",\"description\":\"\",\"potentialAction\":[{\"@type\":\"SearchAction\",\"target\":{\"@type\":\"EntryPoint\",\"urlTemplate\":\"https:\/\/staging.varesenews.it\/?s={search_term_string}\"},\"query-input\":\"required name=search_term_string\"}],\"inLanguage\":\"it-IT\"},{\"@type\":\"Person\",\"@id\":\"https:\/\/staging.varesenews.it\/#\/schema\/person\/995d2e6a31c67237a9a1bc1f0079f3aa\",\"name\":\"Stefania Radman\",\"image\":{\"@type\":\"ImageObject\",\"inLanguage\":\"it-IT\",\"@id\":\"https:\/\/staging.varesenews.it\/#\/schema\/person\/image\/\",\"url\":\"https:\/\/staging.varesenews.it\/wp-content\/uploads\/2020\/12\/stefania_radman_colori_500.jpg\",\"contentUrl\":\"https:\/\/staging.varesenews.it\/wp-content\/uploads\/2020\/12\/stefania_radman_colori_500.jpg\",\"caption\":\"Stefania Radman\"},\"description\":\"Varesina dal 1991, lavoro dal 2000 per Varesenews.it, prima come responsabile della pagina dell&rsquo;economia, poi della pagina life, ora della citt&agrave; di Varese.Ma sono (e sono stata) anche altro: per esempio, agli albori delle radio private ero dj in una radio milanese, Onda Radio. Da 20 anni sono corrispondente da Varese di Radio Popolare e ho collaborato con Espresso, Repubblica, Diario della Settimana, Italia Oggi. &ldquo;Smanettona&rdquo; da sempre, ho aperto il mio primo sito personale con Geocities nei primi anni novanta (chi se lo ricorda?) e i miei primi blog in Splinder all&rsquo;inizio del 2000. Ora sono sui social: qui quasi sempre sono semplicemente \\\"LaRadman&rdquo;.\",\"sameAs\":[\"http:\/\/laradman.blogspot.it\",\"https:\/\/www.facebook.com\/stefaniaradman\",\"@LaRadman\",\"https:\/\/www.linkedin.com\/in\/stefaniaradman\",\"https:\/\/twitter.com\/LaRadman\"],\"url\":\"https:\/\/staging.varesenews.it\/persona\/stefania-radman1\/\"}]}<\/script>\n<!-- \/ Yoast SEO plugin. -->","yoast_head_json":{"title":"Davide Tonetti: \"La mia vita dopo Masterchef\"","description":"Quattro chiacchiere, a poche ore dalla conclusione di Masterchef 9, con il varesotto Davide Tonetti: che vive a Trieste ma non dimentica la sua Verghera","robots":{"index":"noindex","follow":"follow","max-snippet":"max-snippet:-1","max-image-preview":"max-image-preview:large","max-video-preview":"max-video-preview:-1"},"og_locale":"it_IT","og_type":"article","og_title":"Davide Tonetti: \"La mia vita dopo Masterchef\"","og_description":"Quattro chiacchiere, a poche ore dalla conclusione di Masterchef 9, con il varesotto Davide Tonetti: che vive a Trieste ma non dimentica la sua Verghera","og_url":"https:\/\/www.varesenews.it\/2020\/03\/davide-tonetti-la-mia-vita-masterchef\/907695\/","og_site_name":"VareseNews","article_publisher":"https:\/\/www.facebook.com\/varesenews","article_author":"https:\/\/www.facebook.com\/stefaniaradman","article_published_time":"2020-03-07T05:30:34+00:00","article_modified_time":"2020-03-07T00:31:46+00:00","author":"Stefania Radman","twitter_card":"summary_large_image","twitter_creator":"@LaRadman","twitter_site":"@varesenews","twitter_misc":{"Scritto da":"Stefania Radman","Tempo di lettura stimato":"6 minuti"},"schema":{"@context":"https:\/\/schema.org","@graph":[{"@type":"WebPage","@id":"https:\/\/www.varesenews.it\/2020\/03\/davide-tonetti-la-mia-vita-masterchef\/907695\/","url":"https:\/\/www.varesenews.it\/2020\/03\/davide-tonetti-la-mia-vita-masterchef\/907695\/","name":"Davide Tonetti: \"La mia vita dopo Masterchef\"","isPartOf":{"@id":"https:\/\/staging.varesenews.it\/#website"},"datePublished":"2020-03-07T05:30:34+00:00","dateModified":"2020-03-07T00:31:46+00:00","author":{"@id":"https:\/\/staging.varesenews.it\/#\/schema\/person\/995d2e6a31c67237a9a1bc1f0079f3aa"},"description":"Quattro chiacchiere, a poche ore dalla conclusione di Masterchef 9, con il varesotto Davide Tonetti: che vive a Trieste ma non dimentica la sua Verghera","breadcrumb":{"@id":"https:\/\/www.varesenews.it\/2020\/03\/davide-tonetti-la-mia-vita-masterchef\/907695\/#breadcrumb"},"inLanguage":"it-IT","potentialAction":[{"@type":"ReadAction","target":["https:\/\/www.varesenews.it\/2020\/03\/davide-tonetti-la-mia-vita-masterchef\/907695\/"]}]},{"@type":"BreadcrumbList","@id":"https:\/\/www.varesenews.it\/2020\/03\/davide-tonetti-la-mia-vita-masterchef\/907695\/#breadcrumb","itemListElement":[{"@type":"ListItem","position":1,"name":"Home","item":"https:\/\/www.varesenews.it\/"},{"@type":"ListItem","position":2,"name":"Davide Tonetti: &#8220;La mia vita dopo Masterchef&#8221;"}]},{"@type":"WebSite","@id":"https:\/\/staging.varesenews.it\/#website","url":"https:\/\/staging.varesenews.it\/","name":"VareseNews","description":"","potentialAction":[{"@type":"SearchAction","target":{"@type":"EntryPoint","urlTemplate":"https:\/\/staging.varesenews.it\/?s={search_term_string}"},"query-input":"required name=search_term_string"}],"inLanguage":"it-IT"},{"@type":"Person","@id":"https:\/\/staging.varesenews.it\/#\/schema\/person\/995d2e6a31c67237a9a1bc1f0079f3aa","name":"Stefania Radman","image":{"@type":"ImageObject","inLanguage":"it-IT","@id":"https:\/\/staging.varesenews.it\/#\/schema\/person\/image\/","url":"https:\/\/staging.varesenews.it\/wp-content\/uploads\/2020\/12\/stefania_radman_colori_500.jpg","contentUrl":"https:\/\/staging.varesenews.it\/wp-content\/uploads\/2020\/12\/stefania_radman_colori_500.jpg","caption":"Stefania Radman"},"description":"Varesina dal 1991, lavoro dal 2000 per Varesenews.it, prima come responsabile della pagina dell&rsquo;economia, poi della pagina life, ora della citt&agrave; di Varese.Ma sono (e sono stata) anche altro: per esempio, agli albori delle radio private ero dj in una radio milanese, Onda Radio. Da 20 anni sono corrispondente da Varese di Radio Popolare e ho collaborato con Espresso, Repubblica, Diario della Settimana, Italia Oggi. &ldquo;Smanettona&rdquo; da sempre, ho aperto il mio primo sito personale con Geocities nei primi anni novanta (chi se lo ricorda?) e i miei primi blog in Splinder all&rsquo;inizio del 2000. Ora sono sui social: qui quasi sempre sono semplicemente \"LaRadman&rdquo;.","sameAs":["http:\/\/laradman.blogspot.it","https:\/\/www.facebook.com\/stefaniaradman","@LaRadman","https:\/\/www.linkedin.com\/in\/stefaniaradman","https:\/\/twitter.com\/LaRadman"],"url":"https:\/\/staging.varesenews.it\/persona\/stefania-radman1\/"}]}},"post_meta":{"_edit_lock":"1583652215:48","_edit_last":"48","_category_permalink":"a:1:{s:8:\"category\";s:0:\"\";}","foto":"790880","argomento":"L'intervista","_yoast_wpseo_content_score":"30","_jd_tweet_this":"yes","id_leggi_anche":"907388,905141,902597,900396,897925,895629,890833,888729,887261","_yoast_wpseo_focuskw_text_input":"masterchef","_yoast_wpseo_focuskw":"masterchef","_yoast_wpseo_linkdex":"82","_wpt_short_url":"http:\/\/www.varesenews.it\/2020\/03\/davide-tonetti-la-mia-vita-masterchef\/907695\/","_wp_jd_target":"http:\/\/www.varesenews.it\/2020\/03\/davide-tonetti-la-mia-vita-masterchef\/907695\/","_jd_wp_twitter":"a:1:{i:0;s:154:\"Davide Tonetti: \u201cLa mia vita dopo Masterchef\u201d http:\/\/www.varesenews.it\/2020\/03\/davide-tonetti-la-mia-vita-masterchef\/907695\/ #masterchef #masterchefit\";}","_wpt_status_message":"Tweet inviato con successo.","_encloseme":"1","ratings_users":"0","ratings_score":"0","ratings_average":"0"},"photos":[{"original":"https:\/\/staging.varesenews.it\/photogallery_new\/images\/2020\/03\/davide-tonetti-masterchef-9-790880.jpg","full":"https:\/\/staging.varesenews.it\/photogallery_new\/images\/2020\/03\/davide-tonetti-masterchef-9-790880.1024x768.jpg","large":"https:\/\/staging.varesenews.it\/photogallery_new\/images\/2020\/03\/davide-tonetti-masterchef-9-790880.610x431.jpg"}],"_links":{"self":[{"href":"https:\/\/staging.varesenews.it\/swgapi\/v1\/wp\/v2\/posts\/907695"}],"collection":[{"href":"https:\/\/staging.varesenews.it\/swgapi\/v1\/wp\/v2\/posts"}],"about":[{"href":"https:\/\/staging.varesenews.it\/swgapi\/v1\/wp\/v2\/types\/post"}],"author":[{"embeddable":true,"href":"https:\/\/staging.varesenews.it\/swgapi\/v1\/wp\/v2\/users\/48"}],"replies":[{"embeddable":true,"href":"https:\/\/staging.varesenews.it\/swgapi\/v1\/wp\/v2\/comments?post=907695"}],"version-history":[{"count":0,"href":"https:\/\/staging.varesenews.it\/swgapi\/v1\/wp\/v2\/posts\/907695\/revisions"}],"wp:attachment":[{"href":"https:\/\/staging.varesenews.it\/swgapi\/v1\/wp\/v2\/media?parent=907695"}],"wp:term":[{"taxonomy":"category","embeddable":true,"href":"https:\/\/staging.varesenews.it\/swgapi\/v1\/wp\/v2\/categories?post=907695"},{"taxonomy":"post_tag","embeddable":true,"href":"https:\/\/staging.varesenews.it\/swgapi\/v1\/wp\/v2\/tags?post=907695"}],"curies":[{"name":"wp","href":"https:\/\/api.w.org\/{rel}","templated":true}]}}