{"id":912590,"date":"2020-03-20T15:06:03","date_gmt":"2020-03-20T14:06:03","guid":{"rendered":"https:\/\/www.varesenews.it\/?p=912590"},"modified":"2020-03-20T15:06:03","modified_gmt":"2020-03-20T14:06:03","slug":"sentieri-pensieri-festival-diventa-virtuale","status":"publish","type":"post","link":"https:\/\/staging.varesenews.it\/2020\/03\/sentieri-pensieri-festival-diventa-virtuale\/912590\/","title":{"rendered":"Sentieri e Pensieri, il festival diventa virtuale"},"content":{"rendered":"<p>\u201cIn poche ore abbiamo realizzato un&#8217;edizione speciale del nostro festival\u201d. Presenta cos\u00ec il Sindaco di Santa Maria Maggiore, <strong>Claudio Cottini<\/strong>, con un sentimento misto tra orgoglio e sorpresa, \u201c<strong>Sentieri e Pensieri \u2013 L&#8217;amore per la lettura ai tempi del Coronavirus<\/strong>\u201d, titolo che vuole parafrasare quello del romanzo di Gabriel Garcia M\u00e0rquez \u201cL&#8217;amore ai tempi del Colera\u201d: un&#8217;edizione social straordinaria del festival che ad agosto giunger\u00e0 alla sua ottava edizione.<\/p>\n<p>\u201cSono profondamente legato a Sentieri e Pensieri e non mi rassegno all&#8217;idea che anche i festival letterari italiani possano essere intaccati da questa situazione. \u2013 afferma con convinzione <strong>Bruno Gambarotta<\/strong>, Direttore Artistico del festival di Santa Maria Maggiore \u2013 Sono convinto che ad agosto ci ritroveremo tutti in Piazza Risorgimento. Nel frattempo abbiamo creato in meno di 24 ore qualcosa di speciale: un festival in streaming, in cui persone comuni saranno idealmente al fianco di importanti protagonisti del mondo della cultura e dello spettacolo italiano. Un giorno lontano, quando qualcuno racconter\u00e0 ai nostri posteri questa imprevedibile piega della storia in cui siamo immersi, uno degli aspetti che pi\u00f9 saranno messi in luce sar\u00e0 quello di aver generato dal basso questa catena di irriducibili lettori che hanno fatto argine allo sgomento e alla paura usando come pietre immateriali le parole degli scrittori pi\u00f9 amati. Anche loro potranno dire, osservandoci dal luogo in cui si trovano, &#8220;io c&#8217;ero&#8221;.\u201d Con un voluto significato simbolico, sabato 21 marzo, giorno di inizio della primavera, la pagina Facebook di Santa Maria Maggiore ospiter\u00e0 l&#8217;inaugurazione di questo esperimento che nelle intenzioni degli organizzatori vuole diffondere virtualmente cultura, bellezza e positivit\u00e0 in un momento critico come quello che l&#8217;intera Italia sta vivendo. Attraverso la potenza delle letture e dei libri, con video-letture che si propongono anche di non lasciare solo chi in questo momento \u00e8 isolato, ma non solo. \u201cSi terr\u00e0 anche <strong>una speciale video rassegna stampa mattutina<\/strong> \u2013 conferma Monica Mattei, responsabile delle attivit\u00e0 culturali del Comune di Santa Maria Maggiore \u2013 in cui daremo spazio esclusivamente alle notizie positive che, anche in questi giorni bui, possono e devono riempire le nostre vite.<\/p>\n<p>L&#8217;appuntamento si chiamer\u00e0 \u201c<strong>Positivi alla rassegna stampa<\/strong>\u201d: il titolo \u00e8 appositamente provocatorio e irriverente, perch\u00e9 vogliamo dare una scossa di positivit\u00e0 alle persone che ci seguiranno\u201d. Ogni giorno, nel tardo pomeriggio, verr\u00e0 postato il contributo video di una nuova lettura. Sono stati invitati anche alcuni ospiti delle edizioni passate di Sentieri e Pensieri e molti hanno gi\u00e0 confermato la propria convinta adesione: tra i molti <strong>Giuseppe Culicchia, Neri Marcor\u00e8, Gioele Dix, Annarita Briganti, Natascha Lusenti, Alice Basso, Annalisa Monfreda, Biagio Bagini, Simona Sparaco, Marco Malvaldi, Federica Brignone, Alessandro Barbaglia, Oscar Farinetti, Marco Cattaneo e Paolo Hendel<\/strong>.<\/p>\n<p>Ma non solo: saranno anche semplici cittadini, abitanti di Santa Maria Maggiore, turisti, villeggianti o fedeli spettatori del festival a poter inviare la propria lettura del cuore. Ognuno potr\u00e0 realizzare un breve video di se stesso (della durata variabile da 2 minuti a 15 minuti, formato orizzontale, girato anche semplicemente con uno smartphone), mentre legge una porzione del proprio libro del cuore, una favola o ancora una poesia. Il video dovr\u00e0 essere inviato con wetransfer o sistema simile alla mail info@santamariamaggiore.info. Tutti i video saranno raccolti all&#8217;interno dell&#8217;evento Facebook \u201cL&#8217;amore per la lettura ai tempi del Coronavirus\u201d pubblicato sulla pagina ufficiale di Santa Maria Maggiore: www.facebook.com\/santamariamaggioreturismo.<\/p>\n<p>\u201cAbbiamo dovuto cancellare eventi, viviamo in un Paese fantasma, c&#8217;\u00e8 angoscia e timore \u2013 conferma il Sindaco Claudio Cottini \u2013 ma le tecnologie oggi ci consentono di guardare oltre. Non avrei mai pensato di organizzare un evento esclusivamente online, ma sono grato per questa opportunit\u00e0 e per come i nostri concittadini e i tanti scrittori di fama nazionale abbiano gi\u00e0 accolto con entusiasmo il nostro invito. Sar\u00e0 un festival unico e indimenticabile, che \u2013 sono certo \u2013 ci traghetter\u00e0 tutti insieme, con ottimismo, verso tempi migliori e verso la nostra \u201cvera\u201d edizione in programma ad agosto\u201d.<\/p>\n<p>WEB: <a href=\"http:\/\/www.santamariamaggiore.info\">www.santamariamaggiore.info <\/a>SOCIAL: <a href=\"https:\/\/www.facebook.com\/santamariamaggioreturismo\/\">https:\/\/www.facebook.com\/santamariamaggioreturismo\/ <\/a><a href=\"https:\/\/www.instagram.com\/santamariamaggiorevallevigezzo\/\">https:\/\/www.instagram.com\/santamariamaggiorevallevigezzo\/<\/a><\/p>\n","protected":false},"excerpt":{"rendered":"<p>Attese le letture di tanti comuni cittadini, insieme ad autori e personaggi dello sport e dello spettacolo. Culicchia, Marcor\u00e8, Dix, Malvaldi tra gli ospiti che parteciparanno <\/p>\n","protected":false},"author":43,"featured_media":0,"comment_status":"open","ping_status":"open","sticky":false,"template":"","format":"standard","meta":{"footnotes":""},"categories":[21,46],"tags":[104635,63472],"acf":[],"yoast_head":"<!-- This site is optimized with the Yoast SEO plugin v20.1 - https:\/\/yoast.com\/wordpress\/plugins\/seo\/ -->\n<title>Sentieri e Pensieri, il festival diventa virtuale<\/title>\n<meta name=\"description\" content=\"Attese le letture di tanti comuni cittadini, insieme ad autori e personaggi dello sport e dello spettacolo. Culicchia, Marcor\u00e8, Dix, Malvaldi tra gli ospiti che parteciparanno\" \/>\n<meta name=\"robots\" content=\"noindex, follow, max-snippet:-1, max-image-preview:large, max-video-preview:-1\" \/>\n<meta property=\"og:locale\" content=\"it_IT\" \/>\n<meta property=\"og:type\" content=\"article\" \/>\n<meta property=\"og:title\" content=\"Sentieri e Pensieri, il festival diventa virtuale\" \/>\n<meta property=\"og:description\" content=\"Attese le letture di tanti comuni cittadini, insieme ad autori e personaggi dello sport e dello spettacolo. Culicchia, Marcor\u00e8, Dix, Malvaldi tra gli ospiti che parteciparanno\" \/>\n<meta property=\"og:url\" content=\"https:\/\/staging.varesenews.it\/2020\/03\/sentieri-pensieri-festival-diventa-virtuale\/912590\/\" \/>\n<meta property=\"og:site_name\" content=\"VareseNews\" \/>\n<meta property=\"article:publisher\" content=\"https:\/\/www.facebook.com\/varesenews\" \/>\n<meta property=\"article:author\" content=\"https:\/\/www.facebook.com\/mariacarla.cebrelli\" \/>\n<meta property=\"article:published_time\" content=\"2020-03-20T14:06:03+00:00\" \/>\n<meta name=\"author\" content=\"Maria Carla Cebrelli\" \/>\n<meta name=\"twitter:card\" content=\"summary_large_image\" \/>\n<meta name=\"twitter:creator\" content=\"@pikapiketti\" \/>\n<meta name=\"twitter:site\" content=\"@varesenews\" \/>\n<meta name=\"twitter:label1\" content=\"Scritto da\" \/>\n\t<meta name=\"twitter:data1\" content=\"Maria Carla Cebrelli\" \/>\n\t<meta name=\"twitter:label2\" content=\"Tempo di lettura stimato\" \/>\n\t<meta name=\"twitter:data2\" content=\"3 minuti\" \/>\n<script type=\"application\/ld+json\" class=\"yoast-schema-graph\">{\"@context\":\"https:\/\/schema.org\",\"@graph\":[{\"@type\":\"WebPage\",\"@id\":\"https:\/\/staging.varesenews.it\/2020\/03\/sentieri-pensieri-festival-diventa-virtuale\/912590\/\",\"url\":\"https:\/\/staging.varesenews.it\/2020\/03\/sentieri-pensieri-festival-diventa-virtuale\/912590\/\",\"name\":\"Sentieri e Pensieri, il festival diventa virtuale\",\"isPartOf\":{\"@id\":\"https:\/\/staging.varesenews.it\/#website\"},\"datePublished\":\"2020-03-20T14:06:03+00:00\",\"dateModified\":\"2020-03-20T14:06:03+00:00\",\"author\":{\"@id\":\"https:\/\/staging.varesenews.it\/#\/schema\/person\/5bf790e99d7ec50061119cc825c454de\"},\"description\":\"Attese le letture di tanti comuni cittadini, insieme ad autori e personaggi dello sport e dello spettacolo. Culicchia, Marcor\u00e8, Dix, Malvaldi tra gli ospiti che parteciparanno\",\"breadcrumb\":{\"@id\":\"https:\/\/staging.varesenews.it\/2020\/03\/sentieri-pensieri-festival-diventa-virtuale\/912590\/#breadcrumb\"},\"inLanguage\":\"it-IT\",\"potentialAction\":[{\"@type\":\"ReadAction\",\"target\":[\"https:\/\/staging.varesenews.it\/2020\/03\/sentieri-pensieri-festival-diventa-virtuale\/912590\/\"]}]},{\"@type\":\"BreadcrumbList\",\"@id\":\"https:\/\/staging.varesenews.it\/2020\/03\/sentieri-pensieri-festival-diventa-virtuale\/912590\/#breadcrumb\",\"itemListElement\":[{\"@type\":\"ListItem\",\"position\":1,\"name\":\"Home\",\"item\":\"https:\/\/www.varesenews.it\/\"},{\"@type\":\"ListItem\",\"position\":2,\"name\":\"Sentieri e Pensieri, il festival diventa virtuale\"}]},{\"@type\":\"WebSite\",\"@id\":\"https:\/\/staging.varesenews.it\/#website\",\"url\":\"https:\/\/staging.varesenews.it\/\",\"name\":\"VareseNews\",\"description\":\"\",\"potentialAction\":[{\"@type\":\"SearchAction\",\"target\":{\"@type\":\"EntryPoint\",\"urlTemplate\":\"https:\/\/staging.varesenews.it\/?s={search_term_string}\"},\"query-input\":\"required name=search_term_string\"}],\"inLanguage\":\"it-IT\"},{\"@type\":\"Person\",\"@id\":\"https:\/\/staging.varesenews.it\/#\/schema\/person\/5bf790e99d7ec50061119cc825c454de\",\"name\":\"Maria Carla Cebrelli\",\"image\":{\"@type\":\"ImageObject\",\"inLanguage\":\"it-IT\",\"@id\":\"https:\/\/staging.varesenews.it\/#\/schema\/person\/image\/\",\"url\":\"https:\/\/staging.varesenews.it\/wp-content\/uploads\/2020\/12\/mariacarla_cebrelli_colori_500-1.jpg\",\"contentUrl\":\"https:\/\/staging.varesenews.it\/wp-content\/uploads\/2020\/12\/mariacarla_cebrelli_colori_500-1.jpg\",\"caption\":\"Maria Carla Cebrelli\"},\"description\":\"Economista di formazione, giornalista per passione. A VareseNews dal 2005, mi sono occupata negli anni di universit&agrave;, tematiche di confine, news locali e comunicazione nel settore sociale. Attualmente sono responsabile di VerbanoNews, del canale di VareseNews dedicato al Turismo e seguo i social dell'area business.\",\"sameAs\":[\"https:\/\/www.facebook.com\/mariacarla.cebrelli\",\"pikapiketti\",\"https:\/\/twitter.com\/pikapiketti\"],\"url\":\"https:\/\/staging.varesenews.it\/persona\/mariacarla-cebrelli1\/\"}]}<\/script>\n<!-- \/ Yoast SEO plugin. -->","yoast_head_json":{"title":"Sentieri e Pensieri, il festival diventa virtuale","description":"Attese le letture di tanti comuni cittadini, insieme ad autori e personaggi dello sport e dello spettacolo. Culicchia, Marcor\u00e8, Dix, Malvaldi tra gli ospiti che parteciparanno","robots":{"index":"noindex","follow":"follow","max-snippet":"max-snippet:-1","max-image-preview":"max-image-preview:large","max-video-preview":"max-video-preview:-1"},"og_locale":"it_IT","og_type":"article","og_title":"Sentieri e Pensieri, il festival diventa virtuale","og_description":"Attese le letture di tanti comuni cittadini, insieme ad autori e personaggi dello sport e dello spettacolo. Culicchia, Marcor\u00e8, Dix, Malvaldi tra gli ospiti che parteciparanno","og_url":"https:\/\/staging.varesenews.it\/2020\/03\/sentieri-pensieri-festival-diventa-virtuale\/912590\/","og_site_name":"VareseNews","article_publisher":"https:\/\/www.facebook.com\/varesenews","article_author":"https:\/\/www.facebook.com\/mariacarla.cebrelli","article_published_time":"2020-03-20T14:06:03+00:00","author":"Maria Carla Cebrelli","twitter_card":"summary_large_image","twitter_creator":"@pikapiketti","twitter_site":"@varesenews","twitter_misc":{"Scritto da":"Maria Carla Cebrelli","Tempo di lettura stimato":"3 minuti"},"schema":{"@context":"https:\/\/schema.org","@graph":[{"@type":"WebPage","@id":"https:\/\/staging.varesenews.it\/2020\/03\/sentieri-pensieri-festival-diventa-virtuale\/912590\/","url":"https:\/\/staging.varesenews.it\/2020\/03\/sentieri-pensieri-festival-diventa-virtuale\/912590\/","name":"Sentieri e Pensieri, il festival diventa virtuale","isPartOf":{"@id":"https:\/\/staging.varesenews.it\/#website"},"datePublished":"2020-03-20T14:06:03+00:00","dateModified":"2020-03-20T14:06:03+00:00","author":{"@id":"https:\/\/staging.varesenews.it\/#\/schema\/person\/5bf790e99d7ec50061119cc825c454de"},"description":"Attese le letture di tanti comuni cittadini, insieme ad autori e personaggi dello sport e dello spettacolo. Culicchia, Marcor\u00e8, Dix, Malvaldi tra gli ospiti che parteciparanno","breadcrumb":{"@id":"https:\/\/staging.varesenews.it\/2020\/03\/sentieri-pensieri-festival-diventa-virtuale\/912590\/#breadcrumb"},"inLanguage":"it-IT","potentialAction":[{"@type":"ReadAction","target":["https:\/\/staging.varesenews.it\/2020\/03\/sentieri-pensieri-festival-diventa-virtuale\/912590\/"]}]},{"@type":"BreadcrumbList","@id":"https:\/\/staging.varesenews.it\/2020\/03\/sentieri-pensieri-festival-diventa-virtuale\/912590\/#breadcrumb","itemListElement":[{"@type":"ListItem","position":1,"name":"Home","item":"https:\/\/www.varesenews.it\/"},{"@type":"ListItem","position":2,"name":"Sentieri e Pensieri, il festival diventa virtuale"}]},{"@type":"WebSite","@id":"https:\/\/staging.varesenews.it\/#website","url":"https:\/\/staging.varesenews.it\/","name":"VareseNews","description":"","potentialAction":[{"@type":"SearchAction","target":{"@type":"EntryPoint","urlTemplate":"https:\/\/staging.varesenews.it\/?s={search_term_string}"},"query-input":"required name=search_term_string"}],"inLanguage":"it-IT"},{"@type":"Person","@id":"https:\/\/staging.varesenews.it\/#\/schema\/person\/5bf790e99d7ec50061119cc825c454de","name":"Maria Carla Cebrelli","image":{"@type":"ImageObject","inLanguage":"it-IT","@id":"https:\/\/staging.varesenews.it\/#\/schema\/person\/image\/","url":"https:\/\/staging.varesenews.it\/wp-content\/uploads\/2020\/12\/mariacarla_cebrelli_colori_500-1.jpg","contentUrl":"https:\/\/staging.varesenews.it\/wp-content\/uploads\/2020\/12\/mariacarla_cebrelli_colori_500-1.jpg","caption":"Maria Carla Cebrelli"},"description":"Economista di formazione, giornalista per passione. A VareseNews dal 2005, mi sono occupata negli anni di universit&agrave;, tematiche di confine, news locali e comunicazione nel settore sociale. Attualmente sono responsabile di VerbanoNews, del canale di VareseNews dedicato al Turismo e seguo i social dell'area business.","sameAs":["https:\/\/www.facebook.com\/mariacarla.cebrelli","pikapiketti","https:\/\/twitter.com\/pikapiketti"],"url":"https:\/\/staging.varesenews.it\/persona\/mariacarla-cebrelli1\/"}]}},"post_meta":{"_edit_lock":"1584716883:43","_edit_last":"43","_category_permalink":"a:1:{s:8:\"category\";s:2:\"46\";}","_encloseme":"1","ratings_users":"0","ratings_score":"0","ratings_average":"0","foto":"779994","firma-personalizzata":"turismo@varesenews.it","argomento":"Santa Maria Maggiore","_yoast_wpseo_content_score":"30","_jd_tweet_this":"yes","_wpt_short_url":"https:\/\/www.varesenews.it\/2020\/03\/sentieri-pensieri-festival-diventa-virtuale\/912590\/","_wp_jd_target":"https:\/\/www.varesenews.it\/2020\/03\/sentieri-pensieri-festival-diventa-virtuale\/912590\/","_jd_wp_twitter":"a:1:{i:0;s:149:\"Sentieri e Pensieri, il festival diventa virtuale https:\/\/www.varesenews.it\/2020\/03\/sentieri-pensieri-festival-diventa-virtuale\/912590\/ #IoRestoaCasa\";}","_wpt_status_message":"Tweet inviato con successo."},"photos":[{"original":"https:\/\/staging.varesenews.it\/photogallery_new\/images\/2020\/01\/generico-2018-779994.jpg","full":"https:\/\/staging.varesenews.it\/photogallery_new\/images\/2020\/01\/generico-2018-779994.1024x768.jpg","large":"https:\/\/staging.varesenews.it\/photogallery_new\/images\/2020\/01\/generico-2018-779994.610x431.jpg"}],"_links":{"self":[{"href":"https:\/\/staging.varesenews.it\/swgapi\/v1\/wp\/v2\/posts\/912590"}],"collection":[{"href":"https:\/\/staging.varesenews.it\/swgapi\/v1\/wp\/v2\/posts"}],"about":[{"href":"https:\/\/staging.varesenews.it\/swgapi\/v1\/wp\/v2\/types\/post"}],"author":[{"embeddable":true,"href":"https:\/\/staging.varesenews.it\/swgapi\/v1\/wp\/v2\/users\/43"}],"replies":[{"embeddable":true,"href":"https:\/\/staging.varesenews.it\/swgapi\/v1\/wp\/v2\/comments?post=912590"}],"version-history":[{"count":0,"href":"https:\/\/staging.varesenews.it\/swgapi\/v1\/wp\/v2\/posts\/912590\/revisions"}],"wp:attachment":[{"href":"https:\/\/staging.varesenews.it\/swgapi\/v1\/wp\/v2\/media?parent=912590"}],"wp:term":[{"taxonomy":"category","embeddable":true,"href":"https:\/\/staging.varesenews.it\/swgapi\/v1\/wp\/v2\/categories?post=912590"},{"taxonomy":"post_tag","embeddable":true,"href":"https:\/\/staging.varesenews.it\/swgapi\/v1\/wp\/v2\/tags?post=912590"}],"curies":[{"name":"wp","href":"https:\/\/api.w.org\/{rel}","templated":true}]}}