{"id":912930,"date":"2020-03-21T17:16:09","date_gmt":"2020-03-21T16:16:09","guid":{"rendered":"https:\/\/www.varesenews.it\/?p=912930"},"modified":"2020-03-21T17:17:06","modified_gmt":"2020-03-21T16:17:06","slug":"frontalieri-decreti-attenzione-ai-contagi-ritorno","status":"publish","type":"post","link":"https:\/\/staging.varesenews.it\/2020\/03\/frontalieri-decreti-attenzione-ai-contagi-ritorno\/912930\/","title":{"rendered":"Frontalieri e decreti: attenzione ai \u201ccontagi di ritorno\u201c"},"content":{"rendered":"<p><em>Riceviamo e pubblichiamo l&#8217;intervento dell&#8217;avvocato Furio Artoni in merito ad alcune problematiche legate all&#8217;applicazione dei decreti anti covid e alla disciplina giuridica dei lavoratori frontalieri.<\/em><\/p>\n<div class=\"related-posts related-01\"><h4>Leggi anche<\/h4><ul><li><a title=\"Frontalieri fuori sede, \u201cattenti al rientro in Italia\u201c\" target=\"_blank\" href=\"https:\/\/staging.varesenews.it\/2020\/03\/frontalieri-sede-attenti-al-rientro-italia\/912109\/\"><strong>Luino <\/strong> - Frontalieri fuori sede, \u201cattenti al rientro in Italia\u201c<\/a><\/li><\/ul><\/div>\n<p><strong>Dopo aver letto le risposte dei parlamentari locali in merito alla questione sollevata relativa al pernottamento dei frontalieri in Svizzera<\/strong> per ragioni di lavoro i dubbi si sono moltiplicati.<\/p>\n<p>In primo luogo il <strong>decreto del 18 marzo 2020<\/strong> (si badi bene 18 marzo 2020), all&#8217;articolo 1 lettera b) si riferisce ai frontalieri in ingresso e in uscita. Quindi quello che si sapeva gi\u00e0. Nessun riferimento a chi permane durante la settimana e rientra il fine settimana presso i propri familiari.<br \/>\nE ritorniamo al punto gi\u00e0 oggetto del mio precedente intervento.<\/p>\n<p><strong>Chi soggiorna per pi\u00f9 di una giornata all&#8217;estero come frontaliere, deve sottostare alle norme di sicurezza previste dalla protezione civile ?<br \/>\n<\/strong><br \/>\n<strong>E&#8217; chiaro che in assenza di una specifica esenzione la risposta \u00e8 si !<\/strong>E questo per tutelare i familiari e i residenti nell&#8217;area italiana interessata.<br \/>\nLa Svizzera in questi tempi ha dimostrato di essere notevolmente in ritardo per quanto riguarda la procedura di sicurezza, (vedasi carnevale di Bellinzona), e non garantisce un&#8217;adeguata tutela ai nostri lavoratori.<\/p>\n<p>Ci sono gi\u00e0 frontalieri risultati positivi al COVID 19 ? Se la risposta fosse positiva non si deve aspettare altro tempo!<br \/>\nA me personalmente \u00e8 stato riferito di aziende svizzere che fanno lavorare i nostri frontalieri in situazioni dove vi sono casi di soggetti positivi al Covid.<\/p>\n<p><strong>Se per caso un nostro frontaliere dovesse risultare positivo al COVID 19 riscontrato in Svizzera, non potrebbe essere ricoverato di l\u00e0<\/strong> perch\u00e9 gli ospedali Svizzeri sono gi\u00e0 al collasso e lil nostro concittadino non potrebbe rientrare in Italia, primo perch\u00e9 rischia, come gi\u00e0 detto, un procedimento penale estremamente pesante ed in secondo luogo rischia di portare un virus ai suoi familiari&#8230;<\/p>\n<p>Sembra che la soluzione sia il decreto del 18 marzo 2020 secondo i nostri parlamentari, ma \u00e8 ovvio che non lo \u00e8.<br \/>\nCi vuole un intervento che dai Comuni arrivi sino alla Regione e poi al Governo.<br \/>\nSi tratta di difendere i nostri lavoratori e la nostra zona di confine che potrebbe essere devastata da un virus di ritorno.<br \/>\nQuale soluzione : chiudere le frontiere nell&#8217;immediato !.<br \/>\nPoi interventi bilaterali per garantire il posto di lavoro e gli stipendi dei nostri cittadini. Ma prima la loro salute e della nostra comunit\u00e0.<br \/>\nCi si deve muovere alla svelta. Non c&#8217; \u00e8 tempo.<br \/>\nVa aggiunto inoltre che le decisioni, non dovrebbero essere solo politiche ma supportate da competenti medici nel settore virale. Non ho sentito nessuno dei nostri\u00a0politici\u00a0affidarsi a qualche medico competente.<br \/>\nE&#8217; indispensabile che vi siano medici specializzati\u00a0che possano illustrare\u00a0ai nostri politici le soluzioni migliori.<\/p>\n<p><strong>avvocato Furio Artoni<\/strong><\/p>\n","protected":false},"excerpt":{"rendered":"<p>Secondo l&#8217;avvocato Furio Artoni, gi\u00e0 intervenuto sul tema, l&#8217;unica soluzione sensata sarebbe quella di chiudere le frontiere subito<\/p>\n","protected":false},"author":34,"featured_media":0,"comment_status":"open","ping_status":"open","sticky":false,"template":"","format":"standard","meta":{"footnotes":""},"categories":[8,2],"tags":[104829,672],"acf":[],"yoast_head":"<!-- This site is optimized with the Yoast SEO plugin v20.1 - https:\/\/yoast.com\/wordpress\/plugins\/seo\/ -->\n<title>Frontalieri e decreti: attenzione ai \u201ccontagi di ritorno\u201c<\/title>\n<meta name=\"description\" content=\"Secondo l&#039;avvocato Furio Artoni, gi\u00e0 intervenuto sul tema, l&#039;unica soluzione sensata sarebbe quella di chiudere le frontiere subito\" \/>\n<meta name=\"robots\" content=\"noindex, follow, max-snippet:-1, max-image-preview:large, max-video-preview:-1\" \/>\n<meta property=\"og:locale\" content=\"it_IT\" \/>\n<meta property=\"og:type\" content=\"article\" \/>\n<meta property=\"og:title\" content=\"Frontalieri e decreti: attenzione ai \u201ccontagi di ritorno\u201c\" \/>\n<meta property=\"og:description\" content=\"Secondo l&#039;avvocato Furio Artoni, gi\u00e0 intervenuto sul tema, l&#039;unica soluzione sensata sarebbe quella di chiudere le frontiere subito\" \/>\n<meta property=\"og:url\" content=\"https:\/\/staging.varesenews.it\/2020\/03\/frontalieri-decreti-attenzione-ai-contagi-ritorno\/912930\/\" \/>\n<meta property=\"og:site_name\" content=\"VareseNews\" \/>\n<meta property=\"article:publisher\" content=\"https:\/\/www.facebook.com\/varesenews\" \/>\n<meta property=\"article:author\" content=\"https:\/\/www.facebook.com\/andrea.camurani?fref=photo\" \/>\n<meta property=\"article:published_time\" content=\"2020-03-21T16:16:09+00:00\" \/>\n<meta property=\"article:modified_time\" content=\"2020-03-21T16:17:06+00:00\" \/>\n<meta name=\"author\" content=\"Andrea Camurani\" \/>\n<meta name=\"twitter:card\" content=\"summary_large_image\" \/>\n<meta name=\"twitter:creator\" content=\"@AndreaCamurani\" \/>\n<meta name=\"twitter:site\" content=\"@varesenews\" \/>\n<meta name=\"twitter:label1\" content=\"Scritto da\" \/>\n\t<meta name=\"twitter:data1\" content=\"Andrea Camurani\" \/>\n\t<meta name=\"twitter:label2\" content=\"Tempo di lettura stimato\" \/>\n\t<meta name=\"twitter:data2\" content=\"2 minuti\" \/>\n<script type=\"application\/ld+json\" class=\"yoast-schema-graph\">{\"@context\":\"https:\/\/schema.org\",\"@graph\":[{\"@type\":\"WebPage\",\"@id\":\"https:\/\/staging.varesenews.it\/2020\/03\/frontalieri-decreti-attenzione-ai-contagi-ritorno\/912930\/\",\"url\":\"https:\/\/staging.varesenews.it\/2020\/03\/frontalieri-decreti-attenzione-ai-contagi-ritorno\/912930\/\",\"name\":\"Frontalieri e decreti: attenzione ai \u201ccontagi di ritorno\u201c\",\"isPartOf\":{\"@id\":\"https:\/\/staging.varesenews.it\/#website\"},\"datePublished\":\"2020-03-21T16:16:09+00:00\",\"dateModified\":\"2020-03-21T16:17:06+00:00\",\"author\":{\"@id\":\"https:\/\/staging.varesenews.it\/#\/schema\/person\/3eb5832c6beae763de8d9596fdbe8c49\"},\"description\":\"Secondo l'avvocato Furio Artoni, gi\u00e0 intervenuto sul tema, l'unica soluzione sensata sarebbe quella di chiudere le frontiere subito\",\"breadcrumb\":{\"@id\":\"https:\/\/staging.varesenews.it\/2020\/03\/frontalieri-decreti-attenzione-ai-contagi-ritorno\/912930\/#breadcrumb\"},\"inLanguage\":\"it-IT\",\"potentialAction\":[{\"@type\":\"ReadAction\",\"target\":[\"https:\/\/staging.varesenews.it\/2020\/03\/frontalieri-decreti-attenzione-ai-contagi-ritorno\/912930\/\"]}]},{\"@type\":\"BreadcrumbList\",\"@id\":\"https:\/\/staging.varesenews.it\/2020\/03\/frontalieri-decreti-attenzione-ai-contagi-ritorno\/912930\/#breadcrumb\",\"itemListElement\":[{\"@type\":\"ListItem\",\"position\":1,\"name\":\"Home\",\"item\":\"https:\/\/www.varesenews.it\/\"},{\"@type\":\"ListItem\",\"position\":2,\"name\":\"Frontalieri e decreti: attenzione ai \u201ccontagi di ritorno\u201c\"}]},{\"@type\":\"WebSite\",\"@id\":\"https:\/\/staging.varesenews.it\/#website\",\"url\":\"https:\/\/staging.varesenews.it\/\",\"name\":\"VareseNews\",\"description\":\"\",\"potentialAction\":[{\"@type\":\"SearchAction\",\"target\":{\"@type\":\"EntryPoint\",\"urlTemplate\":\"https:\/\/staging.varesenews.it\/?s={search_term_string}\"},\"query-input\":\"required name=search_term_string\"}],\"inLanguage\":\"it-IT\"},{\"@type\":\"Person\",\"@id\":\"https:\/\/staging.varesenews.it\/#\/schema\/person\/3eb5832c6beae763de8d9596fdbe8c49\",\"name\":\"Andrea Camurani\",\"image\":{\"@type\":\"ImageObject\",\"inLanguage\":\"it-IT\",\"@id\":\"https:\/\/staging.varesenews.it\/#\/schema\/person\/image\/\",\"url\":\"https:\/\/staging.varesenews.it\/wp-content\/uploads\/2020\/12\/andrea_camurani_colori_500.jpg\",\"contentUrl\":\"https:\/\/staging.varesenews.it\/wp-content\/uploads\/2020\/12\/andrea_camurani_colori_500.jpg\",\"caption\":\"Andrea Camurani\"},\"description\":\"Sono figlio degli anni Settanta e di Milano, dove ho imparato a riconoscere buoni e cattivi. Laurea in scienze politiche, lavoro a VareseNews dal 2000. Racconto quel che trovo quando incontro chi vuole lasciare al mondo un pezzetto di vita, che si chiama cronaca. &ldquo;...perch&eacute; &egrave; la gente il pi&ugrave; grande spettacolo del mondo. E non si paga il biglietto...&rdquo; (Charles Bukowsky)\",\"sameAs\":[\"https:\/\/www.facebook.com\/andrea.camurani?fref=photo\",\"andreacamurani\",\"https:\/\/www.linkedin.com\/hp\/?dnr=A9a84RfzsLdo9xg4NcGV4dLiMknoc9ms4WM\",\"https:\/\/twitter.com\/AndreaCamurani\"],\"url\":\"https:\/\/staging.varesenews.it\/persona\/andrea_camurani\/\"}]}<\/script>\n<!-- \/ Yoast SEO plugin. -->","yoast_head_json":{"title":"Frontalieri e decreti: attenzione ai \u201ccontagi di ritorno\u201c","description":"Secondo l'avvocato Furio Artoni, gi\u00e0 intervenuto sul tema, l'unica soluzione sensata sarebbe quella di chiudere le frontiere subito","robots":{"index":"noindex","follow":"follow","max-snippet":"max-snippet:-1","max-image-preview":"max-image-preview:large","max-video-preview":"max-video-preview:-1"},"og_locale":"it_IT","og_type":"article","og_title":"Frontalieri e decreti: attenzione ai \u201ccontagi di ritorno\u201c","og_description":"Secondo l'avvocato Furio Artoni, gi\u00e0 intervenuto sul tema, l'unica soluzione sensata sarebbe quella di chiudere le frontiere subito","og_url":"https:\/\/staging.varesenews.it\/2020\/03\/frontalieri-decreti-attenzione-ai-contagi-ritorno\/912930\/","og_site_name":"VareseNews","article_publisher":"https:\/\/www.facebook.com\/varesenews","article_author":"https:\/\/www.facebook.com\/andrea.camurani?fref=photo","article_published_time":"2020-03-21T16:16:09+00:00","article_modified_time":"2020-03-21T16:17:06+00:00","author":"Andrea Camurani","twitter_card":"summary_large_image","twitter_creator":"@AndreaCamurani","twitter_site":"@varesenews","twitter_misc":{"Scritto da":"Andrea Camurani","Tempo di lettura stimato":"2 minuti"},"schema":{"@context":"https:\/\/schema.org","@graph":[{"@type":"WebPage","@id":"https:\/\/staging.varesenews.it\/2020\/03\/frontalieri-decreti-attenzione-ai-contagi-ritorno\/912930\/","url":"https:\/\/staging.varesenews.it\/2020\/03\/frontalieri-decreti-attenzione-ai-contagi-ritorno\/912930\/","name":"Frontalieri e decreti: attenzione ai \u201ccontagi di ritorno\u201c","isPartOf":{"@id":"https:\/\/staging.varesenews.it\/#website"},"datePublished":"2020-03-21T16:16:09+00:00","dateModified":"2020-03-21T16:17:06+00:00","author":{"@id":"https:\/\/staging.varesenews.it\/#\/schema\/person\/3eb5832c6beae763de8d9596fdbe8c49"},"description":"Secondo l'avvocato Furio Artoni, gi\u00e0 intervenuto sul tema, l'unica soluzione sensata sarebbe quella di chiudere le frontiere subito","breadcrumb":{"@id":"https:\/\/staging.varesenews.it\/2020\/03\/frontalieri-decreti-attenzione-ai-contagi-ritorno\/912930\/#breadcrumb"},"inLanguage":"it-IT","potentialAction":[{"@type":"ReadAction","target":["https:\/\/staging.varesenews.it\/2020\/03\/frontalieri-decreti-attenzione-ai-contagi-ritorno\/912930\/"]}]},{"@type":"BreadcrumbList","@id":"https:\/\/staging.varesenews.it\/2020\/03\/frontalieri-decreti-attenzione-ai-contagi-ritorno\/912930\/#breadcrumb","itemListElement":[{"@type":"ListItem","position":1,"name":"Home","item":"https:\/\/www.varesenews.it\/"},{"@type":"ListItem","position":2,"name":"Frontalieri e decreti: attenzione ai \u201ccontagi di ritorno\u201c"}]},{"@type":"WebSite","@id":"https:\/\/staging.varesenews.it\/#website","url":"https:\/\/staging.varesenews.it\/","name":"VareseNews","description":"","potentialAction":[{"@type":"SearchAction","target":{"@type":"EntryPoint","urlTemplate":"https:\/\/staging.varesenews.it\/?s={search_term_string}"},"query-input":"required name=search_term_string"}],"inLanguage":"it-IT"},{"@type":"Person","@id":"https:\/\/staging.varesenews.it\/#\/schema\/person\/3eb5832c6beae763de8d9596fdbe8c49","name":"Andrea Camurani","image":{"@type":"ImageObject","inLanguage":"it-IT","@id":"https:\/\/staging.varesenews.it\/#\/schema\/person\/image\/","url":"https:\/\/staging.varesenews.it\/wp-content\/uploads\/2020\/12\/andrea_camurani_colori_500.jpg","contentUrl":"https:\/\/staging.varesenews.it\/wp-content\/uploads\/2020\/12\/andrea_camurani_colori_500.jpg","caption":"Andrea Camurani"},"description":"Sono figlio degli anni Settanta e di Milano, dove ho imparato a riconoscere buoni e cattivi. Laurea in scienze politiche, lavoro a VareseNews dal 2000. Racconto quel che trovo quando incontro chi vuole lasciare al mondo un pezzetto di vita, che si chiama cronaca. &ldquo;...perch&eacute; &egrave; la gente il pi&ugrave; grande spettacolo del mondo. E non si paga il biglietto...&rdquo; (Charles Bukowsky)","sameAs":["https:\/\/www.facebook.com\/andrea.camurani?fref=photo","andreacamurani","https:\/\/www.linkedin.com\/hp\/?dnr=A9a84RfzsLdo9xg4NcGV4dLiMknoc9ms4WM","https:\/\/twitter.com\/AndreaCamurani"],"url":"https:\/\/staging.varesenews.it\/persona\/andrea_camurani\/"}]}},"post_meta":{"_edit_lock":"1584807395:34","_edit_last":"34","_category_permalink":"a:1:{s:8:\"category\";s:1:\"2\";}","_encloseme":"1","ratings_users":"0","ratings_score":"0","ratings_average":"0","id_leggi_anche":"912109","foto":"533162","firma_come_redazione":"1","argomento":"L'intervento","_yoast_wpseo_content_score":"30","_jd_tweet_this":"yes","_wpt_short_url":"https:\/\/www.varesenews.it\/2020\/03\/frontalieri-decreti-attenzione-ai-contagi-ritorno\/912930\/","_wp_jd_target":"https:\/\/www.varesenews.it\/2020\/03\/frontalieri-decreti-attenzione-ai-contagi-ritorno\/912930\/","_jd_wp_twitter":"a:1:{i:0;s:154:\"Frontalieri e decreti: attenzione ai \u201ccontagi di ritorno\u201c https:\/\/www.varesenews.it\/2020\/03\/frontalieri-decreti-attenzione-ai-contagi-ritorno\/912930\/ \";}","_wpt_status_message":"Tweet inviato con successo."},"photos":[{"original":"https:\/\/staging.varesenews.it\/photogallery_new\/images\/2016\/04\/caricamento-temporaneo-per-contributo-ac55knnonk-533162.jpg","full":"https:\/\/staging.varesenews.it\/photogallery_new\/images\/2016\/04\/caricamento-temporaneo-per-contributo-ac55knnonk-533162.1024x768.jpg","large":"https:\/\/staging.varesenews.it\/photogallery_new\/images\/2016\/04\/caricamento-temporaneo-per-contributo-ac55knnonk-533162.610x431.jpg"}],"_links":{"self":[{"href":"https:\/\/staging.varesenews.it\/swgapi\/v1\/wp\/v2\/posts\/912930"}],"collection":[{"href":"https:\/\/staging.varesenews.it\/swgapi\/v1\/wp\/v2\/posts"}],"about":[{"href":"https:\/\/staging.varesenews.it\/swgapi\/v1\/wp\/v2\/types\/post"}],"author":[{"embeddable":true,"href":"https:\/\/staging.varesenews.it\/swgapi\/v1\/wp\/v2\/users\/34"}],"replies":[{"embeddable":true,"href":"https:\/\/staging.varesenews.it\/swgapi\/v1\/wp\/v2\/comments?post=912930"}],"version-history":[{"count":0,"href":"https:\/\/staging.varesenews.it\/swgapi\/v1\/wp\/v2\/posts\/912930\/revisions"}],"wp:attachment":[{"href":"https:\/\/staging.varesenews.it\/swgapi\/v1\/wp\/v2\/media?parent=912930"}],"wp:term":[{"taxonomy":"category","embeddable":true,"href":"https:\/\/staging.varesenews.it\/swgapi\/v1\/wp\/v2\/categories?post=912930"},{"taxonomy":"post_tag","embeddable":true,"href":"https:\/\/staging.varesenews.it\/swgapi\/v1\/wp\/v2\/tags?post=912930"}],"curies":[{"name":"wp","href":"https:\/\/api.w.org\/{rel}","templated":true}]}}